{"id":1002,"date":"2022-09-15T11:00:03","date_gmt":"2022-09-15T10:00:03","guid":{"rendered":"https:\/\/aridane.org\/ciudad\/?p=1002"},"modified":"2022-09-15T11:00:03","modified_gmt":"2022-09-15T10:00:03","slug":"los-llanos-comienza-su-programacion-de-actividades-en-el-bibliohuerto","status":"publish","type":"post","link":"https:\/\/www.aridane.org\/city\/2022\/09\/15\/los-llanos-comienza-su-programacion-de-actividades-en-el-bibliohuerto\/","title":{"rendered":"Los Llanos comienza su programaci\u00f3n de actividades en el Bibliohuerto"},"content":{"rendered":"<section class=\"wpb-content-wrapper\"><p>[vc_row css_animation=\u00bb\u00bb row_type=\u00bbrow\u00bb use_row_as_full_screen_section=\u00bbno\u00bb type=\u00bbfull_width\u00bb angled_section=\u00bbno\u00bb text_align=\u00bbleft\u00bb background_image_as_pattern=\u00bbwithout_pattern\u00bb][vc_column][vc_row_inner row_type=\u00bbrow\u00bb type=\u00bbgrid\u00bb text_align=\u00bbleft\u00bb css_animation=\u00bb\u00bb][vc_column_inner][vc_empty_space height=\u00bb20px\u00bb][vc_column_text]<\/p>\n<ul>\n<li style=\"text-align: justify;\"><em>La primera acci\u00f3n \u2018En la Granja\u2019 est\u00e1 dirigido a familias de menores de entre 0 a 5 a\u00f1os, y tendr\u00e1 lugar este s\u00e1bado 17 de septiembre, a partir de las 11:00 horas, en los huertos municipales.<\/em><\/li>\n<\/ul>\n<p>&nbsp;<\/p>\n<p style=\"text-align: justify;\"><strong>Los Llanos de Aridane, 15 de septiembre.-<\/strong> El Ayuntamiento de Los Llanos de Aridane a trav\u00e9s de la concejal de Cultura, Charo Gonz\u00e1lez, y la concejal de Desarrollo Local, Inmaculada Fern\u00e1ndez, ponen en marcha Bilbliohuerto. \u201cUna actividad, que se desarrollar\u00e1 \u00a0durante algunos s\u00e1bados del a\u00f1o, y que tendr\u00e1 lugar en los huertos municipales. Est\u00e1 primera acci\u00f3n est\u00e1 dirigida a familias con menores de 0 a 5 a\u00f1os, y en ella se mezclan juegos, cuentos y poes\u00eda con la naturaleza\u201d.<\/p>\n<p style=\"text-align: justify;\">Gonz\u00e1lez explica que la primera cita ser\u00e1 este s\u00e1bado 17 de septiembre a partir de las 11:00 horas, con \u2018En la Granja\u2019. \u00a0\u201cUna actividad con la que los m\u00e1s peque\u00f1os de la casa podr\u00e1n disfrutar de cuentos, poes\u00eda y juegos. En ella se narra el transcurso de un d\u00eda en la Granja del espantap\u00e1jaros Pepito: sus animales, la familia que vive all\u00ed, qu\u00e9 comen, o\/y a qu\u00e9 juegan. Est\u00e1 dirigida e interpretada por Isabel Bol\u00edvar, que estar\u00e1 acompa\u00f1ada por la m\u00fasica en directo del actor, narrador y m\u00fasico, Fidel Galb\u00e1n\u201d.<\/p>\n<p style=\"text-align: justify;\">Por su parte, la concejal de Desarrollo Local, Inmaculada Fern\u00e1ndez, ha puesto en valor el papel que juegan los huertos municipales para las familias m\u00e1s vulnerables de nuestro municipio \u201cya que alivian su econom\u00eda. Adem\u00e1s, este a\u00f1o la concejal\u00eda de Desarrollo Local ha modificado la ordenanza para que aquellos vecinos que han perdido su vivienda habitual puedan disponer de una parcela, y pr\u00f3ximamente \u00a0saldr\u00e1 la siguiente convocatoria\u201d.<\/p>\n<p style=\"text-align: justify;\">Desde el \u00e1rea de Cultura se\u00f1alan que este espacio cuenta con un mural, 6.90&#215;2.53 metros, que ha realizado la artista Andrea Trigos P\u00e9rez, para el que ha utilizado una tem\u00e1tica de alusi\u00f3n a la naturaleza viva, plantas, flores y elementos inspirados en la flora de la Isla en una composici\u00f3n diversa, imaginativa y decorativa en gamas de color r\u00fasticos y pastel.<\/p>\n<p style=\"text-align: justify;\">Por \u00faltimo, desde el Ayuntamiento de Los Llanos de Aridane, se invita a todas las familias que lo deseen a participar en esta actividad hasta completar aforo.<\/p>\n<p style=\"text-align: justify;\"><strong>Andrea Trigos<\/strong><\/p>\n<p style=\"text-align: justify;\">Artista Pl\u00e1stica y Arteterapeuta formada en M\u00e9xico, su pa\u00eds natal y Catalu\u00f1a, Espa\u00f1a. Desde 2016, reside y colabora en diversos proyectos culturales y de integraci\u00f3n psicosocial en la isla de La Palma.<\/p>\n<p style=\"text-align: justify;\">Su trabajo art\u00edstico se basa en preservar la belleza y diversidad de la naturaleza, la cultura, la mujer y los colores que manifiesta en su obra mayoritariamente pict\u00f3rica.<\/p>\n<p style=\"text-align: justify;\">Asimismo, ejerce un compromiso social de acci\u00f3n mediante el trabajo con diversos colectivos por medio del proceso art\u00edstico, y de encuentro como parte de su labor como Arteterapeuta, docente y tallerista.<\/p>\n<p>[\/vc_column_text][vc_empty_space height=\u00bb20px\u00bb][\/vc_column_inner][\/vc_row_inner][\/vc_column][\/vc_row]<\/p>\n<\/section>","protected":false},"excerpt":{"rendered":"<p>[vc_row css_animation=\u00bb\u00bb row_type=\u00bbrow\u00bb use_row_as_full_screen_section=\u00bbno\u00bb type=\u00bbfull_width\u00bb angled_section=\u00bbno\u00bb text_align=\u00bbleft\u00bb background_image_as_pattern=\u00bbwithout_pattern\u00bb][vc_column][vc_row_inner row_type=\u00bbrow\u00bb type=\u00bbgrid\u00bb text_align=\u00bbleft\u00bb css_animation=\u00bb\u00bb][vc_column_inner][vc_empty_space height=\u00bb20px\u00bb][vc_column_text] La primera acci\u00f3n \u2018En la Granja\u2019 est\u00e1 dirigido a familias de menores de entre 0 a 5 a\u00f1os, y tendr\u00e1 lugar este s\u00e1bado 17 de septiembre, a partir de las 11:00 horas,&#8230;<\/p>\n","protected":false},"author":1,"featured_media":0,"comment_status":"closed","ping_status":"open","sticky":false,"template":"","format":"standard","meta":{"footnotes":""},"categories":[6],"tags":[],"class_list":["post-1002","post","type-post","status-publish","format-standard","hentry","category-prensa"],"yoast_head":"<!-- This site is optimized with the Yoast SEO plugin v22.7 - https:\/\/yoast.com\/wordpress\/plugins\/seo\/ -->\n<title>Los Llanos comienza su programaci\u00f3n de actividades en el Bibliohuerto - Ayuntamiento de Los Llanos de Aridane<\/title>\n<meta name=\"description\" content=\"El Ayuntamiento de Los Llanos de Aridane presenta el cartel y el programa de La Patrona 2021 con el lema \u201cRemedios, m\u00e1s que un nombre.\u201d\" \/>\n<meta name=\"robots\" content=\"index, follow, max-snippet:-1, max-image-preview:large, max-video-preview:-1\" \/>\n<link rel=\"canonical\" href=\"https:\/\/www.aridane.org\/city\/2022\/09\/15\/los-llanos-comienza-su-programacion-de-actividades-en-el-bibliohuerto\/\" \/>\n<meta property=\"og:locale\" content=\"es_ES\" \/>\n<meta property=\"og:type\" content=\"article\" \/>\n<meta property=\"og:title\" content=\"Los Llanos comienza su programaci\u00f3n de actividades en el Bibliohuerto - Ayuntamiento de Los Llanos de Aridane\" \/>\n<meta property=\"og:description\" content=\"El Ayuntamiento de Los Llanos de Aridane presenta el cartel y el programa de La Patrona 2021 con el lema \u201cRemedios, m\u00e1s que un nombre.\u201d\" \/>\n<meta property=\"og:url\" content=\"https:\/\/www.aridane.org\/city\/2022\/09\/15\/los-llanos-comienza-su-programacion-de-actividades-en-el-bibliohuerto\/\" \/>\n<meta property=\"og:site_name\" content=\"Ayuntamiento de Los Llanos de Aridane\" \/>\n<meta property=\"article:published_time\" content=\"2022-09-15T10:00:03+00:00\" \/>\n<meta name=\"author\" content=\"Richard Diaz\" \/>\n<meta name=\"twitter:card\" content=\"summary_large_image\" \/>\n<meta name=\"twitter:label1\" content=\"Escrito por\" \/>\n\t<meta name=\"twitter:data1\" content=\"Richard Diaz\" \/>\n\t<meta name=\"twitter:label2\" content=\"Tiempo de lectura\" \/>\n\t<meta name=\"twitter:data2\" content=\"3 minutos\" \/>\n<script type=\"application\/ld+json\" class=\"yoast-schema-graph\">{\"@context\":\"https:\/\/schema.org\",\"@graph\":[{\"@type\":\"WebPage\",\"@id\":\"https:\/\/www.aridane.org\/city\/2022\/09\/15\/los-llanos-comienza-su-programacion-de-actividades-en-el-bibliohuerto\/\",\"url\":\"https:\/\/www.aridane.org\/city\/2022\/09\/15\/los-llanos-comienza-su-programacion-de-actividades-en-el-bibliohuerto\/\",\"name\":\"Los Llanos comienza su programaci\u00f3n de actividades en el Bibliohuerto - Ayuntamiento de Los Llanos de Aridane\",\"isPartOf\":{\"@id\":\"https:\/\/www.aridane.org\/city\/#website\"},\"datePublished\":\"2022-09-15T10:00:03+00:00\",\"dateModified\":\"2022-09-15T10:00:03+00:00\",\"author\":{\"@id\":\"https:\/\/www.aridane.org\/city\/#\/schema\/person\/7d352ec7f29881716f298394432e7209\"},\"description\":\"El Ayuntamiento de Los Llanos de Aridane presenta el cartel y el programa de La Patrona 2021 con el lema \u201cRemedios, m\u00e1s que un nombre.\u201d\",\"breadcrumb\":{\"@id\":\"https:\/\/www.aridane.org\/city\/2022\/09\/15\/los-llanos-comienza-su-programacion-de-actividades-en-el-bibliohuerto\/#breadcrumb\"},\"inLanguage\":\"es\",\"potentialAction\":[{\"@type\":\"ReadAction\",\"target\":[\"https:\/\/www.aridane.org\/city\/2022\/09\/15\/los-llanos-comienza-su-programacion-de-actividades-en-el-bibliohuerto\/\"]}]},{\"@type\":\"BreadcrumbList\",\"@id\":\"https:\/\/www.aridane.org\/city\/2022\/09\/15\/los-llanos-comienza-su-programacion-de-actividades-en-el-bibliohuerto\/#breadcrumb\",\"itemListElement\":[{\"@type\":\"ListItem\",\"position\":1,\"name\":\"Portada\",\"item\":\"https:\/\/www.aridane.org\/city\/\"},{\"@type\":\"ListItem\",\"position\":2,\"name\":\"Los Llanos comienza su programaci\u00f3n de actividades en el Bibliohuerto\"}]},{\"@type\":\"WebSite\",\"@id\":\"https:\/\/www.aridane.org\/city\/#website\",\"url\":\"https:\/\/www.aridane.org\/city\/\",\"name\":\"Ayuntamiento de Los Llanos de Aridane\",\"description\":\"\",\"potentialAction\":[{\"@type\":\"SearchAction\",\"target\":{\"@type\":\"EntryPoint\",\"urlTemplate\":\"https:\/\/www.aridane.org\/city\/?s={search_term_string}\"},\"query-input\":\"required name=search_term_string\"}],\"inLanguage\":\"es\"},{\"@type\":\"Person\",\"@id\":\"https:\/\/www.aridane.org\/city\/#\/schema\/person\/7d352ec7f29881716f298394432e7209\",\"name\":\"Richard Diaz\",\"image\":{\"@type\":\"ImageObject\",\"inLanguage\":\"es\",\"@id\":\"https:\/\/www.aridane.org\/city\/#\/schema\/person\/image\/\",\"url\":\"https:\/\/secure.gravatar.com\/avatar\/bacd6aefc26a4a204943090a4c596cd10f0857081ef3cfd12084a70ecb3161d5?s=96&d=mm&r=g\",\"contentUrl\":\"https:\/\/secure.gravatar.com\/avatar\/bacd6aefc26a4a204943090a4c596cd10f0857081ef3cfd12084a70ecb3161d5?s=96&d=mm&r=g\",\"caption\":\"Richard Diaz\"},\"sameAs\":[\"https:\/\/www.aridane.org\/city\"],\"url\":\"https:\/\/www.aridane.org\/city\/author\/richard-diaz\/\"}]}<\/script>\n<!-- \/ Yoast SEO plugin. -->","yoast_head_json":{"title":"Los Llanos comienza su programaci\u00f3n de actividades en el Bibliohuerto - Ayuntamiento de Los Llanos de Aridane","description":"El Ayuntamiento de Los Llanos de Aridane presenta el cartel y el programa de La Patrona 2021 con el lema \u201cRemedios, m\u00e1s que un nombre.\u201d","robots":{"index":"index","follow":"follow","max-snippet":"max-snippet:-1","max-image-preview":"max-image-preview:large","max-video-preview":"max-video-preview:-1"},"canonical":"https:\/\/www.aridane.org\/city\/2022\/09\/15\/los-llanos-comienza-su-programacion-de-actividades-en-el-bibliohuerto\/","og_locale":"es_ES","og_type":"article","og_title":"Los Llanos comienza su programaci\u00f3n de actividades en el Bibliohuerto - Ayuntamiento de Los Llanos de Aridane","og_description":"El Ayuntamiento de Los Llanos de Aridane presenta el cartel y el programa de La Patrona 2021 con el lema \u201cRemedios, m\u00e1s que un nombre.\u201d","og_url":"https:\/\/www.aridane.org\/city\/2022\/09\/15\/los-llanos-comienza-su-programacion-de-actividades-en-el-bibliohuerto\/","og_site_name":"Ayuntamiento de Los Llanos de Aridane","article_published_time":"2022-09-15T10:00:03+00:00","author":"Richard Diaz","twitter_card":"summary_large_image","twitter_misc":{"Escrito por":"Richard Diaz","Tiempo de lectura":"3 minutos"},"schema":{"@context":"https:\/\/schema.org","@graph":[{"@type":"WebPage","@id":"https:\/\/www.aridane.org\/city\/2022\/09\/15\/los-llanos-comienza-su-programacion-de-actividades-en-el-bibliohuerto\/","url":"https:\/\/www.aridane.org\/city\/2022\/09\/15\/los-llanos-comienza-su-programacion-de-actividades-en-el-bibliohuerto\/","name":"Los Llanos comienza su programaci\u00f3n de actividades en el Bibliohuerto - Ayuntamiento de Los Llanos de Aridane","isPartOf":{"@id":"https:\/\/www.aridane.org\/city\/#website"},"datePublished":"2022-09-15T10:00:03+00:00","dateModified":"2022-09-15T10:00:03+00:00","author":{"@id":"https:\/\/www.aridane.org\/city\/#\/schema\/person\/7d352ec7f29881716f298394432e7209"},"description":"El Ayuntamiento de Los Llanos de Aridane presenta el cartel y el programa de La Patrona 2021 con el lema \u201cRemedios, m\u00e1s que un nombre.\u201d","breadcrumb":{"@id":"https:\/\/www.aridane.org\/city\/2022\/09\/15\/los-llanos-comienza-su-programacion-de-actividades-en-el-bibliohuerto\/#breadcrumb"},"inLanguage":"es","potentialAction":[{"@type":"ReadAction","target":["https:\/\/www.aridane.org\/city\/2022\/09\/15\/los-llanos-comienza-su-programacion-de-actividades-en-el-bibliohuerto\/"]}]},{"@type":"BreadcrumbList","@id":"https:\/\/www.aridane.org\/city\/2022\/09\/15\/los-llanos-comienza-su-programacion-de-actividades-en-el-bibliohuerto\/#breadcrumb","itemListElement":[{"@type":"ListItem","position":1,"name":"Portada","item":"https:\/\/www.aridane.org\/city\/"},{"@type":"ListItem","position":2,"name":"Los Llanos comienza su programaci\u00f3n de actividades en el Bibliohuerto"}]},{"@type":"WebSite","@id":"https:\/\/www.aridane.org\/city\/#website","url":"https:\/\/www.aridane.org\/city\/","name":"Ayuntamiento de Los Llanos de Aridane","description":"","potentialAction":[{"@type":"SearchAction","target":{"@type":"EntryPoint","urlTemplate":"https:\/\/www.aridane.org\/city\/?s={search_term_string}"},"query-input":"required name=search_term_string"}],"inLanguage":"es"},{"@type":"Person","@id":"https:\/\/www.aridane.org\/city\/#\/schema\/person\/7d352ec7f29881716f298394432e7209","name":"Richard Diaz","image":{"@type":"ImageObject","inLanguage":"es","@id":"https:\/\/www.aridane.org\/city\/#\/schema\/person\/image\/","url":"https:\/\/secure.gravatar.com\/avatar\/bacd6aefc26a4a204943090a4c596cd10f0857081ef3cfd12084a70ecb3161d5?s=96&d=mm&r=g","contentUrl":"https:\/\/secure.gravatar.com\/avatar\/bacd6aefc26a4a204943090a4c596cd10f0857081ef3cfd12084a70ecb3161d5?s=96&d=mm&r=g","caption":"Richard Diaz"},"sameAs":["https:\/\/www.aridane.org\/city"],"url":"https:\/\/www.aridane.org\/city\/author\/richard-diaz\/"}]}},"_links":{"self":[{"href":"https:\/\/www.aridane.org\/city\/wp-json\/wp\/v2\/posts\/1002","targetHints":{"allow":["GET"]}}],"collection":[{"href":"https:\/\/www.aridane.org\/city\/wp-json\/wp\/v2\/posts"}],"about":[{"href":"https:\/\/www.aridane.org\/city\/wp-json\/wp\/v2\/types\/post"}],"author":[{"embeddable":true,"href":"https:\/\/www.aridane.org\/city\/wp-json\/wp\/v2\/users\/1"}],"replies":[{"embeddable":true,"href":"https:\/\/www.aridane.org\/city\/wp-json\/wp\/v2\/comments?post=1002"}],"version-history":[{"count":0,"href":"https:\/\/www.aridane.org\/city\/wp-json\/wp\/v2\/posts\/1002\/revisions"}],"wp:attachment":[{"href":"https:\/\/www.aridane.org\/city\/wp-json\/wp\/v2\/media?parent=1002"}],"wp:term":[{"taxonomy":"category","embeddable":true,"href":"https:\/\/www.aridane.org\/city\/wp-json\/wp\/v2\/categories?post=1002"},{"taxonomy":"post_tag","embeddable":true,"href":"https:\/\/www.aridane.org\/city\/wp-json\/wp\/v2\/tags?post=1002"}],"curies":[{"name":"wp","href":"https:\/\/api.w.org\/{rel}","templated":true}]}}