{"id":1008,"date":"2022-09-13T10:00:14","date_gmt":"2022-09-13T09:00:14","guid":{"rendered":"https:\/\/aridane.org\/ciudad\/?p=1008"},"modified":"2022-09-13T10:00:14","modified_gmt":"2022-09-13T09:00:14","slug":"el-c-e-i-p-las-manchas-primer-colegio-evacuado-de-los-llanos-en-regresar-a-sus-instalaciones","status":"publish","type":"post","link":"https:\/\/www.aridane.org\/city\/2022\/09\/13\/el-c-e-i-p-las-manchas-primer-colegio-evacuado-de-los-llanos-en-regresar-a-sus-instalaciones\/","title":{"rendered":"El C.E.I.P Las Manchas primer colegio evacuado de Los Llanos  en regresar a sus instalaciones"},"content":{"rendered":"<section class=\"wpb-content-wrapper\"><p>[vc_row css_animation=\u00bb\u00bb row_type=\u00bbrow\u00bb use_row_as_full_screen_section=\u00bbno\u00bb type=\u00bbfull_width\u00bb angled_section=\u00bbno\u00bb text_align=\u00bbleft\u00bb background_image_as_pattern=\u00bbwithout_pattern\u00bb][vc_column][vc_row_inner row_type=\u00bbrow\u00bb type=\u00bbgrid\u00bb text_align=\u00bbleft\u00bb css_animation=\u00bb\u00bb][vc_column_inner][vc_empty_space height=\u00bb20px\u00bb][vc_column_text]<\/p>\n<ul>\n<li style=\"text-align: justify;\"><em>Desde el Ayuntamiento de Los Llanos de Aridane confirman que durante estos <\/em><em>meses se han acometido diferentes obras, entre las que se encuentra la <\/em><em>creaci\u00f3n de un espacio para poder ofrecer el servicio de comedor, \u00a0y seguir as\u00ed <\/em><em>ayudando a la conciliaci\u00f3n familiar y laboral.<\/em><\/li>\n<\/ul>\n<p>&nbsp;<\/p>\n<p style=\"text-align: justify;\"><strong>Los Llanos de Aridane, 13 de septiembre de 2022.-<\/strong> El Ayuntamiento de Los Llanos de Aridane a trav\u00e9s de su alcaldesa, Noelia Garc\u00eda Leal, ha confirmado que el C.E.I.P. Las Manchas, \u201ces el primer colegio del municipio en regresar a sus instalaciones, despu\u00e9s de ser evacuado como consecuencia de la erupci\u00f3n del volc\u00e1n\u201d, se\u00f1ala.<\/p>\n<p style=\"text-align: justify;\">Garc\u00eda Leal \u00a0explica que el Consistorio ha realizado distintas obras, entre las que est\u00e1 la creaci\u00f3n de un espacio para ofrecer el servicio de comedor, \u201ccon el fin de seguir ayudando a las familias del municipio en la conciliaci\u00f3n familiar y laboral, y tambi\u00e9n suponiendo un atractivo para la instalaci\u00f3n de familias en esta zona\u201d.<\/p>\n<p style=\"text-align: justify;\">Por su parte, el concejal de Obras, Fran Leal, confirma que \u201cconcretamente hemos pintado tanto el exterior del colegio, as\u00ed como el interior del mismo; hemos procedido a la retirada del mobiliario que estaba deteriorado; se ha acondicionado un espacio en el que se ubicar\u00e1 la zona del comedor, y tambi\u00e9n, en esta misma ubicaci\u00f3n, se ha procedido a la instalaci\u00f3n de luces led\u201d.<\/p>\n<p style=\"text-align: justify;\">Por \u00faltimo, desde el Ayuntamiento de Los Llanos de Aridane agradecen a la direcci\u00f3n del Centro su implicaci\u00f3n durante todos estos meses en las distintas actuaciones que se han llevado a cabo, y recuerdan que \u201ceste equipo de Gobierno va a seguir trabajando, como lo est\u00e1 haciendo hasta ahora, con el fin de seguir dando respuesta a las demandas de los vecinos\u201d.<\/p>\n<p>[\/vc_column_text][vc_empty_space height=\u00bb20px\u00bb][\/vc_column_inner][\/vc_row_inner][\/vc_column][\/vc_row]<\/p>\n<\/section>","protected":false},"excerpt":{"rendered":"<p>[vc_row css_animation=\u00bb\u00bb row_type=\u00bbrow\u00bb use_row_as_full_screen_section=\u00bbno\u00bb type=\u00bbfull_width\u00bb angled_section=\u00bbno\u00bb text_align=\u00bbleft\u00bb background_image_as_pattern=\u00bbwithout_pattern\u00bb][vc_column][vc_row_inner row_type=\u00bbrow\u00bb type=\u00bbgrid\u00bb text_align=\u00bbleft\u00bb css_animation=\u00bb\u00bb][vc_column_inner][vc_empty_space height=\u00bb20px\u00bb][vc_column_text] Desde el Ayuntamiento de Los Llanos de Aridane confirman que durante estos meses se han acometido diferentes obras, entre las que se encuentra la creaci\u00f3n de un espacio para poder ofrecer el&#8230;<\/p>\n","protected":false},"author":1,"featured_media":0,"comment_status":"closed","ping_status":"open","sticky":false,"template":"","format":"standard","meta":{"footnotes":""},"categories":[6],"tags":[],"class_list":["post-1008","post","type-post","status-publish","format-standard","hentry","category-prensa"],"yoast_head":"<!-- This site is optimized with the Yoast SEO plugin v22.7 - https:\/\/yoast.com\/wordpress\/plugins\/seo\/ -->\n<title>El C.E.I.P Las Manchas primer colegio evacuado de Los Llanos en regresar a sus instalaciones - Ayuntamiento de Los Llanos de Aridane<\/title>\n<meta name=\"description\" content=\"El Ayuntamiento de Los Llanos de Aridane presenta el cartel y el programa de La Patrona 2021 con el lema \u201cRemedios, m\u00e1s que un nombre.\u201d\" \/>\n<meta name=\"robots\" content=\"index, follow, max-snippet:-1, max-image-preview:large, max-video-preview:-1\" \/>\n<link rel=\"canonical\" href=\"https:\/\/www.aridane.org\/city\/2022\/09\/13\/el-c-e-i-p-las-manchas-primer-colegio-evacuado-de-los-llanos-en-regresar-a-sus-instalaciones\/\" \/>\n<meta property=\"og:locale\" content=\"es_ES\" \/>\n<meta property=\"og:type\" content=\"article\" \/>\n<meta property=\"og:title\" content=\"El C.E.I.P Las Manchas primer colegio evacuado de Los Llanos en regresar a sus instalaciones - Ayuntamiento de Los Llanos de Aridane\" \/>\n<meta property=\"og:description\" content=\"El Ayuntamiento de Los Llanos de Aridane presenta el cartel y el programa de La Patrona 2021 con el lema \u201cRemedios, m\u00e1s que un nombre.\u201d\" \/>\n<meta property=\"og:url\" content=\"https:\/\/www.aridane.org\/city\/2022\/09\/13\/el-c-e-i-p-las-manchas-primer-colegio-evacuado-de-los-llanos-en-regresar-a-sus-instalaciones\/\" \/>\n<meta property=\"og:site_name\" content=\"Ayuntamiento de Los Llanos de Aridane\" \/>\n<meta property=\"article:published_time\" content=\"2022-09-13T09:00:14+00:00\" \/>\n<meta name=\"author\" content=\"Richard Diaz\" \/>\n<meta name=\"twitter:card\" content=\"summary_large_image\" \/>\n<meta name=\"twitter:label1\" content=\"Escrito por\" \/>\n\t<meta name=\"twitter:data1\" content=\"Richard Diaz\" \/>\n\t<meta name=\"twitter:label2\" content=\"Tiempo de lectura\" \/>\n\t<meta name=\"twitter:data2\" content=\"2 minutos\" \/>\n<script type=\"application\/ld+json\" class=\"yoast-schema-graph\">{\"@context\":\"https:\/\/schema.org\",\"@graph\":[{\"@type\":\"WebPage\",\"@id\":\"https:\/\/www.aridane.org\/city\/2022\/09\/13\/el-c-e-i-p-las-manchas-primer-colegio-evacuado-de-los-llanos-en-regresar-a-sus-instalaciones\/\",\"url\":\"https:\/\/www.aridane.org\/city\/2022\/09\/13\/el-c-e-i-p-las-manchas-primer-colegio-evacuado-de-los-llanos-en-regresar-a-sus-instalaciones\/\",\"name\":\"El C.E.I.P Las Manchas primer colegio evacuado de Los Llanos en regresar a sus instalaciones - Ayuntamiento de Los Llanos de Aridane\",\"isPartOf\":{\"@id\":\"https:\/\/www.aridane.org\/city\/#website\"},\"datePublished\":\"2022-09-13T09:00:14+00:00\",\"dateModified\":\"2022-09-13T09:00:14+00:00\",\"author\":{\"@id\":\"https:\/\/www.aridane.org\/city\/#\/schema\/person\/7d352ec7f29881716f298394432e7209\"},\"description\":\"El Ayuntamiento de Los Llanos de Aridane presenta el cartel y el programa de La Patrona 2021 con el lema \u201cRemedios, m\u00e1s que un nombre.\u201d\",\"breadcrumb\":{\"@id\":\"https:\/\/www.aridane.org\/city\/2022\/09\/13\/el-c-e-i-p-las-manchas-primer-colegio-evacuado-de-los-llanos-en-regresar-a-sus-instalaciones\/#breadcrumb\"},\"inLanguage\":\"es\",\"potentialAction\":[{\"@type\":\"ReadAction\",\"target\":[\"https:\/\/www.aridane.org\/city\/2022\/09\/13\/el-c-e-i-p-las-manchas-primer-colegio-evacuado-de-los-llanos-en-regresar-a-sus-instalaciones\/\"]}]},{\"@type\":\"BreadcrumbList\",\"@id\":\"https:\/\/www.aridane.org\/city\/2022\/09\/13\/el-c-e-i-p-las-manchas-primer-colegio-evacuado-de-los-llanos-en-regresar-a-sus-instalaciones\/#breadcrumb\",\"itemListElement\":[{\"@type\":\"ListItem\",\"position\":1,\"name\":\"Portada\",\"item\":\"https:\/\/www.aridane.org\/city\/\"},{\"@type\":\"ListItem\",\"position\":2,\"name\":\"El C.E.I.P Las Manchas primer colegio evacuado de Los Llanos en regresar a sus instalaciones\"}]},{\"@type\":\"WebSite\",\"@id\":\"https:\/\/www.aridane.org\/city\/#website\",\"url\":\"https:\/\/www.aridane.org\/city\/\",\"name\":\"Ayuntamiento de Los Llanos de Aridane\",\"description\":\"\",\"potentialAction\":[{\"@type\":\"SearchAction\",\"target\":{\"@type\":\"EntryPoint\",\"urlTemplate\":\"https:\/\/www.aridane.org\/city\/?s={search_term_string}\"},\"query-input\":\"required name=search_term_string\"}],\"inLanguage\":\"es\"},{\"@type\":\"Person\",\"@id\":\"https:\/\/www.aridane.org\/city\/#\/schema\/person\/7d352ec7f29881716f298394432e7209\",\"name\":\"Richard Diaz\",\"image\":{\"@type\":\"ImageObject\",\"inLanguage\":\"es\",\"@id\":\"https:\/\/www.aridane.org\/city\/#\/schema\/person\/image\/\",\"url\":\"https:\/\/secure.gravatar.com\/avatar\/bacd6aefc26a4a204943090a4c596cd10f0857081ef3cfd12084a70ecb3161d5?s=96&d=mm&r=g\",\"contentUrl\":\"https:\/\/secure.gravatar.com\/avatar\/bacd6aefc26a4a204943090a4c596cd10f0857081ef3cfd12084a70ecb3161d5?s=96&d=mm&r=g\",\"caption\":\"Richard Diaz\"},\"sameAs\":[\"https:\/\/www.aridane.org\/city\"],\"url\":\"https:\/\/www.aridane.org\/city\/author\/richard-diaz\/\"}]}<\/script>\n<!-- \/ Yoast SEO plugin. -->","yoast_head_json":{"title":"El C.E.I.P Las Manchas primer colegio evacuado de Los Llanos en regresar a sus instalaciones - Ayuntamiento de Los Llanos de Aridane","description":"El Ayuntamiento de Los Llanos de Aridane presenta el cartel y el programa de La Patrona 2021 con el lema \u201cRemedios, m\u00e1s que un nombre.\u201d","robots":{"index":"index","follow":"follow","max-snippet":"max-snippet:-1","max-image-preview":"max-image-preview:large","max-video-preview":"max-video-preview:-1"},"canonical":"https:\/\/www.aridane.org\/city\/2022\/09\/13\/el-c-e-i-p-las-manchas-primer-colegio-evacuado-de-los-llanos-en-regresar-a-sus-instalaciones\/","og_locale":"es_ES","og_type":"article","og_title":"El C.E.I.P Las Manchas primer colegio evacuado de Los Llanos en regresar a sus instalaciones - Ayuntamiento de Los Llanos de Aridane","og_description":"El Ayuntamiento de Los Llanos de Aridane presenta el cartel y el programa de La Patrona 2021 con el lema \u201cRemedios, m\u00e1s que un nombre.\u201d","og_url":"https:\/\/www.aridane.org\/city\/2022\/09\/13\/el-c-e-i-p-las-manchas-primer-colegio-evacuado-de-los-llanos-en-regresar-a-sus-instalaciones\/","og_site_name":"Ayuntamiento de Los Llanos de Aridane","article_published_time":"2022-09-13T09:00:14+00:00","author":"Richard Diaz","twitter_card":"summary_large_image","twitter_misc":{"Escrito por":"Richard Diaz","Tiempo de lectura":"2 minutos"},"schema":{"@context":"https:\/\/schema.org","@graph":[{"@type":"WebPage","@id":"https:\/\/www.aridane.org\/city\/2022\/09\/13\/el-c-e-i-p-las-manchas-primer-colegio-evacuado-de-los-llanos-en-regresar-a-sus-instalaciones\/","url":"https:\/\/www.aridane.org\/city\/2022\/09\/13\/el-c-e-i-p-las-manchas-primer-colegio-evacuado-de-los-llanos-en-regresar-a-sus-instalaciones\/","name":"El C.E.I.P Las Manchas primer colegio evacuado de Los Llanos en regresar a sus instalaciones - Ayuntamiento de Los Llanos de Aridane","isPartOf":{"@id":"https:\/\/www.aridane.org\/city\/#website"},"datePublished":"2022-09-13T09:00:14+00:00","dateModified":"2022-09-13T09:00:14+00:00","author":{"@id":"https:\/\/www.aridane.org\/city\/#\/schema\/person\/7d352ec7f29881716f298394432e7209"},"description":"El Ayuntamiento de Los Llanos de Aridane presenta el cartel y el programa de La Patrona 2021 con el lema \u201cRemedios, m\u00e1s que un nombre.\u201d","breadcrumb":{"@id":"https:\/\/www.aridane.org\/city\/2022\/09\/13\/el-c-e-i-p-las-manchas-primer-colegio-evacuado-de-los-llanos-en-regresar-a-sus-instalaciones\/#breadcrumb"},"inLanguage":"es","potentialAction":[{"@type":"ReadAction","target":["https:\/\/www.aridane.org\/city\/2022\/09\/13\/el-c-e-i-p-las-manchas-primer-colegio-evacuado-de-los-llanos-en-regresar-a-sus-instalaciones\/"]}]},{"@type":"BreadcrumbList","@id":"https:\/\/www.aridane.org\/city\/2022\/09\/13\/el-c-e-i-p-las-manchas-primer-colegio-evacuado-de-los-llanos-en-regresar-a-sus-instalaciones\/#breadcrumb","itemListElement":[{"@type":"ListItem","position":1,"name":"Portada","item":"https:\/\/www.aridane.org\/city\/"},{"@type":"ListItem","position":2,"name":"El C.E.I.P Las Manchas primer colegio evacuado de Los Llanos en regresar a sus instalaciones"}]},{"@type":"WebSite","@id":"https:\/\/www.aridane.org\/city\/#website","url":"https:\/\/www.aridane.org\/city\/","name":"Ayuntamiento de Los Llanos de Aridane","description":"","potentialAction":[{"@type":"SearchAction","target":{"@type":"EntryPoint","urlTemplate":"https:\/\/www.aridane.org\/city\/?s={search_term_string}"},"query-input":"required name=search_term_string"}],"inLanguage":"es"},{"@type":"Person","@id":"https:\/\/www.aridane.org\/city\/#\/schema\/person\/7d352ec7f29881716f298394432e7209","name":"Richard Diaz","image":{"@type":"ImageObject","inLanguage":"es","@id":"https:\/\/www.aridane.org\/city\/#\/schema\/person\/image\/","url":"https:\/\/secure.gravatar.com\/avatar\/bacd6aefc26a4a204943090a4c596cd10f0857081ef3cfd12084a70ecb3161d5?s=96&d=mm&r=g","contentUrl":"https:\/\/secure.gravatar.com\/avatar\/bacd6aefc26a4a204943090a4c596cd10f0857081ef3cfd12084a70ecb3161d5?s=96&d=mm&r=g","caption":"Richard Diaz"},"sameAs":["https:\/\/www.aridane.org\/city"],"url":"https:\/\/www.aridane.org\/city\/author\/richard-diaz\/"}]}},"_links":{"self":[{"href":"https:\/\/www.aridane.org\/city\/wp-json\/wp\/v2\/posts\/1008","targetHints":{"allow":["GET"]}}],"collection":[{"href":"https:\/\/www.aridane.org\/city\/wp-json\/wp\/v2\/posts"}],"about":[{"href":"https:\/\/www.aridane.org\/city\/wp-json\/wp\/v2\/types\/post"}],"author":[{"embeddable":true,"href":"https:\/\/www.aridane.org\/city\/wp-json\/wp\/v2\/users\/1"}],"replies":[{"embeddable":true,"href":"https:\/\/www.aridane.org\/city\/wp-json\/wp\/v2\/comments?post=1008"}],"version-history":[{"count":0,"href":"https:\/\/www.aridane.org\/city\/wp-json\/wp\/v2\/posts\/1008\/revisions"}],"wp:attachment":[{"href":"https:\/\/www.aridane.org\/city\/wp-json\/wp\/v2\/media?parent=1008"}],"wp:term":[{"taxonomy":"category","embeddable":true,"href":"https:\/\/www.aridane.org\/city\/wp-json\/wp\/v2\/categories?post=1008"},{"taxonomy":"post_tag","embeddable":true,"href":"https:\/\/www.aridane.org\/city\/wp-json\/wp\/v2\/tags?post=1008"}],"curies":[{"name":"wp","href":"https:\/\/api.w.org\/{rel}","templated":true}]}}