{"id":1042,"date":"2022-10-25T13:02:04","date_gmt":"2022-10-25T12:02:04","guid":{"rendered":"https:\/\/aridane.org\/ciudad\/?p=1042"},"modified":"2022-10-25T13:02:04","modified_gmt":"2022-10-25T12:02:04","slug":"los-llanos-celebrara-halloween-con-casi-una-veintena-de-actividades-y-juegos-para-los-mas-pequenos-de-la-casa","status":"publish","type":"post","link":"https:\/\/www.aridane.org\/city\/2022\/10\/25\/los-llanos-celebrara-halloween-con-casi-una-veintena-de-actividades-y-juegos-para-los-mas-pequenos-de-la-casa\/","title":{"rendered":"Los Llanos celebrar\u00e1 Halloween con casi una veintena de actividades y juegos para los m\u00e1s peque\u00f1os de la casa"},"content":{"rendered":"<section class=\"wpb-content-wrapper\"><p>[vc_row css_animation=\u00bb\u00bb row_type=\u00bbrow\u00bb use_row_as_full_screen_section=\u00bbno\u00bb type=\u00bbfull_width\u00bb angled_section=\u00bbno\u00bb text_align=\u00bbleft\u00bb background_image_as_pattern=\u00bbwithout_pattern\u00bb][vc_column][vc_row_inner row_type=\u00bbrow\u00bb type=\u00bbgrid\u00bb text_align=\u00bbleft\u00bb css_animation=\u00bb\u00bb][vc_column_inner][vc_empty_space height=\u00bb20px\u00bb][vc_column_text]<\/p>\n<ul>\n<li style=\"text-align: justify;\"><em>Desde Promoci\u00f3n Econ\u00f3mica defiende que este evento, adem\u00e1s de ser una alternativa de ocio para las familias, es una oportunidad para seguir trabajando e impulsando el comercio y la hosteler\u00eda del municipio.<\/em><\/li>\n<\/ul>\n<p>&nbsp;<\/p>\n<p style=\"text-align: justify;\"><strong>Los Llanos de Aridane, 25 octubre de 2022.-<\/strong> El Ayuntamiento de Los Llanos de Aridane a trav\u00e9s de la concejal de Promoci\u00f3n Econ\u00f3mica, Inmaculada Fern\u00e1ndez, ha confirmado que \u201cel municipio celebrar\u00e1 la festividad de Halloween, el pr\u00f3ximo lunes 31 de octubre, con casi una veintena de actividades y juegos pensados para los m\u00e1s peque\u00f1os de la casa\u201d.<\/p>\n<p style=\"text-align: justify;\">Fern\u00e1ndez explica que este evento, bajo el t\u00edtulo \u2018\u00bfTruco o Trato?\u2019, se desarrollar\u00e1 desde las 17:30 a las 19:30 horas, en la Calle Real, esquina de Correos; y los bajos de la Casa de La Cultura. \u201cContaremos con juegos como: paraca\u00eddas gigante; carrera de sacos; el mogoll\u00f3n; tirar de la cuerda; pa\u00f1uelito; la calabaza gigante; quita la cola; la tela de ara\u00f1a; tulip\u00e1n; vampiro, hombre cazador; el fantasma volador; la momia; baile congelado y sombrero de la bruja. Mientras que dentro de las actividades programadas tendremos: desfile de disfraces, maquillaje, globoflexia, bailes y taller de manualidades. Esta \u00faltima actividad est\u00e1 pensada para ni\u00f1os y ni\u00f1as de entre 4 y 12 a\u00f1os. Las plazas son limitadas por lo que deben inscribirse en el siguiente correo: <a href=\"http:\/\/aridanemasquenunca@gmail.com.\">aridanemasquenunca@gmail.com\u201d<\/a><\/p>\n<p style=\"text-align: justify;\">Asimismo, la concejal asegura que \u201ceste evento, adem\u00e1s de ser una alternativa de ocio para los ni\u00f1os del municipio y los padres, es una oportunidad para seguir trabajando e impulsando el comercio y la hosteler\u00eda de Los Llanos de Aridane. Por lo que invitamos a todas las familias que lo deseen a participar en esta actividad, que estamos seguros que ser\u00e1 todo un \u00e9xito\u201d.<\/p>\n<p style=\"text-align: justify;\">Por \u00faltimo, desde el Ayuntamiento de Los Llanos de Aridane, recuerdan que \u201ceste equipo de Gobierno va a seguir trabajando y generando oportunidades que permitan seguir ayudando a la recuperaci\u00f3n en la que ya se encuentra inmersa el municipio\u201d.<\/p>\n<p>[\/vc_column_text][vc_empty_space height=\u00bb20px\u00bb][\/vc_column_inner][\/vc_row_inner][\/vc_column][\/vc_row]<\/p>\n<\/section>","protected":false},"excerpt":{"rendered":"<p>[vc_row css_animation=\u00bb\u00bb row_type=\u00bbrow\u00bb use_row_as_full_screen_section=\u00bbno\u00bb type=\u00bbfull_width\u00bb angled_section=\u00bbno\u00bb text_align=\u00bbleft\u00bb background_image_as_pattern=\u00bbwithout_pattern\u00bb][vc_column][vc_row_inner row_type=\u00bbrow\u00bb type=\u00bbgrid\u00bb text_align=\u00bbleft\u00bb css_animation=\u00bb\u00bb][vc_column_inner][vc_empty_space height=\u00bb20px\u00bb][vc_column_text] Desde Promoci\u00f3n Econ\u00f3mica defiende que este evento, adem\u00e1s de ser una alternativa de ocio para las familias, es una oportunidad para seguir trabajando e impulsando el comercio y la hosteler\u00eda del municipio&#8230;.<\/p>\n","protected":false},"author":1,"featured_media":0,"comment_status":"closed","ping_status":"open","sticky":false,"template":"","format":"standard","meta":{"footnotes":""},"categories":[6],"tags":[],"class_list":["post-1042","post","type-post","status-publish","format-standard","hentry","category-prensa"],"yoast_head":"<!-- This site is optimized with the Yoast SEO plugin v22.7 - https:\/\/yoast.com\/wordpress\/plugins\/seo\/ -->\n<title>Los Llanos celebrar\u00e1 Halloween con casi una veintena de actividades y juegos para los m\u00e1s peque\u00f1os de la casa - Ayuntamiento de Los Llanos de Aridane<\/title>\n<meta name=\"description\" content=\"El Ayuntamiento de Los Llanos de Aridane presenta el cartel y el programa de La Patrona 2021 con el lema \u201cRemedios, m\u00e1s que un nombre.\u201d\" \/>\n<meta name=\"robots\" content=\"index, follow, max-snippet:-1, max-image-preview:large, max-video-preview:-1\" \/>\n<link rel=\"canonical\" href=\"https:\/\/www.aridane.org\/city\/2022\/10\/25\/los-llanos-celebrara-halloween-con-casi-una-veintena-de-actividades-y-juegos-para-los-mas-pequenos-de-la-casa\/\" \/>\n<meta property=\"og:locale\" content=\"es_ES\" \/>\n<meta property=\"og:type\" content=\"article\" \/>\n<meta property=\"og:title\" content=\"Los Llanos celebrar\u00e1 Halloween con casi una veintena de actividades y juegos para los m\u00e1s peque\u00f1os de la casa - Ayuntamiento de Los Llanos de Aridane\" \/>\n<meta property=\"og:description\" content=\"El Ayuntamiento de Los Llanos de Aridane presenta el cartel y el programa de La Patrona 2021 con el lema \u201cRemedios, m\u00e1s que un nombre.\u201d\" \/>\n<meta property=\"og:url\" content=\"https:\/\/www.aridane.org\/city\/2022\/10\/25\/los-llanos-celebrara-halloween-con-casi-una-veintena-de-actividades-y-juegos-para-los-mas-pequenos-de-la-casa\/\" \/>\n<meta property=\"og:site_name\" content=\"Ayuntamiento de Los Llanos de Aridane\" \/>\n<meta property=\"article:published_time\" content=\"2022-10-25T12:02:04+00:00\" \/>\n<meta name=\"author\" content=\"Richard Diaz\" \/>\n<meta name=\"twitter:card\" content=\"summary_large_image\" \/>\n<meta name=\"twitter:label1\" content=\"Escrito por\" \/>\n\t<meta name=\"twitter:data1\" content=\"Richard Diaz\" \/>\n\t<meta name=\"twitter:label2\" content=\"Tiempo de lectura\" \/>\n\t<meta name=\"twitter:data2\" content=\"2 minutos\" \/>\n<script type=\"application\/ld+json\" class=\"yoast-schema-graph\">{\"@context\":\"https:\/\/schema.org\",\"@graph\":[{\"@type\":\"WebPage\",\"@id\":\"https:\/\/www.aridane.org\/city\/2022\/10\/25\/los-llanos-celebrara-halloween-con-casi-una-veintena-de-actividades-y-juegos-para-los-mas-pequenos-de-la-casa\/\",\"url\":\"https:\/\/www.aridane.org\/city\/2022\/10\/25\/los-llanos-celebrara-halloween-con-casi-una-veintena-de-actividades-y-juegos-para-los-mas-pequenos-de-la-casa\/\",\"name\":\"Los Llanos celebrar\u00e1 Halloween con casi una veintena de actividades y juegos para los m\u00e1s peque\u00f1os de la casa - Ayuntamiento de Los Llanos de Aridane\",\"isPartOf\":{\"@id\":\"https:\/\/www.aridane.org\/city\/#website\"},\"datePublished\":\"2022-10-25T12:02:04+00:00\",\"dateModified\":\"2022-10-25T12:02:04+00:00\",\"author\":{\"@id\":\"https:\/\/www.aridane.org\/city\/#\/schema\/person\/7d352ec7f29881716f298394432e7209\"},\"description\":\"El Ayuntamiento de Los Llanos de Aridane presenta el cartel y el programa de La Patrona 2021 con el lema \u201cRemedios, m\u00e1s que un nombre.\u201d\",\"breadcrumb\":{\"@id\":\"https:\/\/www.aridane.org\/city\/2022\/10\/25\/los-llanos-celebrara-halloween-con-casi-una-veintena-de-actividades-y-juegos-para-los-mas-pequenos-de-la-casa\/#breadcrumb\"},\"inLanguage\":\"es\",\"potentialAction\":[{\"@type\":\"ReadAction\",\"target\":[\"https:\/\/www.aridane.org\/city\/2022\/10\/25\/los-llanos-celebrara-halloween-con-casi-una-veintena-de-actividades-y-juegos-para-los-mas-pequenos-de-la-casa\/\"]}]},{\"@type\":\"BreadcrumbList\",\"@id\":\"https:\/\/www.aridane.org\/city\/2022\/10\/25\/los-llanos-celebrara-halloween-con-casi-una-veintena-de-actividades-y-juegos-para-los-mas-pequenos-de-la-casa\/#breadcrumb\",\"itemListElement\":[{\"@type\":\"ListItem\",\"position\":1,\"name\":\"Portada\",\"item\":\"https:\/\/www.aridane.org\/city\/\"},{\"@type\":\"ListItem\",\"position\":2,\"name\":\"Los Llanos celebrar\u00e1 Halloween con casi una veintena de actividades y juegos para los m\u00e1s peque\u00f1os de la casa\"}]},{\"@type\":\"WebSite\",\"@id\":\"https:\/\/www.aridane.org\/city\/#website\",\"url\":\"https:\/\/www.aridane.org\/city\/\",\"name\":\"Ayuntamiento de Los Llanos de Aridane\",\"description\":\"\",\"potentialAction\":[{\"@type\":\"SearchAction\",\"target\":{\"@type\":\"EntryPoint\",\"urlTemplate\":\"https:\/\/www.aridane.org\/city\/?s={search_term_string}\"},\"query-input\":\"required name=search_term_string\"}],\"inLanguage\":\"es\"},{\"@type\":\"Person\",\"@id\":\"https:\/\/www.aridane.org\/city\/#\/schema\/person\/7d352ec7f29881716f298394432e7209\",\"name\":\"Richard Diaz\",\"image\":{\"@type\":\"ImageObject\",\"inLanguage\":\"es\",\"@id\":\"https:\/\/www.aridane.org\/city\/#\/schema\/person\/image\/\",\"url\":\"https:\/\/secure.gravatar.com\/avatar\/bacd6aefc26a4a204943090a4c596cd10f0857081ef3cfd12084a70ecb3161d5?s=96&d=mm&r=g\",\"contentUrl\":\"https:\/\/secure.gravatar.com\/avatar\/bacd6aefc26a4a204943090a4c596cd10f0857081ef3cfd12084a70ecb3161d5?s=96&d=mm&r=g\",\"caption\":\"Richard Diaz\"},\"sameAs\":[\"https:\/\/www.aridane.org\/city\"],\"url\":\"https:\/\/www.aridane.org\/city\/author\/richard-diaz\/\"}]}<\/script>\n<!-- \/ Yoast SEO plugin. -->","yoast_head_json":{"title":"Los Llanos celebrar\u00e1 Halloween con casi una veintena de actividades y juegos para los m\u00e1s peque\u00f1os de la casa - Ayuntamiento de Los Llanos de Aridane","description":"El Ayuntamiento de Los Llanos de Aridane presenta el cartel y el programa de La Patrona 2021 con el lema \u201cRemedios, m\u00e1s que un nombre.\u201d","robots":{"index":"index","follow":"follow","max-snippet":"max-snippet:-1","max-image-preview":"max-image-preview:large","max-video-preview":"max-video-preview:-1"},"canonical":"https:\/\/www.aridane.org\/city\/2022\/10\/25\/los-llanos-celebrara-halloween-con-casi-una-veintena-de-actividades-y-juegos-para-los-mas-pequenos-de-la-casa\/","og_locale":"es_ES","og_type":"article","og_title":"Los Llanos celebrar\u00e1 Halloween con casi una veintena de actividades y juegos para los m\u00e1s peque\u00f1os de la casa - Ayuntamiento de Los Llanos de Aridane","og_description":"El Ayuntamiento de Los Llanos de Aridane presenta el cartel y el programa de La Patrona 2021 con el lema \u201cRemedios, m\u00e1s que un nombre.\u201d","og_url":"https:\/\/www.aridane.org\/city\/2022\/10\/25\/los-llanos-celebrara-halloween-con-casi-una-veintena-de-actividades-y-juegos-para-los-mas-pequenos-de-la-casa\/","og_site_name":"Ayuntamiento de Los Llanos de Aridane","article_published_time":"2022-10-25T12:02:04+00:00","author":"Richard Diaz","twitter_card":"summary_large_image","twitter_misc":{"Escrito por":"Richard Diaz","Tiempo de lectura":"2 minutos"},"schema":{"@context":"https:\/\/schema.org","@graph":[{"@type":"WebPage","@id":"https:\/\/www.aridane.org\/city\/2022\/10\/25\/los-llanos-celebrara-halloween-con-casi-una-veintena-de-actividades-y-juegos-para-los-mas-pequenos-de-la-casa\/","url":"https:\/\/www.aridane.org\/city\/2022\/10\/25\/los-llanos-celebrara-halloween-con-casi-una-veintena-de-actividades-y-juegos-para-los-mas-pequenos-de-la-casa\/","name":"Los Llanos celebrar\u00e1 Halloween con casi una veintena de actividades y juegos para los m\u00e1s peque\u00f1os de la casa - Ayuntamiento de Los Llanos de Aridane","isPartOf":{"@id":"https:\/\/www.aridane.org\/city\/#website"},"datePublished":"2022-10-25T12:02:04+00:00","dateModified":"2022-10-25T12:02:04+00:00","author":{"@id":"https:\/\/www.aridane.org\/city\/#\/schema\/person\/7d352ec7f29881716f298394432e7209"},"description":"El Ayuntamiento de Los Llanos de Aridane presenta el cartel y el programa de La Patrona 2021 con el lema \u201cRemedios, m\u00e1s que un nombre.\u201d","breadcrumb":{"@id":"https:\/\/www.aridane.org\/city\/2022\/10\/25\/los-llanos-celebrara-halloween-con-casi-una-veintena-de-actividades-y-juegos-para-los-mas-pequenos-de-la-casa\/#breadcrumb"},"inLanguage":"es","potentialAction":[{"@type":"ReadAction","target":["https:\/\/www.aridane.org\/city\/2022\/10\/25\/los-llanos-celebrara-halloween-con-casi-una-veintena-de-actividades-y-juegos-para-los-mas-pequenos-de-la-casa\/"]}]},{"@type":"BreadcrumbList","@id":"https:\/\/www.aridane.org\/city\/2022\/10\/25\/los-llanos-celebrara-halloween-con-casi-una-veintena-de-actividades-y-juegos-para-los-mas-pequenos-de-la-casa\/#breadcrumb","itemListElement":[{"@type":"ListItem","position":1,"name":"Portada","item":"https:\/\/www.aridane.org\/city\/"},{"@type":"ListItem","position":2,"name":"Los Llanos celebrar\u00e1 Halloween con casi una veintena de actividades y juegos para los m\u00e1s peque\u00f1os de la casa"}]},{"@type":"WebSite","@id":"https:\/\/www.aridane.org\/city\/#website","url":"https:\/\/www.aridane.org\/city\/","name":"Ayuntamiento de Los Llanos de Aridane","description":"","potentialAction":[{"@type":"SearchAction","target":{"@type":"EntryPoint","urlTemplate":"https:\/\/www.aridane.org\/city\/?s={search_term_string}"},"query-input":"required name=search_term_string"}],"inLanguage":"es"},{"@type":"Person","@id":"https:\/\/www.aridane.org\/city\/#\/schema\/person\/7d352ec7f29881716f298394432e7209","name":"Richard Diaz","image":{"@type":"ImageObject","inLanguage":"es","@id":"https:\/\/www.aridane.org\/city\/#\/schema\/person\/image\/","url":"https:\/\/secure.gravatar.com\/avatar\/bacd6aefc26a4a204943090a4c596cd10f0857081ef3cfd12084a70ecb3161d5?s=96&d=mm&r=g","contentUrl":"https:\/\/secure.gravatar.com\/avatar\/bacd6aefc26a4a204943090a4c596cd10f0857081ef3cfd12084a70ecb3161d5?s=96&d=mm&r=g","caption":"Richard Diaz"},"sameAs":["https:\/\/www.aridane.org\/city"],"url":"https:\/\/www.aridane.org\/city\/author\/richard-diaz\/"}]}},"_links":{"self":[{"href":"https:\/\/www.aridane.org\/city\/wp-json\/wp\/v2\/posts\/1042","targetHints":{"allow":["GET"]}}],"collection":[{"href":"https:\/\/www.aridane.org\/city\/wp-json\/wp\/v2\/posts"}],"about":[{"href":"https:\/\/www.aridane.org\/city\/wp-json\/wp\/v2\/types\/post"}],"author":[{"embeddable":true,"href":"https:\/\/www.aridane.org\/city\/wp-json\/wp\/v2\/users\/1"}],"replies":[{"embeddable":true,"href":"https:\/\/www.aridane.org\/city\/wp-json\/wp\/v2\/comments?post=1042"}],"version-history":[{"count":0,"href":"https:\/\/www.aridane.org\/city\/wp-json\/wp\/v2\/posts\/1042\/revisions"}],"wp:attachment":[{"href":"https:\/\/www.aridane.org\/city\/wp-json\/wp\/v2\/media?parent=1042"}],"wp:term":[{"taxonomy":"category","embeddable":true,"href":"https:\/\/www.aridane.org\/city\/wp-json\/wp\/v2\/categories?post=1042"},{"taxonomy":"post_tag","embeddable":true,"href":"https:\/\/www.aridane.org\/city\/wp-json\/wp\/v2\/tags?post=1042"}],"curies":[{"name":"wp","href":"https:\/\/api.w.org\/{rel}","templated":true}]}}