{"id":1054,"date":"2022-10-26T11:04:48","date_gmt":"2022-10-26T10:04:48","guid":{"rendered":"https:\/\/aridane.org\/ciudad\/?p=1054"},"modified":"2022-10-26T11:04:48","modified_gmt":"2022-10-26T10:04:48","slug":"el-ayuntamiento-de-los-llanos-de-aridane-reduce-en-un-70-las-perdidas-de-agua-y-casi-el-50-de-los-3-millones-e-de-deuda-heredada-por-impago-del-agua-de-gobiernos-anteriores","status":"publish","type":"post","link":"https:\/\/www.aridane.org\/city\/2022\/10\/26\/el-ayuntamiento-de-los-llanos-de-aridane-reduce-en-un-70-las-perdidas-de-agua-y-casi-el-50-de-los-3-millones-e-de-deuda-heredada-por-impago-del-agua-de-gobiernos-anteriores\/","title":{"rendered":"El Ayuntamiento de Los Llanos de Aridane reduce en un \u00a070% las p\u00e9rdidas de agua y casi el 50% \u00a0de los 3 millones \u20ac de deuda heredada por impago del agua de Gobiernos anteriores"},"content":{"rendered":"<section class=\"wpb-content-wrapper\"><p>[vc_row css_animation=\u00bb\u00bb row_type=\u00bbrow\u00bb use_row_as_full_screen_section=\u00bbno\u00bb type=\u00bbfull_width\u00bb angled_section=\u00bbno\u00bb text_align=\u00bbleft\u00bb background_image_as_pattern=\u00bbwithout_pattern\u00bb][vc_column][vc_row_inner row_type=\u00bbrow\u00bb type=\u00bbgrid\u00bb text_align=\u00bbleft\u00bb css_animation=\u00bb\u00bb][vc_column_inner][vc_empty_space height=\u00bb20px\u00bb][vc_column_text]<\/p>\n<ul>\n<li style=\"text-align: justify;\"><em>El concejal de Aguas, Francisco Leal, se\u00f1ala que se ha pasado de consumir 480 m3\/hora a 140 m3\/hora. Y de la deuda de 3 millones de euros, por impago de facturas, que dej\u00f3 el anterior equipo de Gobierno Municipal, ya se han abonado m\u00e1s de 1,2 millones de euros.<\/em><\/li>\n<\/ul>\n<ul>\n<li style=\"text-align: justify;\"><em>Adem\u00e1s, se\u00f1ala que \u201cestos datos que son el reflejo del fuerte compromiso que tiene este equipo de Gobierno con la concienciaci\u00f3n del buen uso del agua; de la estrecha colaboraci\u00f3n que existe con el Consejo Insular de Aguas, del Cabildo de La Palma, clave para llevar a cabo un importante n\u00famero de actuaciones; as\u00ed como el importante trabajo realizado por los empleados municipales\u201d.<\/em><\/li>\n<\/ul>\n<p>&nbsp;<\/p>\n<p style=\"text-align: justify;\"><strong>Los Llanos de Aridane, 26 de octubre 2022.-<\/strong>El Ayuntamiento de Los Llanos de Aridane a trav\u00e9s del concejal de Aguas, Fran Leal, \u00a0ha hecho un repaso por el importante n\u00famero de actuaciones que ha realizado el actual equipo de Gobierno en materia de agua, durante los \u00faltimos 10 a\u00f1os, \u201cy que nos han permitido reducir su consumo en un 70%, pasando de 480 m3\/hora a 140 m3\/hora, as\u00ed como minimizar la deuda heredada por el anterior equipo de Gobierno Municipal a casi la mitad\u201d.<\/p>\n<p style=\"text-align: justify;\">Leal explica que lo primero que se hizo fue una auditor\u00eda para conocer la situaci\u00f3n real en la que se encontraba la red, y se estableci\u00f3 un plan de b\u00fasqueda de fugas, \u201cque a d\u00eda de hoy sigue activo, y que todas las semanas nos permite realizar dos rastreos para poder encontrar posibles fallos en la red\u201d. Adem\u00e1s, confirma que se han sustituido el 80% de la red de fibrocemento, permitiendo poner en funcionamiento redes que estaban instaladas pero sin ning\u00fan funcionamiento e incorporar nuevos tramos para poder ponerlas en servicio; se han renovado multitud de etapas de tuber\u00edas terciarias; y se ha puesto en marcha el sistema de telemetr\u00eda. \u201cUn moderno medio que nos permite conocer lo que se consume barrio a barrio a tiempo real, \u00a0detectar fugas, as\u00ed como malos usos de este bien natural\u201d, asegura.<\/p>\n<p style=\"text-align: justify;\">Adem\u00e1s, el concejal ha confirmado que ahora las fugas son arregladas en 48 horas gracias a que la red est\u00e1 sectorizada, \u201cy en el recuerdo quedan ya los interminables cortes de suministro que ten\u00edamos que soportar todos los vecinos del municipio, cuando la fuga se encontraba solo en uno de los barrios\u201d.<\/p>\n<p style=\"text-align: justify;\">En relaci\u00f3n a la deuda heredada por el anterior equipo de Gobierno Municipal, Leal ha explicado que de los 3 millones de euros de deuda contra\u00edda por facturas impagadas, entre los a\u00f1os 2005 y 2010, con el Consejo Insular de Aguas, ya se han pagado m\u00e1s de 1,2 millones de euros. \u201cCabe recordar que el Consistorio se comprometi\u00f3 a abonar, durante un periodo de 20 a\u00f1os, 12.000 euros mensuales al Consejo Insular de Aguas, dinero detra\u00eddo de los fondos que reciben del \u00a0R\u00e9gimen Econ\u00f3mico y Fiscal, REF. Una decisi\u00f3n que cobra especial importancia ya que seguimos prestando todos los servicios, cumpliendo con nuestros proveedores, y fomentando las inversiones en el municipio\u201d, asegura.<\/p>\n<p style=\"text-align: justify;\">Asimismo, desde el concejal\u00eda de Aguas recuerdan que tambi\u00e9n se han puesto en marcha campa\u00f1as de concienciaci\u00f3n de ahorro de agua en redes sociales, con especial atenci\u00f3n a las zonas de playa, \u201cy con el \u00fanico objetivo de seguir fomentando un uso responsable de la misma\u201d.<\/p>\n<p style=\"text-align: justify;\">Por \u00faltimo, desde el Ayuntamiento de Los Llanos de Aridane aseguran que \u201cestos datos son el reflejo del fuerte compromiso que tiene este equipo de Gobierno con la concienciaci\u00f3n del buen uso del agua, y de la estrecha colaboraci\u00f3n que existe con el Consejo Insular de Aguas, del Cabildo de La Palma, clave para llevar a acabo un importante n\u00famero de actuaciones, as\u00ed como el importante trabajo de los empleados municipales\u201d.<\/p>\n<p>[\/vc_column_text][vc_empty_space height=\u00bb20px\u00bb][\/vc_column_inner][\/vc_row_inner][\/vc_column][\/vc_row]<\/p>\n<\/section>","protected":false},"excerpt":{"rendered":"<p>[vc_row css_animation=\u00bb\u00bb row_type=\u00bbrow\u00bb use_row_as_full_screen_section=\u00bbno\u00bb type=\u00bbfull_width\u00bb angled_section=\u00bbno\u00bb text_align=\u00bbleft\u00bb background_image_as_pattern=\u00bbwithout_pattern\u00bb][vc_column][vc_row_inner row_type=\u00bbrow\u00bb type=\u00bbgrid\u00bb text_align=\u00bbleft\u00bb css_animation=\u00bb\u00bb][vc_column_inner][vc_empty_space height=\u00bb20px\u00bb][vc_column_text] El concejal de Aguas, Francisco Leal, se\u00f1ala que se ha pasado de consumir 480 m3\/hora a 140 m3\/hora. Y de la deuda de 3 millones de euros, por impago de facturas, que&#8230;<\/p>\n","protected":false},"author":1,"featured_media":0,"comment_status":"closed","ping_status":"open","sticky":false,"template":"","format":"standard","meta":{"footnotes":""},"categories":[6],"tags":[],"class_list":["post-1054","post","type-post","status-publish","format-standard","hentry","category-prensa"],"yoast_head":"<!-- This site is optimized with the Yoast SEO plugin v22.7 - https:\/\/yoast.com\/wordpress\/plugins\/seo\/ -->\n<title>El Ayuntamiento de Los Llanos de Aridane reduce en un \u00a070% las p\u00e9rdidas de agua y casi el 50% \u00a0de los 3 millones \u20ac de deuda heredada por impago del agua de Gobiernos anteriores - Ayuntamiento de Los Llanos de Aridane<\/title>\n<meta name=\"description\" content=\"El Ayuntamiento de Los Llanos de Aridane presenta el cartel y el programa de La Patrona 2021 con el lema \u201cRemedios, m\u00e1s que un nombre.\u201d\" \/>\n<meta name=\"robots\" content=\"index, follow, max-snippet:-1, max-image-preview:large, max-video-preview:-1\" \/>\n<link rel=\"canonical\" href=\"https:\/\/www.aridane.org\/city\/2022\/10\/26\/el-ayuntamiento-de-los-llanos-de-aridane-reduce-en-un-70-las-perdidas-de-agua-y-casi-el-50-de-los-3-millones-e-de-deuda-heredada-por-impago-del-agua-de-gobiernos-anteriores\/\" \/>\n<meta property=\"og:locale\" content=\"es_ES\" \/>\n<meta property=\"og:type\" content=\"article\" \/>\n<meta property=\"og:title\" content=\"El Ayuntamiento de Los Llanos de Aridane reduce en un \u00a070% las p\u00e9rdidas de agua y casi el 50% \u00a0de los 3 millones \u20ac de deuda heredada por impago del agua de Gobiernos anteriores - Ayuntamiento de Los Llanos de Aridane\" \/>\n<meta property=\"og:description\" content=\"El Ayuntamiento de Los Llanos de Aridane presenta el cartel y el programa de La Patrona 2021 con el lema \u201cRemedios, m\u00e1s que un nombre.\u201d\" \/>\n<meta property=\"og:url\" content=\"https:\/\/www.aridane.org\/city\/2022\/10\/26\/el-ayuntamiento-de-los-llanos-de-aridane-reduce-en-un-70-las-perdidas-de-agua-y-casi-el-50-de-los-3-millones-e-de-deuda-heredada-por-impago-del-agua-de-gobiernos-anteriores\/\" \/>\n<meta property=\"og:site_name\" content=\"Ayuntamiento de Los Llanos de Aridane\" \/>\n<meta property=\"article:published_time\" content=\"2022-10-26T10:04:48+00:00\" \/>\n<meta name=\"author\" content=\"Richard Diaz\" \/>\n<meta name=\"twitter:card\" content=\"summary_large_image\" \/>\n<meta name=\"twitter:label1\" content=\"Escrito por\" \/>\n\t<meta name=\"twitter:data1\" content=\"Richard Diaz\" \/>\n\t<meta name=\"twitter:label2\" content=\"Tiempo de lectura\" \/>\n\t<meta name=\"twitter:data2\" content=\"3 minutos\" \/>\n<script type=\"application\/ld+json\" class=\"yoast-schema-graph\">{\"@context\":\"https:\/\/schema.org\",\"@graph\":[{\"@type\":\"WebPage\",\"@id\":\"https:\/\/www.aridane.org\/city\/2022\/10\/26\/el-ayuntamiento-de-los-llanos-de-aridane-reduce-en-un-70-las-perdidas-de-agua-y-casi-el-50-de-los-3-millones-e-de-deuda-heredada-por-impago-del-agua-de-gobiernos-anteriores\/\",\"url\":\"https:\/\/www.aridane.org\/city\/2022\/10\/26\/el-ayuntamiento-de-los-llanos-de-aridane-reduce-en-un-70-las-perdidas-de-agua-y-casi-el-50-de-los-3-millones-e-de-deuda-heredada-por-impago-del-agua-de-gobiernos-anteriores\/\",\"name\":\"El Ayuntamiento de Los Llanos de Aridane reduce en un \u00a070% las p\u00e9rdidas de agua y casi el 50% \u00a0de los 3 millones \u20ac de deuda heredada por impago del agua de Gobiernos anteriores - Ayuntamiento de Los Llanos de Aridane\",\"isPartOf\":{\"@id\":\"https:\/\/www.aridane.org\/city\/#website\"},\"datePublished\":\"2022-10-26T10:04:48+00:00\",\"dateModified\":\"2022-10-26T10:04:48+00:00\",\"author\":{\"@id\":\"https:\/\/www.aridane.org\/city\/#\/schema\/person\/7d352ec7f29881716f298394432e7209\"},\"description\":\"El Ayuntamiento de Los Llanos de Aridane presenta el cartel y el programa de La Patrona 2021 con el lema \u201cRemedios, m\u00e1s que un nombre.\u201d\",\"breadcrumb\":{\"@id\":\"https:\/\/www.aridane.org\/city\/2022\/10\/26\/el-ayuntamiento-de-los-llanos-de-aridane-reduce-en-un-70-las-perdidas-de-agua-y-casi-el-50-de-los-3-millones-e-de-deuda-heredada-por-impago-del-agua-de-gobiernos-anteriores\/#breadcrumb\"},\"inLanguage\":\"es\",\"potentialAction\":[{\"@type\":\"ReadAction\",\"target\":[\"https:\/\/www.aridane.org\/city\/2022\/10\/26\/el-ayuntamiento-de-los-llanos-de-aridane-reduce-en-un-70-las-perdidas-de-agua-y-casi-el-50-de-los-3-millones-e-de-deuda-heredada-por-impago-del-agua-de-gobiernos-anteriores\/\"]}]},{\"@type\":\"BreadcrumbList\",\"@id\":\"https:\/\/www.aridane.org\/city\/2022\/10\/26\/el-ayuntamiento-de-los-llanos-de-aridane-reduce-en-un-70-las-perdidas-de-agua-y-casi-el-50-de-los-3-millones-e-de-deuda-heredada-por-impago-del-agua-de-gobiernos-anteriores\/#breadcrumb\",\"itemListElement\":[{\"@type\":\"ListItem\",\"position\":1,\"name\":\"Portada\",\"item\":\"https:\/\/www.aridane.org\/city\/\"},{\"@type\":\"ListItem\",\"position\":2,\"name\":\"El Ayuntamiento de Los Llanos de Aridane reduce en un \u00a070% las p\u00e9rdidas de agua y casi el 50% \u00a0de los 3 millones \u20ac de deuda heredada por impago del agua de Gobiernos anteriores\"}]},{\"@type\":\"WebSite\",\"@id\":\"https:\/\/www.aridane.org\/city\/#website\",\"url\":\"https:\/\/www.aridane.org\/city\/\",\"name\":\"Ayuntamiento de Los Llanos de Aridane\",\"description\":\"\",\"potentialAction\":[{\"@type\":\"SearchAction\",\"target\":{\"@type\":\"EntryPoint\",\"urlTemplate\":\"https:\/\/www.aridane.org\/city\/?s={search_term_string}\"},\"query-input\":\"required name=search_term_string\"}],\"inLanguage\":\"es\"},{\"@type\":\"Person\",\"@id\":\"https:\/\/www.aridane.org\/city\/#\/schema\/person\/7d352ec7f29881716f298394432e7209\",\"name\":\"Richard Diaz\",\"image\":{\"@type\":\"ImageObject\",\"inLanguage\":\"es\",\"@id\":\"https:\/\/www.aridane.org\/city\/#\/schema\/person\/image\/\",\"url\":\"https:\/\/secure.gravatar.com\/avatar\/bacd6aefc26a4a204943090a4c596cd10f0857081ef3cfd12084a70ecb3161d5?s=96&d=mm&r=g\",\"contentUrl\":\"https:\/\/secure.gravatar.com\/avatar\/bacd6aefc26a4a204943090a4c596cd10f0857081ef3cfd12084a70ecb3161d5?s=96&d=mm&r=g\",\"caption\":\"Richard Diaz\"},\"sameAs\":[\"https:\/\/www.aridane.org\/city\"],\"url\":\"https:\/\/www.aridane.org\/city\/author\/richard-diaz\/\"}]}<\/script>\n<!-- \/ Yoast SEO plugin. -->","yoast_head_json":{"title":"El Ayuntamiento de Los Llanos de Aridane reduce en un \u00a070% las p\u00e9rdidas de agua y casi el 50% \u00a0de los 3 millones \u20ac de deuda heredada por impago del agua de Gobiernos anteriores - Ayuntamiento de Los Llanos de Aridane","description":"El Ayuntamiento de Los Llanos de Aridane presenta el cartel y el programa de La Patrona 2021 con el lema \u201cRemedios, m\u00e1s que un nombre.\u201d","robots":{"index":"index","follow":"follow","max-snippet":"max-snippet:-1","max-image-preview":"max-image-preview:large","max-video-preview":"max-video-preview:-1"},"canonical":"https:\/\/www.aridane.org\/city\/2022\/10\/26\/el-ayuntamiento-de-los-llanos-de-aridane-reduce-en-un-70-las-perdidas-de-agua-y-casi-el-50-de-los-3-millones-e-de-deuda-heredada-por-impago-del-agua-de-gobiernos-anteriores\/","og_locale":"es_ES","og_type":"article","og_title":"El Ayuntamiento de Los Llanos de Aridane reduce en un \u00a070% las p\u00e9rdidas de agua y casi el 50% \u00a0de los 3 millones \u20ac de deuda heredada por impago del agua de Gobiernos anteriores - Ayuntamiento de Los Llanos de Aridane","og_description":"El Ayuntamiento de Los Llanos de Aridane presenta el cartel y el programa de La Patrona 2021 con el lema \u201cRemedios, m\u00e1s que un nombre.\u201d","og_url":"https:\/\/www.aridane.org\/city\/2022\/10\/26\/el-ayuntamiento-de-los-llanos-de-aridane-reduce-en-un-70-las-perdidas-de-agua-y-casi-el-50-de-los-3-millones-e-de-deuda-heredada-por-impago-del-agua-de-gobiernos-anteriores\/","og_site_name":"Ayuntamiento de Los Llanos de Aridane","article_published_time":"2022-10-26T10:04:48+00:00","author":"Richard Diaz","twitter_card":"summary_large_image","twitter_misc":{"Escrito por":"Richard Diaz","Tiempo de lectura":"3 minutos"},"schema":{"@context":"https:\/\/schema.org","@graph":[{"@type":"WebPage","@id":"https:\/\/www.aridane.org\/city\/2022\/10\/26\/el-ayuntamiento-de-los-llanos-de-aridane-reduce-en-un-70-las-perdidas-de-agua-y-casi-el-50-de-los-3-millones-e-de-deuda-heredada-por-impago-del-agua-de-gobiernos-anteriores\/","url":"https:\/\/www.aridane.org\/city\/2022\/10\/26\/el-ayuntamiento-de-los-llanos-de-aridane-reduce-en-un-70-las-perdidas-de-agua-y-casi-el-50-de-los-3-millones-e-de-deuda-heredada-por-impago-del-agua-de-gobiernos-anteriores\/","name":"El Ayuntamiento de Los Llanos de Aridane reduce en un \u00a070% las p\u00e9rdidas de agua y casi el 50% \u00a0de los 3 millones \u20ac de deuda heredada por impago del agua de Gobiernos anteriores - Ayuntamiento de Los Llanos de Aridane","isPartOf":{"@id":"https:\/\/www.aridane.org\/city\/#website"},"datePublished":"2022-10-26T10:04:48+00:00","dateModified":"2022-10-26T10:04:48+00:00","author":{"@id":"https:\/\/www.aridane.org\/city\/#\/schema\/person\/7d352ec7f29881716f298394432e7209"},"description":"El Ayuntamiento de Los Llanos de Aridane presenta el cartel y el programa de La Patrona 2021 con el lema \u201cRemedios, m\u00e1s que un nombre.\u201d","breadcrumb":{"@id":"https:\/\/www.aridane.org\/city\/2022\/10\/26\/el-ayuntamiento-de-los-llanos-de-aridane-reduce-en-un-70-las-perdidas-de-agua-y-casi-el-50-de-los-3-millones-e-de-deuda-heredada-por-impago-del-agua-de-gobiernos-anteriores\/#breadcrumb"},"inLanguage":"es","potentialAction":[{"@type":"ReadAction","target":["https:\/\/www.aridane.org\/city\/2022\/10\/26\/el-ayuntamiento-de-los-llanos-de-aridane-reduce-en-un-70-las-perdidas-de-agua-y-casi-el-50-de-los-3-millones-e-de-deuda-heredada-por-impago-del-agua-de-gobiernos-anteriores\/"]}]},{"@type":"BreadcrumbList","@id":"https:\/\/www.aridane.org\/city\/2022\/10\/26\/el-ayuntamiento-de-los-llanos-de-aridane-reduce-en-un-70-las-perdidas-de-agua-y-casi-el-50-de-los-3-millones-e-de-deuda-heredada-por-impago-del-agua-de-gobiernos-anteriores\/#breadcrumb","itemListElement":[{"@type":"ListItem","position":1,"name":"Portada","item":"https:\/\/www.aridane.org\/city\/"},{"@type":"ListItem","position":2,"name":"El Ayuntamiento de Los Llanos de Aridane reduce en un \u00a070% las p\u00e9rdidas de agua y casi el 50% \u00a0de los 3 millones \u20ac de deuda heredada por impago del agua de Gobiernos anteriores"}]},{"@type":"WebSite","@id":"https:\/\/www.aridane.org\/city\/#website","url":"https:\/\/www.aridane.org\/city\/","name":"Ayuntamiento de Los Llanos de Aridane","description":"","potentialAction":[{"@type":"SearchAction","target":{"@type":"EntryPoint","urlTemplate":"https:\/\/www.aridane.org\/city\/?s={search_term_string}"},"query-input":"required name=search_term_string"}],"inLanguage":"es"},{"@type":"Person","@id":"https:\/\/www.aridane.org\/city\/#\/schema\/person\/7d352ec7f29881716f298394432e7209","name":"Richard Diaz","image":{"@type":"ImageObject","inLanguage":"es","@id":"https:\/\/www.aridane.org\/city\/#\/schema\/person\/image\/","url":"https:\/\/secure.gravatar.com\/avatar\/bacd6aefc26a4a204943090a4c596cd10f0857081ef3cfd12084a70ecb3161d5?s=96&d=mm&r=g","contentUrl":"https:\/\/secure.gravatar.com\/avatar\/bacd6aefc26a4a204943090a4c596cd10f0857081ef3cfd12084a70ecb3161d5?s=96&d=mm&r=g","caption":"Richard Diaz"},"sameAs":["https:\/\/www.aridane.org\/city"],"url":"https:\/\/www.aridane.org\/city\/author\/richard-diaz\/"}]}},"_links":{"self":[{"href":"https:\/\/www.aridane.org\/city\/wp-json\/wp\/v2\/posts\/1054","targetHints":{"allow":["GET"]}}],"collection":[{"href":"https:\/\/www.aridane.org\/city\/wp-json\/wp\/v2\/posts"}],"about":[{"href":"https:\/\/www.aridane.org\/city\/wp-json\/wp\/v2\/types\/post"}],"author":[{"embeddable":true,"href":"https:\/\/www.aridane.org\/city\/wp-json\/wp\/v2\/users\/1"}],"replies":[{"embeddable":true,"href":"https:\/\/www.aridane.org\/city\/wp-json\/wp\/v2\/comments?post=1054"}],"version-history":[{"count":0,"href":"https:\/\/www.aridane.org\/city\/wp-json\/wp\/v2\/posts\/1054\/revisions"}],"wp:attachment":[{"href":"https:\/\/www.aridane.org\/city\/wp-json\/wp\/v2\/media?parent=1054"}],"wp:term":[{"taxonomy":"category","embeddable":true,"href":"https:\/\/www.aridane.org\/city\/wp-json\/wp\/v2\/categories?post=1054"},{"taxonomy":"post_tag","embeddable":true,"href":"https:\/\/www.aridane.org\/city\/wp-json\/wp\/v2\/tags?post=1054"}],"curies":[{"name":"wp","href":"https:\/\/api.w.org\/{rel}","templated":true}]}}