{"id":1057,"date":"2022-10-26T11:49:07","date_gmt":"2022-10-26T10:49:07","guid":{"rendered":"https:\/\/aridane.org\/ciudad\/?p=1057"},"modified":"2022-10-26T11:49:07","modified_gmt":"2022-10-26T10:49:07","slug":"los-llanos-conmemora-el-dia-de-todos-los-santos-con-eucaristias-en-el-cementerio-municipal-de-las-manchas-y-en-el-cementerio-parroquial","status":"publish","type":"post","link":"https:\/\/www.aridane.org\/city\/2022\/10\/26\/los-llanos-conmemora-el-dia-de-todos-los-santos-con-eucaristias-en-el-cementerio-municipal-de-las-manchas-y-en-el-cementerio-parroquial\/","title":{"rendered":"Los Llanos conmemora el D\u00eda de Todos Los Santos con eucarist\u00edas en el cementerio municipal de Las Manchas y en el  cementerio parroquial"},"content":{"rendered":"<section class=\"wpb-content-wrapper\"><p>[vc_row css_animation=\u00bb\u00bb row_type=\u00bbrow\u00bb use_row_as_full_screen_section=\u00bbno\u00bb type=\u00bbfull_width\u00bb angled_section=\u00bbno\u00bb text_align=\u00bbleft\u00bb background_image_as_pattern=\u00bbwithout_pattern\u00bb][vc_column][vc_row_inner row_type=\u00bbrow\u00bb type=\u00bbgrid\u00bb text_align=\u00bbleft\u00bb css_animation=\u00bb\u00bb][vc_column_inner][vc_empty_space height=\u00bb20px\u00bb][vc_column_text]<\/p>\n<ul>\n<li style=\"text-align: justify;\"><em>La concejal de Cementerios confirma que en el cementerio de Las Manchas se habilitar\u00e1 \u201cEl Rinc\u00f3n del Recuerdo\u201d para que las personas que no pueden acceder hasta sus nichos puedan depositar flores y velas en recuerdo de sus seres queridos.<\/em><\/li>\n<\/ul>\n<p>&nbsp;<\/p>\n<p style=\"text-align: justify;\"><strong>Los Llanos de Aridane, 26 de octubre del 2022.-<\/strong> El Ayuntamiento de Los Llanos de Aridane a trav\u00e9s de la concejal de Cementerios, M\u00f3nica Gonz\u00e1lez, ha confirmado que el pr\u00f3ximo martes 1 de noviembre, D\u00eda de Todos Los Santos, se celebrar\u00e1n eucarist\u00eda tanto en el cementerio municipal de Las Manchas, como en el cementerio parroquial.<\/p>\n<p style=\"text-align: justify;\">Gonz\u00e1lez explica que el d\u00eda previo, el lunes 31 de octubre, el cementerio de Las Manchas permanecer\u00e1 abierto desde las 9:00 hasta 19:00 horas, para que las personas que lo deseen puedan acudir a enramar, \u00a0y recuerda que \u201csolo se podr\u00e1 acceder a las zonas del camposanto que est\u00e9n habilitadas, y que son el m\u00f3dulo S, P, T, U, W, X, Z, AA, AU, AV, AW, AX, AY, AZ, y el bloque de restos. Adem\u00e1s, confirma que \u201cdesde el Consistorio se est\u00e1 preparando un espacio, \u201cEl Rinc\u00f3n del Recuerdo\u201d, dentro del propio cementerio, para que aquellas personas que no puedan acceder hasta sus nichos puedan depositar flores y velas en recuerdo de sus seres queridos\u201d.<\/p>\n<p style=\"text-align: justify;\">El 1 de noviembre, afirma la concejal, el cementerio de Las Manchas permanecer\u00e1 abierto de 8:00 a 19:30 horas, y las misas ser\u00e1n a las 9:00; 11:30 y a las 17:00 horas, \u201cy adem\u00e1s, se va adecuar un mayor espacio de estacionamiento de veh\u00edculos\u201d.<\/p>\n<p style=\"text-align: justify;\">En el cementerio parroquial las misas del d\u00eda 1 de noviembre ser\u00e1n en el camposanto a las 10:00 y 17:00 horas, y en la parroquia ser\u00e1n a las 11:00 y 19:00 horas. El mi\u00e9rcoles 2 de noviembre tambi\u00e9n est\u00e1 previsto que se celebre una misa en el cementerio \u00a0a las 10:00, mientras que \u00a0en la iglesia ser\u00e1 a \u00a0las 19:00 horas.<\/p>\n<p>[\/vc_column_text][vc_empty_space height=\u00bb20px\u00bb][\/vc_column_inner][\/vc_row_inner][\/vc_column][\/vc_row]<\/p>\n<\/section>","protected":false},"excerpt":{"rendered":"<p>[vc_row css_animation=\u00bb\u00bb row_type=\u00bbrow\u00bb use_row_as_full_screen_section=\u00bbno\u00bb type=\u00bbfull_width\u00bb angled_section=\u00bbno\u00bb text_align=\u00bbleft\u00bb background_image_as_pattern=\u00bbwithout_pattern\u00bb][vc_column][vc_row_inner row_type=\u00bbrow\u00bb type=\u00bbgrid\u00bb text_align=\u00bbleft\u00bb css_animation=\u00bb\u00bb][vc_column_inner][vc_empty_space height=\u00bb20px\u00bb][vc_column_text] La concejal de Cementerios confirma que en el cementerio de Las Manchas se habilitar\u00e1 \u201cEl Rinc\u00f3n del Recuerdo\u201d para que las personas que no pueden acceder hasta sus nichos puedan depositar flores&#8230;<\/p>\n","protected":false},"author":1,"featured_media":0,"comment_status":"closed","ping_status":"open","sticky":false,"template":"","format":"standard","meta":{"footnotes":""},"categories":[6],"tags":[],"class_list":["post-1057","post","type-post","status-publish","format-standard","hentry","category-prensa"],"yoast_head":"<!-- This site is optimized with the Yoast SEO plugin v22.7 - https:\/\/yoast.com\/wordpress\/plugins\/seo\/ -->\n<title>Los Llanos conmemora el D\u00eda de Todos Los Santos con eucarist\u00edas en el cementerio municipal de Las Manchas y en el cementerio parroquial - Ayuntamiento de Los Llanos de Aridane<\/title>\n<meta name=\"description\" content=\"El Ayuntamiento de Los Llanos de Aridane presenta el cartel y el programa de La Patrona 2021 con el lema \u201cRemedios, m\u00e1s que un nombre.\u201d\" \/>\n<meta name=\"robots\" content=\"index, follow, max-snippet:-1, max-image-preview:large, max-video-preview:-1\" \/>\n<link rel=\"canonical\" href=\"https:\/\/www.aridane.org\/city\/2022\/10\/26\/los-llanos-conmemora-el-dia-de-todos-los-santos-con-eucaristias-en-el-cementerio-municipal-de-las-manchas-y-en-el-cementerio-parroquial\/\" \/>\n<meta property=\"og:locale\" content=\"es_ES\" \/>\n<meta property=\"og:type\" content=\"article\" \/>\n<meta property=\"og:title\" content=\"Los Llanos conmemora el D\u00eda de Todos Los Santos con eucarist\u00edas en el cementerio municipal de Las Manchas y en el cementerio parroquial - Ayuntamiento de Los Llanos de Aridane\" \/>\n<meta property=\"og:description\" content=\"El Ayuntamiento de Los Llanos de Aridane presenta el cartel y el programa de La Patrona 2021 con el lema \u201cRemedios, m\u00e1s que un nombre.\u201d\" \/>\n<meta property=\"og:url\" content=\"https:\/\/www.aridane.org\/city\/2022\/10\/26\/los-llanos-conmemora-el-dia-de-todos-los-santos-con-eucaristias-en-el-cementerio-municipal-de-las-manchas-y-en-el-cementerio-parroquial\/\" \/>\n<meta property=\"og:site_name\" content=\"Ayuntamiento de Los Llanos de Aridane\" \/>\n<meta property=\"article:published_time\" content=\"2022-10-26T10:49:07+00:00\" \/>\n<meta name=\"author\" content=\"Richard Diaz\" \/>\n<meta name=\"twitter:card\" content=\"summary_large_image\" \/>\n<meta name=\"twitter:label1\" content=\"Escrito por\" \/>\n\t<meta name=\"twitter:data1\" content=\"Richard Diaz\" \/>\n\t<meta name=\"twitter:label2\" content=\"Tiempo de lectura\" \/>\n\t<meta name=\"twitter:data2\" content=\"2 minutos\" \/>\n<script type=\"application\/ld+json\" class=\"yoast-schema-graph\">{\"@context\":\"https:\/\/schema.org\",\"@graph\":[{\"@type\":\"WebPage\",\"@id\":\"https:\/\/www.aridane.org\/city\/2022\/10\/26\/los-llanos-conmemora-el-dia-de-todos-los-santos-con-eucaristias-en-el-cementerio-municipal-de-las-manchas-y-en-el-cementerio-parroquial\/\",\"url\":\"https:\/\/www.aridane.org\/city\/2022\/10\/26\/los-llanos-conmemora-el-dia-de-todos-los-santos-con-eucaristias-en-el-cementerio-municipal-de-las-manchas-y-en-el-cementerio-parroquial\/\",\"name\":\"Los Llanos conmemora el D\u00eda de Todos Los Santos con eucarist\u00edas en el cementerio municipal de Las Manchas y en el cementerio parroquial - Ayuntamiento de Los Llanos de Aridane\",\"isPartOf\":{\"@id\":\"https:\/\/www.aridane.org\/city\/#website\"},\"datePublished\":\"2022-10-26T10:49:07+00:00\",\"dateModified\":\"2022-10-26T10:49:07+00:00\",\"author\":{\"@id\":\"https:\/\/www.aridane.org\/city\/#\/schema\/person\/7d352ec7f29881716f298394432e7209\"},\"description\":\"El Ayuntamiento de Los Llanos de Aridane presenta el cartel y el programa de La Patrona 2021 con el lema \u201cRemedios, m\u00e1s que un nombre.\u201d\",\"breadcrumb\":{\"@id\":\"https:\/\/www.aridane.org\/city\/2022\/10\/26\/los-llanos-conmemora-el-dia-de-todos-los-santos-con-eucaristias-en-el-cementerio-municipal-de-las-manchas-y-en-el-cementerio-parroquial\/#breadcrumb\"},\"inLanguage\":\"es\",\"potentialAction\":[{\"@type\":\"ReadAction\",\"target\":[\"https:\/\/www.aridane.org\/city\/2022\/10\/26\/los-llanos-conmemora-el-dia-de-todos-los-santos-con-eucaristias-en-el-cementerio-municipal-de-las-manchas-y-en-el-cementerio-parroquial\/\"]}]},{\"@type\":\"BreadcrumbList\",\"@id\":\"https:\/\/www.aridane.org\/city\/2022\/10\/26\/los-llanos-conmemora-el-dia-de-todos-los-santos-con-eucaristias-en-el-cementerio-municipal-de-las-manchas-y-en-el-cementerio-parroquial\/#breadcrumb\",\"itemListElement\":[{\"@type\":\"ListItem\",\"position\":1,\"name\":\"Portada\",\"item\":\"https:\/\/www.aridane.org\/city\/\"},{\"@type\":\"ListItem\",\"position\":2,\"name\":\"Los Llanos conmemora el D\u00eda de Todos Los Santos con eucarist\u00edas en el cementerio municipal de Las Manchas y en el cementerio parroquial\"}]},{\"@type\":\"WebSite\",\"@id\":\"https:\/\/www.aridane.org\/city\/#website\",\"url\":\"https:\/\/www.aridane.org\/city\/\",\"name\":\"Ayuntamiento de Los Llanos de Aridane\",\"description\":\"\",\"potentialAction\":[{\"@type\":\"SearchAction\",\"target\":{\"@type\":\"EntryPoint\",\"urlTemplate\":\"https:\/\/www.aridane.org\/city\/?s={search_term_string}\"},\"query-input\":\"required name=search_term_string\"}],\"inLanguage\":\"es\"},{\"@type\":\"Person\",\"@id\":\"https:\/\/www.aridane.org\/city\/#\/schema\/person\/7d352ec7f29881716f298394432e7209\",\"name\":\"Richard Diaz\",\"image\":{\"@type\":\"ImageObject\",\"inLanguage\":\"es\",\"@id\":\"https:\/\/www.aridane.org\/city\/#\/schema\/person\/image\/\",\"url\":\"https:\/\/secure.gravatar.com\/avatar\/bacd6aefc26a4a204943090a4c596cd10f0857081ef3cfd12084a70ecb3161d5?s=96&d=mm&r=g\",\"contentUrl\":\"https:\/\/secure.gravatar.com\/avatar\/bacd6aefc26a4a204943090a4c596cd10f0857081ef3cfd12084a70ecb3161d5?s=96&d=mm&r=g\",\"caption\":\"Richard Diaz\"},\"sameAs\":[\"https:\/\/www.aridane.org\/city\"],\"url\":\"https:\/\/www.aridane.org\/city\/author\/richard-diaz\/\"}]}<\/script>\n<!-- \/ Yoast SEO plugin. -->","yoast_head_json":{"title":"Los Llanos conmemora el D\u00eda de Todos Los Santos con eucarist\u00edas en el cementerio municipal de Las Manchas y en el cementerio parroquial - Ayuntamiento de Los Llanos de Aridane","description":"El Ayuntamiento de Los Llanos de Aridane presenta el cartel y el programa de La Patrona 2021 con el lema \u201cRemedios, m\u00e1s que un nombre.\u201d","robots":{"index":"index","follow":"follow","max-snippet":"max-snippet:-1","max-image-preview":"max-image-preview:large","max-video-preview":"max-video-preview:-1"},"canonical":"https:\/\/www.aridane.org\/city\/2022\/10\/26\/los-llanos-conmemora-el-dia-de-todos-los-santos-con-eucaristias-en-el-cementerio-municipal-de-las-manchas-y-en-el-cementerio-parroquial\/","og_locale":"es_ES","og_type":"article","og_title":"Los Llanos conmemora el D\u00eda de Todos Los Santos con eucarist\u00edas en el cementerio municipal de Las Manchas y en el cementerio parroquial - Ayuntamiento de Los Llanos de Aridane","og_description":"El Ayuntamiento de Los Llanos de Aridane presenta el cartel y el programa de La Patrona 2021 con el lema \u201cRemedios, m\u00e1s que un nombre.\u201d","og_url":"https:\/\/www.aridane.org\/city\/2022\/10\/26\/los-llanos-conmemora-el-dia-de-todos-los-santos-con-eucaristias-en-el-cementerio-municipal-de-las-manchas-y-en-el-cementerio-parroquial\/","og_site_name":"Ayuntamiento de Los Llanos de Aridane","article_published_time":"2022-10-26T10:49:07+00:00","author":"Richard Diaz","twitter_card":"summary_large_image","twitter_misc":{"Escrito por":"Richard Diaz","Tiempo de lectura":"2 minutos"},"schema":{"@context":"https:\/\/schema.org","@graph":[{"@type":"WebPage","@id":"https:\/\/www.aridane.org\/city\/2022\/10\/26\/los-llanos-conmemora-el-dia-de-todos-los-santos-con-eucaristias-en-el-cementerio-municipal-de-las-manchas-y-en-el-cementerio-parroquial\/","url":"https:\/\/www.aridane.org\/city\/2022\/10\/26\/los-llanos-conmemora-el-dia-de-todos-los-santos-con-eucaristias-en-el-cementerio-municipal-de-las-manchas-y-en-el-cementerio-parroquial\/","name":"Los Llanos conmemora el D\u00eda de Todos Los Santos con eucarist\u00edas en el cementerio municipal de Las Manchas y en el cementerio parroquial - Ayuntamiento de Los Llanos de Aridane","isPartOf":{"@id":"https:\/\/www.aridane.org\/city\/#website"},"datePublished":"2022-10-26T10:49:07+00:00","dateModified":"2022-10-26T10:49:07+00:00","author":{"@id":"https:\/\/www.aridane.org\/city\/#\/schema\/person\/7d352ec7f29881716f298394432e7209"},"description":"El Ayuntamiento de Los Llanos de Aridane presenta el cartel y el programa de La Patrona 2021 con el lema \u201cRemedios, m\u00e1s que un nombre.\u201d","breadcrumb":{"@id":"https:\/\/www.aridane.org\/city\/2022\/10\/26\/los-llanos-conmemora-el-dia-de-todos-los-santos-con-eucaristias-en-el-cementerio-municipal-de-las-manchas-y-en-el-cementerio-parroquial\/#breadcrumb"},"inLanguage":"es","potentialAction":[{"@type":"ReadAction","target":["https:\/\/www.aridane.org\/city\/2022\/10\/26\/los-llanos-conmemora-el-dia-de-todos-los-santos-con-eucaristias-en-el-cementerio-municipal-de-las-manchas-y-en-el-cementerio-parroquial\/"]}]},{"@type":"BreadcrumbList","@id":"https:\/\/www.aridane.org\/city\/2022\/10\/26\/los-llanos-conmemora-el-dia-de-todos-los-santos-con-eucaristias-en-el-cementerio-municipal-de-las-manchas-y-en-el-cementerio-parroquial\/#breadcrumb","itemListElement":[{"@type":"ListItem","position":1,"name":"Portada","item":"https:\/\/www.aridane.org\/city\/"},{"@type":"ListItem","position":2,"name":"Los Llanos conmemora el D\u00eda de Todos Los Santos con eucarist\u00edas en el cementerio municipal de Las Manchas y en el cementerio parroquial"}]},{"@type":"WebSite","@id":"https:\/\/www.aridane.org\/city\/#website","url":"https:\/\/www.aridane.org\/city\/","name":"Ayuntamiento de Los Llanos de Aridane","description":"","potentialAction":[{"@type":"SearchAction","target":{"@type":"EntryPoint","urlTemplate":"https:\/\/www.aridane.org\/city\/?s={search_term_string}"},"query-input":"required name=search_term_string"}],"inLanguage":"es"},{"@type":"Person","@id":"https:\/\/www.aridane.org\/city\/#\/schema\/person\/7d352ec7f29881716f298394432e7209","name":"Richard Diaz","image":{"@type":"ImageObject","inLanguage":"es","@id":"https:\/\/www.aridane.org\/city\/#\/schema\/person\/image\/","url":"https:\/\/secure.gravatar.com\/avatar\/bacd6aefc26a4a204943090a4c596cd10f0857081ef3cfd12084a70ecb3161d5?s=96&d=mm&r=g","contentUrl":"https:\/\/secure.gravatar.com\/avatar\/bacd6aefc26a4a204943090a4c596cd10f0857081ef3cfd12084a70ecb3161d5?s=96&d=mm&r=g","caption":"Richard Diaz"},"sameAs":["https:\/\/www.aridane.org\/city"],"url":"https:\/\/www.aridane.org\/city\/author\/richard-diaz\/"}]}},"_links":{"self":[{"href":"https:\/\/www.aridane.org\/city\/wp-json\/wp\/v2\/posts\/1057","targetHints":{"allow":["GET"]}}],"collection":[{"href":"https:\/\/www.aridane.org\/city\/wp-json\/wp\/v2\/posts"}],"about":[{"href":"https:\/\/www.aridane.org\/city\/wp-json\/wp\/v2\/types\/post"}],"author":[{"embeddable":true,"href":"https:\/\/www.aridane.org\/city\/wp-json\/wp\/v2\/users\/1"}],"replies":[{"embeddable":true,"href":"https:\/\/www.aridane.org\/city\/wp-json\/wp\/v2\/comments?post=1057"}],"version-history":[{"count":0,"href":"https:\/\/www.aridane.org\/city\/wp-json\/wp\/v2\/posts\/1057\/revisions"}],"wp:attachment":[{"href":"https:\/\/www.aridane.org\/city\/wp-json\/wp\/v2\/media?parent=1057"}],"wp:term":[{"taxonomy":"category","embeddable":true,"href":"https:\/\/www.aridane.org\/city\/wp-json\/wp\/v2\/categories?post=1057"},{"taxonomy":"post_tag","embeddable":true,"href":"https:\/\/www.aridane.org\/city\/wp-json\/wp\/v2\/tags?post=1057"}],"curies":[{"name":"wp","href":"https:\/\/api.w.org\/{rel}","templated":true}]}}