{"id":1063,"date":"2022-10-27T13:07:16","date_gmt":"2022-10-27T12:07:16","guid":{"rendered":"https:\/\/aridane.org\/ciudad\/?p=1063"},"modified":"2022-10-27T13:07:16","modified_gmt":"2022-10-27T12:07:16","slug":"el-ayuntamiento-de-los-llanos-de-aridane-celebra-un-ano-mas-el-festival-del-libro","status":"publish","type":"post","link":"https:\/\/www.aridane.org\/city\/2022\/10\/27\/el-ayuntamiento-de-los-llanos-de-aridane-celebra-un-ano-mas-el-festival-del-libro\/","title":{"rendered":"El Ayuntamiento de Los Llanos de Aridane celebra un a\u00f1o m\u00e1s el Festival del Libro"},"content":{"rendered":"<section class=\"wpb-content-wrapper\"><p>[vc_row css_animation=\u00bb\u00bb row_type=\u00bbrow\u00bb use_row_as_full_screen_section=\u00bbno\u00bb type=\u00bbfull_width\u00bb angled_section=\u00bbno\u00bb text_align=\u00bbleft\u00bb background_image_as_pattern=\u00bbwithout_pattern\u00bb][vc_column][vc_row_inner row_type=\u00bbrow\u00bb type=\u00bbgrid\u00bb text_align=\u00bbleft\u00bb css_animation=\u00bb\u00bb][vc_column_inner][vc_empty_space height=\u00bb20px\u00bb][vc_column_text]<\/p>\n<ul>\n<li style=\"text-align: justify;\"><em>Ser\u00e1 del 2 al 5 de noviembre , y se contar\u00e1 con una amplia programaci\u00f3n y la participaci\u00f3n de librer\u00edas del municipio y editoriales de la Isla.<\/em><\/li>\n<\/ul>\n<p>&nbsp;<\/p>\n<p style=\"text-align: justify;\"><strong>Los Llanos de Aridane, 27 de octubre 2022.-<\/strong> El Ayuntamiento de Los Llanos de Aridane a trav\u00e9s de la concejal de Cultura, Charo Gonz\u00e1lez, confirma que el municipio acoger\u00e1 una nueva edici\u00f3n del Festival del Libro del 2 al 5 de noviembre, en la Plaza de Espa\u00f1a, \u201ccon una amplia programaci\u00f3n de actividades, y con la participaci\u00f3n de librer\u00edas del municipio y editoriales de la Isla\u201d.<\/p>\n<p style=\"text-align: justify;\">Gonz\u00e1lez explica que el martes, 2 de noviembre, a las 10:00 horas ser\u00e1 la inauguraci\u00f3n de las casetas, y a las 11:00h, como ocurrir\u00e1 tambi\u00e9n las ma\u00f1anas del jueves y del viernes, Javi Gonz\u00e1lez contar\u00e1 para escolares de primaria de diversos centros los \u2018Cuentos Feriantes\u2019.<\/p>\n<p style=\"text-align: justify;\">Por la tarde, a las 17:00 horas ser\u00e1 la presentaci\u00f3n y firma del libro \u2018Fisura\u2019, de Patricia Figuero. A las 18:30 horas est\u00e1 prevista la presentaci\u00f3n y firma del libro \u2018Qui\u00e9rete bien y acertar\u00e1s\u2019 de D\u00e9vora Vi\u00f1a, y en cuya presentaci\u00f3n tambi\u00e9n estar\u00e1 acompa\u00f1ada por el periodista Adri\u00e1n Gonz\u00e1lez Vi\u00f1a y la ilustradora Marilyn Fern\u00e1ndez. A las 20:00 horas, y cerrando la primera jornada, ser\u00e1 el turno de la presentaci\u00f3n y firma del libro \u2018De mi sangre\u2019 de Miriam Camacho Sim\u00f3n.<\/p>\n<p style=\"text-align: justify;\">La programaci\u00f3n del jueves, 3 de noviembre, comienza a las 11:00 horas con los cuentos feriantes para los escolares.\u00a0 A las 17:00 horas ser\u00e1 la presentaci\u00f3n y firma de libro de \u2018Cuadernos del subtr\u00f3pico norte\u2019 de Marcos Dosantos, a quien acompa\u00f1ar\u00e1 la tambi\u00e9n escritora Elsa Gonz\u00e1lez.\u00a0 A las 18:30 horas ser\u00e1 la presentaci\u00f3n de la traducci\u00f3n del libro \u2018Se\u00f1ales del oeste\u2019 de Pedro da Silveira, a cargo de Aquiles Brito.<\/p>\n<p style=\"text-align: justify;\">Mientras que a las 20:00 horas se presentar\u00e1 y firmar\u00e1 el libro \u2018Las chicas de las estrellas\u2019 de Luis Casta\u00f1eda, quien estar\u00e1 acompa\u00f1ado por el profesor y escritor Ibrahim P\u00e9rez Hern\u00e1ndez.<\/p>\n<p style=\"text-align: justify;\">El viernes 4 la programaci\u00f3n comenzar\u00e1 nuevamente a \u00a0las 11:00 h con los Cuentos Feriantes para escolares del municipio.<\/p>\n<p style=\"text-align: justify;\">A las 17:00 horas est\u00e1 prevista la presentaci\u00f3n y firma del libro \u2018Tormenta Garc\u00eda\u201d de Julieta Mart\u00edn Fuentes, con la presencia de la propia autora y de la concejal de Cultura de Los Llanos de Aridane, Charo Gonz\u00e1lez; la escritora Luc\u00eda Rosa Gonz\u00e1lez, Eugenia y Manuela P\u00e9rez Curbelo, creadoras e impulsoras de la iniciativa \u201cVolver\u00e1n las amapolas a La Palma\u201d, y el escritor V\u00edctor Yanes, impulsor de \u2018La Palma Opina\u2019.<\/p>\n<p style=\"text-align: justify;\">A las 18:30 horas ser\u00e1 el turno para la presentaci\u00f3n y firma del libro \u201cEl latido de Al- Magreb\u201d de Pablo de Mart\u00edn Carbajal, acompa\u00f1ado por \u00a0la periodista \u00c1ngeles Jurado Quintana.<\/p>\n<p style=\"text-align: justify;\">La jornada finalizar\u00e1 a las 20 horas con m\u00fasica y un \u2018Bocados sonoros especial festival del Libro\u2019, con Simbeque Project, VOL.III<\/p>\n<p style=\"text-align: justify;\">Para el \u00faltimo d\u00eda, el s\u00e1bado 5 de noviembre, est\u00e1 previsto a las 11 horas la presentaci\u00f3n del libro y firma de \u2018Abril y el volc\u00e1n\u2019 de Cristina Mart\u00edn Jim\u00e9nez. La presentaci\u00f3n estar\u00e1 a cargo de la autora y del ilustrador Miguel Ta\u00f1o.<\/p>\n<p style=\"text-align: justify;\">A las 12 horas ser\u00e1 la presentaci\u00f3n del libro \u2018Intent\u00e9moslo\u201d de Andre\u00edna P\u00e9rez Armas. Mientras que a las 13 horas ser\u00e1 la presentaci\u00f3n y firma del libro \u201cChica destino\u201d de \u00d3scar Loaiza, \u00a0a cargo del propio autor.<\/p>\n<p style=\"text-align: justify;\">A las 20 horas, y cerrando el Festival del Libro, ser\u00e1 la presentaci\u00f3n y firma del libro \u201cOcurrencias\u201d de Jos\u00e9 Manuel Vi\u00f1a, que estar\u00e1 arropado por el ilustrador y licenciado en Bellas Artes Jos\u00e9 Tabares y el Catedr\u00e1tico de Lengua Espa\u00f1ola en la Universidad y miembro de la Academia Canaria de la Lengua Gonzalo Ortega Ojeda. Seguidamente, actuaci\u00f3n de Los Arrieros, junto a Sa\u00fal Camacho, timple, e Inma Leal, solista, con el estreno del tema \u201cHaz de la vida un cantar\u201d.<\/p>\n<p style=\"text-align: justify;\">Por \u00faltimo, desde el Ayuntamiento de Los Llanos de Aridane se recuerda que las casetas permanecer\u00e1n abiertas de mi\u00e9rcoles a viernes \u00a0de 10 a 14 y de 17 a 20 horas, y el s\u00e1bado de 10 a 14 horas. Adem\u00e1s, la concejal de Cultura, junto a escritores, escritoras, librer\u00edas y editoriales, invitan a la ciudadan\u00eda del municipio, y de toda la isla, a visitar el Festival, recordando la importancia de la lectura a todas las edades.<\/p>\n<p>[\/vc_column_text][vc_empty_space height=\u00bb20px\u00bb][\/vc_column_inner][\/vc_row_inner][\/vc_column][\/vc_row]<\/p>\n<\/section>","protected":false},"excerpt":{"rendered":"<p>[vc_row css_animation=\u00bb\u00bb row_type=\u00bbrow\u00bb use_row_as_full_screen_section=\u00bbno\u00bb type=\u00bbfull_width\u00bb angled_section=\u00bbno\u00bb text_align=\u00bbleft\u00bb background_image_as_pattern=\u00bbwithout_pattern\u00bb][vc_column][vc_row_inner row_type=\u00bbrow\u00bb type=\u00bbgrid\u00bb text_align=\u00bbleft\u00bb css_animation=\u00bb\u00bb][vc_column_inner][vc_empty_space height=\u00bb20px\u00bb][vc_column_text] Ser\u00e1 del 2 al 5 de noviembre , y se contar\u00e1 con una amplia programaci\u00f3n y la participaci\u00f3n de librer\u00edas del municipio y editoriales de la Isla. &nbsp; Los Llanos de Aridane,&#8230;<\/p>\n","protected":false},"author":1,"featured_media":0,"comment_status":"closed","ping_status":"open","sticky":false,"template":"","format":"standard","meta":{"footnotes":""},"categories":[6],"tags":[],"class_list":["post-1063","post","type-post","status-publish","format-standard","hentry","category-prensa"],"yoast_head":"<!-- This site is optimized with the Yoast SEO plugin v22.7 - https:\/\/yoast.com\/wordpress\/plugins\/seo\/ -->\n<title>El Ayuntamiento de Los Llanos de Aridane celebra un a\u00f1o m\u00e1s el Festival del Libro - Ayuntamiento de Los Llanos de Aridane<\/title>\n<meta name=\"description\" content=\"El Ayuntamiento de Los Llanos de Aridane presenta el cartel y el programa de La Patrona 2021 con el lema \u201cRemedios, m\u00e1s que un nombre.\u201d\" \/>\n<meta name=\"robots\" content=\"index, follow, max-snippet:-1, max-image-preview:large, max-video-preview:-1\" \/>\n<link rel=\"canonical\" href=\"https:\/\/www.aridane.org\/city\/2022\/10\/27\/el-ayuntamiento-de-los-llanos-de-aridane-celebra-un-ano-mas-el-festival-del-libro\/\" \/>\n<meta property=\"og:locale\" content=\"es_ES\" \/>\n<meta property=\"og:type\" content=\"article\" \/>\n<meta property=\"og:title\" content=\"El Ayuntamiento de Los Llanos de Aridane celebra un a\u00f1o m\u00e1s el Festival del Libro - Ayuntamiento de Los Llanos de Aridane\" \/>\n<meta property=\"og:description\" content=\"El Ayuntamiento de Los Llanos de Aridane presenta el cartel y el programa de La Patrona 2021 con el lema \u201cRemedios, m\u00e1s que un nombre.\u201d\" \/>\n<meta property=\"og:url\" content=\"https:\/\/www.aridane.org\/city\/2022\/10\/27\/el-ayuntamiento-de-los-llanos-de-aridane-celebra-un-ano-mas-el-festival-del-libro\/\" \/>\n<meta property=\"og:site_name\" content=\"Ayuntamiento de Los Llanos de Aridane\" \/>\n<meta property=\"article:published_time\" content=\"2022-10-27T12:07:16+00:00\" \/>\n<meta name=\"author\" content=\"Richard Diaz\" \/>\n<meta name=\"twitter:card\" content=\"summary_large_image\" \/>\n<meta name=\"twitter:label1\" content=\"Escrito por\" \/>\n\t<meta name=\"twitter:data1\" content=\"Richard Diaz\" \/>\n\t<meta name=\"twitter:label2\" content=\"Tiempo de lectura\" \/>\n\t<meta name=\"twitter:data2\" content=\"4 minutos\" \/>\n<script type=\"application\/ld+json\" class=\"yoast-schema-graph\">{\"@context\":\"https:\/\/schema.org\",\"@graph\":[{\"@type\":\"WebPage\",\"@id\":\"https:\/\/www.aridane.org\/city\/2022\/10\/27\/el-ayuntamiento-de-los-llanos-de-aridane-celebra-un-ano-mas-el-festival-del-libro\/\",\"url\":\"https:\/\/www.aridane.org\/city\/2022\/10\/27\/el-ayuntamiento-de-los-llanos-de-aridane-celebra-un-ano-mas-el-festival-del-libro\/\",\"name\":\"El Ayuntamiento de Los Llanos de Aridane celebra un a\u00f1o m\u00e1s el Festival del Libro - Ayuntamiento de Los Llanos de Aridane\",\"isPartOf\":{\"@id\":\"https:\/\/www.aridane.org\/city\/#website\"},\"datePublished\":\"2022-10-27T12:07:16+00:00\",\"dateModified\":\"2022-10-27T12:07:16+00:00\",\"author\":{\"@id\":\"https:\/\/www.aridane.org\/city\/#\/schema\/person\/7d352ec7f29881716f298394432e7209\"},\"description\":\"El Ayuntamiento de Los Llanos de Aridane presenta el cartel y el programa de La Patrona 2021 con el lema \u201cRemedios, m\u00e1s que un nombre.\u201d\",\"breadcrumb\":{\"@id\":\"https:\/\/www.aridane.org\/city\/2022\/10\/27\/el-ayuntamiento-de-los-llanos-de-aridane-celebra-un-ano-mas-el-festival-del-libro\/#breadcrumb\"},\"inLanguage\":\"es\",\"potentialAction\":[{\"@type\":\"ReadAction\",\"target\":[\"https:\/\/www.aridane.org\/city\/2022\/10\/27\/el-ayuntamiento-de-los-llanos-de-aridane-celebra-un-ano-mas-el-festival-del-libro\/\"]}]},{\"@type\":\"BreadcrumbList\",\"@id\":\"https:\/\/www.aridane.org\/city\/2022\/10\/27\/el-ayuntamiento-de-los-llanos-de-aridane-celebra-un-ano-mas-el-festival-del-libro\/#breadcrumb\",\"itemListElement\":[{\"@type\":\"ListItem\",\"position\":1,\"name\":\"Portada\",\"item\":\"https:\/\/www.aridane.org\/city\/\"},{\"@type\":\"ListItem\",\"position\":2,\"name\":\"El Ayuntamiento de Los Llanos de Aridane celebra un a\u00f1o m\u00e1s el Festival del Libro\"}]},{\"@type\":\"WebSite\",\"@id\":\"https:\/\/www.aridane.org\/city\/#website\",\"url\":\"https:\/\/www.aridane.org\/city\/\",\"name\":\"Ayuntamiento de Los Llanos de Aridane\",\"description\":\"\",\"potentialAction\":[{\"@type\":\"SearchAction\",\"target\":{\"@type\":\"EntryPoint\",\"urlTemplate\":\"https:\/\/www.aridane.org\/city\/?s={search_term_string}\"},\"query-input\":\"required name=search_term_string\"}],\"inLanguage\":\"es\"},{\"@type\":\"Person\",\"@id\":\"https:\/\/www.aridane.org\/city\/#\/schema\/person\/7d352ec7f29881716f298394432e7209\",\"name\":\"Richard Diaz\",\"image\":{\"@type\":\"ImageObject\",\"inLanguage\":\"es\",\"@id\":\"https:\/\/www.aridane.org\/city\/#\/schema\/person\/image\/\",\"url\":\"https:\/\/secure.gravatar.com\/avatar\/bacd6aefc26a4a204943090a4c596cd10f0857081ef3cfd12084a70ecb3161d5?s=96&d=mm&r=g\",\"contentUrl\":\"https:\/\/secure.gravatar.com\/avatar\/bacd6aefc26a4a204943090a4c596cd10f0857081ef3cfd12084a70ecb3161d5?s=96&d=mm&r=g\",\"caption\":\"Richard Diaz\"},\"sameAs\":[\"https:\/\/www.aridane.org\/city\"],\"url\":\"https:\/\/www.aridane.org\/city\/author\/richard-diaz\/\"}]}<\/script>\n<!-- \/ Yoast SEO plugin. -->","yoast_head_json":{"title":"El Ayuntamiento de Los Llanos de Aridane celebra un a\u00f1o m\u00e1s el Festival del Libro - Ayuntamiento de Los Llanos de Aridane","description":"El Ayuntamiento de Los Llanos de Aridane presenta el cartel y el programa de La Patrona 2021 con el lema \u201cRemedios, m\u00e1s que un nombre.\u201d","robots":{"index":"index","follow":"follow","max-snippet":"max-snippet:-1","max-image-preview":"max-image-preview:large","max-video-preview":"max-video-preview:-1"},"canonical":"https:\/\/www.aridane.org\/city\/2022\/10\/27\/el-ayuntamiento-de-los-llanos-de-aridane-celebra-un-ano-mas-el-festival-del-libro\/","og_locale":"es_ES","og_type":"article","og_title":"El Ayuntamiento de Los Llanos de Aridane celebra un a\u00f1o m\u00e1s el Festival del Libro - Ayuntamiento de Los Llanos de Aridane","og_description":"El Ayuntamiento de Los Llanos de Aridane presenta el cartel y el programa de La Patrona 2021 con el lema \u201cRemedios, m\u00e1s que un nombre.\u201d","og_url":"https:\/\/www.aridane.org\/city\/2022\/10\/27\/el-ayuntamiento-de-los-llanos-de-aridane-celebra-un-ano-mas-el-festival-del-libro\/","og_site_name":"Ayuntamiento de Los Llanos de Aridane","article_published_time":"2022-10-27T12:07:16+00:00","author":"Richard Diaz","twitter_card":"summary_large_image","twitter_misc":{"Escrito por":"Richard Diaz","Tiempo de lectura":"4 minutos"},"schema":{"@context":"https:\/\/schema.org","@graph":[{"@type":"WebPage","@id":"https:\/\/www.aridane.org\/city\/2022\/10\/27\/el-ayuntamiento-de-los-llanos-de-aridane-celebra-un-ano-mas-el-festival-del-libro\/","url":"https:\/\/www.aridane.org\/city\/2022\/10\/27\/el-ayuntamiento-de-los-llanos-de-aridane-celebra-un-ano-mas-el-festival-del-libro\/","name":"El Ayuntamiento de Los Llanos de Aridane celebra un a\u00f1o m\u00e1s el Festival del Libro - Ayuntamiento de Los Llanos de Aridane","isPartOf":{"@id":"https:\/\/www.aridane.org\/city\/#website"},"datePublished":"2022-10-27T12:07:16+00:00","dateModified":"2022-10-27T12:07:16+00:00","author":{"@id":"https:\/\/www.aridane.org\/city\/#\/schema\/person\/7d352ec7f29881716f298394432e7209"},"description":"El Ayuntamiento de Los Llanos de Aridane presenta el cartel y el programa de La Patrona 2021 con el lema \u201cRemedios, m\u00e1s que un nombre.\u201d","breadcrumb":{"@id":"https:\/\/www.aridane.org\/city\/2022\/10\/27\/el-ayuntamiento-de-los-llanos-de-aridane-celebra-un-ano-mas-el-festival-del-libro\/#breadcrumb"},"inLanguage":"es","potentialAction":[{"@type":"ReadAction","target":["https:\/\/www.aridane.org\/city\/2022\/10\/27\/el-ayuntamiento-de-los-llanos-de-aridane-celebra-un-ano-mas-el-festival-del-libro\/"]}]},{"@type":"BreadcrumbList","@id":"https:\/\/www.aridane.org\/city\/2022\/10\/27\/el-ayuntamiento-de-los-llanos-de-aridane-celebra-un-ano-mas-el-festival-del-libro\/#breadcrumb","itemListElement":[{"@type":"ListItem","position":1,"name":"Portada","item":"https:\/\/www.aridane.org\/city\/"},{"@type":"ListItem","position":2,"name":"El Ayuntamiento de Los Llanos de Aridane celebra un a\u00f1o m\u00e1s el Festival del Libro"}]},{"@type":"WebSite","@id":"https:\/\/www.aridane.org\/city\/#website","url":"https:\/\/www.aridane.org\/city\/","name":"Ayuntamiento de Los Llanos de Aridane","description":"","potentialAction":[{"@type":"SearchAction","target":{"@type":"EntryPoint","urlTemplate":"https:\/\/www.aridane.org\/city\/?s={search_term_string}"},"query-input":"required name=search_term_string"}],"inLanguage":"es"},{"@type":"Person","@id":"https:\/\/www.aridane.org\/city\/#\/schema\/person\/7d352ec7f29881716f298394432e7209","name":"Richard Diaz","image":{"@type":"ImageObject","inLanguage":"es","@id":"https:\/\/www.aridane.org\/city\/#\/schema\/person\/image\/","url":"https:\/\/secure.gravatar.com\/avatar\/bacd6aefc26a4a204943090a4c596cd10f0857081ef3cfd12084a70ecb3161d5?s=96&d=mm&r=g","contentUrl":"https:\/\/secure.gravatar.com\/avatar\/bacd6aefc26a4a204943090a4c596cd10f0857081ef3cfd12084a70ecb3161d5?s=96&d=mm&r=g","caption":"Richard Diaz"},"sameAs":["https:\/\/www.aridane.org\/city"],"url":"https:\/\/www.aridane.org\/city\/author\/richard-diaz\/"}]}},"_links":{"self":[{"href":"https:\/\/www.aridane.org\/city\/wp-json\/wp\/v2\/posts\/1063","targetHints":{"allow":["GET"]}}],"collection":[{"href":"https:\/\/www.aridane.org\/city\/wp-json\/wp\/v2\/posts"}],"about":[{"href":"https:\/\/www.aridane.org\/city\/wp-json\/wp\/v2\/types\/post"}],"author":[{"embeddable":true,"href":"https:\/\/www.aridane.org\/city\/wp-json\/wp\/v2\/users\/1"}],"replies":[{"embeddable":true,"href":"https:\/\/www.aridane.org\/city\/wp-json\/wp\/v2\/comments?post=1063"}],"version-history":[{"count":0,"href":"https:\/\/www.aridane.org\/city\/wp-json\/wp\/v2\/posts\/1063\/revisions"}],"wp:attachment":[{"href":"https:\/\/www.aridane.org\/city\/wp-json\/wp\/v2\/media?parent=1063"}],"wp:term":[{"taxonomy":"category","embeddable":true,"href":"https:\/\/www.aridane.org\/city\/wp-json\/wp\/v2\/categories?post=1063"},{"taxonomy":"post_tag","embeddable":true,"href":"https:\/\/www.aridane.org\/city\/wp-json\/wp\/v2\/tags?post=1063"}],"curies":[{"name":"wp","href":"https:\/\/api.w.org\/{rel}","templated":true}]}}