{"id":1069,"date":"2022-10-28T09:51:42","date_gmt":"2022-10-28T08:51:42","guid":{"rendered":"https:\/\/aridane.org\/ciudad\/?p=1069"},"modified":"2022-10-28T09:51:42","modified_gmt":"2022-10-28T08:51:42","slug":"el-ayuntamiento-de-los-llanos-de-aridane-impulsa-la-contratacion-responsable","status":"publish","type":"post","link":"https:\/\/www.aridane.org\/city\/2022\/10\/28\/el-ayuntamiento-de-los-llanos-de-aridane-impulsa-la-contratacion-responsable\/","title":{"rendered":"El Ayuntamiento de Los Llanos de Aridane impulsa la contrataci\u00f3n responsable"},"content":{"rendered":"<section class=\"wpb-content-wrapper\"><p>[vc_row css_animation=\u00bb\u00bb row_type=\u00bbrow\u00bb use_row_as_full_screen_section=\u00bbno\u00bb type=\u00bbfull_width\u00bb angled_section=\u00bbno\u00bb text_align=\u00bbleft\u00bb background_image_as_pattern=\u00bbwithout_pattern\u00bb][vc_column][vc_row_inner row_type=\u00bbrow\u00bb type=\u00bbgrid\u00bb text_align=\u00bbleft\u00bb css_animation=\u00bb\u00bb][vc_column_inner][vc_empty_space height=\u00bb20px\u00bb][vc_column_text]<\/p>\n<ul>\n<li style=\"text-align: justify;\"><em>Garc\u00eda Leal defiende que este sistema permitir\u00e1 la incorporaci\u00f3n de 7 personas con <\/em><em>discapacidad al servicio de limpieza del CEIP Mayantigo, \u00absiguiendo as\u00ed con con el <\/em><em>compromiso que tiene este equipo de gobierno con las personas y su bienestar, en <\/em><em>este caso fomentando la inclusi\u00f3n de personas con discapacidad en el mercado <\/em><em>laboral\u00bb.<\/em><\/li>\n<\/ul>\n<p>&nbsp;<\/p>\n<p style=\"text-align: justify;\"><strong>Los Llanos de Aridane, 27 de octubre 2022.-<\/strong> El Ayuntamiento de Los Llanos de Aridane a trav\u00e9s de su alcaldesa, Noelia Garc\u00eda Leal, y el concejal de Servicios Municipales, Jos\u00e9 Mar\u00eda Rivera, han confirmado que \u201cel Consistorio aridanense contin\u00faa impulsando la contrataci\u00f3n reservada a Centros Especiales de Empleo de iniciativa Social y a empresas de inserci\u00f3n\u201d.<\/p>\n<p style=\"text-align: justify;\">Garc\u00eda Leal, recuerda que el Ayuntamiento de Los Llanos de Aridane fue la primera administraci\u00f3n p\u00fablica de La Palma, y la segunda de Canarias, en aplicar la contrataci\u00f3n p\u00fablica responsable para adjudicar una licitaci\u00f3n mediante contrataci\u00f3n reservada dirigida a empresas de inserci\u00f3n, \u00aby esta nueva contrataci\u00f3n que se ha hecho, para incorporar a 7 personas al servicio de limpieza del CEIP Mayantigo, responde al compromiso que tiene este equipo de gobierno con las personas y su bienestar, en este caso fomentando la inclusi\u00f3n de personas con discapacidad en el mercado laboral\u00bb.<\/p>\n<p style=\"text-align: justify;\">Por su parte, Rivera explica que en total se han contratado a 7 personas con discapacidad, \u00a0\u201cde las cuales 6 estar\u00e1n contratadas a jornada completa, mientras que 1 lo estar\u00e1 a media jornada, y durante este tiempo se encargar\u00e1n de mantener limpias las instalaciones de este centro educativo\u201d, se\u00f1ala. Adem\u00e1s, el concejal confirma que Laborsord S.L es la empresa que ha ganado la licitaci\u00f3n. Una sociedad que pertenece a la Fundaci\u00f3n Canaria para las personas con Sordera y sus Familias, y cuyo objetivo principal es la integraci\u00f3n socio laboral de las personas con discapacidad, preferentemente auditiva.<\/p>\n<p style=\"text-align: justify;\">Por \u00faltimo, desde el Ayuntamiento de Los Llanos de Aridane recuerdan que \u201ceste equipo de Gobierno \u00a0va a \u00a0continuar trabajando, como hasta ahora, con el objetivo de seguir mejorando los servicios prestados por el Consistorio, y a la vez dando respuesta a las necesidades de nuestros vecinos\u201d.<\/p>\n<p>[\/vc_column_text][vc_empty_space height=\u00bb20px\u00bb][\/vc_column_inner][\/vc_row_inner][\/vc_column][\/vc_row]<\/p>\n<\/section>","protected":false},"excerpt":{"rendered":"<p>[vc_row css_animation=\u00bb\u00bb row_type=\u00bbrow\u00bb use_row_as_full_screen_section=\u00bbno\u00bb type=\u00bbfull_width\u00bb angled_section=\u00bbno\u00bb text_align=\u00bbleft\u00bb background_image_as_pattern=\u00bbwithout_pattern\u00bb][vc_column][vc_row_inner row_type=\u00bbrow\u00bb type=\u00bbgrid\u00bb text_align=\u00bbleft\u00bb css_animation=\u00bb\u00bb][vc_column_inner][vc_empty_space height=\u00bb20px\u00bb][vc_column_text] Garc\u00eda Leal defiende que este sistema permitir\u00e1 la incorporaci\u00f3n de 7 personas con discapacidad al servicio de limpieza del CEIP Mayantigo, \u00absiguiendo as\u00ed con con el compromiso que tiene este equipo de&#8230;<\/p>\n","protected":false},"author":1,"featured_media":0,"comment_status":"closed","ping_status":"open","sticky":false,"template":"","format":"standard","meta":{"footnotes":""},"categories":[6],"tags":[],"class_list":["post-1069","post","type-post","status-publish","format-standard","hentry","category-prensa"],"yoast_head":"<!-- This site is optimized with the Yoast SEO plugin v22.7 - https:\/\/yoast.com\/wordpress\/plugins\/seo\/ -->\n<title>El Ayuntamiento de Los Llanos de Aridane impulsa la contrataci\u00f3n responsable - Ayuntamiento de Los Llanos de Aridane<\/title>\n<meta name=\"description\" content=\"El Ayuntamiento de Los Llanos de Aridane presenta el cartel y el programa de La Patrona 2021 con el lema \u201cRemedios, m\u00e1s que un nombre.\u201d\" \/>\n<meta name=\"robots\" content=\"index, follow, max-snippet:-1, max-image-preview:large, max-video-preview:-1\" \/>\n<link rel=\"canonical\" href=\"https:\/\/www.aridane.org\/city\/2022\/10\/28\/el-ayuntamiento-de-los-llanos-de-aridane-impulsa-la-contratacion-responsable\/\" \/>\n<meta property=\"og:locale\" content=\"es_ES\" \/>\n<meta property=\"og:type\" content=\"article\" \/>\n<meta property=\"og:title\" content=\"El Ayuntamiento de Los Llanos de Aridane impulsa la contrataci\u00f3n responsable - Ayuntamiento de Los Llanos de Aridane\" \/>\n<meta property=\"og:description\" content=\"El Ayuntamiento de Los Llanos de Aridane presenta el cartel y el programa de La Patrona 2021 con el lema \u201cRemedios, m\u00e1s que un nombre.\u201d\" \/>\n<meta property=\"og:url\" content=\"https:\/\/www.aridane.org\/city\/2022\/10\/28\/el-ayuntamiento-de-los-llanos-de-aridane-impulsa-la-contratacion-responsable\/\" \/>\n<meta property=\"og:site_name\" content=\"Ayuntamiento de Los Llanos de Aridane\" \/>\n<meta property=\"article:published_time\" content=\"2022-10-28T08:51:42+00:00\" \/>\n<meta name=\"author\" content=\"Richard Diaz\" \/>\n<meta name=\"twitter:card\" content=\"summary_large_image\" \/>\n<meta name=\"twitter:label1\" content=\"Escrito por\" \/>\n\t<meta name=\"twitter:data1\" content=\"Richard Diaz\" \/>\n\t<meta name=\"twitter:label2\" content=\"Tiempo de lectura\" \/>\n\t<meta name=\"twitter:data2\" content=\"2 minutos\" \/>\n<script type=\"application\/ld+json\" class=\"yoast-schema-graph\">{\"@context\":\"https:\/\/schema.org\",\"@graph\":[{\"@type\":\"WebPage\",\"@id\":\"https:\/\/www.aridane.org\/city\/2022\/10\/28\/el-ayuntamiento-de-los-llanos-de-aridane-impulsa-la-contratacion-responsable\/\",\"url\":\"https:\/\/www.aridane.org\/city\/2022\/10\/28\/el-ayuntamiento-de-los-llanos-de-aridane-impulsa-la-contratacion-responsable\/\",\"name\":\"El Ayuntamiento de Los Llanos de Aridane impulsa la contrataci\u00f3n responsable - Ayuntamiento de Los Llanos de Aridane\",\"isPartOf\":{\"@id\":\"https:\/\/www.aridane.org\/city\/#website\"},\"datePublished\":\"2022-10-28T08:51:42+00:00\",\"dateModified\":\"2022-10-28T08:51:42+00:00\",\"author\":{\"@id\":\"https:\/\/www.aridane.org\/city\/#\/schema\/person\/7d352ec7f29881716f298394432e7209\"},\"description\":\"El Ayuntamiento de Los Llanos de Aridane presenta el cartel y el programa de La Patrona 2021 con el lema \u201cRemedios, m\u00e1s que un nombre.\u201d\",\"breadcrumb\":{\"@id\":\"https:\/\/www.aridane.org\/city\/2022\/10\/28\/el-ayuntamiento-de-los-llanos-de-aridane-impulsa-la-contratacion-responsable\/#breadcrumb\"},\"inLanguage\":\"es\",\"potentialAction\":[{\"@type\":\"ReadAction\",\"target\":[\"https:\/\/www.aridane.org\/city\/2022\/10\/28\/el-ayuntamiento-de-los-llanos-de-aridane-impulsa-la-contratacion-responsable\/\"]}]},{\"@type\":\"BreadcrumbList\",\"@id\":\"https:\/\/www.aridane.org\/city\/2022\/10\/28\/el-ayuntamiento-de-los-llanos-de-aridane-impulsa-la-contratacion-responsable\/#breadcrumb\",\"itemListElement\":[{\"@type\":\"ListItem\",\"position\":1,\"name\":\"Portada\",\"item\":\"https:\/\/www.aridane.org\/city\/\"},{\"@type\":\"ListItem\",\"position\":2,\"name\":\"El Ayuntamiento de Los Llanos de Aridane impulsa la contrataci\u00f3n responsable\"}]},{\"@type\":\"WebSite\",\"@id\":\"https:\/\/www.aridane.org\/city\/#website\",\"url\":\"https:\/\/www.aridane.org\/city\/\",\"name\":\"Ayuntamiento de Los Llanos de Aridane\",\"description\":\"\",\"potentialAction\":[{\"@type\":\"SearchAction\",\"target\":{\"@type\":\"EntryPoint\",\"urlTemplate\":\"https:\/\/www.aridane.org\/city\/?s={search_term_string}\"},\"query-input\":\"required name=search_term_string\"}],\"inLanguage\":\"es\"},{\"@type\":\"Person\",\"@id\":\"https:\/\/www.aridane.org\/city\/#\/schema\/person\/7d352ec7f29881716f298394432e7209\",\"name\":\"Richard Diaz\",\"image\":{\"@type\":\"ImageObject\",\"inLanguage\":\"es\",\"@id\":\"https:\/\/www.aridane.org\/city\/#\/schema\/person\/image\/\",\"url\":\"https:\/\/secure.gravatar.com\/avatar\/bacd6aefc26a4a204943090a4c596cd10f0857081ef3cfd12084a70ecb3161d5?s=96&d=mm&r=g\",\"contentUrl\":\"https:\/\/secure.gravatar.com\/avatar\/bacd6aefc26a4a204943090a4c596cd10f0857081ef3cfd12084a70ecb3161d5?s=96&d=mm&r=g\",\"caption\":\"Richard Diaz\"},\"sameAs\":[\"https:\/\/www.aridane.org\/city\"],\"url\":\"https:\/\/www.aridane.org\/city\/author\/richard-diaz\/\"}]}<\/script>\n<!-- \/ Yoast SEO plugin. -->","yoast_head_json":{"title":"El Ayuntamiento de Los Llanos de Aridane impulsa la contrataci\u00f3n responsable - Ayuntamiento de Los Llanos de Aridane","description":"El Ayuntamiento de Los Llanos de Aridane presenta el cartel y el programa de La Patrona 2021 con el lema \u201cRemedios, m\u00e1s que un nombre.\u201d","robots":{"index":"index","follow":"follow","max-snippet":"max-snippet:-1","max-image-preview":"max-image-preview:large","max-video-preview":"max-video-preview:-1"},"canonical":"https:\/\/www.aridane.org\/city\/2022\/10\/28\/el-ayuntamiento-de-los-llanos-de-aridane-impulsa-la-contratacion-responsable\/","og_locale":"es_ES","og_type":"article","og_title":"El Ayuntamiento de Los Llanos de Aridane impulsa la contrataci\u00f3n responsable - Ayuntamiento de Los Llanos de Aridane","og_description":"El Ayuntamiento de Los Llanos de Aridane presenta el cartel y el programa de La Patrona 2021 con el lema \u201cRemedios, m\u00e1s que un nombre.\u201d","og_url":"https:\/\/www.aridane.org\/city\/2022\/10\/28\/el-ayuntamiento-de-los-llanos-de-aridane-impulsa-la-contratacion-responsable\/","og_site_name":"Ayuntamiento de Los Llanos de Aridane","article_published_time":"2022-10-28T08:51:42+00:00","author":"Richard Diaz","twitter_card":"summary_large_image","twitter_misc":{"Escrito por":"Richard Diaz","Tiempo de lectura":"2 minutos"},"schema":{"@context":"https:\/\/schema.org","@graph":[{"@type":"WebPage","@id":"https:\/\/www.aridane.org\/city\/2022\/10\/28\/el-ayuntamiento-de-los-llanos-de-aridane-impulsa-la-contratacion-responsable\/","url":"https:\/\/www.aridane.org\/city\/2022\/10\/28\/el-ayuntamiento-de-los-llanos-de-aridane-impulsa-la-contratacion-responsable\/","name":"El Ayuntamiento de Los Llanos de Aridane impulsa la contrataci\u00f3n responsable - Ayuntamiento de Los Llanos de Aridane","isPartOf":{"@id":"https:\/\/www.aridane.org\/city\/#website"},"datePublished":"2022-10-28T08:51:42+00:00","dateModified":"2022-10-28T08:51:42+00:00","author":{"@id":"https:\/\/www.aridane.org\/city\/#\/schema\/person\/7d352ec7f29881716f298394432e7209"},"description":"El Ayuntamiento de Los Llanos de Aridane presenta el cartel y el programa de La Patrona 2021 con el lema \u201cRemedios, m\u00e1s que un nombre.\u201d","breadcrumb":{"@id":"https:\/\/www.aridane.org\/city\/2022\/10\/28\/el-ayuntamiento-de-los-llanos-de-aridane-impulsa-la-contratacion-responsable\/#breadcrumb"},"inLanguage":"es","potentialAction":[{"@type":"ReadAction","target":["https:\/\/www.aridane.org\/city\/2022\/10\/28\/el-ayuntamiento-de-los-llanos-de-aridane-impulsa-la-contratacion-responsable\/"]}]},{"@type":"BreadcrumbList","@id":"https:\/\/www.aridane.org\/city\/2022\/10\/28\/el-ayuntamiento-de-los-llanos-de-aridane-impulsa-la-contratacion-responsable\/#breadcrumb","itemListElement":[{"@type":"ListItem","position":1,"name":"Portada","item":"https:\/\/www.aridane.org\/city\/"},{"@type":"ListItem","position":2,"name":"El Ayuntamiento de Los Llanos de Aridane impulsa la contrataci\u00f3n responsable"}]},{"@type":"WebSite","@id":"https:\/\/www.aridane.org\/city\/#website","url":"https:\/\/www.aridane.org\/city\/","name":"Ayuntamiento de Los Llanos de Aridane","description":"","potentialAction":[{"@type":"SearchAction","target":{"@type":"EntryPoint","urlTemplate":"https:\/\/www.aridane.org\/city\/?s={search_term_string}"},"query-input":"required name=search_term_string"}],"inLanguage":"es"},{"@type":"Person","@id":"https:\/\/www.aridane.org\/city\/#\/schema\/person\/7d352ec7f29881716f298394432e7209","name":"Richard Diaz","image":{"@type":"ImageObject","inLanguage":"es","@id":"https:\/\/www.aridane.org\/city\/#\/schema\/person\/image\/","url":"https:\/\/secure.gravatar.com\/avatar\/bacd6aefc26a4a204943090a4c596cd10f0857081ef3cfd12084a70ecb3161d5?s=96&d=mm&r=g","contentUrl":"https:\/\/secure.gravatar.com\/avatar\/bacd6aefc26a4a204943090a4c596cd10f0857081ef3cfd12084a70ecb3161d5?s=96&d=mm&r=g","caption":"Richard Diaz"},"sameAs":["https:\/\/www.aridane.org\/city"],"url":"https:\/\/www.aridane.org\/city\/author\/richard-diaz\/"}]}},"_links":{"self":[{"href":"https:\/\/www.aridane.org\/city\/wp-json\/wp\/v2\/posts\/1069","targetHints":{"allow":["GET"]}}],"collection":[{"href":"https:\/\/www.aridane.org\/city\/wp-json\/wp\/v2\/posts"}],"about":[{"href":"https:\/\/www.aridane.org\/city\/wp-json\/wp\/v2\/types\/post"}],"author":[{"embeddable":true,"href":"https:\/\/www.aridane.org\/city\/wp-json\/wp\/v2\/users\/1"}],"replies":[{"embeddable":true,"href":"https:\/\/www.aridane.org\/city\/wp-json\/wp\/v2\/comments?post=1069"}],"version-history":[{"count":0,"href":"https:\/\/www.aridane.org\/city\/wp-json\/wp\/v2\/posts\/1069\/revisions"}],"wp:attachment":[{"href":"https:\/\/www.aridane.org\/city\/wp-json\/wp\/v2\/media?parent=1069"}],"wp:term":[{"taxonomy":"category","embeddable":true,"href":"https:\/\/www.aridane.org\/city\/wp-json\/wp\/v2\/categories?post=1069"},{"taxonomy":"post_tag","embeddable":true,"href":"https:\/\/www.aridane.org\/city\/wp-json\/wp\/v2\/tags?post=1069"}],"curies":[{"name":"wp","href":"https:\/\/api.w.org\/{rel}","templated":true}]}}