{"id":1072,"date":"2022-10-31T11:20:09","date_gmt":"2022-10-31T11:20:09","guid":{"rendered":"https:\/\/aridane.org\/ciudad\/?p=1072"},"modified":"2022-10-31T11:20:09","modified_gmt":"2022-10-31T11:20:09","slug":"el-ayuntamiento-de-los-llanos-de-aridane-pone-en-marcha-el-taller-amar-es-cuidar-herramientas-para-aprender-a-quererse","status":"publish","type":"post","link":"https:\/\/www.aridane.org\/city\/2022\/10\/31\/el-ayuntamiento-de-los-llanos-de-aridane-pone-en-marcha-el-taller-amar-es-cuidar-herramientas-para-aprender-a-quererse\/","title":{"rendered":"El Ayuntamiento de Los Llanos de Aridane pone en marcha el taller \u2018Amar es cuidar: herramientas para aprender a quererse\u2019"},"content":{"rendered":"<section class=\"wpb-content-wrapper\"><p>[vc_row css_animation=\u00bb\u00bb row_type=\u00bbrow\u00bb use_row_as_full_screen_section=\u00bbno\u00bb type=\u00bbfull_width\u00bb angled_section=\u00bbno\u00bb text_align=\u00bbleft\u00bb background_image_as_pattern=\u00bbwithout_pattern\u00bb][vc_column][vc_row_inner row_type=\u00bbrow\u00bb type=\u00bbgrid\u00bb text_align=\u00bbleft\u00bb css_animation=\u00bb\u00bb][vc_column_inner][vc_empty_space height=\u00bb20px\u00bb][vc_column_text]<\/p>\n<ul>\n<li style=\"text-align: justify;\"><em>Esta actividad ser\u00e1 impartido por la escritora y profesora, Coral Herrera, contar\u00e1 con 20 plazas, que se cubrir\u00e1n por orden de inscripci\u00f3n, y tendr\u00e1 lugar el pr\u00f3ximo 11 de noviembre en el Centro Cultural de Argual.<\/em><\/li>\n<\/ul>\n<p>&nbsp;<\/p>\n<p style=\"text-align: justify;\"><strong>Los Llanos de Aridane, 31 de octubre de 2022.-<\/strong> El Ayuntamiento de los Llanos de Aridane a trav\u00e9s de la concejal de Igualdad, Elena Pais, informa que el pr\u00f3ximo 11 de noviembre, en el Centro Cultural de Argual, tendr\u00e1 lugar el taller \u2018Amar es cuidar: herramientas para aprender a quererse bien\u2019, impartido por la profesora y escritora Coral Herrera, y que tendr\u00e1 un aforo de 20 plazas, que se ir\u00e1 cubriendo por riguroso orden de inscripci\u00f3n.<\/p>\n<p style=\"text-align: justify;\">Pais explica que este taller, cuyas plazas son limitadas, se encuentra dentro de las actividades programadas por el Consistorio por el D\u00eda Internacional Contra la Violencia hacia las Mujeres, 25 de noviembre. Adem\u00e1s, confirma que este encuentro ayudar\u00e1 a que sus participantes fabriquen sus propias herramientas para llevar la teor\u00eda a la pr\u00e1ctica. \u201cNecesitamos elaborar estrategias que nos permitan trabajar todo aquello que nos hace sufrir, con el objetivo de ser mejores personas y de tener herramientas que nos permitan querernos y cuidarnos mejor, a nosotras mismas y a los dem\u00e1s\u201d.<\/p>\n<p style=\"text-align: justify;\">Por su parte, la profesora y escritora Coral Herrera defiende que \u201cse trata de aplicar la teor\u00eda feminista a nuestras vidas cotidianas para vivir mejor, sufrir menos y disfrutar m\u00e1s de nuestros afectos, nuestra sexualidad y nuestras relaciones amorosas. Gracias al feminismo he aprendido a quererme y a cuidarme, a ponerle conciencia a mi salud emocional, a elegir bien quienes son mis compa\u00f1eros y compa\u00f1eras de vida, a acabar las relaciones en las que no me quieren bien o no me saben cuidar. Me ha ense\u00f1ado la importancia de valorarme, trabajar mi autoestima, quererme bien a m\u00ed misma, tratarme bien y, gracias a este trabajo, hoy lucho por mi bienestar y mi felicidad\u201d.<\/p>\n<p style=\"text-align: justify;\">Por \u00faltimo, desde el Ayuntamiento de Los Llanos de Aridane se anima a todas las personas que lo deseen a participar, y se informa que para inscribirse a este taller, pueden hacerlo a trav\u00e9s del siguiente enlace <a href=\"https:\/\/docs.google.com\/forms\/d\/1mlYHKvawkfr6QSCheMOVn4mdp7j7_ssShRHeWf0KQxs\/edit\">https:\/\/docs.google.com\/forms\/d\/1mlYHKvawkfr6QSCheMOVn4mdp7j7_ssShRHeWf0KQxs\/edit<\/a>.<\/p>\n<p style=\"text-align: justify;\"><strong>Coral Herrera<\/strong><\/p>\n<p style=\"text-align: justify;\">Doctora en Humanidades y Comunicaci\u00f3n Audiovisual, escritora y profesora. Ha desmontado el mito del amor rom\u00e1ntico y ha aprendido, entre otras muchas cosas que nos contar\u00e1 en este taller, a amar su cuerpo y a construir nuevas formas de relacionarse.<\/p>\n<p style=\"text-align: justify;\">Desde hace quince a\u00f1os investiga sobre el amor rom\u00e1ntico, el feminismo y las masculinidades, las relaciones de poder y los cuidados. Actualmente, coordina el Laboratorio del Amor, una escuela virtual que fund\u00f3 en 2015 con alumnas de pa\u00edses de todo el mundo para trabajar en torno a los estudios sobre las relaciones amorosas desde una perspectiva feminista.<\/p>\n<p style=\"text-align: justify;\">Adem\u00e1s, es profesora en el M\u00e1ster de Terapia Sexual y de Pareja de la Universitat de Barcelona; el Diplomado en Masculinidades de la Universidad Complutense de Madrid; el Posgrado \u201cExperta en los Malestares de G\u00e9nero de las Mujeres\u201d, m\u00f3dulo La construcci\u00f3n de la masculinidad patriarcal y su impacto en la salud de los varones, ESCUELA ESEN, Madrid; el M\u00e1ster Profesional de Consultor\u00eda de Igualdad en el COLPOLSOC Colegio Profesional de Ciencia Pol\u00edtica, Sociolog\u00eda y Relaciones Internacionales y Administraci\u00f3n P\u00fablica de la Comunidad de Madrid. Tambi\u00e9n ha sido profesora e investigadora en la Universidad de la Sorbona en Par\u00eds IV, en la Universidad Carlos III de Madrid, en la Universidad de Coimbra en Portugal, y en la UNED de Costa Rica. Vivi\u00f3 en Costa Rica durante nueve a\u00f1os y particip\u00f3 en la fundaci\u00f3n del Observatorio de Medios y G\u00e9nero Centroamericano GEMA, con el que todav\u00eda colabora a distancia. Ha trabajado como consultora de comunicaci\u00f3n y g\u00e9nero en organismos internacionales como UNESCO, ILANUD, AECID y Pan para el Mundo. Tambi\u00e9n imparte talleres, conferencias y charlas sobre educaci\u00f3n y educaci\u00f3n, y ha visitado pa\u00edses como Estados Unidos, M\u00e9xico, Colombia, Argentina, Ecuador, Costa Rica.<\/p>\n<p style=\"text-align: justify;\">Asimismo, ha publicado diversos libros desmontando el amor rom\u00e1ntico, como: \u2018Mujeres que ya no sufren por amor\u2019; \u2018El contrato amoroso\u2019; \u2018Due\u00f1a de mi amor\u2019: \u2018Como disfrutar del amor\u2019; \u2018Hombres que ya no hacen sufrir por amor\u2019, y comparte art\u00edculos en su blog: <a href=\"http:\/\/haikita.blogspot.com\">haikita.blogspot.com<\/a><\/p>\n<p>[\/vc_column_text][vc_empty_space height=\u00bb20px\u00bb][\/vc_column_inner][\/vc_row_inner][\/vc_column][\/vc_row]<\/p>\n<\/section>","protected":false},"excerpt":{"rendered":"<p>[vc_row css_animation=\u00bb\u00bb row_type=\u00bbrow\u00bb use_row_as_full_screen_section=\u00bbno\u00bb type=\u00bbfull_width\u00bb angled_section=\u00bbno\u00bb text_align=\u00bbleft\u00bb background_image_as_pattern=\u00bbwithout_pattern\u00bb][vc_column][vc_row_inner row_type=\u00bbrow\u00bb type=\u00bbgrid\u00bb text_align=\u00bbleft\u00bb css_animation=\u00bb\u00bb][vc_column_inner][vc_empty_space height=\u00bb20px\u00bb][vc_column_text] Esta actividad ser\u00e1 impartido por la escritora y profesora, Coral Herrera, contar\u00e1 con 20 plazas, que se cubrir\u00e1n por orden de inscripci\u00f3n, y tendr\u00e1 lugar el pr\u00f3ximo 11 de noviembre en el&#8230;<\/p>\n","protected":false},"author":1,"featured_media":0,"comment_status":"closed","ping_status":"open","sticky":false,"template":"","format":"standard","meta":{"footnotes":""},"categories":[6],"tags":[],"class_list":["post-1072","post","type-post","status-publish","format-standard","hentry","category-prensa"],"yoast_head":"<!-- This site is optimized with the Yoast SEO plugin v22.7 - https:\/\/yoast.com\/wordpress\/plugins\/seo\/ -->\n<title>El Ayuntamiento de Los Llanos de Aridane pone en marcha el taller \u2018Amar es cuidar: herramientas para aprender a quererse\u2019 - Ayuntamiento de Los Llanos de Aridane<\/title>\n<meta name=\"description\" content=\"El Ayuntamiento de Los Llanos de Aridane presenta el cartel y el programa de La Patrona 2021 con el lema \u201cRemedios, m\u00e1s que un nombre.\u201d\" \/>\n<meta name=\"robots\" content=\"index, follow, max-snippet:-1, max-image-preview:large, max-video-preview:-1\" \/>\n<link rel=\"canonical\" href=\"https:\/\/www.aridane.org\/city\/2022\/10\/31\/el-ayuntamiento-de-los-llanos-de-aridane-pone-en-marcha-el-taller-amar-es-cuidar-herramientas-para-aprender-a-quererse\/\" \/>\n<meta property=\"og:locale\" content=\"es_ES\" \/>\n<meta property=\"og:type\" content=\"article\" \/>\n<meta property=\"og:title\" content=\"El Ayuntamiento de Los Llanos de Aridane pone en marcha el taller \u2018Amar es cuidar: herramientas para aprender a quererse\u2019 - Ayuntamiento de Los Llanos de Aridane\" \/>\n<meta property=\"og:description\" content=\"El Ayuntamiento de Los Llanos de Aridane presenta el cartel y el programa de La Patrona 2021 con el lema \u201cRemedios, m\u00e1s que un nombre.\u201d\" \/>\n<meta property=\"og:url\" content=\"https:\/\/www.aridane.org\/city\/2022\/10\/31\/el-ayuntamiento-de-los-llanos-de-aridane-pone-en-marcha-el-taller-amar-es-cuidar-herramientas-para-aprender-a-quererse\/\" \/>\n<meta property=\"og:site_name\" content=\"Ayuntamiento de Los Llanos de Aridane\" \/>\n<meta property=\"article:published_time\" content=\"2022-10-31T11:20:09+00:00\" \/>\n<meta name=\"author\" content=\"Richard Diaz\" \/>\n<meta name=\"twitter:card\" content=\"summary_large_image\" \/>\n<meta name=\"twitter:label1\" content=\"Escrito por\" \/>\n\t<meta name=\"twitter:data1\" content=\"Richard Diaz\" \/>\n\t<meta name=\"twitter:label2\" content=\"Tiempo de lectura\" \/>\n\t<meta name=\"twitter:data2\" content=\"4 minutos\" \/>\n<script type=\"application\/ld+json\" class=\"yoast-schema-graph\">{\"@context\":\"https:\/\/schema.org\",\"@graph\":[{\"@type\":\"WebPage\",\"@id\":\"https:\/\/www.aridane.org\/city\/2022\/10\/31\/el-ayuntamiento-de-los-llanos-de-aridane-pone-en-marcha-el-taller-amar-es-cuidar-herramientas-para-aprender-a-quererse\/\",\"url\":\"https:\/\/www.aridane.org\/city\/2022\/10\/31\/el-ayuntamiento-de-los-llanos-de-aridane-pone-en-marcha-el-taller-amar-es-cuidar-herramientas-para-aprender-a-quererse\/\",\"name\":\"El Ayuntamiento de Los Llanos de Aridane pone en marcha el taller \u2018Amar es cuidar: herramientas para aprender a quererse\u2019 - Ayuntamiento de Los Llanos de Aridane\",\"isPartOf\":{\"@id\":\"https:\/\/www.aridane.org\/city\/#website\"},\"datePublished\":\"2022-10-31T11:20:09+00:00\",\"dateModified\":\"2022-10-31T11:20:09+00:00\",\"author\":{\"@id\":\"https:\/\/www.aridane.org\/city\/#\/schema\/person\/7d352ec7f29881716f298394432e7209\"},\"description\":\"El Ayuntamiento de Los Llanos de Aridane presenta el cartel y el programa de La Patrona 2021 con el lema \u201cRemedios, m\u00e1s que un nombre.\u201d\",\"breadcrumb\":{\"@id\":\"https:\/\/www.aridane.org\/city\/2022\/10\/31\/el-ayuntamiento-de-los-llanos-de-aridane-pone-en-marcha-el-taller-amar-es-cuidar-herramientas-para-aprender-a-quererse\/#breadcrumb\"},\"inLanguage\":\"es\",\"potentialAction\":[{\"@type\":\"ReadAction\",\"target\":[\"https:\/\/www.aridane.org\/city\/2022\/10\/31\/el-ayuntamiento-de-los-llanos-de-aridane-pone-en-marcha-el-taller-amar-es-cuidar-herramientas-para-aprender-a-quererse\/\"]}]},{\"@type\":\"BreadcrumbList\",\"@id\":\"https:\/\/www.aridane.org\/city\/2022\/10\/31\/el-ayuntamiento-de-los-llanos-de-aridane-pone-en-marcha-el-taller-amar-es-cuidar-herramientas-para-aprender-a-quererse\/#breadcrumb\",\"itemListElement\":[{\"@type\":\"ListItem\",\"position\":1,\"name\":\"Portada\",\"item\":\"https:\/\/www.aridane.org\/city\/\"},{\"@type\":\"ListItem\",\"position\":2,\"name\":\"El Ayuntamiento de Los Llanos de Aridane pone en marcha el taller \u2018Amar es cuidar: herramientas para aprender a quererse\u2019\"}]},{\"@type\":\"WebSite\",\"@id\":\"https:\/\/www.aridane.org\/city\/#website\",\"url\":\"https:\/\/www.aridane.org\/city\/\",\"name\":\"Ayuntamiento de Los Llanos de Aridane\",\"description\":\"\",\"potentialAction\":[{\"@type\":\"SearchAction\",\"target\":{\"@type\":\"EntryPoint\",\"urlTemplate\":\"https:\/\/www.aridane.org\/city\/?s={search_term_string}\"},\"query-input\":\"required name=search_term_string\"}],\"inLanguage\":\"es\"},{\"@type\":\"Person\",\"@id\":\"https:\/\/www.aridane.org\/city\/#\/schema\/person\/7d352ec7f29881716f298394432e7209\",\"name\":\"Richard Diaz\",\"image\":{\"@type\":\"ImageObject\",\"inLanguage\":\"es\",\"@id\":\"https:\/\/www.aridane.org\/city\/#\/schema\/person\/image\/\",\"url\":\"https:\/\/secure.gravatar.com\/avatar\/bacd6aefc26a4a204943090a4c596cd10f0857081ef3cfd12084a70ecb3161d5?s=96&d=mm&r=g\",\"contentUrl\":\"https:\/\/secure.gravatar.com\/avatar\/bacd6aefc26a4a204943090a4c596cd10f0857081ef3cfd12084a70ecb3161d5?s=96&d=mm&r=g\",\"caption\":\"Richard Diaz\"},\"sameAs\":[\"https:\/\/www.aridane.org\/city\"],\"url\":\"https:\/\/www.aridane.org\/city\/author\/richard-diaz\/\"}]}<\/script>\n<!-- \/ Yoast SEO plugin. -->","yoast_head_json":{"title":"El Ayuntamiento de Los Llanos de Aridane pone en marcha el taller \u2018Amar es cuidar: herramientas para aprender a quererse\u2019 - Ayuntamiento de Los Llanos de Aridane","description":"El Ayuntamiento de Los Llanos de Aridane presenta el cartel y el programa de La Patrona 2021 con el lema \u201cRemedios, m\u00e1s que un nombre.\u201d","robots":{"index":"index","follow":"follow","max-snippet":"max-snippet:-1","max-image-preview":"max-image-preview:large","max-video-preview":"max-video-preview:-1"},"canonical":"https:\/\/www.aridane.org\/city\/2022\/10\/31\/el-ayuntamiento-de-los-llanos-de-aridane-pone-en-marcha-el-taller-amar-es-cuidar-herramientas-para-aprender-a-quererse\/","og_locale":"es_ES","og_type":"article","og_title":"El Ayuntamiento de Los Llanos de Aridane pone en marcha el taller \u2018Amar es cuidar: herramientas para aprender a quererse\u2019 - Ayuntamiento de Los Llanos de Aridane","og_description":"El Ayuntamiento de Los Llanos de Aridane presenta el cartel y el programa de La Patrona 2021 con el lema \u201cRemedios, m\u00e1s que un nombre.\u201d","og_url":"https:\/\/www.aridane.org\/city\/2022\/10\/31\/el-ayuntamiento-de-los-llanos-de-aridane-pone-en-marcha-el-taller-amar-es-cuidar-herramientas-para-aprender-a-quererse\/","og_site_name":"Ayuntamiento de Los Llanos de Aridane","article_published_time":"2022-10-31T11:20:09+00:00","author":"Richard Diaz","twitter_card":"summary_large_image","twitter_misc":{"Escrito por":"Richard Diaz","Tiempo de lectura":"4 minutos"},"schema":{"@context":"https:\/\/schema.org","@graph":[{"@type":"WebPage","@id":"https:\/\/www.aridane.org\/city\/2022\/10\/31\/el-ayuntamiento-de-los-llanos-de-aridane-pone-en-marcha-el-taller-amar-es-cuidar-herramientas-para-aprender-a-quererse\/","url":"https:\/\/www.aridane.org\/city\/2022\/10\/31\/el-ayuntamiento-de-los-llanos-de-aridane-pone-en-marcha-el-taller-amar-es-cuidar-herramientas-para-aprender-a-quererse\/","name":"El Ayuntamiento de Los Llanos de Aridane pone en marcha el taller \u2018Amar es cuidar: herramientas para aprender a quererse\u2019 - Ayuntamiento de Los Llanos de Aridane","isPartOf":{"@id":"https:\/\/www.aridane.org\/city\/#website"},"datePublished":"2022-10-31T11:20:09+00:00","dateModified":"2022-10-31T11:20:09+00:00","author":{"@id":"https:\/\/www.aridane.org\/city\/#\/schema\/person\/7d352ec7f29881716f298394432e7209"},"description":"El Ayuntamiento de Los Llanos de Aridane presenta el cartel y el programa de La Patrona 2021 con el lema \u201cRemedios, m\u00e1s que un nombre.\u201d","breadcrumb":{"@id":"https:\/\/www.aridane.org\/city\/2022\/10\/31\/el-ayuntamiento-de-los-llanos-de-aridane-pone-en-marcha-el-taller-amar-es-cuidar-herramientas-para-aprender-a-quererse\/#breadcrumb"},"inLanguage":"es","potentialAction":[{"@type":"ReadAction","target":["https:\/\/www.aridane.org\/city\/2022\/10\/31\/el-ayuntamiento-de-los-llanos-de-aridane-pone-en-marcha-el-taller-amar-es-cuidar-herramientas-para-aprender-a-quererse\/"]}]},{"@type":"BreadcrumbList","@id":"https:\/\/www.aridane.org\/city\/2022\/10\/31\/el-ayuntamiento-de-los-llanos-de-aridane-pone-en-marcha-el-taller-amar-es-cuidar-herramientas-para-aprender-a-quererse\/#breadcrumb","itemListElement":[{"@type":"ListItem","position":1,"name":"Portada","item":"https:\/\/www.aridane.org\/city\/"},{"@type":"ListItem","position":2,"name":"El Ayuntamiento de Los Llanos de Aridane pone en marcha el taller \u2018Amar es cuidar: herramientas para aprender a quererse\u2019"}]},{"@type":"WebSite","@id":"https:\/\/www.aridane.org\/city\/#website","url":"https:\/\/www.aridane.org\/city\/","name":"Ayuntamiento de Los Llanos de Aridane","description":"","potentialAction":[{"@type":"SearchAction","target":{"@type":"EntryPoint","urlTemplate":"https:\/\/www.aridane.org\/city\/?s={search_term_string}"},"query-input":"required name=search_term_string"}],"inLanguage":"es"},{"@type":"Person","@id":"https:\/\/www.aridane.org\/city\/#\/schema\/person\/7d352ec7f29881716f298394432e7209","name":"Richard Diaz","image":{"@type":"ImageObject","inLanguage":"es","@id":"https:\/\/www.aridane.org\/city\/#\/schema\/person\/image\/","url":"https:\/\/secure.gravatar.com\/avatar\/bacd6aefc26a4a204943090a4c596cd10f0857081ef3cfd12084a70ecb3161d5?s=96&d=mm&r=g","contentUrl":"https:\/\/secure.gravatar.com\/avatar\/bacd6aefc26a4a204943090a4c596cd10f0857081ef3cfd12084a70ecb3161d5?s=96&d=mm&r=g","caption":"Richard Diaz"},"sameAs":["https:\/\/www.aridane.org\/city"],"url":"https:\/\/www.aridane.org\/city\/author\/richard-diaz\/"}]}},"_links":{"self":[{"href":"https:\/\/www.aridane.org\/city\/wp-json\/wp\/v2\/posts\/1072","targetHints":{"allow":["GET"]}}],"collection":[{"href":"https:\/\/www.aridane.org\/city\/wp-json\/wp\/v2\/posts"}],"about":[{"href":"https:\/\/www.aridane.org\/city\/wp-json\/wp\/v2\/types\/post"}],"author":[{"embeddable":true,"href":"https:\/\/www.aridane.org\/city\/wp-json\/wp\/v2\/users\/1"}],"replies":[{"embeddable":true,"href":"https:\/\/www.aridane.org\/city\/wp-json\/wp\/v2\/comments?post=1072"}],"version-history":[{"count":0,"href":"https:\/\/www.aridane.org\/city\/wp-json\/wp\/v2\/posts\/1072\/revisions"}],"wp:attachment":[{"href":"https:\/\/www.aridane.org\/city\/wp-json\/wp\/v2\/media?parent=1072"}],"wp:term":[{"taxonomy":"category","embeddable":true,"href":"https:\/\/www.aridane.org\/city\/wp-json\/wp\/v2\/categories?post=1072"},{"taxonomy":"post_tag","embeddable":true,"href":"https:\/\/www.aridane.org\/city\/wp-json\/wp\/v2\/tags?post=1072"}],"curies":[{"name":"wp","href":"https:\/\/api.w.org\/{rel}","templated":true}]}}