{"id":1076,"date":"2022-11-03T09:29:44","date_gmt":"2022-11-03T09:29:44","guid":{"rendered":"https:\/\/aridane.org\/ciudad\/?p=1076"},"modified":"2022-11-03T09:29:44","modified_gmt":"2022-11-03T09:29:44","slug":"comienza-el-festival-del-libro-2022-de-los-llanos-de-aridane","status":"publish","type":"post","link":"https:\/\/www.aridane.org\/city\/2022\/11\/03\/comienza-el-festival-del-libro-2022-de-los-llanos-de-aridane\/","title":{"rendered":"Comienza el Festival del Libro 2022 de Los Llanos de Aridane"},"content":{"rendered":"<section class=\"wpb-content-wrapper\"><p>[vc_row css_animation=\u00bb\u00bb row_type=\u00bbrow\u00bb use_row_as_full_screen_section=\u00bbno\u00bb type=\u00bbfull_width\u00bb angled_section=\u00bbno\u00bb text_align=\u00bbleft\u00bb background_image_as_pattern=\u00bbwithout_pattern\u00bb][vc_column][vc_row_inner row_type=\u00bbrow\u00bb type=\u00bbgrid\u00bb text_align=\u00bbleft\u00bb css_animation=\u00bb\u00bb][vc_column_inner][vc_empty_space height=\u00bb20px\u00bb][vc_column_text]<\/p>\n<p style=\"text-align: justify;\"><strong>Los Llanos de Aridane, 3 de noviembre 2022.-<\/strong> El Ayuntamiento de Los Llanos de Aridane a trav\u00e9s de la concejal de Cultura, Charo Gonz\u00e1lez, ha comentado que ayer mi\u00e9rcoles tuvo lugar la primera jornada del Festival del Libro, con la instalaci\u00f3n de casetas por parte de librer\u00edas y editoriales, en la Plaza de Espa\u00f1a, as\u00ed como \u00a0la primera sesi\u00f3n de cuentos feriantes a cargo de Javi Gonz\u00e1lez, \u201cy en esta ocasi\u00f3n fue el alumnado de primaria del CEIP Mayantigo el que disfrut\u00f3 de las aventuras de los protagonistas de estos cuentos\u201d, se\u00f1ala.<\/p>\n<p style=\"text-align: justify;\">La concejal explica que a esa misma hora, pero en la Biblioteca P\u00fablica Municipal Mar\u00eda Nieves P\u00e9rez Acosta tuvo lugar la actividad de car\u00e1cter semanal Club de Lectura f\u00e1cil, con Plena Inclusi\u00f3n Canarias, \u201cy en la que sus participantes trabajan la memoria, la imaginaci\u00f3n y la animaci\u00f3n a la propia lectura\u201d, asegura. Gonz\u00e1lez explica que en horario de tarde se desarrollaron las presentaciones y firmas de libros.<\/p>\n<p style=\"text-align: justify;\">En primer lugar, se present\u00f3 \u2018La fisura entra por las manos\u2019 a cargo de la autora, Patricia Figuero; tambi\u00e9n con la participaci\u00f3n de Nieves Rosa Palomares Rodr\u00edguez y Eva Lilith Pereda.<\/p>\n<p style=\"text-align: justify;\">Patricia nos present\u00f3 un libro salvaje, lleno de amor y violencia, a trav\u00e9s del cual se regal\u00f3 el sufrimiento para despu\u00e9s poder reposar aliviada. La fisura entra por las manos es un libro desobediente.<\/p>\n<p style=\"text-align: justify;\">Seguidamente tuvo lugar la presentaci\u00f3n del libro \u2018Qui\u00e9rete bien y acertar\u00e1s\u2019, a cargo de su autora, D\u00e9vora Vi\u00f1a; el periodista Adri\u00e1n Gonz\u00e1lez Vi\u00f1a y la ilustradora Marilyn Fern\u00e1ndez.<\/p>\n<p style=\"text-align: justify;\">D\u00e9vora, nacida en La Palma en 1981, es licenciada en Historia del Arte, coach, Certificado Internacional Experto en Coaching, y M\u00e1ster en PNL, Programaci\u00f3n Neuroling\u00fc\u00edstica. Tiene una amplia experiencia como formadora y conferenciante, y la visi\u00f3n integral del ser humano es un componente esencial en su forma de practicar coaching.<\/p>\n<p style=\"text-align: justify;\">La jornada finaliz\u00f3 con la presentaci\u00f3n del libro\u00a0 \u2018De mi sangre\u2019 de Miriam Camacho Sim\u00f3n, que present\u00f3 la propia autora.<\/p>\n<p style=\"text-align: justify;\">A trav\u00e9s de la primera novela de esta arquitecta, ge\u00f3grafa y ahora tambi\u00e9n escritora, viajamos a principios del siglo XIX en La Palma, una \u00e9poca de crisis, de gente que abusaba del poder y de personas que se ve\u00edan obligadas a emigrar.<\/p>\n<p style=\"text-align: justify;\">La programaci\u00f3n contin\u00faa hoy jueves, pudiendo visitar nuevamente las casetas en la Plaza de Espa\u00f1a en horario de 10 a 14 y de 17 a 20 horas.<\/p>\n<p style=\"text-align: justify;\">Por la ma\u00f1ana, Javi Gonz\u00e1lez narrar\u00e1 sus Cuentos Feriantes al alumnado de primaria del CEIP Sagrada Familia de Nazaret. Por la tarde tendr\u00e1n lugar tres nuevas presentaciones y firmas de libros:<\/p>\n<p style=\"text-align: justify;\">A las 17:00 horas ser\u00e1 el turno de \u00a0\u2018Cuadernos del Subtr\u00f3pico Norte\u2019 a cargo del autor, Marcos Dosantos, y de la escritora Elsa L\u00f3pez. Se trata de un libro collage, una obra que habla de cr\u00edmenes surrealistas, desamores de f\u00e1bula, aguacates venerados y azafatas alcoh\u00f3licas. Muchos relatos cortos, un pu\u00f1ado de versos y un atisbo troceado de novela se entremezclan en un texto cuyo \u00fanico hilo conductor es lo isle\u00f1o. Verdadero o disfrazado, como acento o como di\u00e1spora, el archipi\u00e9lago canario sirve de refugio para sentarse a leer las historias que la Metr\u00f3polis desech\u00f3.<\/p>\n<p style=\"text-align: justify;\"><em>\u00abHasta haciendo prosa, es poes\u00eda. Ese es Marcos Dosantos: el despertar de las emociones para zambullirse en los recuerdos. Un viaje por las palabras que te atrapa y engancha. Lo inconexo que, finalmente, revela la verdad. Amo a Victoria, es como si la conociera de toda la vida\u00bb<\/em> , Carla Antonelli.<\/p>\n<p style=\"text-align: justify;\">A las 18:30 horas ser\u00e1 la presentaci\u00f3n de la traducci\u00f3n del libro \u2018Se\u00f1ales del Oeste\u2019 de Pedro da Silveira, a cargo de Aquiles Brito.<\/p>\n<p style=\"text-align: justify;\">Se trata de la primera y \u00fanica traducci\u00f3n al espa\u00f1ol de la obra po\u00e9tica de Pedro da Silveira, poeta azoriano nacido en el punto m\u00e1s occidental de Europa. Es una poes\u00eda cuya ansia fundamental es la insularidad, y est\u00e1 marcada por los viajes, la b\u00fasqueda, la inquietud y la lectura, de intensa relaci\u00f3n espiritual y cultural con nuestras Islas Canarias, y nuestros m\u00e1s destacados poetas. Fue, adem\u00e1s, periodista, investigador, etn\u00f3grafo e historiador literario, faceta en la que se le considera imprescindible y uno de los m\u00e1s grandes de la literatura de Portugal.<\/p>\n<p style=\"text-align: justify;\">Para finalizar, y ya a las 20:00 horas llegar\u00e1n \u2018Las Chicas de las Estrellas\u2019, a cargo del autor, Luis Casta\u00f1eda, y del profesor y escritor Ibrahim P\u00e9rez Hern\u00e1ndez.<\/p>\n<p style=\"text-align: justify;\">En este libro la isla tiembla cada vez con m\u00e1s frecuencia. Los enjambres s\u00edsmicos anuncian la inminente erupci\u00f3n de un nuevo volc\u00e1n. Una de esas sacudidas derrumba la entrada de una cueva y deja al descubierto un cuerpo momificado seg\u00fan ancestrales procedimientos abor\u00edgenes. El sargento Pablo Eiroa, de la Polic\u00eda Judicial, sospecha sin embargo que no se trata de una centenaria momia guanche, lo que confirma cuando otro suceso saca a la luz otro cuerpo en id\u00e9nticas condiciones. El patr\u00f3n se repite.<\/p>\n<p style=\"text-align: justify;\">Por \u00faltimo, desde el Ayuntamiento de Los Llanos de Aridane se invita a todas aquellas personas que lo deseen a participar en esta nueva edici\u00f3n del Festival del Libro.<\/p>\n<p>[\/vc_column_text][vc_empty_space height=\u00bb20px\u00bb][\/vc_column_inner][\/vc_row_inner][\/vc_column][\/vc_row]<\/p>\n<\/section>","protected":false},"excerpt":{"rendered":"<p>[vc_row css_animation=\u00bb\u00bb row_type=\u00bbrow\u00bb use_row_as_full_screen_section=\u00bbno\u00bb type=\u00bbfull_width\u00bb angled_section=\u00bbno\u00bb text_align=\u00bbleft\u00bb background_image_as_pattern=\u00bbwithout_pattern\u00bb][vc_column][vc_row_inner row_type=\u00bbrow\u00bb type=\u00bbgrid\u00bb text_align=\u00bbleft\u00bb css_animation=\u00bb\u00bb][vc_column_inner][vc_empty_space height=\u00bb20px\u00bb][vc_column_text] Los Llanos de Aridane, 3 de noviembre 2022.- El Ayuntamiento de Los Llanos de Aridane a trav\u00e9s de la concejal de Cultura, Charo Gonz\u00e1lez, ha comentado que ayer mi\u00e9rcoles tuvo lugar la&#8230;<\/p>\n","protected":false},"author":1,"featured_media":0,"comment_status":"closed","ping_status":"open","sticky":false,"template":"","format":"standard","meta":{"footnotes":""},"categories":[6],"tags":[],"class_list":["post-1076","post","type-post","status-publish","format-standard","hentry","category-prensa"],"yoast_head":"<!-- This site is optimized with the Yoast SEO plugin v22.7 - https:\/\/yoast.com\/wordpress\/plugins\/seo\/ -->\n<title>Comienza el Festival del Libro 2022 de Los Llanos de Aridane - Ayuntamiento de Los Llanos de Aridane<\/title>\n<meta name=\"description\" content=\"El Ayuntamiento de Los Llanos de Aridane presenta el cartel y el programa de La Patrona 2021 con el lema \u201cRemedios, m\u00e1s que un nombre.\u201d\" \/>\n<meta name=\"robots\" content=\"index, follow, max-snippet:-1, max-image-preview:large, max-video-preview:-1\" \/>\n<link rel=\"canonical\" href=\"https:\/\/www.aridane.org\/city\/2022\/11\/03\/comienza-el-festival-del-libro-2022-de-los-llanos-de-aridane\/\" \/>\n<meta property=\"og:locale\" content=\"es_ES\" \/>\n<meta property=\"og:type\" content=\"article\" \/>\n<meta property=\"og:title\" content=\"Comienza el Festival del Libro 2022 de Los Llanos de Aridane - Ayuntamiento de Los Llanos de Aridane\" \/>\n<meta property=\"og:description\" content=\"El Ayuntamiento de Los Llanos de Aridane presenta el cartel y el programa de La Patrona 2021 con el lema \u201cRemedios, m\u00e1s que un nombre.\u201d\" \/>\n<meta property=\"og:url\" content=\"https:\/\/www.aridane.org\/city\/2022\/11\/03\/comienza-el-festival-del-libro-2022-de-los-llanos-de-aridane\/\" \/>\n<meta property=\"og:site_name\" content=\"Ayuntamiento de Los Llanos de Aridane\" \/>\n<meta property=\"article:published_time\" content=\"2022-11-03T09:29:44+00:00\" \/>\n<meta name=\"author\" content=\"Richard Diaz\" \/>\n<meta name=\"twitter:card\" content=\"summary_large_image\" \/>\n<meta name=\"twitter:label1\" content=\"Escrito por\" \/>\n\t<meta name=\"twitter:data1\" content=\"Richard Diaz\" \/>\n\t<meta name=\"twitter:label2\" content=\"Tiempo de lectura\" \/>\n\t<meta name=\"twitter:data2\" content=\"4 minutos\" \/>\n<script type=\"application\/ld+json\" class=\"yoast-schema-graph\">{\"@context\":\"https:\/\/schema.org\",\"@graph\":[{\"@type\":\"WebPage\",\"@id\":\"https:\/\/www.aridane.org\/city\/2022\/11\/03\/comienza-el-festival-del-libro-2022-de-los-llanos-de-aridane\/\",\"url\":\"https:\/\/www.aridane.org\/city\/2022\/11\/03\/comienza-el-festival-del-libro-2022-de-los-llanos-de-aridane\/\",\"name\":\"Comienza el Festival del Libro 2022 de Los Llanos de Aridane - Ayuntamiento de Los Llanos de Aridane\",\"isPartOf\":{\"@id\":\"https:\/\/www.aridane.org\/city\/#website\"},\"datePublished\":\"2022-11-03T09:29:44+00:00\",\"dateModified\":\"2022-11-03T09:29:44+00:00\",\"author\":{\"@id\":\"https:\/\/www.aridane.org\/city\/#\/schema\/person\/7d352ec7f29881716f298394432e7209\"},\"description\":\"El Ayuntamiento de Los Llanos de Aridane presenta el cartel y el programa de La Patrona 2021 con el lema \u201cRemedios, m\u00e1s que un nombre.\u201d\",\"breadcrumb\":{\"@id\":\"https:\/\/www.aridane.org\/city\/2022\/11\/03\/comienza-el-festival-del-libro-2022-de-los-llanos-de-aridane\/#breadcrumb\"},\"inLanguage\":\"es\",\"potentialAction\":[{\"@type\":\"ReadAction\",\"target\":[\"https:\/\/www.aridane.org\/city\/2022\/11\/03\/comienza-el-festival-del-libro-2022-de-los-llanos-de-aridane\/\"]}]},{\"@type\":\"BreadcrumbList\",\"@id\":\"https:\/\/www.aridane.org\/city\/2022\/11\/03\/comienza-el-festival-del-libro-2022-de-los-llanos-de-aridane\/#breadcrumb\",\"itemListElement\":[{\"@type\":\"ListItem\",\"position\":1,\"name\":\"Portada\",\"item\":\"https:\/\/www.aridane.org\/city\/\"},{\"@type\":\"ListItem\",\"position\":2,\"name\":\"Comienza el Festival del Libro 2022 de Los Llanos de Aridane\"}]},{\"@type\":\"WebSite\",\"@id\":\"https:\/\/www.aridane.org\/city\/#website\",\"url\":\"https:\/\/www.aridane.org\/city\/\",\"name\":\"Ayuntamiento de Los Llanos de Aridane\",\"description\":\"\",\"potentialAction\":[{\"@type\":\"SearchAction\",\"target\":{\"@type\":\"EntryPoint\",\"urlTemplate\":\"https:\/\/www.aridane.org\/city\/?s={search_term_string}\"},\"query-input\":\"required name=search_term_string\"}],\"inLanguage\":\"es\"},{\"@type\":\"Person\",\"@id\":\"https:\/\/www.aridane.org\/city\/#\/schema\/person\/7d352ec7f29881716f298394432e7209\",\"name\":\"Richard Diaz\",\"image\":{\"@type\":\"ImageObject\",\"inLanguage\":\"es\",\"@id\":\"https:\/\/www.aridane.org\/city\/#\/schema\/person\/image\/\",\"url\":\"https:\/\/secure.gravatar.com\/avatar\/bacd6aefc26a4a204943090a4c596cd10f0857081ef3cfd12084a70ecb3161d5?s=96&d=mm&r=g\",\"contentUrl\":\"https:\/\/secure.gravatar.com\/avatar\/bacd6aefc26a4a204943090a4c596cd10f0857081ef3cfd12084a70ecb3161d5?s=96&d=mm&r=g\",\"caption\":\"Richard Diaz\"},\"sameAs\":[\"https:\/\/www.aridane.org\/city\"],\"url\":\"https:\/\/www.aridane.org\/city\/author\/richard-diaz\/\"}]}<\/script>\n<!-- \/ Yoast SEO plugin. -->","yoast_head_json":{"title":"Comienza el Festival del Libro 2022 de Los Llanos de Aridane - Ayuntamiento de Los Llanos de Aridane","description":"El Ayuntamiento de Los Llanos de Aridane presenta el cartel y el programa de La Patrona 2021 con el lema \u201cRemedios, m\u00e1s que un nombre.\u201d","robots":{"index":"index","follow":"follow","max-snippet":"max-snippet:-1","max-image-preview":"max-image-preview:large","max-video-preview":"max-video-preview:-1"},"canonical":"https:\/\/www.aridane.org\/city\/2022\/11\/03\/comienza-el-festival-del-libro-2022-de-los-llanos-de-aridane\/","og_locale":"es_ES","og_type":"article","og_title":"Comienza el Festival del Libro 2022 de Los Llanos de Aridane - Ayuntamiento de Los Llanos de Aridane","og_description":"El Ayuntamiento de Los Llanos de Aridane presenta el cartel y el programa de La Patrona 2021 con el lema \u201cRemedios, m\u00e1s que un nombre.\u201d","og_url":"https:\/\/www.aridane.org\/city\/2022\/11\/03\/comienza-el-festival-del-libro-2022-de-los-llanos-de-aridane\/","og_site_name":"Ayuntamiento de Los Llanos de Aridane","article_published_time":"2022-11-03T09:29:44+00:00","author":"Richard Diaz","twitter_card":"summary_large_image","twitter_misc":{"Escrito por":"Richard Diaz","Tiempo de lectura":"4 minutos"},"schema":{"@context":"https:\/\/schema.org","@graph":[{"@type":"WebPage","@id":"https:\/\/www.aridane.org\/city\/2022\/11\/03\/comienza-el-festival-del-libro-2022-de-los-llanos-de-aridane\/","url":"https:\/\/www.aridane.org\/city\/2022\/11\/03\/comienza-el-festival-del-libro-2022-de-los-llanos-de-aridane\/","name":"Comienza el Festival del Libro 2022 de Los Llanos de Aridane - Ayuntamiento de Los Llanos de Aridane","isPartOf":{"@id":"https:\/\/www.aridane.org\/city\/#website"},"datePublished":"2022-11-03T09:29:44+00:00","dateModified":"2022-11-03T09:29:44+00:00","author":{"@id":"https:\/\/www.aridane.org\/city\/#\/schema\/person\/7d352ec7f29881716f298394432e7209"},"description":"El Ayuntamiento de Los Llanos de Aridane presenta el cartel y el programa de La Patrona 2021 con el lema \u201cRemedios, m\u00e1s que un nombre.\u201d","breadcrumb":{"@id":"https:\/\/www.aridane.org\/city\/2022\/11\/03\/comienza-el-festival-del-libro-2022-de-los-llanos-de-aridane\/#breadcrumb"},"inLanguage":"es","potentialAction":[{"@type":"ReadAction","target":["https:\/\/www.aridane.org\/city\/2022\/11\/03\/comienza-el-festival-del-libro-2022-de-los-llanos-de-aridane\/"]}]},{"@type":"BreadcrumbList","@id":"https:\/\/www.aridane.org\/city\/2022\/11\/03\/comienza-el-festival-del-libro-2022-de-los-llanos-de-aridane\/#breadcrumb","itemListElement":[{"@type":"ListItem","position":1,"name":"Portada","item":"https:\/\/www.aridane.org\/city\/"},{"@type":"ListItem","position":2,"name":"Comienza el Festival del Libro 2022 de Los Llanos de Aridane"}]},{"@type":"WebSite","@id":"https:\/\/www.aridane.org\/city\/#website","url":"https:\/\/www.aridane.org\/city\/","name":"Ayuntamiento de Los Llanos de Aridane","description":"","potentialAction":[{"@type":"SearchAction","target":{"@type":"EntryPoint","urlTemplate":"https:\/\/www.aridane.org\/city\/?s={search_term_string}"},"query-input":"required name=search_term_string"}],"inLanguage":"es"},{"@type":"Person","@id":"https:\/\/www.aridane.org\/city\/#\/schema\/person\/7d352ec7f29881716f298394432e7209","name":"Richard Diaz","image":{"@type":"ImageObject","inLanguage":"es","@id":"https:\/\/www.aridane.org\/city\/#\/schema\/person\/image\/","url":"https:\/\/secure.gravatar.com\/avatar\/bacd6aefc26a4a204943090a4c596cd10f0857081ef3cfd12084a70ecb3161d5?s=96&d=mm&r=g","contentUrl":"https:\/\/secure.gravatar.com\/avatar\/bacd6aefc26a4a204943090a4c596cd10f0857081ef3cfd12084a70ecb3161d5?s=96&d=mm&r=g","caption":"Richard Diaz"},"sameAs":["https:\/\/www.aridane.org\/city"],"url":"https:\/\/www.aridane.org\/city\/author\/richard-diaz\/"}]}},"_links":{"self":[{"href":"https:\/\/www.aridane.org\/city\/wp-json\/wp\/v2\/posts\/1076","targetHints":{"allow":["GET"]}}],"collection":[{"href":"https:\/\/www.aridane.org\/city\/wp-json\/wp\/v2\/posts"}],"about":[{"href":"https:\/\/www.aridane.org\/city\/wp-json\/wp\/v2\/types\/post"}],"author":[{"embeddable":true,"href":"https:\/\/www.aridane.org\/city\/wp-json\/wp\/v2\/users\/1"}],"replies":[{"embeddable":true,"href":"https:\/\/www.aridane.org\/city\/wp-json\/wp\/v2\/comments?post=1076"}],"version-history":[{"count":0,"href":"https:\/\/www.aridane.org\/city\/wp-json\/wp\/v2\/posts\/1076\/revisions"}],"wp:attachment":[{"href":"https:\/\/www.aridane.org\/city\/wp-json\/wp\/v2\/media?parent=1076"}],"wp:term":[{"taxonomy":"category","embeddable":true,"href":"https:\/\/www.aridane.org\/city\/wp-json\/wp\/v2\/categories?post=1076"},{"taxonomy":"post_tag","embeddable":true,"href":"https:\/\/www.aridane.org\/city\/wp-json\/wp\/v2\/tags?post=1076"}],"curies":[{"name":"wp","href":"https:\/\/api.w.org\/{rel}","templated":true}]}}