{"id":1081,"date":"2022-11-04T09:22:58","date_gmt":"2022-11-04T09:22:58","guid":{"rendered":"https:\/\/aridane.org\/ciudad\/?p=1081"},"modified":"2022-11-04T09:22:58","modified_gmt":"2022-11-04T09:22:58","slug":"garcia-leal-el-esfuerzo-de-nuestros-vecinos-ha-sido-clave-para-que-el-ayuntamiento-de-los-llanos-de-aridane-haya-concedido-48-licencias-urbanisticas-en-suelo-rustico-en-tiempo-record","status":"publish","type":"post","link":"https:\/\/www.aridane.org\/city\/2022\/11\/04\/garcia-leal-el-esfuerzo-de-nuestros-vecinos-ha-sido-clave-para-que-el-ayuntamiento-de-los-llanos-de-aridane-haya-concedido-48-licencias-urbanisticas-en-suelo-rustico-en-tiempo-record\/","title":{"rendered":"Garc\u00eda Leal: \u201cEl esfuerzo de nuestros vecinos ha sido clave para que el Ayuntamiento de Los Llanos de Aridane haya concedido 48 licencias urban\u00edsticas en suelo r\u00fastico en tiempo r\u00e9cord\u201d"},"content":{"rendered":"<section class=\"wpb-content-wrapper\"><p>[vc_row css_animation=\u00bb\u00bb row_type=\u00bbrow\u00bb use_row_as_full_screen_section=\u00bbno\u00bb type=\u00bbfull_width\u00bb angled_section=\u00bbno\u00bb text_align=\u00bbleft\u00bb background_image_as_pattern=\u00bbwithout_pattern\u00bb][vc_column][vc_row_inner row_type=\u00bbrow\u00bb type=\u00bbgrid\u00bb text_align=\u00bbleft\u00bb css_animation=\u00bb\u00bb][vc_column_inner][vc_empty_space height=\u00bb20px\u00bb][vc_column_text]<\/p>\n<ul>\n<li style=\"text-align: justify;\"><em>La alcaldesa explica que se convocan comisiones y plenos extraordinarios cada 15 d\u00edas con el objetivo de agilizar el proceso de concesi\u00f3n de estas licencias, y confirma que desde que se aprob\u00f3 el Decreto se han registrado cerca de 100 solicitudes.<\/em><\/li>\n<li style=\"text-align: justify;\"><em>Adem\u00e1s, recuerda que Los Llanos es el municipio m\u00e1s afectado por la erupci\u00f3n del volc\u00e1n ya que de las 1.026 viviendas que se perdieron en la Isla 780 se encontraban en el municipio.<\/em><\/li>\n<\/ul>\n<p>&nbsp;<\/p>\n<p style=\"text-align: justify;\"><strong>Los Llanos de Aridane, 4 de noviembre 2022.-<\/strong> El Ayuntamiento de Los Llanos a trav\u00e9s de su alcaldesa, Noelia Garc\u00eda Leal, ha hecho balance del trabajo que est\u00e1 realizando su equipo de Gobierno en materia de vivienda, \u201cen el que, sin lugar a dudas, \u00a0ha sido el municipio m\u00e1s castigado por la erupci\u00f3n del volc\u00e1n ya que 780 viviendas de las 1.026 destruidas en la Isla se encuentran en Los Llanos\u201d.<\/p>\n<p style=\"text-align: justify;\">Garc\u00eda Leal ha se\u00f1alado que \u00a0\u201cel esfuerzo de nuestros vecinos ha sido clave para que el Ayuntamiento aridanense haya concedido 48 licencias urban\u00edsticas en suelo r\u00fastico en tiempo r\u00e9cord\u201d. Adem\u00e1s, ha explicado que se han concedido en apenas 5 meses, \u00a0y ha confirmado que desde que se aprob\u00f3 el Decreto se han registrado cerca de 100 solicitudes, \u201cpor lo que se realizan comisiones y plenos extraordinarios cada 15 d\u00edas, con el fin de agilizar el proceso de concesi\u00f3n que suele ser de manera \u00e1gil, siempre y cuando no haya que hacer otros tr\u00e1mites como segregaciones del terreno o apertura de v\u00edas, que en ese caso, no son responsabilidad directa del Ayuntamiento, y deben pasar antes por la notaria, por lo que se dilata un poco m\u00e1s el proceso\u201d, asegura.<\/p>\n<p style=\"text-align: justify;\">Asimismo, recuerda que el Consistorio aridanense fue el primero del Valle en otorgar estas licencias, despu\u00e9s de que Gobierno de Canarias diese luz verde al Decreto Ley 4\/22 que modifica el 1\/22 del 20 de enero, por el que se habilita suelo r\u00fastico com\u00fan para que las familias que han perdido su casa habitual por el volc\u00e1n puedan construir en esta categor\u00eda de suelo. Y confirma que \u201ctal y como nos comprometimos el Ayuntamiento est\u00e1 bonificando el 95% del cobro de las tasas de las licencias municipales, con el fin de ayudar a estas familias\u201d.<\/p>\n<p style=\"text-align: justify;\">La alcaldesa tambi\u00e9n ha querido poner en valor el trabajo que est\u00e1n realizando las 9 personas que trabajan en Urbanismo, en la Oficina de Atenci\u00f3n a los Afectados por el Volc\u00e1n, y en la que se hacen todos los tr\u00e1mites relacionados con la emergencia volc\u00e1nica, que atienden e informan a una media diaria de 10 afectados con la tramitaci\u00f3n de las licencias y la informaci\u00f3n urban\u00edstica que solicitan. \u201cConcretamente 3 arquitectos, 2 aparejadores, 1 ingeniero de caminos, 1 auxiliar administrativo y 2 juristas.\u00a0 Todos ellos contratados a trav\u00e9s del Plan de Empleo Extraordinario hasta el mes de diciembre, y cuya labor est\u00e1 siendo clave para la reconstrucci\u00f3n en la que nos encontramos inmersos. Por lo que nos preocupa mucho no saber qu\u00e9 va a pasar una vez se termine este Plan de Empleo\u201d, asegura.<\/p>\n<p style=\"text-align: justify;\">La edil tambi\u00e9n ha recordado que durante este a\u00f1o y casi dos meses desde que erupcion\u00f3 el volc\u00e1n se han cedido 4 viviendas de la Casa de los Maestros; se ha puesto a disposici\u00f3n del Gobierno de Canarias m\u00e1s de 26.000 metros cuadrados de suelo urbano para la instalaci\u00f3n de casas modulares en las zonas del Jable, La Monta\u00f1a y el Roque. Y ha vuelto a pedir al Gobierno de Canarias \u201cmayor agilidad y compromiso en la entrega de las viviendas, ya que las \u00fanicas 5 viviendas modulares entregadas hasta el momento han sido en Los Llanos, gracias a que pusimos el suelo a disposici\u00f3n del Ejecutivo regional de manera r\u00e1pida\u201d.<\/p>\n<p style=\"text-align: justify;\">Por \u00faltimo, desde el Ayuntamiento se recuerda que \u201cpara este equipo de Gobierno es fundamental el bienestar de nuestros vecinos, por lo que vamos a seguir trabajando como hasta ahora para continuar ofreciendo soluciones a los aridanenses\u201d.<\/p>\n<p>[\/vc_column_text][vc_empty_space height=\u00bb20px\u00bb][\/vc_column_inner][\/vc_row_inner][\/vc_column][\/vc_row]<\/p>\n<\/section>","protected":false},"excerpt":{"rendered":"<p>[vc_row css_animation=\u00bb\u00bb row_type=\u00bbrow\u00bb use_row_as_full_screen_section=\u00bbno\u00bb type=\u00bbfull_width\u00bb angled_section=\u00bbno\u00bb text_align=\u00bbleft\u00bb background_image_as_pattern=\u00bbwithout_pattern\u00bb][vc_column][vc_row_inner row_type=\u00bbrow\u00bb type=\u00bbgrid\u00bb text_align=\u00bbleft\u00bb css_animation=\u00bb\u00bb][vc_column_inner][vc_empty_space height=\u00bb20px\u00bb][vc_column_text] La alcaldesa explica que se convocan comisiones y plenos extraordinarios cada 15 d\u00edas con el objetivo de agilizar el proceso de concesi\u00f3n de estas licencias, y confirma que desde que se aprob\u00f3&#8230;<\/p>\n","protected":false},"author":1,"featured_media":0,"comment_status":"closed","ping_status":"open","sticky":false,"template":"","format":"standard","meta":{"footnotes":""},"categories":[6],"tags":[],"class_list":["post-1081","post","type-post","status-publish","format-standard","hentry","category-prensa"],"yoast_head":"<!-- This site is optimized with the Yoast SEO plugin v22.7 - https:\/\/yoast.com\/wordpress\/plugins\/seo\/ -->\n<title>Garc\u00eda Leal: \u201cEl esfuerzo de nuestros vecinos ha sido clave para que el Ayuntamiento de Los Llanos de Aridane haya concedido 48 licencias urban\u00edsticas en suelo r\u00fastico en tiempo r\u00e9cord\u201d - Ayuntamiento de Los Llanos de Aridane<\/title>\n<meta name=\"description\" content=\"El Ayuntamiento de Los Llanos de Aridane presenta el cartel y el programa de La Patrona 2021 con el lema \u201cRemedios, m\u00e1s que un nombre.\u201d\" \/>\n<meta name=\"robots\" content=\"index, follow, max-snippet:-1, max-image-preview:large, max-video-preview:-1\" \/>\n<link rel=\"canonical\" href=\"https:\/\/www.aridane.org\/city\/2022\/11\/04\/garcia-leal-el-esfuerzo-de-nuestros-vecinos-ha-sido-clave-para-que-el-ayuntamiento-de-los-llanos-de-aridane-haya-concedido-48-licencias-urbanisticas-en-suelo-rustico-en-tiempo-record\/\" \/>\n<meta property=\"og:locale\" content=\"es_ES\" \/>\n<meta property=\"og:type\" content=\"article\" \/>\n<meta property=\"og:title\" content=\"Garc\u00eda Leal: \u201cEl esfuerzo de nuestros vecinos ha sido clave para que el Ayuntamiento de Los Llanos de Aridane haya concedido 48 licencias urban\u00edsticas en suelo r\u00fastico en tiempo r\u00e9cord\u201d - Ayuntamiento de Los Llanos de Aridane\" \/>\n<meta property=\"og:description\" content=\"El Ayuntamiento de Los Llanos de Aridane presenta el cartel y el programa de La Patrona 2021 con el lema \u201cRemedios, m\u00e1s que un nombre.\u201d\" \/>\n<meta property=\"og:url\" content=\"https:\/\/www.aridane.org\/city\/2022\/11\/04\/garcia-leal-el-esfuerzo-de-nuestros-vecinos-ha-sido-clave-para-que-el-ayuntamiento-de-los-llanos-de-aridane-haya-concedido-48-licencias-urbanisticas-en-suelo-rustico-en-tiempo-record\/\" \/>\n<meta property=\"og:site_name\" content=\"Ayuntamiento de Los Llanos de Aridane\" \/>\n<meta property=\"article:published_time\" content=\"2022-11-04T09:22:58+00:00\" \/>\n<meta name=\"author\" content=\"Richard Diaz\" \/>\n<meta name=\"twitter:card\" content=\"summary_large_image\" \/>\n<meta name=\"twitter:label1\" content=\"Escrito por\" \/>\n\t<meta name=\"twitter:data1\" content=\"Richard Diaz\" \/>\n\t<meta name=\"twitter:label2\" content=\"Tiempo de lectura\" \/>\n\t<meta name=\"twitter:data2\" content=\"4 minutos\" \/>\n<script type=\"application\/ld+json\" class=\"yoast-schema-graph\">{\"@context\":\"https:\/\/schema.org\",\"@graph\":[{\"@type\":\"WebPage\",\"@id\":\"https:\/\/www.aridane.org\/city\/2022\/11\/04\/garcia-leal-el-esfuerzo-de-nuestros-vecinos-ha-sido-clave-para-que-el-ayuntamiento-de-los-llanos-de-aridane-haya-concedido-48-licencias-urbanisticas-en-suelo-rustico-en-tiempo-record\/\",\"url\":\"https:\/\/www.aridane.org\/city\/2022\/11\/04\/garcia-leal-el-esfuerzo-de-nuestros-vecinos-ha-sido-clave-para-que-el-ayuntamiento-de-los-llanos-de-aridane-haya-concedido-48-licencias-urbanisticas-en-suelo-rustico-en-tiempo-record\/\",\"name\":\"Garc\u00eda Leal: \u201cEl esfuerzo de nuestros vecinos ha sido clave para que el Ayuntamiento de Los Llanos de Aridane haya concedido 48 licencias urban\u00edsticas en suelo r\u00fastico en tiempo r\u00e9cord\u201d - Ayuntamiento de Los Llanos de Aridane\",\"isPartOf\":{\"@id\":\"https:\/\/www.aridane.org\/city\/#website\"},\"datePublished\":\"2022-11-04T09:22:58+00:00\",\"dateModified\":\"2022-11-04T09:22:58+00:00\",\"author\":{\"@id\":\"https:\/\/www.aridane.org\/city\/#\/schema\/person\/7d352ec7f29881716f298394432e7209\"},\"description\":\"El Ayuntamiento de Los Llanos de Aridane presenta el cartel y el programa de La Patrona 2021 con el lema \u201cRemedios, m\u00e1s que un nombre.\u201d\",\"breadcrumb\":{\"@id\":\"https:\/\/www.aridane.org\/city\/2022\/11\/04\/garcia-leal-el-esfuerzo-de-nuestros-vecinos-ha-sido-clave-para-que-el-ayuntamiento-de-los-llanos-de-aridane-haya-concedido-48-licencias-urbanisticas-en-suelo-rustico-en-tiempo-record\/#breadcrumb\"},\"inLanguage\":\"es\",\"potentialAction\":[{\"@type\":\"ReadAction\",\"target\":[\"https:\/\/www.aridane.org\/city\/2022\/11\/04\/garcia-leal-el-esfuerzo-de-nuestros-vecinos-ha-sido-clave-para-que-el-ayuntamiento-de-los-llanos-de-aridane-haya-concedido-48-licencias-urbanisticas-en-suelo-rustico-en-tiempo-record\/\"]}]},{\"@type\":\"BreadcrumbList\",\"@id\":\"https:\/\/www.aridane.org\/city\/2022\/11\/04\/garcia-leal-el-esfuerzo-de-nuestros-vecinos-ha-sido-clave-para-que-el-ayuntamiento-de-los-llanos-de-aridane-haya-concedido-48-licencias-urbanisticas-en-suelo-rustico-en-tiempo-record\/#breadcrumb\",\"itemListElement\":[{\"@type\":\"ListItem\",\"position\":1,\"name\":\"Portada\",\"item\":\"https:\/\/www.aridane.org\/city\/\"},{\"@type\":\"ListItem\",\"position\":2,\"name\":\"Garc\u00eda Leal: \u201cEl esfuerzo de nuestros vecinos ha sido clave para que el Ayuntamiento de Los Llanos de Aridane haya concedido 48 licencias urban\u00edsticas en suelo r\u00fastico en tiempo r\u00e9cord\u201d\"}]},{\"@type\":\"WebSite\",\"@id\":\"https:\/\/www.aridane.org\/city\/#website\",\"url\":\"https:\/\/www.aridane.org\/city\/\",\"name\":\"Ayuntamiento de Los Llanos de Aridane\",\"description\":\"\",\"potentialAction\":[{\"@type\":\"SearchAction\",\"target\":{\"@type\":\"EntryPoint\",\"urlTemplate\":\"https:\/\/www.aridane.org\/city\/?s={search_term_string}\"},\"query-input\":\"required name=search_term_string\"}],\"inLanguage\":\"es\"},{\"@type\":\"Person\",\"@id\":\"https:\/\/www.aridane.org\/city\/#\/schema\/person\/7d352ec7f29881716f298394432e7209\",\"name\":\"Richard Diaz\",\"image\":{\"@type\":\"ImageObject\",\"inLanguage\":\"es\",\"@id\":\"https:\/\/www.aridane.org\/city\/#\/schema\/person\/image\/\",\"url\":\"https:\/\/secure.gravatar.com\/avatar\/bacd6aefc26a4a204943090a4c596cd10f0857081ef3cfd12084a70ecb3161d5?s=96&d=mm&r=g\",\"contentUrl\":\"https:\/\/secure.gravatar.com\/avatar\/bacd6aefc26a4a204943090a4c596cd10f0857081ef3cfd12084a70ecb3161d5?s=96&d=mm&r=g\",\"caption\":\"Richard Diaz\"},\"sameAs\":[\"https:\/\/www.aridane.org\/city\"],\"url\":\"https:\/\/www.aridane.org\/city\/author\/richard-diaz\/\"}]}<\/script>\n<!-- \/ Yoast SEO plugin. -->","yoast_head_json":{"title":"Garc\u00eda Leal: \u201cEl esfuerzo de nuestros vecinos ha sido clave para que el Ayuntamiento de Los Llanos de Aridane haya concedido 48 licencias urban\u00edsticas en suelo r\u00fastico en tiempo r\u00e9cord\u201d - Ayuntamiento de Los Llanos de Aridane","description":"El Ayuntamiento de Los Llanos de Aridane presenta el cartel y el programa de La Patrona 2021 con el lema \u201cRemedios, m\u00e1s que un nombre.\u201d","robots":{"index":"index","follow":"follow","max-snippet":"max-snippet:-1","max-image-preview":"max-image-preview:large","max-video-preview":"max-video-preview:-1"},"canonical":"https:\/\/www.aridane.org\/city\/2022\/11\/04\/garcia-leal-el-esfuerzo-de-nuestros-vecinos-ha-sido-clave-para-que-el-ayuntamiento-de-los-llanos-de-aridane-haya-concedido-48-licencias-urbanisticas-en-suelo-rustico-en-tiempo-record\/","og_locale":"es_ES","og_type":"article","og_title":"Garc\u00eda Leal: \u201cEl esfuerzo de nuestros vecinos ha sido clave para que el Ayuntamiento de Los Llanos de Aridane haya concedido 48 licencias urban\u00edsticas en suelo r\u00fastico en tiempo r\u00e9cord\u201d - Ayuntamiento de Los Llanos de Aridane","og_description":"El Ayuntamiento de Los Llanos de Aridane presenta el cartel y el programa de La Patrona 2021 con el lema \u201cRemedios, m\u00e1s que un nombre.\u201d","og_url":"https:\/\/www.aridane.org\/city\/2022\/11\/04\/garcia-leal-el-esfuerzo-de-nuestros-vecinos-ha-sido-clave-para-que-el-ayuntamiento-de-los-llanos-de-aridane-haya-concedido-48-licencias-urbanisticas-en-suelo-rustico-en-tiempo-record\/","og_site_name":"Ayuntamiento de Los Llanos de Aridane","article_published_time":"2022-11-04T09:22:58+00:00","author":"Richard Diaz","twitter_card":"summary_large_image","twitter_misc":{"Escrito por":"Richard Diaz","Tiempo de lectura":"4 minutos"},"schema":{"@context":"https:\/\/schema.org","@graph":[{"@type":"WebPage","@id":"https:\/\/www.aridane.org\/city\/2022\/11\/04\/garcia-leal-el-esfuerzo-de-nuestros-vecinos-ha-sido-clave-para-que-el-ayuntamiento-de-los-llanos-de-aridane-haya-concedido-48-licencias-urbanisticas-en-suelo-rustico-en-tiempo-record\/","url":"https:\/\/www.aridane.org\/city\/2022\/11\/04\/garcia-leal-el-esfuerzo-de-nuestros-vecinos-ha-sido-clave-para-que-el-ayuntamiento-de-los-llanos-de-aridane-haya-concedido-48-licencias-urbanisticas-en-suelo-rustico-en-tiempo-record\/","name":"Garc\u00eda Leal: \u201cEl esfuerzo de nuestros vecinos ha sido clave para que el Ayuntamiento de Los Llanos de Aridane haya concedido 48 licencias urban\u00edsticas en suelo r\u00fastico en tiempo r\u00e9cord\u201d - Ayuntamiento de Los Llanos de Aridane","isPartOf":{"@id":"https:\/\/www.aridane.org\/city\/#website"},"datePublished":"2022-11-04T09:22:58+00:00","dateModified":"2022-11-04T09:22:58+00:00","author":{"@id":"https:\/\/www.aridane.org\/city\/#\/schema\/person\/7d352ec7f29881716f298394432e7209"},"description":"El Ayuntamiento de Los Llanos de Aridane presenta el cartel y el programa de La Patrona 2021 con el lema \u201cRemedios, m\u00e1s que un nombre.\u201d","breadcrumb":{"@id":"https:\/\/www.aridane.org\/city\/2022\/11\/04\/garcia-leal-el-esfuerzo-de-nuestros-vecinos-ha-sido-clave-para-que-el-ayuntamiento-de-los-llanos-de-aridane-haya-concedido-48-licencias-urbanisticas-en-suelo-rustico-en-tiempo-record\/#breadcrumb"},"inLanguage":"es","potentialAction":[{"@type":"ReadAction","target":["https:\/\/www.aridane.org\/city\/2022\/11\/04\/garcia-leal-el-esfuerzo-de-nuestros-vecinos-ha-sido-clave-para-que-el-ayuntamiento-de-los-llanos-de-aridane-haya-concedido-48-licencias-urbanisticas-en-suelo-rustico-en-tiempo-record\/"]}]},{"@type":"BreadcrumbList","@id":"https:\/\/www.aridane.org\/city\/2022\/11\/04\/garcia-leal-el-esfuerzo-de-nuestros-vecinos-ha-sido-clave-para-que-el-ayuntamiento-de-los-llanos-de-aridane-haya-concedido-48-licencias-urbanisticas-en-suelo-rustico-en-tiempo-record\/#breadcrumb","itemListElement":[{"@type":"ListItem","position":1,"name":"Portada","item":"https:\/\/www.aridane.org\/city\/"},{"@type":"ListItem","position":2,"name":"Garc\u00eda Leal: \u201cEl esfuerzo de nuestros vecinos ha sido clave para que el Ayuntamiento de Los Llanos de Aridane haya concedido 48 licencias urban\u00edsticas en suelo r\u00fastico en tiempo r\u00e9cord\u201d"}]},{"@type":"WebSite","@id":"https:\/\/www.aridane.org\/city\/#website","url":"https:\/\/www.aridane.org\/city\/","name":"Ayuntamiento de Los Llanos de Aridane","description":"","potentialAction":[{"@type":"SearchAction","target":{"@type":"EntryPoint","urlTemplate":"https:\/\/www.aridane.org\/city\/?s={search_term_string}"},"query-input":"required name=search_term_string"}],"inLanguage":"es"},{"@type":"Person","@id":"https:\/\/www.aridane.org\/city\/#\/schema\/person\/7d352ec7f29881716f298394432e7209","name":"Richard Diaz","image":{"@type":"ImageObject","inLanguage":"es","@id":"https:\/\/www.aridane.org\/city\/#\/schema\/person\/image\/","url":"https:\/\/secure.gravatar.com\/avatar\/bacd6aefc26a4a204943090a4c596cd10f0857081ef3cfd12084a70ecb3161d5?s=96&d=mm&r=g","contentUrl":"https:\/\/secure.gravatar.com\/avatar\/bacd6aefc26a4a204943090a4c596cd10f0857081ef3cfd12084a70ecb3161d5?s=96&d=mm&r=g","caption":"Richard Diaz"},"sameAs":["https:\/\/www.aridane.org\/city"],"url":"https:\/\/www.aridane.org\/city\/author\/richard-diaz\/"}]}},"_links":{"self":[{"href":"https:\/\/www.aridane.org\/city\/wp-json\/wp\/v2\/posts\/1081","targetHints":{"allow":["GET"]}}],"collection":[{"href":"https:\/\/www.aridane.org\/city\/wp-json\/wp\/v2\/posts"}],"about":[{"href":"https:\/\/www.aridane.org\/city\/wp-json\/wp\/v2\/types\/post"}],"author":[{"embeddable":true,"href":"https:\/\/www.aridane.org\/city\/wp-json\/wp\/v2\/users\/1"}],"replies":[{"embeddable":true,"href":"https:\/\/www.aridane.org\/city\/wp-json\/wp\/v2\/comments?post=1081"}],"version-history":[{"count":0,"href":"https:\/\/www.aridane.org\/city\/wp-json\/wp\/v2\/posts\/1081\/revisions"}],"wp:attachment":[{"href":"https:\/\/www.aridane.org\/city\/wp-json\/wp\/v2\/media?parent=1081"}],"wp:term":[{"taxonomy":"category","embeddable":true,"href":"https:\/\/www.aridane.org\/city\/wp-json\/wp\/v2\/categories?post=1081"},{"taxonomy":"post_tag","embeddable":true,"href":"https:\/\/www.aridane.org\/city\/wp-json\/wp\/v2\/tags?post=1081"}],"curies":[{"name":"wp","href":"https:\/\/api.w.org\/{rel}","templated":true}]}}