{"id":1084,"date":"2022-11-04T11:03:00","date_gmt":"2022-11-04T11:03:00","guid":{"rendered":"https:\/\/aridane.org\/ciudad\/?p=1084"},"modified":"2022-11-04T11:03:00","modified_gmt":"2022-11-04T11:03:00","slug":"segundo-dia-del-festival-del-libro-2022-en-los-llanos-de-aridane","status":"publish","type":"post","link":"https:\/\/www.aridane.org\/city\/2022\/11\/04\/segundo-dia-del-festival-del-libro-2022-en-los-llanos-de-aridane\/","title":{"rendered":"Segundo d\u00eda del Festival del Libro 2022 en Los Llanos de Aridane"},"content":{"rendered":"<section class=\"wpb-content-wrapper\"><p>[vc_row css_animation=\u00bb\u00bb row_type=\u00bbrow\u00bb use_row_as_full_screen_section=\u00bbno\u00bb type=\u00bbfull_width\u00bb angled_section=\u00bbno\u00bb text_align=\u00bbleft\u00bb background_image_as_pattern=\u00bbwithout_pattern\u00bb][vc_column][vc_row_inner row_type=\u00bbrow\u00bb type=\u00bbgrid\u00bb text_align=\u00bbleft\u00bb css_animation=\u00bb\u00bb][vc_column_inner][vc_empty_space height=\u00bb20px\u00bb][vc_column_text]<\/p>\n<p style=\"text-align: justify;\"><strong>Los Llanos de Aridane, 4 de noviembre de 2022.-<\/strong> El Ayuntamiento de Los Llanos de Aridane a trav\u00e9s de la concejal de Cultura, Charo Gonz\u00e1lez, ha puesto en valor la segunda jornada del Festival del Libro que se celebra en el municipio.<\/p>\n<p style=\"text-align: justify;\">La concejal ha explicado que un d\u00eda m\u00e1s se ha contado con las casetas de librer\u00edas y editoriales instaladas en la Plaza de Espa\u00f1a, \u00a0y una nueva sesi\u00f3n de \u2018Cuentos Feriantes\u2019<br \/>\na cargo de Javi Gonz\u00e1lez por la ma\u00f1ana, y en esta ocasi\u00f3n ha podido disfrutar de las aventuras de los protagonistas de estos cuentos el alumnado de primaria del CEIP Sagrada Familia de Nazaret.<\/p>\n<p style=\"text-align: justify;\">En horario de tarde, continuaron las presentaciones y firmas de libros. En primer lugar, \u2018Cuadernos del Subtr\u00f3pico Norte\u201d cuya presentaci\u00f3n ha sido a cargo de su propio autor, Marcos Dosantos, y de la escritora Elsa L\u00f3pez.<\/p>\n<p style=\"text-align: justify;\">Seguidamente, se produjo la presentaci\u00f3n de la primera y \u00fanica traducci\u00f3n del libro \u2018Se\u00f1ales del Oeste\u2019, de Pedro da Silveira a cargo de Aquiles Brito.<\/p>\n<p style=\"text-align: justify;\">Y la jornada finaliz\u00f3 con la presentaci\u00f3n de \u2018Las Chicas de las estrellas\u2019, a cargo del autor, Luis Casta\u00f1eda, y del profesor y escritor Ibrahim P\u00e9rez Hern\u00e1ndez.<\/p>\n<p style=\"text-align: justify;\">Mientras todo esto ocurr\u00eda en la Plaza de Espa\u00f1a, en la Biblioteca P\u00fablica Municipal Mar\u00eda Nieves P\u00e9rez Acosta ten\u00eda lugar el espacio de animaci\u00f3n a la lectura para familias, Pequeteca, dinamizado por Elena Revuelta, y el club de lectura feminista Un Bosque Propio, dinamizado por Patricia Figuero, ambos de car\u00e1cter quincenal.<\/p>\n<p style=\"text-align: justify;\">Para hoy viernes, se contar\u00e1 con el mismo horario de apertura de las casetas, de 10:00 a 13:00 horas y de 17:00 a 20:00 horas. La jornada comenzar\u00e1 con la \u00faltima sesi\u00f3n de \u2018Cuentos Feriantes a cargo de Javi Gonz\u00e1lez, en esta ocasi\u00f3n dirigidos a alumnado de primaria del CEIP El Roque y la unitaria de Las Manchas de Abajo\u201d.<\/p>\n<p style=\"text-align: justify;\">En horario de tarde, a las 17:00 horas ser\u00e1 la presentaci\u00f3n y firma del libro \u2018Tormenta Garc\u00eda\u2019, cuya presentaci\u00f3n correr\u00e1 a cargo de la autora Julieta Mart\u00edn Fuentes; la concejal de Cultura de Los Llanos de Aridane, \u00a0Charo Gonz\u00e1lez Palmero; \u00a0la escritora Luc\u00eda Rosa Gonz\u00e1lez; Eugenia y Manuela P\u00e9rez Curbelo, creadoras e impulsoras de la iniciativa \u2018Volver\u00e1n las amapolas a La Palma\u2019; y el escritor V\u00edctor Yanes, impulsor de \u2018La Palma Opina\u2019<\/p>\n<p style=\"text-align: justify;\">En esta obra se narra c\u00f3mo cada persona adulta lleva una Tormenta Garc\u00eda dentro, un alma c\u00e1ndida que perdi\u00f3 su ed\u00e9n particular cuando descubri\u00f3 que detr\u00e1s de ese mundo hermoso y perfecto que cre\u00eda conocer hay uno lleno de miserias morales. La tercera novela de Julieta Mart\u00edn Fuentes es, sin duda, la m\u00e1s dura e intensa de cu\u00e1ntas ha escrito. Aunque el ambiente, los personajes y las diferentes tramas que va hilvanando sean ficticios, hay muchos, quiz\u00e1 demasiados, detalles inspirados en hechos reales vividos, parecidos, por la autora y su familia. La tinta de cada p\u00e1gina de Tormenta Garc\u00eda, como nos declara Julieta Mart\u00edn no es tal, sino sangre, pues al escribir la novela se hizo adulta.<\/p>\n<p style=\"text-align: justify;\">A las 18:30 horas ser\u00e1 el turno para la presentaci\u00f3n y firma del libro \u2018El Latido de Al-Magreb\u2019, a cargo de su autor, Pablo Mart\u00edn Carbajal, y de la periodista \u00c1ngeles Jurado Quintana.<\/p>\n<p style=\"text-align: justify;\">En esta obra el lector se adentrar\u00e1 en un viaje al Magreb con \u00c1lvaro y Carol, dos hermanos con una dif\u00edcil relaci\u00f3n que trabajan en la empresa familiar, en Canarias. A trav\u00e9s de sus respectivos viajes a Marruecos y Mauritania por cuestiones laborales, conocemos con ellos la historia de Al-Magreb al-Aqsa, la parte m\u00e1s occidental del Magreb, el papel de sus l\u00edderes independentistas, el conflicto del Sahara que perdura desde hace m\u00e1s de 40 a\u00f1os, nuestra propia historia. Compartiremos la realidad cultural de la regi\u00f3n, el papel de la mujer, la crucial importancia del islam, su complejidad hist\u00f3rica y sus retos de futuro. \u2018El latido de Al-Magreb\u2019 es, adem\u00e1s, la aventura; el encuentro con el otro, con el que es diferente.<\/p>\n<p style=\"text-align: justify;\">A las 20:00 horas se presentar\u00e1 \u2018Bocados sonoros especial Festival del Libro\u2019, SIMBEQUE PROJECT, VOL. III Simbeque Project es la banda canaria que homenajea y reinterpreta el folclore canario fusion\u00e1ndolo con jazz, rock, electr\u00f3nica, funk, drum&amp;bass e incluso rap, acerc\u00e1ndolo a las nuevas generaciones, con respeto a sus ra\u00edces, letras y melod\u00edas, y sin perder de vista la idea de su internacionalizaci\u00f3n. En su tercer trabajo discogr\u00e1fico que ahora estrenan en la isla de La Palma, presentan un repertorio cargado de s\u00edmbolos de la m\u00fasica popular canaria como son fol\u00edas, isas, malague\u00f1as o seguidillas. Desde su formaci\u00f3n, en el a\u00f1o 2015, Simbeque Project ha recorrido los escenarios y festivales m\u00e1s destacados de Canarias y ha cruzado al otro lado del Atl\u00e1ntico con sus incursiones en Estados Unidos y en Colombia. Igualmente, la banda ha sido galardonada por los Premios Canarios de la M\u00fasica y prenominados a los Grammy Latin Awards.<\/p>\n<p style=\"text-align: justify;\">Por \u00faltimo, desde el Ayuntamiento de Los Llanos de Aridane se invita a todas aquellas personas que lo deseen a participar en esta nueva jornada del Festival del Libro.<\/p>\n<p>[\/vc_column_text][vc_empty_space height=\u00bb20px\u00bb][\/vc_column_inner][\/vc_row_inner][\/vc_column][\/vc_row]<\/p>\n<\/section>","protected":false},"excerpt":{"rendered":"<p>[vc_row css_animation=\u00bb\u00bb row_type=\u00bbrow\u00bb use_row_as_full_screen_section=\u00bbno\u00bb type=\u00bbfull_width\u00bb angled_section=\u00bbno\u00bb text_align=\u00bbleft\u00bb background_image_as_pattern=\u00bbwithout_pattern\u00bb][vc_column][vc_row_inner row_type=\u00bbrow\u00bb type=\u00bbgrid\u00bb text_align=\u00bbleft\u00bb css_animation=\u00bb\u00bb][vc_column_inner][vc_empty_space height=\u00bb20px\u00bb][vc_column_text] Los Llanos de Aridane, 4 de noviembre de 2022.- El Ayuntamiento de Los Llanos de Aridane a trav\u00e9s de la concejal de Cultura, Charo Gonz\u00e1lez, ha puesto en valor la segunda jornada&#8230;<\/p>\n","protected":false},"author":1,"featured_media":0,"comment_status":"closed","ping_status":"open","sticky":false,"template":"","format":"standard","meta":{"footnotes":""},"categories":[6],"tags":[],"class_list":["post-1084","post","type-post","status-publish","format-standard","hentry","category-prensa"],"yoast_head":"<!-- This site is optimized with the Yoast SEO plugin v22.7 - https:\/\/yoast.com\/wordpress\/plugins\/seo\/ -->\n<title>Segundo d\u00eda del Festival del Libro 2022 en Los Llanos de Aridane - Ayuntamiento de Los Llanos de Aridane<\/title>\n<meta name=\"description\" content=\"El Ayuntamiento de Los Llanos de Aridane presenta el cartel y el programa de La Patrona 2021 con el lema \u201cRemedios, m\u00e1s que un nombre.\u201d\" \/>\n<meta name=\"robots\" content=\"index, follow, max-snippet:-1, max-image-preview:large, max-video-preview:-1\" \/>\n<link rel=\"canonical\" href=\"https:\/\/www.aridane.org\/city\/2022\/11\/04\/segundo-dia-del-festival-del-libro-2022-en-los-llanos-de-aridane\/\" \/>\n<meta property=\"og:locale\" content=\"es_ES\" \/>\n<meta property=\"og:type\" content=\"article\" \/>\n<meta property=\"og:title\" content=\"Segundo d\u00eda del Festival del Libro 2022 en Los Llanos de Aridane - Ayuntamiento de Los Llanos de Aridane\" \/>\n<meta property=\"og:description\" content=\"El Ayuntamiento de Los Llanos de Aridane presenta el cartel y el programa de La Patrona 2021 con el lema \u201cRemedios, m\u00e1s que un nombre.\u201d\" \/>\n<meta property=\"og:url\" content=\"https:\/\/www.aridane.org\/city\/2022\/11\/04\/segundo-dia-del-festival-del-libro-2022-en-los-llanos-de-aridane\/\" \/>\n<meta property=\"og:site_name\" content=\"Ayuntamiento de Los Llanos de Aridane\" \/>\n<meta property=\"article:published_time\" content=\"2022-11-04T11:03:00+00:00\" \/>\n<meta name=\"author\" content=\"Richard Diaz\" \/>\n<meta name=\"twitter:card\" content=\"summary_large_image\" \/>\n<meta name=\"twitter:label1\" content=\"Escrito por\" \/>\n\t<meta name=\"twitter:data1\" content=\"Richard Diaz\" \/>\n\t<meta name=\"twitter:label2\" content=\"Tiempo de lectura\" \/>\n\t<meta name=\"twitter:data2\" content=\"4 minutos\" \/>\n<script type=\"application\/ld+json\" class=\"yoast-schema-graph\">{\"@context\":\"https:\/\/schema.org\",\"@graph\":[{\"@type\":\"WebPage\",\"@id\":\"https:\/\/www.aridane.org\/city\/2022\/11\/04\/segundo-dia-del-festival-del-libro-2022-en-los-llanos-de-aridane\/\",\"url\":\"https:\/\/www.aridane.org\/city\/2022\/11\/04\/segundo-dia-del-festival-del-libro-2022-en-los-llanos-de-aridane\/\",\"name\":\"Segundo d\u00eda del Festival del Libro 2022 en Los Llanos de Aridane - Ayuntamiento de Los Llanos de Aridane\",\"isPartOf\":{\"@id\":\"https:\/\/www.aridane.org\/city\/#website\"},\"datePublished\":\"2022-11-04T11:03:00+00:00\",\"dateModified\":\"2022-11-04T11:03:00+00:00\",\"author\":{\"@id\":\"https:\/\/www.aridane.org\/city\/#\/schema\/person\/7d352ec7f29881716f298394432e7209\"},\"description\":\"El Ayuntamiento de Los Llanos de Aridane presenta el cartel y el programa de La Patrona 2021 con el lema \u201cRemedios, m\u00e1s que un nombre.\u201d\",\"breadcrumb\":{\"@id\":\"https:\/\/www.aridane.org\/city\/2022\/11\/04\/segundo-dia-del-festival-del-libro-2022-en-los-llanos-de-aridane\/#breadcrumb\"},\"inLanguage\":\"es\",\"potentialAction\":[{\"@type\":\"ReadAction\",\"target\":[\"https:\/\/www.aridane.org\/city\/2022\/11\/04\/segundo-dia-del-festival-del-libro-2022-en-los-llanos-de-aridane\/\"]}]},{\"@type\":\"BreadcrumbList\",\"@id\":\"https:\/\/www.aridane.org\/city\/2022\/11\/04\/segundo-dia-del-festival-del-libro-2022-en-los-llanos-de-aridane\/#breadcrumb\",\"itemListElement\":[{\"@type\":\"ListItem\",\"position\":1,\"name\":\"Portada\",\"item\":\"https:\/\/www.aridane.org\/city\/\"},{\"@type\":\"ListItem\",\"position\":2,\"name\":\"Segundo d\u00eda del Festival del Libro 2022 en Los Llanos de Aridane\"}]},{\"@type\":\"WebSite\",\"@id\":\"https:\/\/www.aridane.org\/city\/#website\",\"url\":\"https:\/\/www.aridane.org\/city\/\",\"name\":\"Ayuntamiento de Los Llanos de Aridane\",\"description\":\"\",\"potentialAction\":[{\"@type\":\"SearchAction\",\"target\":{\"@type\":\"EntryPoint\",\"urlTemplate\":\"https:\/\/www.aridane.org\/city\/?s={search_term_string}\"},\"query-input\":\"required name=search_term_string\"}],\"inLanguage\":\"es\"},{\"@type\":\"Person\",\"@id\":\"https:\/\/www.aridane.org\/city\/#\/schema\/person\/7d352ec7f29881716f298394432e7209\",\"name\":\"Richard Diaz\",\"image\":{\"@type\":\"ImageObject\",\"inLanguage\":\"es\",\"@id\":\"https:\/\/www.aridane.org\/city\/#\/schema\/person\/image\/\",\"url\":\"https:\/\/secure.gravatar.com\/avatar\/bacd6aefc26a4a204943090a4c596cd10f0857081ef3cfd12084a70ecb3161d5?s=96&d=mm&r=g\",\"contentUrl\":\"https:\/\/secure.gravatar.com\/avatar\/bacd6aefc26a4a204943090a4c596cd10f0857081ef3cfd12084a70ecb3161d5?s=96&d=mm&r=g\",\"caption\":\"Richard Diaz\"},\"sameAs\":[\"https:\/\/www.aridane.org\/city\"],\"url\":\"https:\/\/www.aridane.org\/city\/author\/richard-diaz\/\"}]}<\/script>\n<!-- \/ Yoast SEO plugin. -->","yoast_head_json":{"title":"Segundo d\u00eda del Festival del Libro 2022 en Los Llanos de Aridane - Ayuntamiento de Los Llanos de Aridane","description":"El Ayuntamiento de Los Llanos de Aridane presenta el cartel y el programa de La Patrona 2021 con el lema \u201cRemedios, m\u00e1s que un nombre.\u201d","robots":{"index":"index","follow":"follow","max-snippet":"max-snippet:-1","max-image-preview":"max-image-preview:large","max-video-preview":"max-video-preview:-1"},"canonical":"https:\/\/www.aridane.org\/city\/2022\/11\/04\/segundo-dia-del-festival-del-libro-2022-en-los-llanos-de-aridane\/","og_locale":"es_ES","og_type":"article","og_title":"Segundo d\u00eda del Festival del Libro 2022 en Los Llanos de Aridane - Ayuntamiento de Los Llanos de Aridane","og_description":"El Ayuntamiento de Los Llanos de Aridane presenta el cartel y el programa de La Patrona 2021 con el lema \u201cRemedios, m\u00e1s que un nombre.\u201d","og_url":"https:\/\/www.aridane.org\/city\/2022\/11\/04\/segundo-dia-del-festival-del-libro-2022-en-los-llanos-de-aridane\/","og_site_name":"Ayuntamiento de Los Llanos de Aridane","article_published_time":"2022-11-04T11:03:00+00:00","author":"Richard Diaz","twitter_card":"summary_large_image","twitter_misc":{"Escrito por":"Richard Diaz","Tiempo de lectura":"4 minutos"},"schema":{"@context":"https:\/\/schema.org","@graph":[{"@type":"WebPage","@id":"https:\/\/www.aridane.org\/city\/2022\/11\/04\/segundo-dia-del-festival-del-libro-2022-en-los-llanos-de-aridane\/","url":"https:\/\/www.aridane.org\/city\/2022\/11\/04\/segundo-dia-del-festival-del-libro-2022-en-los-llanos-de-aridane\/","name":"Segundo d\u00eda del Festival del Libro 2022 en Los Llanos de Aridane - Ayuntamiento de Los Llanos de Aridane","isPartOf":{"@id":"https:\/\/www.aridane.org\/city\/#website"},"datePublished":"2022-11-04T11:03:00+00:00","dateModified":"2022-11-04T11:03:00+00:00","author":{"@id":"https:\/\/www.aridane.org\/city\/#\/schema\/person\/7d352ec7f29881716f298394432e7209"},"description":"El Ayuntamiento de Los Llanos de Aridane presenta el cartel y el programa de La Patrona 2021 con el lema \u201cRemedios, m\u00e1s que un nombre.\u201d","breadcrumb":{"@id":"https:\/\/www.aridane.org\/city\/2022\/11\/04\/segundo-dia-del-festival-del-libro-2022-en-los-llanos-de-aridane\/#breadcrumb"},"inLanguage":"es","potentialAction":[{"@type":"ReadAction","target":["https:\/\/www.aridane.org\/city\/2022\/11\/04\/segundo-dia-del-festival-del-libro-2022-en-los-llanos-de-aridane\/"]}]},{"@type":"BreadcrumbList","@id":"https:\/\/www.aridane.org\/city\/2022\/11\/04\/segundo-dia-del-festival-del-libro-2022-en-los-llanos-de-aridane\/#breadcrumb","itemListElement":[{"@type":"ListItem","position":1,"name":"Portada","item":"https:\/\/www.aridane.org\/city\/"},{"@type":"ListItem","position":2,"name":"Segundo d\u00eda del Festival del Libro 2022 en Los Llanos de Aridane"}]},{"@type":"WebSite","@id":"https:\/\/www.aridane.org\/city\/#website","url":"https:\/\/www.aridane.org\/city\/","name":"Ayuntamiento de Los Llanos de Aridane","description":"","potentialAction":[{"@type":"SearchAction","target":{"@type":"EntryPoint","urlTemplate":"https:\/\/www.aridane.org\/city\/?s={search_term_string}"},"query-input":"required name=search_term_string"}],"inLanguage":"es"},{"@type":"Person","@id":"https:\/\/www.aridane.org\/city\/#\/schema\/person\/7d352ec7f29881716f298394432e7209","name":"Richard Diaz","image":{"@type":"ImageObject","inLanguage":"es","@id":"https:\/\/www.aridane.org\/city\/#\/schema\/person\/image\/","url":"https:\/\/secure.gravatar.com\/avatar\/bacd6aefc26a4a204943090a4c596cd10f0857081ef3cfd12084a70ecb3161d5?s=96&d=mm&r=g","contentUrl":"https:\/\/secure.gravatar.com\/avatar\/bacd6aefc26a4a204943090a4c596cd10f0857081ef3cfd12084a70ecb3161d5?s=96&d=mm&r=g","caption":"Richard Diaz"},"sameAs":["https:\/\/www.aridane.org\/city"],"url":"https:\/\/www.aridane.org\/city\/author\/richard-diaz\/"}]}},"_links":{"self":[{"href":"https:\/\/www.aridane.org\/city\/wp-json\/wp\/v2\/posts\/1084","targetHints":{"allow":["GET"]}}],"collection":[{"href":"https:\/\/www.aridane.org\/city\/wp-json\/wp\/v2\/posts"}],"about":[{"href":"https:\/\/www.aridane.org\/city\/wp-json\/wp\/v2\/types\/post"}],"author":[{"embeddable":true,"href":"https:\/\/www.aridane.org\/city\/wp-json\/wp\/v2\/users\/1"}],"replies":[{"embeddable":true,"href":"https:\/\/www.aridane.org\/city\/wp-json\/wp\/v2\/comments?post=1084"}],"version-history":[{"count":0,"href":"https:\/\/www.aridane.org\/city\/wp-json\/wp\/v2\/posts\/1084\/revisions"}],"wp:attachment":[{"href":"https:\/\/www.aridane.org\/city\/wp-json\/wp\/v2\/media?parent=1084"}],"wp:term":[{"taxonomy":"category","embeddable":true,"href":"https:\/\/www.aridane.org\/city\/wp-json\/wp\/v2\/categories?post=1084"},{"taxonomy":"post_tag","embeddable":true,"href":"https:\/\/www.aridane.org\/city\/wp-json\/wp\/v2\/tags?post=1084"}],"curies":[{"name":"wp","href":"https:\/\/api.w.org\/{rel}","templated":true}]}}