{"id":1087,"date":"2022-11-04T13:13:51","date_gmt":"2022-11-04T13:13:51","guid":{"rendered":"https:\/\/aridane.org\/ciudad\/?p=1087"},"modified":"2022-11-04T13:13:51","modified_gmt":"2022-11-04T13:13:51","slug":"el-ayuntamiento-de-los-llanos-de-aridane-pone-en-marcha-en-los-colegios-publicos-del-municipio-los-talleres-de-prevencion-de-violencia-amor-bonito-conmigo-y-contigo","status":"publish","type":"post","link":"https:\/\/www.aridane.org\/city\/2022\/11\/04\/el-ayuntamiento-de-los-llanos-de-aridane-pone-en-marcha-en-los-colegios-publicos-del-municipio-los-talleres-de-prevencion-de-violencia-amor-bonito-conmigo-y-contigo\/","title":{"rendered":"El Ayuntamiento de Los Llanos de Aridane pone en marcha en los colegios p\u00fablicos del municipio los talleres de prevenci\u00f3n de violencia \u2018Amor Bonito. Conmigo y Contigo\u2019"},"content":{"rendered":"<section class=\"wpb-content-wrapper\"><p>[vc_row css_animation=\u00bb\u00bb row_type=\u00bbrow\u00bb use_row_as_full_screen_section=\u00bbno\u00bb type=\u00bbfull_width\u00bb angled_section=\u00bbno\u00bb text_align=\u00bbleft\u00bb background_image_as_pattern=\u00bbwithout_pattern\u00bb][vc_column][vc_row_inner row_type=\u00bbrow\u00bb type=\u00bbgrid\u00bb text_align=\u00bbleft\u00bb css_animation=\u00bb\u00bb][vc_column_inner][vc_empty_space height=\u00bb20px\u00bb][vc_column_text]<\/p>\n<ul>\n<li style=\"text-align: justify;\"><em>Desde la concejal\u00eda de Igualdad explican que a trav\u00e9s de 3 sesiones, impartidas por la <\/em><em>psic\u00f3loga Nieves P\u00e9rez Ventura, se abordar\u00e1n, con el alumnado de primaria, temas <\/em><em>como: las relaciones que mantiene cada persona consigo misma, las relaciones que <\/em><em>mantenemos con otras personas que nos rodean, y se reflexionar\u00e1 acerca de las <\/em><em>relaciones de pareja, con el prop\u00f3sito de desmontar algunos de los mitos del amor <\/em><em>rom\u00e1ntico.<\/em><\/li>\n<\/ul>\n<p>&nbsp;<\/p>\n<p style=\"text-align: justify;\">Los Llanos de Aridane, 4 de noviembre del 2022.- El Ayuntamiento de Los Llanos de Aridane a trav\u00e9s de Igualdad, Elena Pais, y junto a la psic\u00f3loga, Nieves P\u00e9rez Ventura,<br \/>\nponen en marcha los talleres \u2018Amor Bonito. Conmigo y Contigo\u2019, una actividad que est\u00e1 dentro de las acciones del Pacto de Estado contra la Violencia de G\u00e9nero, y que se lleva desarrollando durante los \u00faltimos 5 a\u00f1os.<\/p>\n<p style=\"text-align: justify;\">Pais explica que esta \u00a0propuesta de trabajo est\u00e1 dirigida al alumnado de Educaci\u00f3n Primaria, \u201cy a lo largo de tres sesiones se abordar\u00e1n las relaciones intrapersonales, las relaciones que mantiene cada persona consigo mismas; las relaciones interpersonales, es decir, las relaciones que mantenemos con otras personas que nos rodean, y se reflexionar\u00e1 acerca de las relaciones de pareja, con el prop\u00f3sito de desmontar algunos de los mitos del amor rom\u00e1ntico\u201d, se\u00f1ala.<\/p>\n<p style=\"text-align: justify;\">Adem\u00e1s, la concejal explica que esta actividad comenzar\u00e1 el pr\u00f3ximo lunes, 7 de noviembre, en el CEIP Mar\u00eda Milagros Acosta, y se realizar\u00e1 desde el concepto de Amor Bonito, \u201centendiendo que este est\u00e1 basado en valores de igualdad, justicia, respeto, entre otros. Todos ellos aspectos imprescindibles para poder mantener relaciones sanas y libres de cualquier tipo de violencia\u201d.<\/p>\n<p style=\"text-align: justify;\">Por su parte, la psic\u00f3loga Nieves P\u00e9rez Ventura asegura que se plantea una metodolog\u00eda participativa con la que buscamos que sean las ni\u00f1as y los ni\u00f1os quienes construyan su propio aprendizaje, es decir, \u201cque hagan sus propias reflexiones sobre el tema que nos ocupa. Para ello realizaremos diferentes din\u00e1micas y juegos de confianza personal y cohesi\u00f3n grupal, din\u00e1micas de contacto emocional, y reflexiones en grupo\u201d. Asimismo, afirma que los contenidos se distribuir\u00e1n en 3 sesiones de trabajo con cada grupo, y se desarrollar\u00e1n los bloques 1 y 2, mientras que los contenidos del bloque 3 se ir\u00e1n realizando de manera transversal en cada sesi\u00f3n.<\/p>\n<p style=\"text-align: justify;\">Por \u00faltimo, desde el Ayuntamiento de Los Llanos de Aridane ponen en valor esta actividad y defienden que \u201ceste equipo de Gobierno est\u00e1 seguro que esta propuesta de trabajo influir\u00e1 positivamente en el desarrollo personal y social de los ni\u00f1os y ni\u00f1as de nuestro municipio, desde edades tempranas\u201d.<\/p>\n<p>[\/vc_column_text][vc_empty_space height=\u00bb20px\u00bb][\/vc_column_inner][\/vc_row_inner][\/vc_column][\/vc_row]<\/p>\n<\/section>","protected":false},"excerpt":{"rendered":"<p>[vc_row css_animation=\u00bb\u00bb row_type=\u00bbrow\u00bb use_row_as_full_screen_section=\u00bbno\u00bb type=\u00bbfull_width\u00bb angled_section=\u00bbno\u00bb text_align=\u00bbleft\u00bb background_image_as_pattern=\u00bbwithout_pattern\u00bb][vc_column][vc_row_inner row_type=\u00bbrow\u00bb type=\u00bbgrid\u00bb text_align=\u00bbleft\u00bb css_animation=\u00bb\u00bb][vc_column_inner][vc_empty_space height=\u00bb20px\u00bb][vc_column_text] Desde la concejal\u00eda de Igualdad explican que a trav\u00e9s de 3 sesiones, impartidas por la psic\u00f3loga Nieves P\u00e9rez Ventura, se abordar\u00e1n, con el alumnado de primaria, temas como: las relaciones que mantiene&#8230;<\/p>\n","protected":false},"author":1,"featured_media":0,"comment_status":"closed","ping_status":"open","sticky":false,"template":"","format":"standard","meta":{"footnotes":""},"categories":[6],"tags":[],"class_list":["post-1087","post","type-post","status-publish","format-standard","hentry","category-prensa"],"yoast_head":"<!-- This site is optimized with the Yoast SEO plugin v22.7 - https:\/\/yoast.com\/wordpress\/plugins\/seo\/ -->\n<title>El Ayuntamiento de Los Llanos de Aridane pone en marcha en los colegios p\u00fablicos del municipio los talleres de prevenci\u00f3n de violencia \u2018Amor Bonito. Conmigo y Contigo\u2019 - Ayuntamiento de Los Llanos de Aridane<\/title>\n<meta name=\"description\" content=\"El Ayuntamiento de Los Llanos de Aridane presenta el cartel y el programa de La Patrona 2021 con el lema \u201cRemedios, m\u00e1s que un nombre.\u201d\" \/>\n<meta name=\"robots\" content=\"index, follow, max-snippet:-1, max-image-preview:large, max-video-preview:-1\" \/>\n<link rel=\"canonical\" href=\"https:\/\/www.aridane.org\/city\/2022\/11\/04\/el-ayuntamiento-de-los-llanos-de-aridane-pone-en-marcha-en-los-colegios-publicos-del-municipio-los-talleres-de-prevencion-de-violencia-amor-bonito-conmigo-y-contigo\/\" \/>\n<meta property=\"og:locale\" content=\"es_ES\" \/>\n<meta property=\"og:type\" content=\"article\" \/>\n<meta property=\"og:title\" content=\"El Ayuntamiento de Los Llanos de Aridane pone en marcha en los colegios p\u00fablicos del municipio los talleres de prevenci\u00f3n de violencia \u2018Amor Bonito. Conmigo y Contigo\u2019 - Ayuntamiento de Los Llanos de Aridane\" \/>\n<meta property=\"og:description\" content=\"El Ayuntamiento de Los Llanos de Aridane presenta el cartel y el programa de La Patrona 2021 con el lema \u201cRemedios, m\u00e1s que un nombre.\u201d\" \/>\n<meta property=\"og:url\" content=\"https:\/\/www.aridane.org\/city\/2022\/11\/04\/el-ayuntamiento-de-los-llanos-de-aridane-pone-en-marcha-en-los-colegios-publicos-del-municipio-los-talleres-de-prevencion-de-violencia-amor-bonito-conmigo-y-contigo\/\" \/>\n<meta property=\"og:site_name\" content=\"Ayuntamiento de Los Llanos de Aridane\" \/>\n<meta property=\"article:published_time\" content=\"2022-11-04T13:13:51+00:00\" \/>\n<meta name=\"author\" content=\"Richard Diaz\" \/>\n<meta name=\"twitter:card\" content=\"summary_large_image\" \/>\n<meta name=\"twitter:label1\" content=\"Escrito por\" \/>\n\t<meta name=\"twitter:data1\" content=\"Richard Diaz\" \/>\n\t<meta name=\"twitter:label2\" content=\"Tiempo de lectura\" \/>\n\t<meta name=\"twitter:data2\" content=\"2 minutos\" \/>\n<script type=\"application\/ld+json\" class=\"yoast-schema-graph\">{\"@context\":\"https:\/\/schema.org\",\"@graph\":[{\"@type\":\"WebPage\",\"@id\":\"https:\/\/www.aridane.org\/city\/2022\/11\/04\/el-ayuntamiento-de-los-llanos-de-aridane-pone-en-marcha-en-los-colegios-publicos-del-municipio-los-talleres-de-prevencion-de-violencia-amor-bonito-conmigo-y-contigo\/\",\"url\":\"https:\/\/www.aridane.org\/city\/2022\/11\/04\/el-ayuntamiento-de-los-llanos-de-aridane-pone-en-marcha-en-los-colegios-publicos-del-municipio-los-talleres-de-prevencion-de-violencia-amor-bonito-conmigo-y-contigo\/\",\"name\":\"El Ayuntamiento de Los Llanos de Aridane pone en marcha en los colegios p\u00fablicos del municipio los talleres de prevenci\u00f3n de violencia \u2018Amor Bonito. Conmigo y Contigo\u2019 - Ayuntamiento de Los Llanos de Aridane\",\"isPartOf\":{\"@id\":\"https:\/\/www.aridane.org\/city\/#website\"},\"datePublished\":\"2022-11-04T13:13:51+00:00\",\"dateModified\":\"2022-11-04T13:13:51+00:00\",\"author\":{\"@id\":\"https:\/\/www.aridane.org\/city\/#\/schema\/person\/7d352ec7f29881716f298394432e7209\"},\"description\":\"El Ayuntamiento de Los Llanos de Aridane presenta el cartel y el programa de La Patrona 2021 con el lema \u201cRemedios, m\u00e1s que un nombre.\u201d\",\"breadcrumb\":{\"@id\":\"https:\/\/www.aridane.org\/city\/2022\/11\/04\/el-ayuntamiento-de-los-llanos-de-aridane-pone-en-marcha-en-los-colegios-publicos-del-municipio-los-talleres-de-prevencion-de-violencia-amor-bonito-conmigo-y-contigo\/#breadcrumb\"},\"inLanguage\":\"es\",\"potentialAction\":[{\"@type\":\"ReadAction\",\"target\":[\"https:\/\/www.aridane.org\/city\/2022\/11\/04\/el-ayuntamiento-de-los-llanos-de-aridane-pone-en-marcha-en-los-colegios-publicos-del-municipio-los-talleres-de-prevencion-de-violencia-amor-bonito-conmigo-y-contigo\/\"]}]},{\"@type\":\"BreadcrumbList\",\"@id\":\"https:\/\/www.aridane.org\/city\/2022\/11\/04\/el-ayuntamiento-de-los-llanos-de-aridane-pone-en-marcha-en-los-colegios-publicos-del-municipio-los-talleres-de-prevencion-de-violencia-amor-bonito-conmigo-y-contigo\/#breadcrumb\",\"itemListElement\":[{\"@type\":\"ListItem\",\"position\":1,\"name\":\"Portada\",\"item\":\"https:\/\/www.aridane.org\/city\/\"},{\"@type\":\"ListItem\",\"position\":2,\"name\":\"El Ayuntamiento de Los Llanos de Aridane pone en marcha en los colegios p\u00fablicos del municipio los talleres de prevenci\u00f3n de violencia \u2018Amor Bonito. Conmigo y Contigo\u2019\"}]},{\"@type\":\"WebSite\",\"@id\":\"https:\/\/www.aridane.org\/city\/#website\",\"url\":\"https:\/\/www.aridane.org\/city\/\",\"name\":\"Ayuntamiento de Los Llanos de Aridane\",\"description\":\"\",\"potentialAction\":[{\"@type\":\"SearchAction\",\"target\":{\"@type\":\"EntryPoint\",\"urlTemplate\":\"https:\/\/www.aridane.org\/city\/?s={search_term_string}\"},\"query-input\":\"required name=search_term_string\"}],\"inLanguage\":\"es\"},{\"@type\":\"Person\",\"@id\":\"https:\/\/www.aridane.org\/city\/#\/schema\/person\/7d352ec7f29881716f298394432e7209\",\"name\":\"Richard Diaz\",\"image\":{\"@type\":\"ImageObject\",\"inLanguage\":\"es\",\"@id\":\"https:\/\/www.aridane.org\/city\/#\/schema\/person\/image\/\",\"url\":\"https:\/\/secure.gravatar.com\/avatar\/bacd6aefc26a4a204943090a4c596cd10f0857081ef3cfd12084a70ecb3161d5?s=96&d=mm&r=g\",\"contentUrl\":\"https:\/\/secure.gravatar.com\/avatar\/bacd6aefc26a4a204943090a4c596cd10f0857081ef3cfd12084a70ecb3161d5?s=96&d=mm&r=g\",\"caption\":\"Richard Diaz\"},\"sameAs\":[\"https:\/\/www.aridane.org\/city\"],\"url\":\"https:\/\/www.aridane.org\/city\/author\/richard-diaz\/\"}]}<\/script>\n<!-- \/ Yoast SEO plugin. -->","yoast_head_json":{"title":"El Ayuntamiento de Los Llanos de Aridane pone en marcha en los colegios p\u00fablicos del municipio los talleres de prevenci\u00f3n de violencia \u2018Amor Bonito. Conmigo y Contigo\u2019 - Ayuntamiento de Los Llanos de Aridane","description":"El Ayuntamiento de Los Llanos de Aridane presenta el cartel y el programa de La Patrona 2021 con el lema \u201cRemedios, m\u00e1s que un nombre.\u201d","robots":{"index":"index","follow":"follow","max-snippet":"max-snippet:-1","max-image-preview":"max-image-preview:large","max-video-preview":"max-video-preview:-1"},"canonical":"https:\/\/www.aridane.org\/city\/2022\/11\/04\/el-ayuntamiento-de-los-llanos-de-aridane-pone-en-marcha-en-los-colegios-publicos-del-municipio-los-talleres-de-prevencion-de-violencia-amor-bonito-conmigo-y-contigo\/","og_locale":"es_ES","og_type":"article","og_title":"El Ayuntamiento de Los Llanos de Aridane pone en marcha en los colegios p\u00fablicos del municipio los talleres de prevenci\u00f3n de violencia \u2018Amor Bonito. Conmigo y Contigo\u2019 - Ayuntamiento de Los Llanos de Aridane","og_description":"El Ayuntamiento de Los Llanos de Aridane presenta el cartel y el programa de La Patrona 2021 con el lema \u201cRemedios, m\u00e1s que un nombre.\u201d","og_url":"https:\/\/www.aridane.org\/city\/2022\/11\/04\/el-ayuntamiento-de-los-llanos-de-aridane-pone-en-marcha-en-los-colegios-publicos-del-municipio-los-talleres-de-prevencion-de-violencia-amor-bonito-conmigo-y-contigo\/","og_site_name":"Ayuntamiento de Los Llanos de Aridane","article_published_time":"2022-11-04T13:13:51+00:00","author":"Richard Diaz","twitter_card":"summary_large_image","twitter_misc":{"Escrito por":"Richard Diaz","Tiempo de lectura":"2 minutos"},"schema":{"@context":"https:\/\/schema.org","@graph":[{"@type":"WebPage","@id":"https:\/\/www.aridane.org\/city\/2022\/11\/04\/el-ayuntamiento-de-los-llanos-de-aridane-pone-en-marcha-en-los-colegios-publicos-del-municipio-los-talleres-de-prevencion-de-violencia-amor-bonito-conmigo-y-contigo\/","url":"https:\/\/www.aridane.org\/city\/2022\/11\/04\/el-ayuntamiento-de-los-llanos-de-aridane-pone-en-marcha-en-los-colegios-publicos-del-municipio-los-talleres-de-prevencion-de-violencia-amor-bonito-conmigo-y-contigo\/","name":"El Ayuntamiento de Los Llanos de Aridane pone en marcha en los colegios p\u00fablicos del municipio los talleres de prevenci\u00f3n de violencia \u2018Amor Bonito. Conmigo y Contigo\u2019 - Ayuntamiento de Los Llanos de Aridane","isPartOf":{"@id":"https:\/\/www.aridane.org\/city\/#website"},"datePublished":"2022-11-04T13:13:51+00:00","dateModified":"2022-11-04T13:13:51+00:00","author":{"@id":"https:\/\/www.aridane.org\/city\/#\/schema\/person\/7d352ec7f29881716f298394432e7209"},"description":"El Ayuntamiento de Los Llanos de Aridane presenta el cartel y el programa de La Patrona 2021 con el lema \u201cRemedios, m\u00e1s que un nombre.\u201d","breadcrumb":{"@id":"https:\/\/www.aridane.org\/city\/2022\/11\/04\/el-ayuntamiento-de-los-llanos-de-aridane-pone-en-marcha-en-los-colegios-publicos-del-municipio-los-talleres-de-prevencion-de-violencia-amor-bonito-conmigo-y-contigo\/#breadcrumb"},"inLanguage":"es","potentialAction":[{"@type":"ReadAction","target":["https:\/\/www.aridane.org\/city\/2022\/11\/04\/el-ayuntamiento-de-los-llanos-de-aridane-pone-en-marcha-en-los-colegios-publicos-del-municipio-los-talleres-de-prevencion-de-violencia-amor-bonito-conmigo-y-contigo\/"]}]},{"@type":"BreadcrumbList","@id":"https:\/\/www.aridane.org\/city\/2022\/11\/04\/el-ayuntamiento-de-los-llanos-de-aridane-pone-en-marcha-en-los-colegios-publicos-del-municipio-los-talleres-de-prevencion-de-violencia-amor-bonito-conmigo-y-contigo\/#breadcrumb","itemListElement":[{"@type":"ListItem","position":1,"name":"Portada","item":"https:\/\/www.aridane.org\/city\/"},{"@type":"ListItem","position":2,"name":"El Ayuntamiento de Los Llanos de Aridane pone en marcha en los colegios p\u00fablicos del municipio los talleres de prevenci\u00f3n de violencia \u2018Amor Bonito. Conmigo y Contigo\u2019"}]},{"@type":"WebSite","@id":"https:\/\/www.aridane.org\/city\/#website","url":"https:\/\/www.aridane.org\/city\/","name":"Ayuntamiento de Los Llanos de Aridane","description":"","potentialAction":[{"@type":"SearchAction","target":{"@type":"EntryPoint","urlTemplate":"https:\/\/www.aridane.org\/city\/?s={search_term_string}"},"query-input":"required name=search_term_string"}],"inLanguage":"es"},{"@type":"Person","@id":"https:\/\/www.aridane.org\/city\/#\/schema\/person\/7d352ec7f29881716f298394432e7209","name":"Richard Diaz","image":{"@type":"ImageObject","inLanguage":"es","@id":"https:\/\/www.aridane.org\/city\/#\/schema\/person\/image\/","url":"https:\/\/secure.gravatar.com\/avatar\/bacd6aefc26a4a204943090a4c596cd10f0857081ef3cfd12084a70ecb3161d5?s=96&d=mm&r=g","contentUrl":"https:\/\/secure.gravatar.com\/avatar\/bacd6aefc26a4a204943090a4c596cd10f0857081ef3cfd12084a70ecb3161d5?s=96&d=mm&r=g","caption":"Richard Diaz"},"sameAs":["https:\/\/www.aridane.org\/city"],"url":"https:\/\/www.aridane.org\/city\/author\/richard-diaz\/"}]}},"_links":{"self":[{"href":"https:\/\/www.aridane.org\/city\/wp-json\/wp\/v2\/posts\/1087","targetHints":{"allow":["GET"]}}],"collection":[{"href":"https:\/\/www.aridane.org\/city\/wp-json\/wp\/v2\/posts"}],"about":[{"href":"https:\/\/www.aridane.org\/city\/wp-json\/wp\/v2\/types\/post"}],"author":[{"embeddable":true,"href":"https:\/\/www.aridane.org\/city\/wp-json\/wp\/v2\/users\/1"}],"replies":[{"embeddable":true,"href":"https:\/\/www.aridane.org\/city\/wp-json\/wp\/v2\/comments?post=1087"}],"version-history":[{"count":0,"href":"https:\/\/www.aridane.org\/city\/wp-json\/wp\/v2\/posts\/1087\/revisions"}],"wp:attachment":[{"href":"https:\/\/www.aridane.org\/city\/wp-json\/wp\/v2\/media?parent=1087"}],"wp:term":[{"taxonomy":"category","embeddable":true,"href":"https:\/\/www.aridane.org\/city\/wp-json\/wp\/v2\/categories?post=1087"},{"taxonomy":"post_tag","embeddable":true,"href":"https:\/\/www.aridane.org\/city\/wp-json\/wp\/v2\/tags?post=1087"}],"curies":[{"name":"wp","href":"https:\/\/api.w.org\/{rel}","templated":true}]}}