{"id":1090,"date":"2022-11-07T09:45:29","date_gmt":"2022-11-07T09:45:29","guid":{"rendered":"https:\/\/aridane.org\/ciudad\/?p=1090"},"modified":"2022-11-07T09:45:29","modified_gmt":"2022-11-07T09:45:29","slug":"los-llanos-acoge-el-i-congreso-de-estudios-sobre-el-valle-de-aridane-este-semana","status":"publish","type":"post","link":"https:\/\/www.aridane.org\/city\/2022\/11\/07\/los-llanos-acoge-el-i-congreso-de-estudios-sobre-el-valle-de-aridane-este-semana\/","title":{"rendered":"Los Llanos acoge el I Congreso de Estudios sobre el Valle de Aridane este semana"},"content":{"rendered":"<section class=\"wpb-content-wrapper\"><p>[vc_row css_animation=\u00bb\u00bb row_type=\u00bbrow\u00bb use_row_as_full_screen_section=\u00bbno\u00bb type=\u00bbfull_width\u00bb angled_section=\u00bbno\u00bb text_align=\u00bbleft\u00bb background_image_as_pattern=\u00bbwithout_pattern\u00bb][vc_column][vc_row_inner row_type=\u00bbrow\u00bb type=\u00bbgrid\u00bb text_align=\u00bbleft\u00bb css_animation=\u00bb\u00bb][vc_column_inner][vc_empty_space height=\u00bb20px\u00bb][vc_column_text]<\/p>\n<ul>\n<li style=\"text-align: justify;\"><em>Ser\u00e1 desde este jueves 10 al s\u00e1bado 12 de noviembre, en el Museo Arqueol\u00f3gico Benahoarita, y el coordinador de estas jornadas ser\u00e1 el archivero municipal, Miguel \u00c1ngel Santiago P\u00e9rez.<\/em><\/li>\n<li style=\"text-align: justify;\"><em>Desde la concejal\u00eda de Cultura defienden que se contar\u00e1 con un amplio programa de ponencias y comunicaciones de gran inter\u00e9s, que influir\u00e1n positivamente en un mayor conocimiento de muchos aspectos del Valle de Aridane.<\/em><\/li>\n<\/ul>\n<p>&nbsp;<\/p>\n<p style=\"text-align: justify;\"><strong>Los Llanos de Aridane, 7 de noviembre de 2022.-<\/strong> El Ayuntamiento de Los Llanos de Aridane a trav\u00e9s de la Concejal\u00eda de Cultura, que dirige Charo Gonz\u00e1lez, confirma que ya est\u00e1 todo preparado para acoger el \u2018I Congreso de Estudios sobre el Valle de Aridane\u2019, que se desarrollar\u00e1 desde el pr\u00f3ximo jueves 10 al s\u00e1bado 12 de noviembre, en el Museo Arqueol\u00f3gico Benahoarita, y cuyo coordinador de las jornadas ser\u00e1 el archivero municipal, Miguel \u00c1ngel Santiago P\u00e9rez.<\/p>\n<p style=\"text-align: justify;\">Gonz\u00e1lez recuerda que este encuentro se ten\u00eda que haber celebrado el a\u00f1o pasado, \u201cpero debido a la erupci\u00f3n volc\u00e1nica se ha tenido que posponer hasta ahora\u201d. Adem\u00e1s, reconoce que es la primera vez que se realiza un congreso con estas caracter\u00edsticas en el Valle, y confirma que \u201ccontaremos con un amplio programa de ponencias y comunicaciones de gran inter\u00e9s, que estamos seguros que van a influir positivamente en un mayor conocimiento de muchos aspectos del Valle de Aridane\u201d, se\u00f1ala.<\/p>\n<p style=\"text-align: justify;\">Asimismo, la concejal tambi\u00e9n asegura que estas ponencias y comunicaciones ser\u00e1n recogidas en una publicaci\u00f3n que se editar\u00e1 en el a\u00f1o 2023, \u201cy esperamos que este congreso sea el primero de numerosos encuentros que realicemos, con car\u00e1cter anual o bienal, con el fin de seguir garantizando el desarrollo de temas interesantes para los ciudadanos del Valle de Aridane, y se tengan las publicaciones de ello\u201d.<\/p>\n<p style=\"text-align: justify;\">Por \u00faltimo, desde el Ayuntamiento de Los Llanos de Aridane se recuerda que \u201cla celebraci\u00f3n de este Congreso tiene el objetivo de ayudar a fomentar la investigaci\u00f3n sobre el Valle de Aridane; poner sobre la mesa las diferentes posibilidades de desarrollo sostenible; que los participantes pongan en com\u00fan sus conocimientos, y que a la vez se cree un foro de debate p\u00fablico para compartir conocimientos estrat\u00e9gicos sobre los valores hist\u00f3ricos, culturales, cient\u00edficos y econ\u00f3micos del Valle de Aridane\u201d.<\/p>\n<p style=\"text-align: justify;\"><strong>PROGRAMA<\/strong><\/p>\n<p style=\"text-align: justify;\"><strong>Jueves 10<\/strong><br \/>\n11-12\u201930 horas: \u201cEl Archivo Municipal de Los Llanos de Aridane\u201d. Por Miguel Angel Santiago P\u00e9rez.<\/p>\n<p style=\"text-align: justify;\">16-16\u201915 horas: Apertura del Congreso<\/p>\n<p style=\"text-align: justify;\">16\u201915-17 horas: \u201cLa Memoria de la Ciudad a paso lento, Los Llanos de Aridane\u201d. Por Mar\u00eda Victoria Hern\u00e1ndez P\u00e9rez.<\/p>\n<p style=\"text-align: justify;\">17-17\u201920 horas: \u201cEl Valle de Aridane en la etapa prehisp\u00e1nica y su relaci\u00f3n con los volcanes\u201d. Por Felipe Jorge Pais Pais.<\/p>\n<p style=\"text-align: justify;\">17\u201920-17\u201940 horas: \u201cEl Valle en el archivo parroquial de El Salvador\u201d. Por Bel\u00e9n Lorenzo Francisco.<\/p>\n<p style=\"text-align: justify;\">17\u00b440-18 horas: \u201cDe camino al Valle: Trayectoria de la compositora Nieves D\u00edaz Torres\u201d. Por Bel\u00e9n Lorenzo Francisco.<\/p>\n<p style=\"text-align: justify;\">18-18\u201920: \u201cAproximaci\u00f3n a las atalayas de salud en el Valle de Aridane entre 1821- 1847\u201d. Por Mauricio P\u00e9rez Vi\u00f1a<\/p>\n<p style=\"text-align: justify;\">18\u201920-18\u201945 horas: \u201cApuntes sobre los hermanos Ezequiel y Manuel Cuevas Mederos\u201d, m\u00fasicos y emigrantes en Cuba y Argentina\u201d. Por Sergio Armas.<\/p>\n<p style=\"text-align: justify;\">19-19\u201930 horas: \u201cLa ense\u00f1anza en los barrios del Sur (1860-1960). Por Juan Marcelino Rodr\u00edguez Ram\u00edrez.<\/p>\n<p style=\"text-align: justify;\"><strong>Viernes 11<\/strong><\/p>\n<p style=\"text-align: justify;\">16-16\u201920 horas: \u201cEntre malpa\u00edses y volcanes: reconstrucci\u00f3n etnogr\u00e1fica de las experiencias volc\u00e1nicas de La Palma\u201d. Por Alejandro Rodr\u00edguez Pais y Miguel Villalba Silva<\/p>\n<p style=\"text-align: justify;\">16\u201920-16\u201945 horas: \u201cClub Deportivo Atl\u00e9tico Paso: momentos memorables para setenta a\u00f1os de historia\u201d. Por Carlos Valent\u00edn Lorenzo Hern\u00e1ndez<\/p>\n<p style=\"text-align: justify;\">16\u201945-17\u201910 horas: \u201cEl comienzo de la hegemon\u00eda del caciquismo sotomayorista durante la Restauraci\u00f3n en el Valle de Aridane (1890-1905)\u201d. Por Salvador Gonz\u00e1lez V\u00e1zquez.<\/p>\n<p style=\"text-align: justify;\">\u00a017\u201910-17\u201930 horas: \u201cAn\u00e1lisis de la evoluci\u00f3n del censo de los animales de abasto en el Valle de Aridane\u201d. Por Alejandro Escuder G\u00f3mez.<\/p>\n<p style=\"text-align: justify;\">\u00a017\u201930-17\u201950 horas: \u201cLos nombres de las calles de Los Llanos\u201d Por Francisco Vi\u00f1a Ramos.<\/p>\n<p style=\"text-align: justify;\">17\u201950-18 horas: PAUSA<\/p>\n<p style=\"text-align: justify;\">18-18-20 horas: \u201cMar\u00eda de Las Casas. Mujer pionera\u201d. Por Rosario Valc\u00e1rcel<\/p>\n<p style=\"text-align: justify;\">18\u201920-18\u201945 horas: \u201cLas cuevas de dif\u00edcil acceso y su aprovechamiento aborigen. La Cueva Tiznada\u201d. Por Nuria Alvarez Rodr\u00edguez.<\/p>\n<p style=\"text-align: justify;\">18\u201945-19\u201910 horas: \u201cNotas sobre el periodismo y literatura en la Isla de La Palma y el Valle de Aridane\u201d. Por Luis Le\u00f3n Barreto.<\/p>\n<p style=\"text-align: justify;\"><strong>S\u00e1bado 12<\/strong><\/p>\n<p style=\"text-align: justify;\">10-10\u201920 horas: \u201cNotas para la Transici\u00f3n en Los Llanos de Aridane\u201d. Por Dailos Gonz\u00e1lez D\u00edaz.<\/p>\n<p style=\"text-align: justify;\">10\u201920-11 horas: \u201cEl impacto del volc\u00e1n de San Juan (1949) en las edificaciones del municipio de Los Llanos de Aridane y los fallidos intentos de reconstrucci\u00f3n\u201d. Por Felipe Ramos P\u00e9rez y David Ramos P\u00e9rez.<\/p>\n<p style=\"text-align: justify;\">11-11\u201915 horas: PAUSA<\/p>\n<p style=\"text-align: justify;\">11\u201920-12 horas: \u201cEl Coleccionista Cayetano G\u00f3mez Felipe y su primer museo en la Ciudad del Ensue\u00f1o\u201d. Por Milagros Alvarez Sosa.<\/p>\n<p style=\"text-align: justify;\">12-13\u201930: Ponencia de Jes\u00fas P\u00e9rez Morera<\/p>\n<p>[\/vc_column_text][vc_empty_space height=\u00bb20px\u00bb][\/vc_column_inner][\/vc_row_inner][\/vc_column][\/vc_row]<\/p>\n<\/section>","protected":false},"excerpt":{"rendered":"<p>[vc_row css_animation=\u00bb\u00bb row_type=\u00bbrow\u00bb use_row_as_full_screen_section=\u00bbno\u00bb type=\u00bbfull_width\u00bb angled_section=\u00bbno\u00bb text_align=\u00bbleft\u00bb background_image_as_pattern=\u00bbwithout_pattern\u00bb][vc_column][vc_row_inner row_type=\u00bbrow\u00bb type=\u00bbgrid\u00bb text_align=\u00bbleft\u00bb css_animation=\u00bb\u00bb][vc_column_inner][vc_empty_space height=\u00bb20px\u00bb][vc_column_text] Ser\u00e1 desde este jueves 10 al s\u00e1bado 12 de noviembre, en el Museo Arqueol\u00f3gico Benahoarita, y el coordinador de estas jornadas ser\u00e1 el archivero municipal, Miguel \u00c1ngel Santiago P\u00e9rez. Desde la concejal\u00eda&#8230;<\/p>\n","protected":false},"author":1,"featured_media":0,"comment_status":"closed","ping_status":"open","sticky":false,"template":"","format":"standard","meta":{"footnotes":""},"categories":[6],"tags":[],"class_list":["post-1090","post","type-post","status-publish","format-standard","hentry","category-prensa"],"yoast_head":"<!-- This site is optimized with the Yoast SEO plugin v22.7 - https:\/\/yoast.com\/wordpress\/plugins\/seo\/ -->\n<title>Los Llanos acoge el I Congreso de Estudios sobre el Valle de Aridane este semana - Ayuntamiento de Los Llanos de Aridane<\/title>\n<meta name=\"description\" content=\"El Ayuntamiento de Los Llanos de Aridane presenta el cartel y el programa de La Patrona 2021 con el lema \u201cRemedios, m\u00e1s que un nombre.\u201d\" \/>\n<meta name=\"robots\" content=\"index, follow, max-snippet:-1, max-image-preview:large, max-video-preview:-1\" \/>\n<link rel=\"canonical\" href=\"https:\/\/www.aridane.org\/city\/2022\/11\/07\/los-llanos-acoge-el-i-congreso-de-estudios-sobre-el-valle-de-aridane-este-semana\/\" \/>\n<meta property=\"og:locale\" content=\"es_ES\" \/>\n<meta property=\"og:type\" content=\"article\" \/>\n<meta property=\"og:title\" content=\"Los Llanos acoge el I Congreso de Estudios sobre el Valle de Aridane este semana - Ayuntamiento de Los Llanos de Aridane\" \/>\n<meta property=\"og:description\" content=\"El Ayuntamiento de Los Llanos de Aridane presenta el cartel y el programa de La Patrona 2021 con el lema \u201cRemedios, m\u00e1s que un nombre.\u201d\" \/>\n<meta property=\"og:url\" content=\"https:\/\/www.aridane.org\/city\/2022\/11\/07\/los-llanos-acoge-el-i-congreso-de-estudios-sobre-el-valle-de-aridane-este-semana\/\" \/>\n<meta property=\"og:site_name\" content=\"Ayuntamiento de Los Llanos de Aridane\" \/>\n<meta property=\"article:published_time\" content=\"2022-11-07T09:45:29+00:00\" \/>\n<meta name=\"author\" content=\"Richard Diaz\" \/>\n<meta name=\"twitter:card\" content=\"summary_large_image\" \/>\n<meta name=\"twitter:label1\" content=\"Escrito por\" \/>\n\t<meta name=\"twitter:data1\" content=\"Richard Diaz\" \/>\n\t<meta name=\"twitter:label2\" content=\"Tiempo de lectura\" \/>\n\t<meta name=\"twitter:data2\" content=\"4 minutos\" \/>\n<script type=\"application\/ld+json\" class=\"yoast-schema-graph\">{\"@context\":\"https:\/\/schema.org\",\"@graph\":[{\"@type\":\"WebPage\",\"@id\":\"https:\/\/www.aridane.org\/city\/2022\/11\/07\/los-llanos-acoge-el-i-congreso-de-estudios-sobre-el-valle-de-aridane-este-semana\/\",\"url\":\"https:\/\/www.aridane.org\/city\/2022\/11\/07\/los-llanos-acoge-el-i-congreso-de-estudios-sobre-el-valle-de-aridane-este-semana\/\",\"name\":\"Los Llanos acoge el I Congreso de Estudios sobre el Valle de Aridane este semana - Ayuntamiento de Los Llanos de Aridane\",\"isPartOf\":{\"@id\":\"https:\/\/www.aridane.org\/city\/#website\"},\"datePublished\":\"2022-11-07T09:45:29+00:00\",\"dateModified\":\"2022-11-07T09:45:29+00:00\",\"author\":{\"@id\":\"https:\/\/www.aridane.org\/city\/#\/schema\/person\/7d352ec7f29881716f298394432e7209\"},\"description\":\"El Ayuntamiento de Los Llanos de Aridane presenta el cartel y el programa de La Patrona 2021 con el lema \u201cRemedios, m\u00e1s que un nombre.\u201d\",\"breadcrumb\":{\"@id\":\"https:\/\/www.aridane.org\/city\/2022\/11\/07\/los-llanos-acoge-el-i-congreso-de-estudios-sobre-el-valle-de-aridane-este-semana\/#breadcrumb\"},\"inLanguage\":\"es\",\"potentialAction\":[{\"@type\":\"ReadAction\",\"target\":[\"https:\/\/www.aridane.org\/city\/2022\/11\/07\/los-llanos-acoge-el-i-congreso-de-estudios-sobre-el-valle-de-aridane-este-semana\/\"]}]},{\"@type\":\"BreadcrumbList\",\"@id\":\"https:\/\/www.aridane.org\/city\/2022\/11\/07\/los-llanos-acoge-el-i-congreso-de-estudios-sobre-el-valle-de-aridane-este-semana\/#breadcrumb\",\"itemListElement\":[{\"@type\":\"ListItem\",\"position\":1,\"name\":\"Portada\",\"item\":\"https:\/\/www.aridane.org\/city\/\"},{\"@type\":\"ListItem\",\"position\":2,\"name\":\"Los Llanos acoge el I Congreso de Estudios sobre el Valle de Aridane este semana\"}]},{\"@type\":\"WebSite\",\"@id\":\"https:\/\/www.aridane.org\/city\/#website\",\"url\":\"https:\/\/www.aridane.org\/city\/\",\"name\":\"Ayuntamiento de Los Llanos de Aridane\",\"description\":\"\",\"potentialAction\":[{\"@type\":\"SearchAction\",\"target\":{\"@type\":\"EntryPoint\",\"urlTemplate\":\"https:\/\/www.aridane.org\/city\/?s={search_term_string}\"},\"query-input\":\"required name=search_term_string\"}],\"inLanguage\":\"es\"},{\"@type\":\"Person\",\"@id\":\"https:\/\/www.aridane.org\/city\/#\/schema\/person\/7d352ec7f29881716f298394432e7209\",\"name\":\"Richard Diaz\",\"image\":{\"@type\":\"ImageObject\",\"inLanguage\":\"es\",\"@id\":\"https:\/\/www.aridane.org\/city\/#\/schema\/person\/image\/\",\"url\":\"https:\/\/secure.gravatar.com\/avatar\/bacd6aefc26a4a204943090a4c596cd10f0857081ef3cfd12084a70ecb3161d5?s=96&d=mm&r=g\",\"contentUrl\":\"https:\/\/secure.gravatar.com\/avatar\/bacd6aefc26a4a204943090a4c596cd10f0857081ef3cfd12084a70ecb3161d5?s=96&d=mm&r=g\",\"caption\":\"Richard Diaz\"},\"sameAs\":[\"https:\/\/www.aridane.org\/city\"],\"url\":\"https:\/\/www.aridane.org\/city\/author\/richard-diaz\/\"}]}<\/script>\n<!-- \/ Yoast SEO plugin. -->","yoast_head_json":{"title":"Los Llanos acoge el I Congreso de Estudios sobre el Valle de Aridane este semana - Ayuntamiento de Los Llanos de Aridane","description":"El Ayuntamiento de Los Llanos de Aridane presenta el cartel y el programa de La Patrona 2021 con el lema \u201cRemedios, m\u00e1s que un nombre.\u201d","robots":{"index":"index","follow":"follow","max-snippet":"max-snippet:-1","max-image-preview":"max-image-preview:large","max-video-preview":"max-video-preview:-1"},"canonical":"https:\/\/www.aridane.org\/city\/2022\/11\/07\/los-llanos-acoge-el-i-congreso-de-estudios-sobre-el-valle-de-aridane-este-semana\/","og_locale":"es_ES","og_type":"article","og_title":"Los Llanos acoge el I Congreso de Estudios sobre el Valle de Aridane este semana - Ayuntamiento de Los Llanos de Aridane","og_description":"El Ayuntamiento de Los Llanos de Aridane presenta el cartel y el programa de La Patrona 2021 con el lema \u201cRemedios, m\u00e1s que un nombre.\u201d","og_url":"https:\/\/www.aridane.org\/city\/2022\/11\/07\/los-llanos-acoge-el-i-congreso-de-estudios-sobre-el-valle-de-aridane-este-semana\/","og_site_name":"Ayuntamiento de Los Llanos de Aridane","article_published_time":"2022-11-07T09:45:29+00:00","author":"Richard Diaz","twitter_card":"summary_large_image","twitter_misc":{"Escrito por":"Richard Diaz","Tiempo de lectura":"4 minutos"},"schema":{"@context":"https:\/\/schema.org","@graph":[{"@type":"WebPage","@id":"https:\/\/www.aridane.org\/city\/2022\/11\/07\/los-llanos-acoge-el-i-congreso-de-estudios-sobre-el-valle-de-aridane-este-semana\/","url":"https:\/\/www.aridane.org\/city\/2022\/11\/07\/los-llanos-acoge-el-i-congreso-de-estudios-sobre-el-valle-de-aridane-este-semana\/","name":"Los Llanos acoge el I Congreso de Estudios sobre el Valle de Aridane este semana - Ayuntamiento de Los Llanos de Aridane","isPartOf":{"@id":"https:\/\/www.aridane.org\/city\/#website"},"datePublished":"2022-11-07T09:45:29+00:00","dateModified":"2022-11-07T09:45:29+00:00","author":{"@id":"https:\/\/www.aridane.org\/city\/#\/schema\/person\/7d352ec7f29881716f298394432e7209"},"description":"El Ayuntamiento de Los Llanos de Aridane presenta el cartel y el programa de La Patrona 2021 con el lema \u201cRemedios, m\u00e1s que un nombre.\u201d","breadcrumb":{"@id":"https:\/\/www.aridane.org\/city\/2022\/11\/07\/los-llanos-acoge-el-i-congreso-de-estudios-sobre-el-valle-de-aridane-este-semana\/#breadcrumb"},"inLanguage":"es","potentialAction":[{"@type":"ReadAction","target":["https:\/\/www.aridane.org\/city\/2022\/11\/07\/los-llanos-acoge-el-i-congreso-de-estudios-sobre-el-valle-de-aridane-este-semana\/"]}]},{"@type":"BreadcrumbList","@id":"https:\/\/www.aridane.org\/city\/2022\/11\/07\/los-llanos-acoge-el-i-congreso-de-estudios-sobre-el-valle-de-aridane-este-semana\/#breadcrumb","itemListElement":[{"@type":"ListItem","position":1,"name":"Portada","item":"https:\/\/www.aridane.org\/city\/"},{"@type":"ListItem","position":2,"name":"Los Llanos acoge el I Congreso de Estudios sobre el Valle de Aridane este semana"}]},{"@type":"WebSite","@id":"https:\/\/www.aridane.org\/city\/#website","url":"https:\/\/www.aridane.org\/city\/","name":"Ayuntamiento de Los Llanos de Aridane","description":"","potentialAction":[{"@type":"SearchAction","target":{"@type":"EntryPoint","urlTemplate":"https:\/\/www.aridane.org\/city\/?s={search_term_string}"},"query-input":"required name=search_term_string"}],"inLanguage":"es"},{"@type":"Person","@id":"https:\/\/www.aridane.org\/city\/#\/schema\/person\/7d352ec7f29881716f298394432e7209","name":"Richard Diaz","image":{"@type":"ImageObject","inLanguage":"es","@id":"https:\/\/www.aridane.org\/city\/#\/schema\/person\/image\/","url":"https:\/\/secure.gravatar.com\/avatar\/bacd6aefc26a4a204943090a4c596cd10f0857081ef3cfd12084a70ecb3161d5?s=96&d=mm&r=g","contentUrl":"https:\/\/secure.gravatar.com\/avatar\/bacd6aefc26a4a204943090a4c596cd10f0857081ef3cfd12084a70ecb3161d5?s=96&d=mm&r=g","caption":"Richard Diaz"},"sameAs":["https:\/\/www.aridane.org\/city"],"url":"https:\/\/www.aridane.org\/city\/author\/richard-diaz\/"}]}},"_links":{"self":[{"href":"https:\/\/www.aridane.org\/city\/wp-json\/wp\/v2\/posts\/1090","targetHints":{"allow":["GET"]}}],"collection":[{"href":"https:\/\/www.aridane.org\/city\/wp-json\/wp\/v2\/posts"}],"about":[{"href":"https:\/\/www.aridane.org\/city\/wp-json\/wp\/v2\/types\/post"}],"author":[{"embeddable":true,"href":"https:\/\/www.aridane.org\/city\/wp-json\/wp\/v2\/users\/1"}],"replies":[{"embeddable":true,"href":"https:\/\/www.aridane.org\/city\/wp-json\/wp\/v2\/comments?post=1090"}],"version-history":[{"count":0,"href":"https:\/\/www.aridane.org\/city\/wp-json\/wp\/v2\/posts\/1090\/revisions"}],"wp:attachment":[{"href":"https:\/\/www.aridane.org\/city\/wp-json\/wp\/v2\/media?parent=1090"}],"wp:term":[{"taxonomy":"category","embeddable":true,"href":"https:\/\/www.aridane.org\/city\/wp-json\/wp\/v2\/categories?post=1090"},{"taxonomy":"post_tag","embeddable":true,"href":"https:\/\/www.aridane.org\/city\/wp-json\/wp\/v2\/tags?post=1090"}],"curies":[{"name":"wp","href":"https:\/\/api.w.org\/{rel}","templated":true}]}}