{"id":1094,"date":"2022-11-05T09:00:29","date_gmt":"2022-11-05T09:00:29","guid":{"rendered":"https:\/\/aridane.org\/ciudad\/?p=1094"},"modified":"2022-11-05T09:00:29","modified_gmt":"2022-11-05T09:00:29","slug":"tercer-y-penultimo-dia-del-festival-del-libro-2022-en-los-llanos-de-aridane","status":"publish","type":"post","link":"https:\/\/www.aridane.org\/city\/2022\/11\/05\/tercer-y-penultimo-dia-del-festival-del-libro-2022-en-los-llanos-de-aridane\/","title":{"rendered":"Tercer y pen\u00faltimo d\u00eda del Festival del Libro 2022 en Los Llanos de Aridane"},"content":{"rendered":"<section class=\"wpb-content-wrapper\"><p>[vc_row css_animation=\u00bb\u00bb row_type=\u00bbrow\u00bb use_row_as_full_screen_section=\u00bbno\u00bb type=\u00bbfull_width\u00bb angled_section=\u00bbno\u00bb text_align=\u00bbleft\u00bb background_image_as_pattern=\u00bbwithout_pattern\u00bb][vc_column][vc_row_inner row_type=\u00bbrow\u00bb type=\u00bbgrid\u00bb text_align=\u00bbleft\u00bb css_animation=\u00bb\u00bb][vc_column_inner][vc_empty_space height=\u00bb20px\u00bb][vc_column_text]<\/p>\n<p style=\"text-align: justify;\"><strong>Los Llanos de Aridane, 5 de noviembre del 2022.-<\/strong> El \u00a0Ayuntamiento de Los Llanos de Aridane a trav\u00e9s de la concejal de Cultura, Charo Gonz\u00e1lez, \u00a0ha informado sobre la tercera y pen\u00faltima jornada del Festival del Libro que se celebr\u00f3 ayer, viernes. Y que tuvo como protagonistas las casetas de librer\u00edas y editoriales instaladas en la Plaza de<br \/>\nEspa\u00f1a y una nueva sesi\u00f3n de Cuentos Feriantes, a cargo de Javi Gonz\u00e1lez por la ma\u00f1ana, en esta ocasi\u00f3n para el alumnado de primaria del CEIP El Roque y la unitaria de Las Manchas de Abajo.<\/p>\n<p style=\"text-align: justify;\">En horario de tarde, continuaron las presentaciones y firmas de libros. En primer lugar \u2018Tormenta Garc\u00eda\u2019, a cargo de su autora, Julieta Mart\u00edn Fuentes; la concejal de Cultura de Los Llanos de Aridane, Charo Gonz\u00e1lez Palmero; la escritora Luc\u00eda Rosa Gonz\u00e1lez, y Eugenia P\u00e9rez Curbelo, una de las creadoras e impulsoras de la iniciativa \u2018Volver\u00e1n las amapolas a La Palma\u2019.<\/p>\n<p style=\"text-align: justify;\">Seguidamente fue el turno para \u2018El Latido de Al-Magreb\u2019 a cargo de su autor, Pablo Mart\u00edn Carbajal, y de la periodista \u00c1ngeles Jurado Quintana. Mientras, en la Biblioteca P\u00fablica Municipal Mar\u00eda Nieves P\u00e9rez Acosta tuvo lugar una nueva sesi\u00f3n del club de lectura mensual La Plaza de la Poes\u00eda, dinamizado por el poeta Aquiles Garc\u00eda Brito.<\/p>\n<p style=\"text-align: justify;\">La jornada finaliz\u00f3 con el concierto de Simbeque project Vol. III, presentando por primera vez en La Palma su nuevo trabajo discogr\u00e1fico.<\/p>\n<p style=\"text-align: justify;\">Para hoy s\u00e1bado, \u00faltimo d\u00eda del Festival, el horario de apertura de las casetas ser\u00e1 de 10:00 a 14:00 horas, y a lo largo de la ma\u00f1ana tendr\u00e1n lugar tres presentaciones literarias:<\/p>\n<p style=\"text-align: justify;\">A las 11:00 horas se desarrollar\u00e1 la presentaci\u00f3n y firma del libro \u2018Abril y el volc\u00e1n\u2019 , a cargo de su \u00a0autora, Cristina Mart\u00edn Jim\u00e9nez, y del ilustrador Miguel Ta\u00f1o. Abril es una ni\u00f1a encantadora, una princesa de cuento, de este en concreto, que se hace muy amiga del volc\u00e1n. Juntos aprenden muchas cosas sobre el valor de la amistad, el amor y la ilusi\u00f3n. Descubren que todos podemos cometer errores, que los sue\u00f1os pueden hacerse realidad y que lo principal es el amor que se da. La protagonista descubrir\u00e1 tambi\u00e9n, a trav\u00e9s de su magia, y junto a su hermano Asier y su amigo el volc\u00e1n, c\u00f3mo pueden cumplir sus sue\u00f1os y todo lo que se propongan.<\/p>\n<p style=\"text-align: justify;\">A las 12:00 ser\u00e1 el turno de la presentaci\u00f3n del libro \u2018Intent\u00e9moslo\u2019, a cargo de la autora, Andre\u00edna P\u00e9rez Armas.<\/p>\n<p style=\"text-align: justify;\">Es un mar de dudas y emociones en el que Andre\u00edna P\u00e9rez Armas, su autora, se sumergi\u00f3 para hacer lo que mejor le hac\u00eda sentir: escribir. As\u00ed naci\u00f3 este libro en el\u00a0 que, a trav\u00e9s de las estaciones, podr\u00e1s recorrer los diferentes estados de \u00e1nimo por los que todas las personas pasamos, los sentimientos a flor de piel, nuestros pensamientos m\u00e1s \u00edntimos. Esos que solo compartimos con nuestro diario y, en ocasiones, ni eso. Todo aquello que no decimos, que callamos a voces y que tan fuerte se abre paso a trav\u00e9s de estas p\u00e1ginas.<\/p>\n<p style=\"text-align: justify;\">Mientras que a las 13:00 horas ser\u00e1 la presentaci\u00f3n y firma del libro \u2018Chica Destino\u2019, a cargo del autor, \u00d3scar Loaiza.<\/p>\n<p style=\"text-align: justify;\">Esta es la historia de una chica alegre, sencilla. \u2018Chica destino\u2019 es mi camino y tal vez el de muchos de ustedes que por motivos diferentes a lo largo de la vida. Es un viaje a trav\u00e9s de poemas con mucho sentimiento, contando lo crudo de la realidad de los que nos hemos sentido perdidos en alguna parada de nuestro viaje en el tren de la vida.<\/p>\n<p style=\"text-align: justify;\">Ya en horario de tarde, a las 20:00 horas, tendr\u00e1 lugar la clausura del Festival con la presentaci\u00f3n y firma del libro \u2018Ocurrencias\u2019, editado por la Concejal\u00eda de Cultura de Los Llanos de Aridane, a cargo del autor, Jos\u00e9 Manuel Vi\u00f1a Ramos; el ilustrador y licenciado en Bellas Artes, Jos\u00e9 Tabares; y el Catedr\u00e1tico de Lengua Espa\u00f1ola en la Universidad y miembro de la Academia Canaria de la Lengua, Gonzalo Ortega Ojeda. Jos\u00e9 Vi\u00f1a es natural de Los Llanos de Aridane y siempre ha estado vinculado al folclore<br \/>\ny a la m\u00fasica popular como complemento a su actividad period\u00edstica en radio, televisi\u00f3n y prensa.<\/p>\n<p style=\"text-align: justify;\">\u2018Ocurrencias\u2019 es su segundo libro, tras \u2018Canta o medita\u2019, y ofrece, utilizando la D\u00e9cima, un recorrido por la vid, sensaciones, reflexiones, an\u00e9cdotas y acontecimientos, con una referencia especial a la erupci\u00f3n volc\u00e1nica del 19 de septiembre de 2021 en la isla de La Palma.<\/p>\n<p style=\"text-align: justify;\">El libro pretende ofrecer una lectura f\u00e1cil y entretenida que despierte curiosidad por su contenido estrechamente ligado a una sociedad sencilla y a su vez rica en cuanto a cultura popular.<\/p>\n<p style=\"text-align: justify;\">Para cerrar la presentaci\u00f3n, tendr\u00e1 lugar la actuaci\u00f3n de Los Arrieros, junto a Sa\u00fal Camacho, timple, e Inma Leal ,solista, con el estreno del tema \u201cHaz de la vida un cantar\u201d.<\/p>\n<p>[\/vc_column_text][vc_empty_space height=\u00bb20px\u00bb][\/vc_column_inner][\/vc_row_inner][\/vc_column][\/vc_row]<\/p>\n<\/section>","protected":false},"excerpt":{"rendered":"<p>[vc_row css_animation=\u00bb\u00bb row_type=\u00bbrow\u00bb use_row_as_full_screen_section=\u00bbno\u00bb type=\u00bbfull_width\u00bb angled_section=\u00bbno\u00bb text_align=\u00bbleft\u00bb background_image_as_pattern=\u00bbwithout_pattern\u00bb][vc_column][vc_row_inner row_type=\u00bbrow\u00bb type=\u00bbgrid\u00bb text_align=\u00bbleft\u00bb css_animation=\u00bb\u00bb][vc_column_inner][vc_empty_space height=\u00bb20px\u00bb][vc_column_text] Los Llanos de Aridane, 5 de noviembre del 2022.- El \u00a0Ayuntamiento de Los Llanos de Aridane a trav\u00e9s de la concejal de Cultura, Charo Gonz\u00e1lez, \u00a0ha informado sobre la tercera y pen\u00faltima&#8230;<\/p>\n","protected":false},"author":1,"featured_media":0,"comment_status":"closed","ping_status":"open","sticky":false,"template":"","format":"standard","meta":{"footnotes":""},"categories":[6],"tags":[],"class_list":["post-1094","post","type-post","status-publish","format-standard","hentry","category-prensa"],"yoast_head":"<!-- This site is optimized with the Yoast SEO plugin v22.7 - https:\/\/yoast.com\/wordpress\/plugins\/seo\/ -->\n<title>Tercer y pen\u00faltimo d\u00eda del Festival del Libro 2022 en Los Llanos de Aridane - Ayuntamiento de Los Llanos de Aridane<\/title>\n<meta name=\"description\" content=\"El Ayuntamiento de Los Llanos de Aridane presenta el cartel y el programa de La Patrona 2021 con el lema \u201cRemedios, m\u00e1s que un nombre.\u201d\" \/>\n<meta name=\"robots\" content=\"index, follow, max-snippet:-1, max-image-preview:large, max-video-preview:-1\" \/>\n<link rel=\"canonical\" href=\"https:\/\/www.aridane.org\/city\/2022\/11\/05\/tercer-y-penultimo-dia-del-festival-del-libro-2022-en-los-llanos-de-aridane\/\" \/>\n<meta property=\"og:locale\" content=\"es_ES\" \/>\n<meta property=\"og:type\" content=\"article\" \/>\n<meta property=\"og:title\" content=\"Tercer y pen\u00faltimo d\u00eda del Festival del Libro 2022 en Los Llanos de Aridane - Ayuntamiento de Los Llanos de Aridane\" \/>\n<meta property=\"og:description\" content=\"El Ayuntamiento de Los Llanos de Aridane presenta el cartel y el programa de La Patrona 2021 con el lema \u201cRemedios, m\u00e1s que un nombre.\u201d\" \/>\n<meta property=\"og:url\" content=\"https:\/\/www.aridane.org\/city\/2022\/11\/05\/tercer-y-penultimo-dia-del-festival-del-libro-2022-en-los-llanos-de-aridane\/\" \/>\n<meta property=\"og:site_name\" content=\"Ayuntamiento de Los Llanos de Aridane\" \/>\n<meta property=\"article:published_time\" content=\"2022-11-05T09:00:29+00:00\" \/>\n<meta name=\"author\" content=\"Richard Diaz\" \/>\n<meta name=\"twitter:card\" content=\"summary_large_image\" \/>\n<meta name=\"twitter:label1\" content=\"Escrito por\" \/>\n\t<meta name=\"twitter:data1\" content=\"Richard Diaz\" \/>\n\t<meta name=\"twitter:label2\" content=\"Tiempo de lectura\" \/>\n\t<meta name=\"twitter:data2\" content=\"4 minutos\" \/>\n<script type=\"application\/ld+json\" class=\"yoast-schema-graph\">{\"@context\":\"https:\/\/schema.org\",\"@graph\":[{\"@type\":\"WebPage\",\"@id\":\"https:\/\/www.aridane.org\/city\/2022\/11\/05\/tercer-y-penultimo-dia-del-festival-del-libro-2022-en-los-llanos-de-aridane\/\",\"url\":\"https:\/\/www.aridane.org\/city\/2022\/11\/05\/tercer-y-penultimo-dia-del-festival-del-libro-2022-en-los-llanos-de-aridane\/\",\"name\":\"Tercer y pen\u00faltimo d\u00eda del Festival del Libro 2022 en Los Llanos de Aridane - Ayuntamiento de Los Llanos de Aridane\",\"isPartOf\":{\"@id\":\"https:\/\/www.aridane.org\/city\/#website\"},\"datePublished\":\"2022-11-05T09:00:29+00:00\",\"dateModified\":\"2022-11-05T09:00:29+00:00\",\"author\":{\"@id\":\"https:\/\/www.aridane.org\/city\/#\/schema\/person\/7d352ec7f29881716f298394432e7209\"},\"description\":\"El Ayuntamiento de Los Llanos de Aridane presenta el cartel y el programa de La Patrona 2021 con el lema \u201cRemedios, m\u00e1s que un nombre.\u201d\",\"breadcrumb\":{\"@id\":\"https:\/\/www.aridane.org\/city\/2022\/11\/05\/tercer-y-penultimo-dia-del-festival-del-libro-2022-en-los-llanos-de-aridane\/#breadcrumb\"},\"inLanguage\":\"es\",\"potentialAction\":[{\"@type\":\"ReadAction\",\"target\":[\"https:\/\/www.aridane.org\/city\/2022\/11\/05\/tercer-y-penultimo-dia-del-festival-del-libro-2022-en-los-llanos-de-aridane\/\"]}]},{\"@type\":\"BreadcrumbList\",\"@id\":\"https:\/\/www.aridane.org\/city\/2022\/11\/05\/tercer-y-penultimo-dia-del-festival-del-libro-2022-en-los-llanos-de-aridane\/#breadcrumb\",\"itemListElement\":[{\"@type\":\"ListItem\",\"position\":1,\"name\":\"Portada\",\"item\":\"https:\/\/www.aridane.org\/city\/\"},{\"@type\":\"ListItem\",\"position\":2,\"name\":\"Tercer y pen\u00faltimo d\u00eda del Festival del Libro 2022 en Los Llanos de Aridane\"}]},{\"@type\":\"WebSite\",\"@id\":\"https:\/\/www.aridane.org\/city\/#website\",\"url\":\"https:\/\/www.aridane.org\/city\/\",\"name\":\"Ayuntamiento de Los Llanos de Aridane\",\"description\":\"\",\"potentialAction\":[{\"@type\":\"SearchAction\",\"target\":{\"@type\":\"EntryPoint\",\"urlTemplate\":\"https:\/\/www.aridane.org\/city\/?s={search_term_string}\"},\"query-input\":\"required name=search_term_string\"}],\"inLanguage\":\"es\"},{\"@type\":\"Person\",\"@id\":\"https:\/\/www.aridane.org\/city\/#\/schema\/person\/7d352ec7f29881716f298394432e7209\",\"name\":\"Richard Diaz\",\"image\":{\"@type\":\"ImageObject\",\"inLanguage\":\"es\",\"@id\":\"https:\/\/www.aridane.org\/city\/#\/schema\/person\/image\/\",\"url\":\"https:\/\/secure.gravatar.com\/avatar\/bacd6aefc26a4a204943090a4c596cd10f0857081ef3cfd12084a70ecb3161d5?s=96&d=mm&r=g\",\"contentUrl\":\"https:\/\/secure.gravatar.com\/avatar\/bacd6aefc26a4a204943090a4c596cd10f0857081ef3cfd12084a70ecb3161d5?s=96&d=mm&r=g\",\"caption\":\"Richard Diaz\"},\"sameAs\":[\"https:\/\/www.aridane.org\/city\"],\"url\":\"https:\/\/www.aridane.org\/city\/author\/richard-diaz\/\"}]}<\/script>\n<!-- \/ Yoast SEO plugin. -->","yoast_head_json":{"title":"Tercer y pen\u00faltimo d\u00eda del Festival del Libro 2022 en Los Llanos de Aridane - Ayuntamiento de Los Llanos de Aridane","description":"El Ayuntamiento de Los Llanos de Aridane presenta el cartel y el programa de La Patrona 2021 con el lema \u201cRemedios, m\u00e1s que un nombre.\u201d","robots":{"index":"index","follow":"follow","max-snippet":"max-snippet:-1","max-image-preview":"max-image-preview:large","max-video-preview":"max-video-preview:-1"},"canonical":"https:\/\/www.aridane.org\/city\/2022\/11\/05\/tercer-y-penultimo-dia-del-festival-del-libro-2022-en-los-llanos-de-aridane\/","og_locale":"es_ES","og_type":"article","og_title":"Tercer y pen\u00faltimo d\u00eda del Festival del Libro 2022 en Los Llanos de Aridane - Ayuntamiento de Los Llanos de Aridane","og_description":"El Ayuntamiento de Los Llanos de Aridane presenta el cartel y el programa de La Patrona 2021 con el lema \u201cRemedios, m\u00e1s que un nombre.\u201d","og_url":"https:\/\/www.aridane.org\/city\/2022\/11\/05\/tercer-y-penultimo-dia-del-festival-del-libro-2022-en-los-llanos-de-aridane\/","og_site_name":"Ayuntamiento de Los Llanos de Aridane","article_published_time":"2022-11-05T09:00:29+00:00","author":"Richard Diaz","twitter_card":"summary_large_image","twitter_misc":{"Escrito por":"Richard Diaz","Tiempo de lectura":"4 minutos"},"schema":{"@context":"https:\/\/schema.org","@graph":[{"@type":"WebPage","@id":"https:\/\/www.aridane.org\/city\/2022\/11\/05\/tercer-y-penultimo-dia-del-festival-del-libro-2022-en-los-llanos-de-aridane\/","url":"https:\/\/www.aridane.org\/city\/2022\/11\/05\/tercer-y-penultimo-dia-del-festival-del-libro-2022-en-los-llanos-de-aridane\/","name":"Tercer y pen\u00faltimo d\u00eda del Festival del Libro 2022 en Los Llanos de Aridane - Ayuntamiento de Los Llanos de Aridane","isPartOf":{"@id":"https:\/\/www.aridane.org\/city\/#website"},"datePublished":"2022-11-05T09:00:29+00:00","dateModified":"2022-11-05T09:00:29+00:00","author":{"@id":"https:\/\/www.aridane.org\/city\/#\/schema\/person\/7d352ec7f29881716f298394432e7209"},"description":"El Ayuntamiento de Los Llanos de Aridane presenta el cartel y el programa de La Patrona 2021 con el lema \u201cRemedios, m\u00e1s que un nombre.\u201d","breadcrumb":{"@id":"https:\/\/www.aridane.org\/city\/2022\/11\/05\/tercer-y-penultimo-dia-del-festival-del-libro-2022-en-los-llanos-de-aridane\/#breadcrumb"},"inLanguage":"es","potentialAction":[{"@type":"ReadAction","target":["https:\/\/www.aridane.org\/city\/2022\/11\/05\/tercer-y-penultimo-dia-del-festival-del-libro-2022-en-los-llanos-de-aridane\/"]}]},{"@type":"BreadcrumbList","@id":"https:\/\/www.aridane.org\/city\/2022\/11\/05\/tercer-y-penultimo-dia-del-festival-del-libro-2022-en-los-llanos-de-aridane\/#breadcrumb","itemListElement":[{"@type":"ListItem","position":1,"name":"Portada","item":"https:\/\/www.aridane.org\/city\/"},{"@type":"ListItem","position":2,"name":"Tercer y pen\u00faltimo d\u00eda del Festival del Libro 2022 en Los Llanos de Aridane"}]},{"@type":"WebSite","@id":"https:\/\/www.aridane.org\/city\/#website","url":"https:\/\/www.aridane.org\/city\/","name":"Ayuntamiento de Los Llanos de Aridane","description":"","potentialAction":[{"@type":"SearchAction","target":{"@type":"EntryPoint","urlTemplate":"https:\/\/www.aridane.org\/city\/?s={search_term_string}"},"query-input":"required name=search_term_string"}],"inLanguage":"es"},{"@type":"Person","@id":"https:\/\/www.aridane.org\/city\/#\/schema\/person\/7d352ec7f29881716f298394432e7209","name":"Richard Diaz","image":{"@type":"ImageObject","inLanguage":"es","@id":"https:\/\/www.aridane.org\/city\/#\/schema\/person\/image\/","url":"https:\/\/secure.gravatar.com\/avatar\/bacd6aefc26a4a204943090a4c596cd10f0857081ef3cfd12084a70ecb3161d5?s=96&d=mm&r=g","contentUrl":"https:\/\/secure.gravatar.com\/avatar\/bacd6aefc26a4a204943090a4c596cd10f0857081ef3cfd12084a70ecb3161d5?s=96&d=mm&r=g","caption":"Richard Diaz"},"sameAs":["https:\/\/www.aridane.org\/city"],"url":"https:\/\/www.aridane.org\/city\/author\/richard-diaz\/"}]}},"_links":{"self":[{"href":"https:\/\/www.aridane.org\/city\/wp-json\/wp\/v2\/posts\/1094","targetHints":{"allow":["GET"]}}],"collection":[{"href":"https:\/\/www.aridane.org\/city\/wp-json\/wp\/v2\/posts"}],"about":[{"href":"https:\/\/www.aridane.org\/city\/wp-json\/wp\/v2\/types\/post"}],"author":[{"embeddable":true,"href":"https:\/\/www.aridane.org\/city\/wp-json\/wp\/v2\/users\/1"}],"replies":[{"embeddable":true,"href":"https:\/\/www.aridane.org\/city\/wp-json\/wp\/v2\/comments?post=1094"}],"version-history":[{"count":0,"href":"https:\/\/www.aridane.org\/city\/wp-json\/wp\/v2\/posts\/1094\/revisions"}],"wp:attachment":[{"href":"https:\/\/www.aridane.org\/city\/wp-json\/wp\/v2\/media?parent=1094"}],"wp:term":[{"taxonomy":"category","embeddable":true,"href":"https:\/\/www.aridane.org\/city\/wp-json\/wp\/v2\/categories?post=1094"},{"taxonomy":"post_tag","embeddable":true,"href":"https:\/\/www.aridane.org\/city\/wp-json\/wp\/v2\/tags?post=1094"}],"curies":[{"name":"wp","href":"https:\/\/api.w.org\/{rel}","templated":true}]}}