{"id":1105,"date":"2022-11-08T09:36:36","date_gmt":"2022-11-08T09:36:36","guid":{"rendered":"https:\/\/aridane.org\/ciudad\/?p=1105"},"modified":"2022-11-08T09:36:36","modified_gmt":"2022-11-08T09:36:36","slug":"el-ayuntamiento-de-los-llanos-de-aridane-continua-realizando-tareas-de-mejora-en-sus-instalaciones-deportivas","status":"publish","type":"post","link":"https:\/\/www.aridane.org\/city\/2022\/11\/08\/el-ayuntamiento-de-los-llanos-de-aridane-continua-realizando-tareas-de-mejora-en-sus-instalaciones-deportivas\/","title":{"rendered":"El Ayuntamiento de Los Llanos de Aridane contin\u00faa realizando tareas de mejora en sus instalaciones deportivas"},"content":{"rendered":"<section class=\"wpb-content-wrapper\"><p>[vc_row css_animation=\u00bb\u00bb row_type=\u00bbrow\u00bb use_row_as_full_screen_section=\u00bbno\u00bb type=\u00bbfull_width\u00bb angled_section=\u00bbno\u00bb text_align=\u00bbleft\u00bb background_image_as_pattern=\u00bbwithout_pattern\u00bb][vc_column][vc_row_inner row_type=\u00bbrow\u00bb type=\u00bbgrid\u00bb text_align=\u00bbleft\u00bb css_animation=\u00bb\u00bb][vc_column_inner][vc_empty_space height=\u00bb20px\u00bb][vc_column_text]<\/p>\n<ul>\n<li><em>Desde la concejal\u00eda de Deportes defienden que de esta manera se sigue trabajando en <\/em><em>el compromiso que tiene este equipo de Gobierno de seguir adecuando estas <\/em><em>instalaciones a las homologaciones que vienen regidas por las distintas competiciones <\/em><em>tanto a nivel regional, nacional como internacional que se est\u00e1n desarrollando en el <\/em><em>municipio.<\/em><\/li>\n<\/ul>\n<p>&nbsp;<\/p>\n<p><strong>Los Llanos de Aridane, 8 de noviembre de 2022.-<\/strong> El Ayuntamiento de los Llanos de Aridane a trav\u00e9s del concejal de Deportes, V\u00edctor Gonz\u00e1lez, ha confirmado el progreso en las tareas de mejora de las instalaciones deportivas municipales.<\/p>\n<p>Gonz\u00e1lez explica que en esta ocasi\u00f3n y a trav\u00e9s de una l\u00ednea de subvenci\u00f3n del Cabildo Insular de La Palma, se ha renovado el juego de canasta del Pabell\u00f3n Severo Rodr\u00edguez. \u201cConcretamente, \u00a0hemos cambiado las canastas de baloncesto por unas del modelo MondoCup, que est\u00e1n aprobadas y homologadas por la Federaci\u00f3n Internacional de Baloncesto. Cumpliendo as\u00ed con la modernizaci\u00f3n y la mejora de las instalaciones deportivas del municipio\u201d, asegura.<\/p>\n<p>Asimismo, el concejal pone en valor el importante trabajo de mejora de estas instalaciones que est\u00e1 haciendo el equipo de Gobierno en los \u00faltimos a\u00f1os, \u201cque nos est\u00e1 permitiendo cumplir con las diferentes homologaciones que vienen regidas en las distintas competiciones tanto a nivel regional como nacional e internacional que se est\u00e1n desarrollando en las instalaciones deportivas municipales\u201d.<\/p>\n<p>Por \u00faltimo, desde el Ayuntamiento de Los Llanos de Aridane agradecen a la consejer\u00eda de Deportes del Cabildo de La Palma \u201csu apoyo a trav\u00e9s de estas l\u00edneas de ayudas para que los municipios podamos seguir apostando por el deporte\u201d, y recuerdan que \u201ceste equipo de Gobierno va continuar trabajando, como hasta ahora, para seguir posicionando a Los Llanos de Aridane como un municipio referente dentro del mundo deportivo\u201d.[\/vc_column_text][vc_empty_space height=\u00bb20px\u00bb][\/vc_column_inner][\/vc_row_inner][\/vc_column][\/vc_row]<\/p>\n<\/section>","protected":false},"excerpt":{"rendered":"<p>[vc_row css_animation=\u00bb\u00bb row_type=\u00bbrow\u00bb use_row_as_full_screen_section=\u00bbno\u00bb type=\u00bbfull_width\u00bb angled_section=\u00bbno\u00bb text_align=\u00bbleft\u00bb background_image_as_pattern=\u00bbwithout_pattern\u00bb][vc_column][vc_row_inner row_type=\u00bbrow\u00bb type=\u00bbgrid\u00bb text_align=\u00bbleft\u00bb css_animation=\u00bb\u00bb][vc_column_inner][vc_empty_space height=\u00bb20px\u00bb][vc_column_text] Desde la concejal\u00eda de Deportes defienden que de esta manera se sigue trabajando en el compromiso que tiene este equipo de Gobierno de seguir adecuando estas instalaciones a las homologaciones que vienen&#8230;<\/p>\n","protected":false},"author":1,"featured_media":0,"comment_status":"closed","ping_status":"open","sticky":false,"template":"","format":"standard","meta":{"footnotes":""},"categories":[6],"tags":[],"class_list":["post-1105","post","type-post","status-publish","format-standard","hentry","category-prensa"],"yoast_head":"<!-- This site is optimized with the Yoast SEO plugin v22.7 - https:\/\/yoast.com\/wordpress\/plugins\/seo\/ -->\n<title>El Ayuntamiento de Los Llanos de Aridane contin\u00faa realizando tareas de mejora en sus instalaciones deportivas - Ayuntamiento de Los Llanos de Aridane<\/title>\n<meta name=\"description\" content=\"El Ayuntamiento de Los Llanos de Aridane presenta el cartel y el programa de La Patrona 2021 con el lema \u201cRemedios, m\u00e1s que un nombre.\u201d\" \/>\n<meta name=\"robots\" content=\"index, follow, max-snippet:-1, max-image-preview:large, max-video-preview:-1\" \/>\n<link rel=\"canonical\" href=\"https:\/\/www.aridane.org\/city\/2022\/11\/08\/el-ayuntamiento-de-los-llanos-de-aridane-continua-realizando-tareas-de-mejora-en-sus-instalaciones-deportivas\/\" \/>\n<meta property=\"og:locale\" content=\"es_ES\" \/>\n<meta property=\"og:type\" content=\"article\" \/>\n<meta property=\"og:title\" content=\"El Ayuntamiento de Los Llanos de Aridane contin\u00faa realizando tareas de mejora en sus instalaciones deportivas - Ayuntamiento de Los Llanos de Aridane\" \/>\n<meta property=\"og:description\" content=\"El Ayuntamiento de Los Llanos de Aridane presenta el cartel y el programa de La Patrona 2021 con el lema \u201cRemedios, m\u00e1s que un nombre.\u201d\" \/>\n<meta property=\"og:url\" content=\"https:\/\/www.aridane.org\/city\/2022\/11\/08\/el-ayuntamiento-de-los-llanos-de-aridane-continua-realizando-tareas-de-mejora-en-sus-instalaciones-deportivas\/\" \/>\n<meta property=\"og:site_name\" content=\"Ayuntamiento de Los Llanos de Aridane\" \/>\n<meta property=\"article:published_time\" content=\"2022-11-08T09:36:36+00:00\" \/>\n<meta name=\"author\" content=\"Richard Diaz\" \/>\n<meta name=\"twitter:card\" content=\"summary_large_image\" \/>\n<meta name=\"twitter:label1\" content=\"Escrito por\" \/>\n\t<meta name=\"twitter:data1\" content=\"Richard Diaz\" \/>\n\t<meta name=\"twitter:label2\" content=\"Tiempo de lectura\" \/>\n\t<meta name=\"twitter:data2\" content=\"2 minutos\" \/>\n<script type=\"application\/ld+json\" class=\"yoast-schema-graph\">{\"@context\":\"https:\/\/schema.org\",\"@graph\":[{\"@type\":\"WebPage\",\"@id\":\"https:\/\/www.aridane.org\/city\/2022\/11\/08\/el-ayuntamiento-de-los-llanos-de-aridane-continua-realizando-tareas-de-mejora-en-sus-instalaciones-deportivas\/\",\"url\":\"https:\/\/www.aridane.org\/city\/2022\/11\/08\/el-ayuntamiento-de-los-llanos-de-aridane-continua-realizando-tareas-de-mejora-en-sus-instalaciones-deportivas\/\",\"name\":\"El Ayuntamiento de Los Llanos de Aridane contin\u00faa realizando tareas de mejora en sus instalaciones deportivas - Ayuntamiento de Los Llanos de Aridane\",\"isPartOf\":{\"@id\":\"https:\/\/www.aridane.org\/city\/#website\"},\"datePublished\":\"2022-11-08T09:36:36+00:00\",\"dateModified\":\"2022-11-08T09:36:36+00:00\",\"author\":{\"@id\":\"https:\/\/www.aridane.org\/city\/#\/schema\/person\/7d352ec7f29881716f298394432e7209\"},\"description\":\"El Ayuntamiento de Los Llanos de Aridane presenta el cartel y el programa de La Patrona 2021 con el lema \u201cRemedios, m\u00e1s que un nombre.\u201d\",\"breadcrumb\":{\"@id\":\"https:\/\/www.aridane.org\/city\/2022\/11\/08\/el-ayuntamiento-de-los-llanos-de-aridane-continua-realizando-tareas-de-mejora-en-sus-instalaciones-deportivas\/#breadcrumb\"},\"inLanguage\":\"es\",\"potentialAction\":[{\"@type\":\"ReadAction\",\"target\":[\"https:\/\/www.aridane.org\/city\/2022\/11\/08\/el-ayuntamiento-de-los-llanos-de-aridane-continua-realizando-tareas-de-mejora-en-sus-instalaciones-deportivas\/\"]}]},{\"@type\":\"BreadcrumbList\",\"@id\":\"https:\/\/www.aridane.org\/city\/2022\/11\/08\/el-ayuntamiento-de-los-llanos-de-aridane-continua-realizando-tareas-de-mejora-en-sus-instalaciones-deportivas\/#breadcrumb\",\"itemListElement\":[{\"@type\":\"ListItem\",\"position\":1,\"name\":\"Portada\",\"item\":\"https:\/\/www.aridane.org\/city\/\"},{\"@type\":\"ListItem\",\"position\":2,\"name\":\"El Ayuntamiento de Los Llanos de Aridane contin\u00faa realizando tareas de mejora en sus instalaciones deportivas\"}]},{\"@type\":\"WebSite\",\"@id\":\"https:\/\/www.aridane.org\/city\/#website\",\"url\":\"https:\/\/www.aridane.org\/city\/\",\"name\":\"Ayuntamiento de Los Llanos de Aridane\",\"description\":\"\",\"potentialAction\":[{\"@type\":\"SearchAction\",\"target\":{\"@type\":\"EntryPoint\",\"urlTemplate\":\"https:\/\/www.aridane.org\/city\/?s={search_term_string}\"},\"query-input\":\"required name=search_term_string\"}],\"inLanguage\":\"es\"},{\"@type\":\"Person\",\"@id\":\"https:\/\/www.aridane.org\/city\/#\/schema\/person\/7d352ec7f29881716f298394432e7209\",\"name\":\"Richard Diaz\",\"image\":{\"@type\":\"ImageObject\",\"inLanguage\":\"es\",\"@id\":\"https:\/\/www.aridane.org\/city\/#\/schema\/person\/image\/\",\"url\":\"https:\/\/secure.gravatar.com\/avatar\/bacd6aefc26a4a204943090a4c596cd10f0857081ef3cfd12084a70ecb3161d5?s=96&d=mm&r=g\",\"contentUrl\":\"https:\/\/secure.gravatar.com\/avatar\/bacd6aefc26a4a204943090a4c596cd10f0857081ef3cfd12084a70ecb3161d5?s=96&d=mm&r=g\",\"caption\":\"Richard Diaz\"},\"sameAs\":[\"https:\/\/www.aridane.org\/city\"],\"url\":\"https:\/\/www.aridane.org\/city\/author\/richard-diaz\/\"}]}<\/script>\n<!-- \/ Yoast SEO plugin. -->","yoast_head_json":{"title":"El Ayuntamiento de Los Llanos de Aridane contin\u00faa realizando tareas de mejora en sus instalaciones deportivas - Ayuntamiento de Los Llanos de Aridane","description":"El Ayuntamiento de Los Llanos de Aridane presenta el cartel y el programa de La Patrona 2021 con el lema \u201cRemedios, m\u00e1s que un nombre.\u201d","robots":{"index":"index","follow":"follow","max-snippet":"max-snippet:-1","max-image-preview":"max-image-preview:large","max-video-preview":"max-video-preview:-1"},"canonical":"https:\/\/www.aridane.org\/city\/2022\/11\/08\/el-ayuntamiento-de-los-llanos-de-aridane-continua-realizando-tareas-de-mejora-en-sus-instalaciones-deportivas\/","og_locale":"es_ES","og_type":"article","og_title":"El Ayuntamiento de Los Llanos de Aridane contin\u00faa realizando tareas de mejora en sus instalaciones deportivas - Ayuntamiento de Los Llanos de Aridane","og_description":"El Ayuntamiento de Los Llanos de Aridane presenta el cartel y el programa de La Patrona 2021 con el lema \u201cRemedios, m\u00e1s que un nombre.\u201d","og_url":"https:\/\/www.aridane.org\/city\/2022\/11\/08\/el-ayuntamiento-de-los-llanos-de-aridane-continua-realizando-tareas-de-mejora-en-sus-instalaciones-deportivas\/","og_site_name":"Ayuntamiento de Los Llanos de Aridane","article_published_time":"2022-11-08T09:36:36+00:00","author":"Richard Diaz","twitter_card":"summary_large_image","twitter_misc":{"Escrito por":"Richard Diaz","Tiempo de lectura":"2 minutos"},"schema":{"@context":"https:\/\/schema.org","@graph":[{"@type":"WebPage","@id":"https:\/\/www.aridane.org\/city\/2022\/11\/08\/el-ayuntamiento-de-los-llanos-de-aridane-continua-realizando-tareas-de-mejora-en-sus-instalaciones-deportivas\/","url":"https:\/\/www.aridane.org\/city\/2022\/11\/08\/el-ayuntamiento-de-los-llanos-de-aridane-continua-realizando-tareas-de-mejora-en-sus-instalaciones-deportivas\/","name":"El Ayuntamiento de Los Llanos de Aridane contin\u00faa realizando tareas de mejora en sus instalaciones deportivas - Ayuntamiento de Los Llanos de Aridane","isPartOf":{"@id":"https:\/\/www.aridane.org\/city\/#website"},"datePublished":"2022-11-08T09:36:36+00:00","dateModified":"2022-11-08T09:36:36+00:00","author":{"@id":"https:\/\/www.aridane.org\/city\/#\/schema\/person\/7d352ec7f29881716f298394432e7209"},"description":"El Ayuntamiento de Los Llanos de Aridane presenta el cartel y el programa de La Patrona 2021 con el lema \u201cRemedios, m\u00e1s que un nombre.\u201d","breadcrumb":{"@id":"https:\/\/www.aridane.org\/city\/2022\/11\/08\/el-ayuntamiento-de-los-llanos-de-aridane-continua-realizando-tareas-de-mejora-en-sus-instalaciones-deportivas\/#breadcrumb"},"inLanguage":"es","potentialAction":[{"@type":"ReadAction","target":["https:\/\/www.aridane.org\/city\/2022\/11\/08\/el-ayuntamiento-de-los-llanos-de-aridane-continua-realizando-tareas-de-mejora-en-sus-instalaciones-deportivas\/"]}]},{"@type":"BreadcrumbList","@id":"https:\/\/www.aridane.org\/city\/2022\/11\/08\/el-ayuntamiento-de-los-llanos-de-aridane-continua-realizando-tareas-de-mejora-en-sus-instalaciones-deportivas\/#breadcrumb","itemListElement":[{"@type":"ListItem","position":1,"name":"Portada","item":"https:\/\/www.aridane.org\/city\/"},{"@type":"ListItem","position":2,"name":"El Ayuntamiento de Los Llanos de Aridane contin\u00faa realizando tareas de mejora en sus instalaciones deportivas"}]},{"@type":"WebSite","@id":"https:\/\/www.aridane.org\/city\/#website","url":"https:\/\/www.aridane.org\/city\/","name":"Ayuntamiento de Los Llanos de Aridane","description":"","potentialAction":[{"@type":"SearchAction","target":{"@type":"EntryPoint","urlTemplate":"https:\/\/www.aridane.org\/city\/?s={search_term_string}"},"query-input":"required name=search_term_string"}],"inLanguage":"es"},{"@type":"Person","@id":"https:\/\/www.aridane.org\/city\/#\/schema\/person\/7d352ec7f29881716f298394432e7209","name":"Richard Diaz","image":{"@type":"ImageObject","inLanguage":"es","@id":"https:\/\/www.aridane.org\/city\/#\/schema\/person\/image\/","url":"https:\/\/secure.gravatar.com\/avatar\/bacd6aefc26a4a204943090a4c596cd10f0857081ef3cfd12084a70ecb3161d5?s=96&d=mm&r=g","contentUrl":"https:\/\/secure.gravatar.com\/avatar\/bacd6aefc26a4a204943090a4c596cd10f0857081ef3cfd12084a70ecb3161d5?s=96&d=mm&r=g","caption":"Richard Diaz"},"sameAs":["https:\/\/www.aridane.org\/city"],"url":"https:\/\/www.aridane.org\/city\/author\/richard-diaz\/"}]}},"_links":{"self":[{"href":"https:\/\/www.aridane.org\/city\/wp-json\/wp\/v2\/posts\/1105","targetHints":{"allow":["GET"]}}],"collection":[{"href":"https:\/\/www.aridane.org\/city\/wp-json\/wp\/v2\/posts"}],"about":[{"href":"https:\/\/www.aridane.org\/city\/wp-json\/wp\/v2\/types\/post"}],"author":[{"embeddable":true,"href":"https:\/\/www.aridane.org\/city\/wp-json\/wp\/v2\/users\/1"}],"replies":[{"embeddable":true,"href":"https:\/\/www.aridane.org\/city\/wp-json\/wp\/v2\/comments?post=1105"}],"version-history":[{"count":0,"href":"https:\/\/www.aridane.org\/city\/wp-json\/wp\/v2\/posts\/1105\/revisions"}],"wp:attachment":[{"href":"https:\/\/www.aridane.org\/city\/wp-json\/wp\/v2\/media?parent=1105"}],"wp:term":[{"taxonomy":"category","embeddable":true,"href":"https:\/\/www.aridane.org\/city\/wp-json\/wp\/v2\/categories?post=1105"},{"taxonomy":"post_tag","embeddable":true,"href":"https:\/\/www.aridane.org\/city\/wp-json\/wp\/v2\/tags?post=1105"}],"curies":[{"name":"wp","href":"https:\/\/api.w.org\/{rel}","templated":true}]}}