{"id":1109,"date":"2022-11-09T13:58:42","date_gmt":"2022-11-09T13:58:42","guid":{"rendered":"https:\/\/aridane.org\/ciudad\/?p=1109"},"modified":"2022-11-09T13:58:42","modified_gmt":"2022-11-09T13:58:42","slug":"el-ayuntamiento-de-los-llanos-de-aridane-contrata-a-18-desempleados-a-traves-del-programa-de-fomento-del-empleo-agrario","status":"publish","type":"post","link":"https:\/\/www.aridane.org\/city\/2022\/11\/09\/el-ayuntamiento-de-los-llanos-de-aridane-contrata-a-18-desempleados-a-traves-del-programa-de-fomento-del-empleo-agrario\/","title":{"rendered":"El Ayuntamiento de Los Llanos de Aridane contrata a 18 desempleados a trav\u00e9s del Programa de Fomento del Empleo Agrario"},"content":{"rendered":"<section class=\"wpb-content-wrapper\"><p>[vc_row css_animation=\u00bb\u00bb row_type=\u00bbrow\u00bb use_row_as_full_screen_section=\u00bbno\u00bb type=\u00bbfull_width\u00bb angled_section=\u00bbno\u00bb text_align=\u00bbleft\u00bb background_image_as_pattern=\u00bbwithout_pattern\u00bb][vc_column][vc_row_inner row_type=\u00bbrow\u00bb type=\u00bbgrid\u00bb text_align=\u00bbleft\u00bb css_animation=\u00bb\u00bb][vc_column_inner][vc_empty_space height=\u00bb20px\u00bb][vc_column_text]<\/p>\n<ul>\n<li style=\"text-align: justify;\"><em>Desde el Consistorio ponen en valor este proyecto, subvencionado por el Servicio de Empleo <\/em><em>P\u00fablico Estatal, SEPE, \u201cque adem\u00e1s de suponer un impulso laboral para estas personas, <\/em><em>tambi\u00e9n nos permite seguir trabajando en la recuperaci\u00f3n en la que ya se encuentra inmerso <\/em><em>nuestro municipio\u201d.<\/em><\/li>\n<\/ul>\n<p>&nbsp;<\/p>\n<p style=\"text-align: justify;\"><strong>Los Llanos de Aridane, 9 de noviembre de 2022.-<\/strong> El Ayuntamiento de Los Llanos de Aridane a trav\u00e9s de la concejal de Empleo, Elena Concepci\u00f3n; el concejal de Servicios Municipales, Jos\u00e9 Mar\u00eda Rivera; y el concejal de Obras, Fran Leal, han confirmado la incorporaci\u00f3n de 18 desempleados, a trav\u00e9s del Programa de Fomento al Empleo P\u00fablico, subvencionado por el Servicio de Empleo P\u00fablico Estatal, SEPE.<\/p>\n<p style=\"text-align: justify;\">Concepci\u00f3n explica que concretamente se ha contratado, desde el pasado 2 de noviembre y hasta el pr\u00f3ximo 31 de enero, \u201ca 13 peones agr\u00edcolas, 2 alba\u00f1iles y 3 peones de alba\u00f1iles, que trabajan 40 horas semanales, de lunes a s\u00e1bado\u201d.<\/p>\n<p style=\"text-align: justify;\">Adem\u00e1s, la concejal ha recordado que estos contratos son desarrollados por la Corporaci\u00f3n Municipal a trav\u00e9s de la subvenci\u00f3n del Servicio de Empleo P\u00fablico Estatal, SEPE, y no ha dudado en se\u00f1alar que \u201cestamos seguros que va a suponer un impulso laboral para estas personas, y a la vez, tambi\u00e9n, nos va a permitir seguir trabajando en la recuperaci\u00f3n en la que ya se encuentra inmerso nuestro municipio\u201d.<\/p>\n<p style=\"text-align: justify;\">Por su parte, Rivera y Leal han se\u00f1alado que el trabajo se est\u00e1 desarrollando en el barranco Tenisca y el camino El Remolino \u201cy mientras los 13 peones agr\u00edcolas se est\u00e1n encargando de la limpieza de este espacio, los 2 alba\u00f1iles y 3 peones de alba\u00f1iles est\u00e1n realizando las tareas de mejora\u201d.<\/p>\n<p style=\"text-align: justify;\">Por \u00faltimo, desde el Ayuntamiento de Los Llanos de Aridane ponen en valor este proyecto subvencionado por el SEPE, \u201cya que adem\u00e1s de suponer un impulso laboral para estas personas tambi\u00e9n son clave para seguir trabajando en la reconstrucci\u00f3n del municipio\u201d.<\/p>\n<p>[\/vc_column_text][vc_empty_space height=\u00bb20px\u00bb][\/vc_column_inner][\/vc_row_inner][\/vc_column][\/vc_row]<\/p>\n<\/section>","protected":false},"excerpt":{"rendered":"<p>[vc_row css_animation=\u00bb\u00bb row_type=\u00bbrow\u00bb use_row_as_full_screen_section=\u00bbno\u00bb type=\u00bbfull_width\u00bb angled_section=\u00bbno\u00bb text_align=\u00bbleft\u00bb background_image_as_pattern=\u00bbwithout_pattern\u00bb][vc_column][vc_row_inner row_type=\u00bbrow\u00bb type=\u00bbgrid\u00bb text_align=\u00bbleft\u00bb css_animation=\u00bb\u00bb][vc_column_inner][vc_empty_space height=\u00bb20px\u00bb][vc_column_text] Desde el Consistorio ponen en valor este proyecto, subvencionado por el Servicio de Empleo P\u00fablico Estatal, SEPE, \u201cque adem\u00e1s de suponer un impulso laboral para estas personas, tambi\u00e9n nos permite seguir trabajando&#8230;<\/p>\n","protected":false},"author":1,"featured_media":0,"comment_status":"closed","ping_status":"open","sticky":false,"template":"","format":"standard","meta":{"footnotes":""},"categories":[6],"tags":[],"class_list":["post-1109","post","type-post","status-publish","format-standard","hentry","category-prensa"],"yoast_head":"<!-- This site is optimized with the Yoast SEO plugin v22.7 - https:\/\/yoast.com\/wordpress\/plugins\/seo\/ -->\n<title>El Ayuntamiento de Los Llanos de Aridane contrata a 18 desempleados a trav\u00e9s del Programa de Fomento del Empleo Agrario - Ayuntamiento de Los Llanos de Aridane<\/title>\n<meta name=\"description\" content=\"El Ayuntamiento de Los Llanos de Aridane presenta el cartel y el programa de La Patrona 2021 con el lema \u201cRemedios, m\u00e1s que un nombre.\u201d\" \/>\n<meta name=\"robots\" content=\"index, follow, max-snippet:-1, max-image-preview:large, max-video-preview:-1\" \/>\n<link rel=\"canonical\" href=\"https:\/\/www.aridane.org\/city\/2022\/11\/09\/el-ayuntamiento-de-los-llanos-de-aridane-contrata-a-18-desempleados-a-traves-del-programa-de-fomento-del-empleo-agrario\/\" \/>\n<meta property=\"og:locale\" content=\"es_ES\" \/>\n<meta property=\"og:type\" content=\"article\" \/>\n<meta property=\"og:title\" content=\"El Ayuntamiento de Los Llanos de Aridane contrata a 18 desempleados a trav\u00e9s del Programa de Fomento del Empleo Agrario - Ayuntamiento de Los Llanos de Aridane\" \/>\n<meta property=\"og:description\" content=\"El Ayuntamiento de Los Llanos de Aridane presenta el cartel y el programa de La Patrona 2021 con el lema \u201cRemedios, m\u00e1s que un nombre.\u201d\" \/>\n<meta property=\"og:url\" content=\"https:\/\/www.aridane.org\/city\/2022\/11\/09\/el-ayuntamiento-de-los-llanos-de-aridane-contrata-a-18-desempleados-a-traves-del-programa-de-fomento-del-empleo-agrario\/\" \/>\n<meta property=\"og:site_name\" content=\"Ayuntamiento de Los Llanos de Aridane\" \/>\n<meta property=\"article:published_time\" content=\"2022-11-09T13:58:42+00:00\" \/>\n<meta name=\"author\" content=\"Richard Diaz\" \/>\n<meta name=\"twitter:card\" content=\"summary_large_image\" \/>\n<meta name=\"twitter:label1\" content=\"Escrito por\" \/>\n\t<meta name=\"twitter:data1\" content=\"Richard Diaz\" \/>\n\t<meta name=\"twitter:label2\" content=\"Tiempo de lectura\" \/>\n\t<meta name=\"twitter:data2\" content=\"2 minutos\" \/>\n<script type=\"application\/ld+json\" class=\"yoast-schema-graph\">{\"@context\":\"https:\/\/schema.org\",\"@graph\":[{\"@type\":\"WebPage\",\"@id\":\"https:\/\/www.aridane.org\/city\/2022\/11\/09\/el-ayuntamiento-de-los-llanos-de-aridane-contrata-a-18-desempleados-a-traves-del-programa-de-fomento-del-empleo-agrario\/\",\"url\":\"https:\/\/www.aridane.org\/city\/2022\/11\/09\/el-ayuntamiento-de-los-llanos-de-aridane-contrata-a-18-desempleados-a-traves-del-programa-de-fomento-del-empleo-agrario\/\",\"name\":\"El Ayuntamiento de Los Llanos de Aridane contrata a 18 desempleados a trav\u00e9s del Programa de Fomento del Empleo Agrario - Ayuntamiento de Los Llanos de Aridane\",\"isPartOf\":{\"@id\":\"https:\/\/www.aridane.org\/city\/#website\"},\"datePublished\":\"2022-11-09T13:58:42+00:00\",\"dateModified\":\"2022-11-09T13:58:42+00:00\",\"author\":{\"@id\":\"https:\/\/www.aridane.org\/city\/#\/schema\/person\/7d352ec7f29881716f298394432e7209\"},\"description\":\"El Ayuntamiento de Los Llanos de Aridane presenta el cartel y el programa de La Patrona 2021 con el lema \u201cRemedios, m\u00e1s que un nombre.\u201d\",\"breadcrumb\":{\"@id\":\"https:\/\/www.aridane.org\/city\/2022\/11\/09\/el-ayuntamiento-de-los-llanos-de-aridane-contrata-a-18-desempleados-a-traves-del-programa-de-fomento-del-empleo-agrario\/#breadcrumb\"},\"inLanguage\":\"es\",\"potentialAction\":[{\"@type\":\"ReadAction\",\"target\":[\"https:\/\/www.aridane.org\/city\/2022\/11\/09\/el-ayuntamiento-de-los-llanos-de-aridane-contrata-a-18-desempleados-a-traves-del-programa-de-fomento-del-empleo-agrario\/\"]}]},{\"@type\":\"BreadcrumbList\",\"@id\":\"https:\/\/www.aridane.org\/city\/2022\/11\/09\/el-ayuntamiento-de-los-llanos-de-aridane-contrata-a-18-desempleados-a-traves-del-programa-de-fomento-del-empleo-agrario\/#breadcrumb\",\"itemListElement\":[{\"@type\":\"ListItem\",\"position\":1,\"name\":\"Portada\",\"item\":\"https:\/\/www.aridane.org\/city\/\"},{\"@type\":\"ListItem\",\"position\":2,\"name\":\"El Ayuntamiento de Los Llanos de Aridane contrata a 18 desempleados a trav\u00e9s del Programa de Fomento del Empleo Agrario\"}]},{\"@type\":\"WebSite\",\"@id\":\"https:\/\/www.aridane.org\/city\/#website\",\"url\":\"https:\/\/www.aridane.org\/city\/\",\"name\":\"Ayuntamiento de Los Llanos de Aridane\",\"description\":\"\",\"potentialAction\":[{\"@type\":\"SearchAction\",\"target\":{\"@type\":\"EntryPoint\",\"urlTemplate\":\"https:\/\/www.aridane.org\/city\/?s={search_term_string}\"},\"query-input\":\"required name=search_term_string\"}],\"inLanguage\":\"es\"},{\"@type\":\"Person\",\"@id\":\"https:\/\/www.aridane.org\/city\/#\/schema\/person\/7d352ec7f29881716f298394432e7209\",\"name\":\"Richard Diaz\",\"image\":{\"@type\":\"ImageObject\",\"inLanguage\":\"es\",\"@id\":\"https:\/\/www.aridane.org\/city\/#\/schema\/person\/image\/\",\"url\":\"https:\/\/secure.gravatar.com\/avatar\/bacd6aefc26a4a204943090a4c596cd10f0857081ef3cfd12084a70ecb3161d5?s=96&d=mm&r=g\",\"contentUrl\":\"https:\/\/secure.gravatar.com\/avatar\/bacd6aefc26a4a204943090a4c596cd10f0857081ef3cfd12084a70ecb3161d5?s=96&d=mm&r=g\",\"caption\":\"Richard Diaz\"},\"sameAs\":[\"https:\/\/www.aridane.org\/city\"],\"url\":\"https:\/\/www.aridane.org\/city\/author\/richard-diaz\/\"}]}<\/script>\n<!-- \/ Yoast SEO plugin. -->","yoast_head_json":{"title":"El Ayuntamiento de Los Llanos de Aridane contrata a 18 desempleados a trav\u00e9s del Programa de Fomento del Empleo Agrario - Ayuntamiento de Los Llanos de Aridane","description":"El Ayuntamiento de Los Llanos de Aridane presenta el cartel y el programa de La Patrona 2021 con el lema \u201cRemedios, m\u00e1s que un nombre.\u201d","robots":{"index":"index","follow":"follow","max-snippet":"max-snippet:-1","max-image-preview":"max-image-preview:large","max-video-preview":"max-video-preview:-1"},"canonical":"https:\/\/www.aridane.org\/city\/2022\/11\/09\/el-ayuntamiento-de-los-llanos-de-aridane-contrata-a-18-desempleados-a-traves-del-programa-de-fomento-del-empleo-agrario\/","og_locale":"es_ES","og_type":"article","og_title":"El Ayuntamiento de Los Llanos de Aridane contrata a 18 desempleados a trav\u00e9s del Programa de Fomento del Empleo Agrario - Ayuntamiento de Los Llanos de Aridane","og_description":"El Ayuntamiento de Los Llanos de Aridane presenta el cartel y el programa de La Patrona 2021 con el lema \u201cRemedios, m\u00e1s que un nombre.\u201d","og_url":"https:\/\/www.aridane.org\/city\/2022\/11\/09\/el-ayuntamiento-de-los-llanos-de-aridane-contrata-a-18-desempleados-a-traves-del-programa-de-fomento-del-empleo-agrario\/","og_site_name":"Ayuntamiento de Los Llanos de Aridane","article_published_time":"2022-11-09T13:58:42+00:00","author":"Richard Diaz","twitter_card":"summary_large_image","twitter_misc":{"Escrito por":"Richard Diaz","Tiempo de lectura":"2 minutos"},"schema":{"@context":"https:\/\/schema.org","@graph":[{"@type":"WebPage","@id":"https:\/\/www.aridane.org\/city\/2022\/11\/09\/el-ayuntamiento-de-los-llanos-de-aridane-contrata-a-18-desempleados-a-traves-del-programa-de-fomento-del-empleo-agrario\/","url":"https:\/\/www.aridane.org\/city\/2022\/11\/09\/el-ayuntamiento-de-los-llanos-de-aridane-contrata-a-18-desempleados-a-traves-del-programa-de-fomento-del-empleo-agrario\/","name":"El Ayuntamiento de Los Llanos de Aridane contrata a 18 desempleados a trav\u00e9s del Programa de Fomento del Empleo Agrario - Ayuntamiento de Los Llanos de Aridane","isPartOf":{"@id":"https:\/\/www.aridane.org\/city\/#website"},"datePublished":"2022-11-09T13:58:42+00:00","dateModified":"2022-11-09T13:58:42+00:00","author":{"@id":"https:\/\/www.aridane.org\/city\/#\/schema\/person\/7d352ec7f29881716f298394432e7209"},"description":"El Ayuntamiento de Los Llanos de Aridane presenta el cartel y el programa de La Patrona 2021 con el lema \u201cRemedios, m\u00e1s que un nombre.\u201d","breadcrumb":{"@id":"https:\/\/www.aridane.org\/city\/2022\/11\/09\/el-ayuntamiento-de-los-llanos-de-aridane-contrata-a-18-desempleados-a-traves-del-programa-de-fomento-del-empleo-agrario\/#breadcrumb"},"inLanguage":"es","potentialAction":[{"@type":"ReadAction","target":["https:\/\/www.aridane.org\/city\/2022\/11\/09\/el-ayuntamiento-de-los-llanos-de-aridane-contrata-a-18-desempleados-a-traves-del-programa-de-fomento-del-empleo-agrario\/"]}]},{"@type":"BreadcrumbList","@id":"https:\/\/www.aridane.org\/city\/2022\/11\/09\/el-ayuntamiento-de-los-llanos-de-aridane-contrata-a-18-desempleados-a-traves-del-programa-de-fomento-del-empleo-agrario\/#breadcrumb","itemListElement":[{"@type":"ListItem","position":1,"name":"Portada","item":"https:\/\/www.aridane.org\/city\/"},{"@type":"ListItem","position":2,"name":"El Ayuntamiento de Los Llanos de Aridane contrata a 18 desempleados a trav\u00e9s del Programa de Fomento del Empleo Agrario"}]},{"@type":"WebSite","@id":"https:\/\/www.aridane.org\/city\/#website","url":"https:\/\/www.aridane.org\/city\/","name":"Ayuntamiento de Los Llanos de Aridane","description":"","potentialAction":[{"@type":"SearchAction","target":{"@type":"EntryPoint","urlTemplate":"https:\/\/www.aridane.org\/city\/?s={search_term_string}"},"query-input":"required name=search_term_string"}],"inLanguage":"es"},{"@type":"Person","@id":"https:\/\/www.aridane.org\/city\/#\/schema\/person\/7d352ec7f29881716f298394432e7209","name":"Richard Diaz","image":{"@type":"ImageObject","inLanguage":"es","@id":"https:\/\/www.aridane.org\/city\/#\/schema\/person\/image\/","url":"https:\/\/secure.gravatar.com\/avatar\/bacd6aefc26a4a204943090a4c596cd10f0857081ef3cfd12084a70ecb3161d5?s=96&d=mm&r=g","contentUrl":"https:\/\/secure.gravatar.com\/avatar\/bacd6aefc26a4a204943090a4c596cd10f0857081ef3cfd12084a70ecb3161d5?s=96&d=mm&r=g","caption":"Richard Diaz"},"sameAs":["https:\/\/www.aridane.org\/city"],"url":"https:\/\/www.aridane.org\/city\/author\/richard-diaz\/"}]}},"_links":{"self":[{"href":"https:\/\/www.aridane.org\/city\/wp-json\/wp\/v2\/posts\/1109","targetHints":{"allow":["GET"]}}],"collection":[{"href":"https:\/\/www.aridane.org\/city\/wp-json\/wp\/v2\/posts"}],"about":[{"href":"https:\/\/www.aridane.org\/city\/wp-json\/wp\/v2\/types\/post"}],"author":[{"embeddable":true,"href":"https:\/\/www.aridane.org\/city\/wp-json\/wp\/v2\/users\/1"}],"replies":[{"embeddable":true,"href":"https:\/\/www.aridane.org\/city\/wp-json\/wp\/v2\/comments?post=1109"}],"version-history":[{"count":0,"href":"https:\/\/www.aridane.org\/city\/wp-json\/wp\/v2\/posts\/1109\/revisions"}],"wp:attachment":[{"href":"https:\/\/www.aridane.org\/city\/wp-json\/wp\/v2\/media?parent=1109"}],"wp:term":[{"taxonomy":"category","embeddable":true,"href":"https:\/\/www.aridane.org\/city\/wp-json\/wp\/v2\/categories?post=1109"},{"taxonomy":"post_tag","embeddable":true,"href":"https:\/\/www.aridane.org\/city\/wp-json\/wp\/v2\/tags?post=1109"}],"curies":[{"name":"wp","href":"https:\/\/api.w.org\/{rel}","templated":true}]}}