{"id":1116,"date":"2022-11-15T11:13:56","date_gmt":"2022-11-15T11:13:56","guid":{"rendered":"https:\/\/aridane.org\/ciudad\/?p=1116"},"modified":"2022-11-15T11:13:56","modified_gmt":"2022-11-15T11:13:56","slug":"record-de-participacion-en-la-piscina-municipal-de-los-llanos-de-aridane-con-mas-de-5-000-usuarios-en-tan-solo-8-meses","status":"publish","type":"post","link":"https:\/\/www.aridane.org\/city\/2022\/11\/15\/record-de-participacion-en-la-piscina-municipal-de-los-llanos-de-aridane-con-mas-de-5-000-usuarios-en-tan-solo-8-meses\/","title":{"rendered":"R\u00e9cord de participaci\u00f3n en la piscina municipal de Los Llanos de Aridane con m\u00e1s de 5.000 usuarios en tan solo 8 meses"},"content":{"rendered":"<section class=\"wpb-content-wrapper\"><p>[vc_row css_animation=\u00bb\u00bb row_type=\u00bbrow\u00bb use_row_as_full_screen_section=\u00bbno\u00bb type=\u00bbfull_width\u00bb angled_section=\u00bbno\u00bb text_align=\u00bbleft\u00bb background_image_as_pattern=\u00bbwithout_pattern\u00bb][vc_column][vc_row_inner row_type=\u00bbrow\u00bb type=\u00bbgrid\u00bb text_align=\u00bbleft\u00bb css_animation=\u00bb\u00bb][vc_column_inner][vc_empty_space height=\u00bb20px\u00bb][vc_column_text]<\/p>\n<ul>\n<li style=\"text-align: justify;\"><em>Desde la concejal\u00eda de Deportes ponen en valor este buen dato, y defienden que es fruto del compromiso que tiene este equipo de Gobierno con la mejora y modernizaci\u00f3n de las instalaciones deportivas municipales, as\u00ed como con la gesti\u00f3n de la misma, teni\u00e9ndolas el mayor tiempo posible abiertas para el uso y disfrute de los vecinos.<\/em><\/li>\n<\/ul>\n<p>&nbsp;<\/p>\n<p style=\"text-align: justify;\"><strong>Los Llanos de Aridane, 15 de noviembre de 2022.-<\/strong> El Ayuntamiento de los Llanos de Aridane a trav\u00e9s del concejal de Deportes, V\u00edctor Gonz\u00e1lez, ha mostrado su satisfacci\u00f3n \u201cdespu\u00e9s de que en tan solo 8 meses hayan pasado por la piscina municipal m\u00e1s de 5.000 usuarios, batiendo r\u00e9cord de participaci\u00f3n\u201d, se\u00f1ala.<\/p>\n<p style=\"text-align: justify;\">Gonz\u00e1lez explica que desde marzo hasta octubre 2.865 usuarios han disfrutado de esta instalaci\u00f3n para realizar nado libre. Adem\u00e1s, a esta cifra hay que sumar 1.077 usuarios m\u00e1s que han participado en los distintos cursillos que se han programado, \u201centre los que est\u00e1n: perfeccionamiento de nataci\u00f3n para adultos, terap\u00e9utica, para embarazadas, beb\u00e9s, iniciaci\u00f3n, y todos los niveles de ense\u00f1anza para menores\u201d. Adem\u00e1s, afirma el concejal, se ha prestado servicio a los clubes de f\u00fatbol, baloncesto, f\u00fatbol sala, atletismo, y lucha canaria del municipio, \u201cy que estimamos en otros m\u00e1s de 1.000 usuarios\u201d, se\u00f1ala.<\/p>\n<p style=\"text-align: justify;\">Asimismo, el concejal pone en valor este buen dato, y defiende que \u201ces fruto del compromiso que tiene este equipo de Gobierno con la mejora y modernizaci\u00f3n de las instalaciones deportivas municipales, as\u00ed como de la gesti\u00f3n de las mismas, teni\u00e9ndolas el mayor tiempo posible abiertas, para el uso y disfrute de los vecinos\u201d. Por \u00faltimo, desde el Ayuntamiento de Los Llanos de Aridane se recuerda que \u201ceste equipo de Gobierno va a seguir trabajando como lo est\u00e1 haciendo con el fin de ofrecer los mejores servicios, y de calidad, a nuestros vecinos\u201d.<\/p>\n<p>[\/vc_column_text][vc_empty_space height=\u00bb20px\u00bb][\/vc_column_inner][\/vc_row_inner][\/vc_column][\/vc_row]<\/p>\n<\/section>","protected":false},"excerpt":{"rendered":"<p>[vc_row css_animation=\u00bb\u00bb row_type=\u00bbrow\u00bb use_row_as_full_screen_section=\u00bbno\u00bb type=\u00bbfull_width\u00bb angled_section=\u00bbno\u00bb text_align=\u00bbleft\u00bb background_image_as_pattern=\u00bbwithout_pattern\u00bb][vc_column][vc_row_inner row_type=\u00bbrow\u00bb type=\u00bbgrid\u00bb text_align=\u00bbleft\u00bb css_animation=\u00bb\u00bb][vc_column_inner][vc_empty_space height=\u00bb20px\u00bb][vc_column_text] Desde la concejal\u00eda de Deportes ponen en valor este buen dato, y defienden que es fruto del compromiso que tiene este equipo de Gobierno con la mejora y modernizaci\u00f3n de las instalaciones&#8230;<\/p>\n","protected":false},"author":1,"featured_media":0,"comment_status":"closed","ping_status":"open","sticky":false,"template":"","format":"standard","meta":{"footnotes":""},"categories":[6],"tags":[],"class_list":["post-1116","post","type-post","status-publish","format-standard","hentry","category-prensa"],"yoast_head":"<!-- This site is optimized with the Yoast SEO plugin v22.7 - https:\/\/yoast.com\/wordpress\/plugins\/seo\/ -->\n<title>R\u00e9cord de participaci\u00f3n en la piscina municipal de Los Llanos de Aridane con m\u00e1s de 5.000 usuarios en tan solo 8 meses - Ayuntamiento de Los Llanos de Aridane<\/title>\n<meta name=\"description\" content=\"El Ayuntamiento de Los Llanos de Aridane presenta el cartel y el programa de La Patrona 2021 con el lema \u201cRemedios, m\u00e1s que un nombre.\u201d\" \/>\n<meta name=\"robots\" content=\"index, follow, max-snippet:-1, max-image-preview:large, max-video-preview:-1\" \/>\n<link rel=\"canonical\" href=\"https:\/\/www.aridane.org\/city\/2022\/11\/15\/record-de-participacion-en-la-piscina-municipal-de-los-llanos-de-aridane-con-mas-de-5-000-usuarios-en-tan-solo-8-meses\/\" \/>\n<meta property=\"og:locale\" content=\"es_ES\" \/>\n<meta property=\"og:type\" content=\"article\" \/>\n<meta property=\"og:title\" content=\"R\u00e9cord de participaci\u00f3n en la piscina municipal de Los Llanos de Aridane con m\u00e1s de 5.000 usuarios en tan solo 8 meses - Ayuntamiento de Los Llanos de Aridane\" \/>\n<meta property=\"og:description\" content=\"El Ayuntamiento de Los Llanos de Aridane presenta el cartel y el programa de La Patrona 2021 con el lema \u201cRemedios, m\u00e1s que un nombre.\u201d\" \/>\n<meta property=\"og:url\" content=\"https:\/\/www.aridane.org\/city\/2022\/11\/15\/record-de-participacion-en-la-piscina-municipal-de-los-llanos-de-aridane-con-mas-de-5-000-usuarios-en-tan-solo-8-meses\/\" \/>\n<meta property=\"og:site_name\" content=\"Ayuntamiento de Los Llanos de Aridane\" \/>\n<meta property=\"article:published_time\" content=\"2022-11-15T11:13:56+00:00\" \/>\n<meta name=\"author\" content=\"Richard Diaz\" \/>\n<meta name=\"twitter:card\" content=\"summary_large_image\" \/>\n<meta name=\"twitter:label1\" content=\"Escrito por\" \/>\n\t<meta name=\"twitter:data1\" content=\"Richard Diaz\" \/>\n\t<meta name=\"twitter:label2\" content=\"Tiempo de lectura\" \/>\n\t<meta name=\"twitter:data2\" content=\"2 minutos\" \/>\n<script type=\"application\/ld+json\" class=\"yoast-schema-graph\">{\"@context\":\"https:\/\/schema.org\",\"@graph\":[{\"@type\":\"WebPage\",\"@id\":\"https:\/\/www.aridane.org\/city\/2022\/11\/15\/record-de-participacion-en-la-piscina-municipal-de-los-llanos-de-aridane-con-mas-de-5-000-usuarios-en-tan-solo-8-meses\/\",\"url\":\"https:\/\/www.aridane.org\/city\/2022\/11\/15\/record-de-participacion-en-la-piscina-municipal-de-los-llanos-de-aridane-con-mas-de-5-000-usuarios-en-tan-solo-8-meses\/\",\"name\":\"R\u00e9cord de participaci\u00f3n en la piscina municipal de Los Llanos de Aridane con m\u00e1s de 5.000 usuarios en tan solo 8 meses - Ayuntamiento de Los Llanos de Aridane\",\"isPartOf\":{\"@id\":\"https:\/\/www.aridane.org\/city\/#website\"},\"datePublished\":\"2022-11-15T11:13:56+00:00\",\"dateModified\":\"2022-11-15T11:13:56+00:00\",\"author\":{\"@id\":\"https:\/\/www.aridane.org\/city\/#\/schema\/person\/7d352ec7f29881716f298394432e7209\"},\"description\":\"El Ayuntamiento de Los Llanos de Aridane presenta el cartel y el programa de La Patrona 2021 con el lema \u201cRemedios, m\u00e1s que un nombre.\u201d\",\"breadcrumb\":{\"@id\":\"https:\/\/www.aridane.org\/city\/2022\/11\/15\/record-de-participacion-en-la-piscina-municipal-de-los-llanos-de-aridane-con-mas-de-5-000-usuarios-en-tan-solo-8-meses\/#breadcrumb\"},\"inLanguage\":\"es\",\"potentialAction\":[{\"@type\":\"ReadAction\",\"target\":[\"https:\/\/www.aridane.org\/city\/2022\/11\/15\/record-de-participacion-en-la-piscina-municipal-de-los-llanos-de-aridane-con-mas-de-5-000-usuarios-en-tan-solo-8-meses\/\"]}]},{\"@type\":\"BreadcrumbList\",\"@id\":\"https:\/\/www.aridane.org\/city\/2022\/11\/15\/record-de-participacion-en-la-piscina-municipal-de-los-llanos-de-aridane-con-mas-de-5-000-usuarios-en-tan-solo-8-meses\/#breadcrumb\",\"itemListElement\":[{\"@type\":\"ListItem\",\"position\":1,\"name\":\"Portada\",\"item\":\"https:\/\/www.aridane.org\/city\/\"},{\"@type\":\"ListItem\",\"position\":2,\"name\":\"R\u00e9cord de participaci\u00f3n en la piscina municipal de Los Llanos de Aridane con m\u00e1s de 5.000 usuarios en tan solo 8 meses\"}]},{\"@type\":\"WebSite\",\"@id\":\"https:\/\/www.aridane.org\/city\/#website\",\"url\":\"https:\/\/www.aridane.org\/city\/\",\"name\":\"Ayuntamiento de Los Llanos de Aridane\",\"description\":\"\",\"potentialAction\":[{\"@type\":\"SearchAction\",\"target\":{\"@type\":\"EntryPoint\",\"urlTemplate\":\"https:\/\/www.aridane.org\/city\/?s={search_term_string}\"},\"query-input\":\"required name=search_term_string\"}],\"inLanguage\":\"es\"},{\"@type\":\"Person\",\"@id\":\"https:\/\/www.aridane.org\/city\/#\/schema\/person\/7d352ec7f29881716f298394432e7209\",\"name\":\"Richard Diaz\",\"image\":{\"@type\":\"ImageObject\",\"inLanguage\":\"es\",\"@id\":\"https:\/\/www.aridane.org\/city\/#\/schema\/person\/image\/\",\"url\":\"https:\/\/secure.gravatar.com\/avatar\/bacd6aefc26a4a204943090a4c596cd10f0857081ef3cfd12084a70ecb3161d5?s=96&d=mm&r=g\",\"contentUrl\":\"https:\/\/secure.gravatar.com\/avatar\/bacd6aefc26a4a204943090a4c596cd10f0857081ef3cfd12084a70ecb3161d5?s=96&d=mm&r=g\",\"caption\":\"Richard Diaz\"},\"sameAs\":[\"https:\/\/www.aridane.org\/city\"],\"url\":\"https:\/\/www.aridane.org\/city\/author\/richard-diaz\/\"}]}<\/script>\n<!-- \/ Yoast SEO plugin. -->","yoast_head_json":{"title":"R\u00e9cord de participaci\u00f3n en la piscina municipal de Los Llanos de Aridane con m\u00e1s de 5.000 usuarios en tan solo 8 meses - Ayuntamiento de Los Llanos de Aridane","description":"El Ayuntamiento de Los Llanos de Aridane presenta el cartel y el programa de La Patrona 2021 con el lema \u201cRemedios, m\u00e1s que un nombre.\u201d","robots":{"index":"index","follow":"follow","max-snippet":"max-snippet:-1","max-image-preview":"max-image-preview:large","max-video-preview":"max-video-preview:-1"},"canonical":"https:\/\/www.aridane.org\/city\/2022\/11\/15\/record-de-participacion-en-la-piscina-municipal-de-los-llanos-de-aridane-con-mas-de-5-000-usuarios-en-tan-solo-8-meses\/","og_locale":"es_ES","og_type":"article","og_title":"R\u00e9cord de participaci\u00f3n en la piscina municipal de Los Llanos de Aridane con m\u00e1s de 5.000 usuarios en tan solo 8 meses - Ayuntamiento de Los Llanos de Aridane","og_description":"El Ayuntamiento de Los Llanos de Aridane presenta el cartel y el programa de La Patrona 2021 con el lema \u201cRemedios, m\u00e1s que un nombre.\u201d","og_url":"https:\/\/www.aridane.org\/city\/2022\/11\/15\/record-de-participacion-en-la-piscina-municipal-de-los-llanos-de-aridane-con-mas-de-5-000-usuarios-en-tan-solo-8-meses\/","og_site_name":"Ayuntamiento de Los Llanos de Aridane","article_published_time":"2022-11-15T11:13:56+00:00","author":"Richard Diaz","twitter_card":"summary_large_image","twitter_misc":{"Escrito por":"Richard Diaz","Tiempo de lectura":"2 minutos"},"schema":{"@context":"https:\/\/schema.org","@graph":[{"@type":"WebPage","@id":"https:\/\/www.aridane.org\/city\/2022\/11\/15\/record-de-participacion-en-la-piscina-municipal-de-los-llanos-de-aridane-con-mas-de-5-000-usuarios-en-tan-solo-8-meses\/","url":"https:\/\/www.aridane.org\/city\/2022\/11\/15\/record-de-participacion-en-la-piscina-municipal-de-los-llanos-de-aridane-con-mas-de-5-000-usuarios-en-tan-solo-8-meses\/","name":"R\u00e9cord de participaci\u00f3n en la piscina municipal de Los Llanos de Aridane con m\u00e1s de 5.000 usuarios en tan solo 8 meses - Ayuntamiento de Los Llanos de Aridane","isPartOf":{"@id":"https:\/\/www.aridane.org\/city\/#website"},"datePublished":"2022-11-15T11:13:56+00:00","dateModified":"2022-11-15T11:13:56+00:00","author":{"@id":"https:\/\/www.aridane.org\/city\/#\/schema\/person\/7d352ec7f29881716f298394432e7209"},"description":"El Ayuntamiento de Los Llanos de Aridane presenta el cartel y el programa de La Patrona 2021 con el lema \u201cRemedios, m\u00e1s que un nombre.\u201d","breadcrumb":{"@id":"https:\/\/www.aridane.org\/city\/2022\/11\/15\/record-de-participacion-en-la-piscina-municipal-de-los-llanos-de-aridane-con-mas-de-5-000-usuarios-en-tan-solo-8-meses\/#breadcrumb"},"inLanguage":"es","potentialAction":[{"@type":"ReadAction","target":["https:\/\/www.aridane.org\/city\/2022\/11\/15\/record-de-participacion-en-la-piscina-municipal-de-los-llanos-de-aridane-con-mas-de-5-000-usuarios-en-tan-solo-8-meses\/"]}]},{"@type":"BreadcrumbList","@id":"https:\/\/www.aridane.org\/city\/2022\/11\/15\/record-de-participacion-en-la-piscina-municipal-de-los-llanos-de-aridane-con-mas-de-5-000-usuarios-en-tan-solo-8-meses\/#breadcrumb","itemListElement":[{"@type":"ListItem","position":1,"name":"Portada","item":"https:\/\/www.aridane.org\/city\/"},{"@type":"ListItem","position":2,"name":"R\u00e9cord de participaci\u00f3n en la piscina municipal de Los Llanos de Aridane con m\u00e1s de 5.000 usuarios en tan solo 8 meses"}]},{"@type":"WebSite","@id":"https:\/\/www.aridane.org\/city\/#website","url":"https:\/\/www.aridane.org\/city\/","name":"Ayuntamiento de Los Llanos de Aridane","description":"","potentialAction":[{"@type":"SearchAction","target":{"@type":"EntryPoint","urlTemplate":"https:\/\/www.aridane.org\/city\/?s={search_term_string}"},"query-input":"required name=search_term_string"}],"inLanguage":"es"},{"@type":"Person","@id":"https:\/\/www.aridane.org\/city\/#\/schema\/person\/7d352ec7f29881716f298394432e7209","name":"Richard Diaz","image":{"@type":"ImageObject","inLanguage":"es","@id":"https:\/\/www.aridane.org\/city\/#\/schema\/person\/image\/","url":"https:\/\/secure.gravatar.com\/avatar\/bacd6aefc26a4a204943090a4c596cd10f0857081ef3cfd12084a70ecb3161d5?s=96&d=mm&r=g","contentUrl":"https:\/\/secure.gravatar.com\/avatar\/bacd6aefc26a4a204943090a4c596cd10f0857081ef3cfd12084a70ecb3161d5?s=96&d=mm&r=g","caption":"Richard Diaz"},"sameAs":["https:\/\/www.aridane.org\/city"],"url":"https:\/\/www.aridane.org\/city\/author\/richard-diaz\/"}]}},"_links":{"self":[{"href":"https:\/\/www.aridane.org\/city\/wp-json\/wp\/v2\/posts\/1116","targetHints":{"allow":["GET"]}}],"collection":[{"href":"https:\/\/www.aridane.org\/city\/wp-json\/wp\/v2\/posts"}],"about":[{"href":"https:\/\/www.aridane.org\/city\/wp-json\/wp\/v2\/types\/post"}],"author":[{"embeddable":true,"href":"https:\/\/www.aridane.org\/city\/wp-json\/wp\/v2\/users\/1"}],"replies":[{"embeddable":true,"href":"https:\/\/www.aridane.org\/city\/wp-json\/wp\/v2\/comments?post=1116"}],"version-history":[{"count":0,"href":"https:\/\/www.aridane.org\/city\/wp-json\/wp\/v2\/posts\/1116\/revisions"}],"wp:attachment":[{"href":"https:\/\/www.aridane.org\/city\/wp-json\/wp\/v2\/media?parent=1116"}],"wp:term":[{"taxonomy":"category","embeddable":true,"href":"https:\/\/www.aridane.org\/city\/wp-json\/wp\/v2\/categories?post=1116"},{"taxonomy":"post_tag","embeddable":true,"href":"https:\/\/www.aridane.org\/city\/wp-json\/wp\/v2\/tags?post=1116"}],"curies":[{"name":"wp","href":"https:\/\/api.w.org\/{rel}","templated":true}]}}