{"id":1119,"date":"2022-11-15T14:00:42","date_gmt":"2022-11-15T14:00:42","guid":{"rendered":"https:\/\/aridane.org\/ciudad\/?p=1119"},"modified":"2022-11-15T14:00:42","modified_gmt":"2022-11-15T14:00:42","slug":"el-ayuntamiento-de-los-llanos-de-aridane-mueve-mas-de-300-000-euros-presupuestariamente-para-alcanzar-su-objetivo-de-cumplir-con-las-empresas-del-municipio","status":"publish","type":"post","link":"https:\/\/www.aridane.org\/city\/2022\/11\/15\/el-ayuntamiento-de-los-llanos-de-aridane-mueve-mas-de-300-000-euros-presupuestariamente-para-alcanzar-su-objetivo-de-cumplir-con-las-empresas-del-municipio\/","title":{"rendered":"El Ayuntamiento de Los Llanos de Aridane mueve m\u00e1s de 300.000 euros presupuestariamente para alcanzar su objetivo de cumplir con las empresas del municipio"},"content":{"rendered":"<section class=\"wpb-content-wrapper\"><p>[vc_row css_animation=\u00bb\u00bb row_type=\u00bbrow\u00bb use_row_as_full_screen_section=\u00bbno\u00bb type=\u00bbfull_width\u00bb angled_section=\u00bbno\u00bb text_align=\u00bbleft\u00bb background_image_as_pattern=\u00bbwithout_pattern\u00bb][vc_column][vc_row_inner row_type=\u00bbrow\u00bb type=\u00bbgrid\u00bb text_align=\u00bbleft\u00bb css_animation=\u00bb\u00bb][vc_column_inner][vc_empty_space height=\u00bb20px\u00bb][vc_column_text]<\/p>\n<ul>\n<li style=\"text-align: justify;\"><em>Garc\u00eda Leal defiende que durante los \u00faltimos a\u00f1os el Consistorio aridanense se ha caracterizado por cumplir, en tiempo y forma, con el pago a las empresas y aut\u00f3nomos que han suministrado servicios al Consistorio, pero en el \u00faltimo a\u00f1o no ha podido ser as\u00ed debido a que hemos tenido que asumir con recursos propios la cat\u00e1strofe del volc\u00e1n.<\/em><\/li>\n<li style=\"text-align: justify;\"><em>Adem\u00e1s, agradece\u00a0 a los todos los grupos de la Corporaci\u00f3n que hayan entendido que pagar a nuestros proveedores es una prioridad.<\/em><\/li>\n<\/ul>\n<p>&nbsp;<\/p>\n<p style=\"text-align: justify;\"><strong>Los Llanos de Aridane, 15 de noviembre de 2022.-<\/strong> El Ayuntamiento de Los Llanos de Aridane a trav\u00e9s de su alcaldesa, Noelia Garc\u00eda Leal, ha confirmado que el equipo de Gobierno municipal ha llevado, esta ma\u00f1ana, a pleno una modificaci\u00f3n presupuestaria que asciende hasta m\u00e1s de 300.000 euros,\u00a0 \u201ccon el fin de poder cumplir con uno de nuestros m\u00e1ximos compromisos, como es el de pagar a las empresas que presentan alg\u00fan tipo de servicio al Consistorio\u201d, se\u00f1ala.<\/p>\n<p style=\"text-align: justify;\">Garc\u00eda Leal defiende que en los \u00faltimos a\u00f1os el Consistorio se ha caracterizado por cumplir, en tiempo y forma, con el abono de las facturas, y recuerda que \u201ca lo largo del primer semestre del a\u00f1o 2021, durante la pandemia y antes de que se produjese la erupci\u00f3n volc\u00e1nica, pag\u00e1bamos a 17 d\u00edas. Desgraciadamente, en estos momentos tan duros para el municipio no podemos cumplir con estos tiempos, ya que a\u00fan no han llegado las ayudas prometidas por el Gobierno de Espa\u00f1a, y no podemos olvidarnos que precisamente las administraciones locales hemos hecho y seguimos realizando un importante esfuerzo por apoyar y prestar servicios a nuestros vecinos\u201d, asegura.<\/p>\n<p style=\"text-align: justify;\">Adem\u00e1s, la regidora ha explicado que \u201cestos 300.000 euros eran de varias partidas que hemos tenido que aplazar para el presupuesto de 2023, por ejemplo, la m\u00e1s cuantiosa, iba a ser destinada a las empresas y aut\u00f3nomos cuyos negocios quedaron sepultados por la lava. Ya tenemos las bases, y el procedimiento para poderlas publicar en enero, pero en este momento no podemos asumir compromisos que no podemos pagar en este presupuesto\u201d, se\u00f1ala.<\/p>\n<p style=\"text-align: justify;\">Por \u00faltimo, la alcaldesa ha agradecido la comprensi\u00f3n y el apoyo de todas las fuerzas pol\u00edticas, \u201cal entender que ahora es prioritario pagar a nuestros proveedores y que no podemos asumir compromisos econ\u00f3micos que no vamos a ser capaces de cumplir, en este momento\u201d. Y ha recordado, una vez m\u00e1s, que \u201ceste equipo de Gobierno va a seguir trabajando y haciendo todo lo posible para cumplir con sus proveedores, como siempre hemos hecho\u201d.<\/p>\n<p>[\/vc_column_text][vc_empty_space height=\u00bb20px\u00bb][\/vc_column_inner][\/vc_row_inner][\/vc_column][\/vc_row]<\/p>\n<\/section>","protected":false},"excerpt":{"rendered":"<p>[vc_row css_animation=\u00bb\u00bb row_type=\u00bbrow\u00bb use_row_as_full_screen_section=\u00bbno\u00bb type=\u00bbfull_width\u00bb angled_section=\u00bbno\u00bb text_align=\u00bbleft\u00bb background_image_as_pattern=\u00bbwithout_pattern\u00bb][vc_column][vc_row_inner row_type=\u00bbrow\u00bb type=\u00bbgrid\u00bb text_align=\u00bbleft\u00bb css_animation=\u00bb\u00bb][vc_column_inner][vc_empty_space height=\u00bb20px\u00bb][vc_column_text] Garc\u00eda Leal defiende que durante los \u00faltimos a\u00f1os el Consistorio aridanense se ha caracterizado por cumplir, en tiempo y forma, con el pago a las empresas y aut\u00f3nomos que han suministrado servicios&#8230;<\/p>\n","protected":false},"author":1,"featured_media":0,"comment_status":"closed","ping_status":"open","sticky":false,"template":"","format":"standard","meta":{"footnotes":""},"categories":[6],"tags":[],"class_list":["post-1119","post","type-post","status-publish","format-standard","hentry","category-prensa"],"yoast_head":"<!-- This site is optimized with the Yoast SEO plugin v22.7 - https:\/\/yoast.com\/wordpress\/plugins\/seo\/ -->\n<title>El Ayuntamiento de Los Llanos de Aridane mueve m\u00e1s de 300.000 euros presupuestariamente para alcanzar su objetivo de cumplir con las empresas del municipio - Ayuntamiento de Los Llanos de Aridane<\/title>\n<meta name=\"description\" content=\"El Ayuntamiento de Los Llanos de Aridane presenta el cartel y el programa de La Patrona 2021 con el lema \u201cRemedios, m\u00e1s que un nombre.\u201d\" \/>\n<meta name=\"robots\" content=\"index, follow, max-snippet:-1, max-image-preview:large, max-video-preview:-1\" \/>\n<link rel=\"canonical\" href=\"https:\/\/www.aridane.org\/city\/2022\/11\/15\/el-ayuntamiento-de-los-llanos-de-aridane-mueve-mas-de-300-000-euros-presupuestariamente-para-alcanzar-su-objetivo-de-cumplir-con-las-empresas-del-municipio\/\" \/>\n<meta property=\"og:locale\" content=\"es_ES\" \/>\n<meta property=\"og:type\" content=\"article\" \/>\n<meta property=\"og:title\" content=\"El Ayuntamiento de Los Llanos de Aridane mueve m\u00e1s de 300.000 euros presupuestariamente para alcanzar su objetivo de cumplir con las empresas del municipio - Ayuntamiento de Los Llanos de Aridane\" \/>\n<meta property=\"og:description\" content=\"El Ayuntamiento de Los Llanos de Aridane presenta el cartel y el programa de La Patrona 2021 con el lema \u201cRemedios, m\u00e1s que un nombre.\u201d\" \/>\n<meta property=\"og:url\" content=\"https:\/\/www.aridane.org\/city\/2022\/11\/15\/el-ayuntamiento-de-los-llanos-de-aridane-mueve-mas-de-300-000-euros-presupuestariamente-para-alcanzar-su-objetivo-de-cumplir-con-las-empresas-del-municipio\/\" \/>\n<meta property=\"og:site_name\" content=\"Ayuntamiento de Los Llanos de Aridane\" \/>\n<meta property=\"article:published_time\" content=\"2022-11-15T14:00:42+00:00\" \/>\n<meta name=\"author\" content=\"Richard Diaz\" \/>\n<meta name=\"twitter:card\" content=\"summary_large_image\" \/>\n<meta name=\"twitter:label1\" content=\"Escrito por\" \/>\n\t<meta name=\"twitter:data1\" content=\"Richard Diaz\" \/>\n\t<meta name=\"twitter:label2\" content=\"Tiempo de lectura\" \/>\n\t<meta name=\"twitter:data2\" content=\"2 minutos\" \/>\n<script type=\"application\/ld+json\" class=\"yoast-schema-graph\">{\"@context\":\"https:\/\/schema.org\",\"@graph\":[{\"@type\":\"WebPage\",\"@id\":\"https:\/\/www.aridane.org\/city\/2022\/11\/15\/el-ayuntamiento-de-los-llanos-de-aridane-mueve-mas-de-300-000-euros-presupuestariamente-para-alcanzar-su-objetivo-de-cumplir-con-las-empresas-del-municipio\/\",\"url\":\"https:\/\/www.aridane.org\/city\/2022\/11\/15\/el-ayuntamiento-de-los-llanos-de-aridane-mueve-mas-de-300-000-euros-presupuestariamente-para-alcanzar-su-objetivo-de-cumplir-con-las-empresas-del-municipio\/\",\"name\":\"El Ayuntamiento de Los Llanos de Aridane mueve m\u00e1s de 300.000 euros presupuestariamente para alcanzar su objetivo de cumplir con las empresas del municipio - Ayuntamiento de Los Llanos de Aridane\",\"isPartOf\":{\"@id\":\"https:\/\/www.aridane.org\/city\/#website\"},\"datePublished\":\"2022-11-15T14:00:42+00:00\",\"dateModified\":\"2022-11-15T14:00:42+00:00\",\"author\":{\"@id\":\"https:\/\/www.aridane.org\/city\/#\/schema\/person\/7d352ec7f29881716f298394432e7209\"},\"description\":\"El Ayuntamiento de Los Llanos de Aridane presenta el cartel y el programa de La Patrona 2021 con el lema \u201cRemedios, m\u00e1s que un nombre.\u201d\",\"breadcrumb\":{\"@id\":\"https:\/\/www.aridane.org\/city\/2022\/11\/15\/el-ayuntamiento-de-los-llanos-de-aridane-mueve-mas-de-300-000-euros-presupuestariamente-para-alcanzar-su-objetivo-de-cumplir-con-las-empresas-del-municipio\/#breadcrumb\"},\"inLanguage\":\"es\",\"potentialAction\":[{\"@type\":\"ReadAction\",\"target\":[\"https:\/\/www.aridane.org\/city\/2022\/11\/15\/el-ayuntamiento-de-los-llanos-de-aridane-mueve-mas-de-300-000-euros-presupuestariamente-para-alcanzar-su-objetivo-de-cumplir-con-las-empresas-del-municipio\/\"]}]},{\"@type\":\"BreadcrumbList\",\"@id\":\"https:\/\/www.aridane.org\/city\/2022\/11\/15\/el-ayuntamiento-de-los-llanos-de-aridane-mueve-mas-de-300-000-euros-presupuestariamente-para-alcanzar-su-objetivo-de-cumplir-con-las-empresas-del-municipio\/#breadcrumb\",\"itemListElement\":[{\"@type\":\"ListItem\",\"position\":1,\"name\":\"Portada\",\"item\":\"https:\/\/www.aridane.org\/city\/\"},{\"@type\":\"ListItem\",\"position\":2,\"name\":\"El Ayuntamiento de Los Llanos de Aridane mueve m\u00e1s de 300.000 euros presupuestariamente para alcanzar su objetivo de cumplir con las empresas del municipio\"}]},{\"@type\":\"WebSite\",\"@id\":\"https:\/\/www.aridane.org\/city\/#website\",\"url\":\"https:\/\/www.aridane.org\/city\/\",\"name\":\"Ayuntamiento de Los Llanos de Aridane\",\"description\":\"\",\"potentialAction\":[{\"@type\":\"SearchAction\",\"target\":{\"@type\":\"EntryPoint\",\"urlTemplate\":\"https:\/\/www.aridane.org\/city\/?s={search_term_string}\"},\"query-input\":\"required name=search_term_string\"}],\"inLanguage\":\"es\"},{\"@type\":\"Person\",\"@id\":\"https:\/\/www.aridane.org\/city\/#\/schema\/person\/7d352ec7f29881716f298394432e7209\",\"name\":\"Richard Diaz\",\"image\":{\"@type\":\"ImageObject\",\"inLanguage\":\"es\",\"@id\":\"https:\/\/www.aridane.org\/city\/#\/schema\/person\/image\/\",\"url\":\"https:\/\/secure.gravatar.com\/avatar\/bacd6aefc26a4a204943090a4c596cd10f0857081ef3cfd12084a70ecb3161d5?s=96&d=mm&r=g\",\"contentUrl\":\"https:\/\/secure.gravatar.com\/avatar\/bacd6aefc26a4a204943090a4c596cd10f0857081ef3cfd12084a70ecb3161d5?s=96&d=mm&r=g\",\"caption\":\"Richard Diaz\"},\"sameAs\":[\"https:\/\/www.aridane.org\/city\"],\"url\":\"https:\/\/www.aridane.org\/city\/author\/richard-diaz\/\"}]}<\/script>\n<!-- \/ Yoast SEO plugin. -->","yoast_head_json":{"title":"El Ayuntamiento de Los Llanos de Aridane mueve m\u00e1s de 300.000 euros presupuestariamente para alcanzar su objetivo de cumplir con las empresas del municipio - Ayuntamiento de Los Llanos de Aridane","description":"El Ayuntamiento de Los Llanos de Aridane presenta el cartel y el programa de La Patrona 2021 con el lema \u201cRemedios, m\u00e1s que un nombre.\u201d","robots":{"index":"index","follow":"follow","max-snippet":"max-snippet:-1","max-image-preview":"max-image-preview:large","max-video-preview":"max-video-preview:-1"},"canonical":"https:\/\/www.aridane.org\/city\/2022\/11\/15\/el-ayuntamiento-de-los-llanos-de-aridane-mueve-mas-de-300-000-euros-presupuestariamente-para-alcanzar-su-objetivo-de-cumplir-con-las-empresas-del-municipio\/","og_locale":"es_ES","og_type":"article","og_title":"El Ayuntamiento de Los Llanos de Aridane mueve m\u00e1s de 300.000 euros presupuestariamente para alcanzar su objetivo de cumplir con las empresas del municipio - Ayuntamiento de Los Llanos de Aridane","og_description":"El Ayuntamiento de Los Llanos de Aridane presenta el cartel y el programa de La Patrona 2021 con el lema \u201cRemedios, m\u00e1s que un nombre.\u201d","og_url":"https:\/\/www.aridane.org\/city\/2022\/11\/15\/el-ayuntamiento-de-los-llanos-de-aridane-mueve-mas-de-300-000-euros-presupuestariamente-para-alcanzar-su-objetivo-de-cumplir-con-las-empresas-del-municipio\/","og_site_name":"Ayuntamiento de Los Llanos de Aridane","article_published_time":"2022-11-15T14:00:42+00:00","author":"Richard Diaz","twitter_card":"summary_large_image","twitter_misc":{"Escrito por":"Richard Diaz","Tiempo de lectura":"2 minutos"},"schema":{"@context":"https:\/\/schema.org","@graph":[{"@type":"WebPage","@id":"https:\/\/www.aridane.org\/city\/2022\/11\/15\/el-ayuntamiento-de-los-llanos-de-aridane-mueve-mas-de-300-000-euros-presupuestariamente-para-alcanzar-su-objetivo-de-cumplir-con-las-empresas-del-municipio\/","url":"https:\/\/www.aridane.org\/city\/2022\/11\/15\/el-ayuntamiento-de-los-llanos-de-aridane-mueve-mas-de-300-000-euros-presupuestariamente-para-alcanzar-su-objetivo-de-cumplir-con-las-empresas-del-municipio\/","name":"El Ayuntamiento de Los Llanos de Aridane mueve m\u00e1s de 300.000 euros presupuestariamente para alcanzar su objetivo de cumplir con las empresas del municipio - Ayuntamiento de Los Llanos de Aridane","isPartOf":{"@id":"https:\/\/www.aridane.org\/city\/#website"},"datePublished":"2022-11-15T14:00:42+00:00","dateModified":"2022-11-15T14:00:42+00:00","author":{"@id":"https:\/\/www.aridane.org\/city\/#\/schema\/person\/7d352ec7f29881716f298394432e7209"},"description":"El Ayuntamiento de Los Llanos de Aridane presenta el cartel y el programa de La Patrona 2021 con el lema \u201cRemedios, m\u00e1s que un nombre.\u201d","breadcrumb":{"@id":"https:\/\/www.aridane.org\/city\/2022\/11\/15\/el-ayuntamiento-de-los-llanos-de-aridane-mueve-mas-de-300-000-euros-presupuestariamente-para-alcanzar-su-objetivo-de-cumplir-con-las-empresas-del-municipio\/#breadcrumb"},"inLanguage":"es","potentialAction":[{"@type":"ReadAction","target":["https:\/\/www.aridane.org\/city\/2022\/11\/15\/el-ayuntamiento-de-los-llanos-de-aridane-mueve-mas-de-300-000-euros-presupuestariamente-para-alcanzar-su-objetivo-de-cumplir-con-las-empresas-del-municipio\/"]}]},{"@type":"BreadcrumbList","@id":"https:\/\/www.aridane.org\/city\/2022\/11\/15\/el-ayuntamiento-de-los-llanos-de-aridane-mueve-mas-de-300-000-euros-presupuestariamente-para-alcanzar-su-objetivo-de-cumplir-con-las-empresas-del-municipio\/#breadcrumb","itemListElement":[{"@type":"ListItem","position":1,"name":"Portada","item":"https:\/\/www.aridane.org\/city\/"},{"@type":"ListItem","position":2,"name":"El Ayuntamiento de Los Llanos de Aridane mueve m\u00e1s de 300.000 euros presupuestariamente para alcanzar su objetivo de cumplir con las empresas del municipio"}]},{"@type":"WebSite","@id":"https:\/\/www.aridane.org\/city\/#website","url":"https:\/\/www.aridane.org\/city\/","name":"Ayuntamiento de Los Llanos de Aridane","description":"","potentialAction":[{"@type":"SearchAction","target":{"@type":"EntryPoint","urlTemplate":"https:\/\/www.aridane.org\/city\/?s={search_term_string}"},"query-input":"required name=search_term_string"}],"inLanguage":"es"},{"@type":"Person","@id":"https:\/\/www.aridane.org\/city\/#\/schema\/person\/7d352ec7f29881716f298394432e7209","name":"Richard Diaz","image":{"@type":"ImageObject","inLanguage":"es","@id":"https:\/\/www.aridane.org\/city\/#\/schema\/person\/image\/","url":"https:\/\/secure.gravatar.com\/avatar\/bacd6aefc26a4a204943090a4c596cd10f0857081ef3cfd12084a70ecb3161d5?s=96&d=mm&r=g","contentUrl":"https:\/\/secure.gravatar.com\/avatar\/bacd6aefc26a4a204943090a4c596cd10f0857081ef3cfd12084a70ecb3161d5?s=96&d=mm&r=g","caption":"Richard Diaz"},"sameAs":["https:\/\/www.aridane.org\/city"],"url":"https:\/\/www.aridane.org\/city\/author\/richard-diaz\/"}]}},"_links":{"self":[{"href":"https:\/\/www.aridane.org\/city\/wp-json\/wp\/v2\/posts\/1119","targetHints":{"allow":["GET"]}}],"collection":[{"href":"https:\/\/www.aridane.org\/city\/wp-json\/wp\/v2\/posts"}],"about":[{"href":"https:\/\/www.aridane.org\/city\/wp-json\/wp\/v2\/types\/post"}],"author":[{"embeddable":true,"href":"https:\/\/www.aridane.org\/city\/wp-json\/wp\/v2\/users\/1"}],"replies":[{"embeddable":true,"href":"https:\/\/www.aridane.org\/city\/wp-json\/wp\/v2\/comments?post=1119"}],"version-history":[{"count":0,"href":"https:\/\/www.aridane.org\/city\/wp-json\/wp\/v2\/posts\/1119\/revisions"}],"wp:attachment":[{"href":"https:\/\/www.aridane.org\/city\/wp-json\/wp\/v2\/media?parent=1119"}],"wp:term":[{"taxonomy":"category","embeddable":true,"href":"https:\/\/www.aridane.org\/city\/wp-json\/wp\/v2\/categories?post=1119"},{"taxonomy":"post_tag","embeddable":true,"href":"https:\/\/www.aridane.org\/city\/wp-json\/wp\/v2\/tags?post=1119"}],"curies":[{"name":"wp","href":"https:\/\/api.w.org\/{rel}","templated":true}]}}