{"id":1124,"date":"2022-11-16T09:46:32","date_gmt":"2022-11-16T09:46:32","guid":{"rendered":"https:\/\/aridane.org\/ciudad\/?p=1124"},"modified":"2022-11-16T09:46:32","modified_gmt":"2022-11-16T09:46:32","slug":"los-llanos-contara-con-una-amplia-programacion-musical-para-este-fin-de-semana","status":"publish","type":"post","link":"https:\/\/www.aridane.org\/city\/2022\/11\/16\/los-llanos-contara-con-una-amplia-programacion-musical-para-este-fin-de-semana\/","title":{"rendered":"Los Llanos contar\u00e1 con una amplia programaci\u00f3n musical para este fin de semana"},"content":{"rendered":"<section class=\"wpb-content-wrapper\"><p>[vc_row css_animation=\u00bb\u00bb row_type=\u00bbrow\u00bb use_row_as_full_screen_section=\u00bbno\u00bb type=\u00bbfull_width\u00bb angled_section=\u00bbno\u00bb text_align=\u00bbleft\u00bb background_image_as_pattern=\u00bbwithout_pattern\u00bb][vc_column][vc_row_inner row_type=\u00bbrow\u00bb type=\u00bbgrid\u00bb text_align=\u00bbleft\u00bb css_animation=\u00bb\u00bb][vc_column_inner][vc_empty_space height=\u00bb20px\u00bb][vc_column_text]<strong>Los Llanos de Aridane, 16 noviembre de 2022.-<\/strong> El Ayuntamiento de Los Llanos de Aridane a trav\u00e9s de la concejal de Cultura, Charo Gonz\u00e1lez, ha confirmado que el fin de semana llegar\u00e1 con una extensa agenda musical, \u201cque estar\u00e1 ligada a otras actividades, y dirigida a p\u00fablicos diversos\u201d, se\u00f1ala.<\/p>\n<p>El viernes a las 20:00 horas en la Plaza de Espa\u00f1a tendr\u00e1 lugar el Concierto Carmina Mundi, o lo que es lo mismo \u2018Cantos del Mundo\u2019, con la participaci\u00f3n de Paula G\u00f3mez, Andrea Rodr\u00edguez, Yumara Lu\u00eds, Ayatimas Brito, Samuel Labrador, Sergio Vargas, Carlos Perdomo, J.M Churchi y bajo la direcci\u00f3n Andrea Rodr\u00edguez.<\/p>\n<p>En esta actividad, financiada por el Ministerio de Cultura y Deporte, bajo la coordinaci\u00f3n del Instituto Canario de Desarrollo Cultural, y organizada por el \u00c1rea de Cultura del Ayuntamiento de Los Llanos de Aridane, se engloba en un mismo espect\u00e1culo las ra\u00edces de la m\u00fasica mundial, con un repertorio que acerca al p\u00fablico diferentes palos musicales como: como el folk celta, afrobeat, flamenco-fusi\u00f3n, son cubano, bolero, folk canario, tribal, reggae, pop y el jazz lat\u00edn. \u201cUna propuesta interactiva, r\u00edtmica, alegre, fresca, que se sale de todos los esquemas, enriqueciendo las armon\u00edas, con una propuesta vocal impecable y una puesta en escena que visualmente evoca un viaje hacia todos esos lugares\u201d, se\u00f1ala la concejal.<\/p>\n<p>El s\u00e1bado de 11:00 a 14:00 horas en el Parque Antonio G\u00f3mez Felipe se desarrollar\u00e1 Arrancadilla Cultural, \u201cuna actividad organizada por j\u00f3venes y pensada para ese mismo colectivo, que se desarrolla un s\u00e1bado al mes, y que en esta ocasi\u00f3n contar\u00e1 con puesto de mojitos sin alcohol de la mano del Trapiche Cambull\u00f3n, Mercadillo de Arte y Artesan\u00eda con el Colectivo la gaveta y artistas j\u00f3venes de la isla, y Puesto de Merchan e Informaci\u00f3n Asociaci\u00f3n con el Colectivo Violetas LGTBI\u201d, afirma Gonz\u00e1lez.<\/p>\n<p>Esta actividad comenzar\u00e1 a las 11:00 horas con la charla sobre Canarias como territorio y sus problem\u00e1ticas desde el punto de vista de un historiador, Enrique Reina, y de bi\u00f3logo marino, Pablo Mart\u00edn, ambos con numerosos seguidores en redes. A las 12:30 horas est\u00e1 previsto el concierto de Salom\u00e9 Moreno, y a las 13:30 horas tendr\u00e1 lugar el concierto de Miguel Villalba.<\/p>\n<p>Mientras, a las 20:00 horas y en el almac\u00e9n Europl\u00e1tanos (Camino Palomares), podremos disfrutar de un nuevo proyecto desarrollado por el consistorio aridanense, NueSes (Nuevos Espacios Esc\u00e9nicos), que en esta ocasi\u00f3n acercar\u00e1 el espect\u00e1culo multidisciplinar \u201cDesvanescencias, Leyendas de una Isla\u201d, de Contando Ando, cuya<br \/>\nentrada se puede reservar en <a href=\"http:\/\/www.tuticketlapalma.com\">www.tuticketlapalma.com<\/a> , por 5 euros. Con este proyecto, puesto en marcha por el Consistorio aridanense, y financiado por el Ministerio de Cultura y Deporte bajo la coordinaci\u00f3n del Instituto Canario de Desarrollo Cultural, se intenta utilizar espacios singulares para la realizaci\u00f3n de propuestas culturales diversas.<\/p>\n<p>\u201cDesvanescencias\u201d es una obra de teatro multidisciplinar, danza, m\u00fasica en directo e ilustraci\u00f3n animada, que cuenta la historia de dos hermanos, que al reunirse para repartir la herencia del abuelo, se sumergen en los recuerdos de la familia y la infancia, llena de an\u00e9cdotas, rencillas, tretas, bailes, juegos y leyendas de su isla, La Gomera, que podr\u00edan ser la de cualquier isla canaria.<\/p>\n<p>En el desv\u00e1n de la casa de los abuelos, habitado por fantasmas del pasado, hacen memoria de lo vivido a trav\u00e9s de los objetos que guardan los recuerdos de toda una vida, y que les hace reflexionar sobre su presente y sobre el futuro que desean vivir.<\/p>\n<p>En ella se pone en valor nuestro patrimonio cultural inmaterial, como es la tradici\u00f3n oral, reflejado en nuestras leyendas, cantares, bailes y costumbres populares, es uno de los objetivos principales de este proyecto. Nuestros\/as mayores son fuente directa de conocimiento y se hace necesario recuperar nuestra historia, pero no s\u00f3lo la historia colectiva, tambi\u00e9n la historia particular de cada uno de nosotros\/as. La obra adem\u00e1s reflexiona sobre la necesidad de divulgar dicho conocimiento y de traer el pasado al presente evitando que nuestra historia y tradiciones se desvanezcan y caigan en el olvido.<\/p>\n<p>Tambi\u00e9n a las 20:00 horas, pero esta vez en en el Parque Antonio G\u00f3mez Felipe, tendr\u00e1 lugar Noches en el Parque, en esta ocasi\u00f3n con el grupo \u201cLow Island Refugees\u201d, un proyecto musical nacido en la Isla Baja, Tenerife, de la uni\u00f3n de cinco inquietas mentes, buscando saciar un voraz apetito musical, y con la firme voluntad de expresar con crudeza sobre una base arm\u00f3nica, las luces y sombras de esta convulsa actualidad. Inspirados por ritmos afrobrasile\u00f1os, latinos y africanos, el grupo propone un paseo en\u00e9rgico por el reggae roots, el rap, el dancehall y el ska, flirteando tambi\u00e9n con el funk, la samba y el afrobeat.<\/p>\n<p>La entrada ser\u00e1 libre hasta completar aforo.<\/p>\n<p>Por \u00faltimo, desde el Ayuntamiento de Los Llanos de Aridane se invita a todas las personas que lo deseen a participar en estas y otras actividades culturales de diversa \u00edndole que se desarrollar\u00e1n a lo largo del fin de semana en el municipio.[\/vc_column_text][vc_empty_space height=\u00bb20px\u00bb][\/vc_column_inner][\/vc_row_inner][\/vc_column][\/vc_row]<\/p>\n<\/section>","protected":false},"excerpt":{"rendered":"<p>[vc_row css_animation=\u00bb\u00bb row_type=\u00bbrow\u00bb use_row_as_full_screen_section=\u00bbno\u00bb type=\u00bbfull_width\u00bb angled_section=\u00bbno\u00bb text_align=\u00bbleft\u00bb background_image_as_pattern=\u00bbwithout_pattern\u00bb][vc_column][vc_row_inner row_type=\u00bbrow\u00bb type=\u00bbgrid\u00bb text_align=\u00bbleft\u00bb css_animation=\u00bb\u00bb][vc_column_inner][vc_empty_space height=\u00bb20px\u00bb][vc_column_text]Los Llanos de Aridane, 16 noviembre de 2022.- El Ayuntamiento de Los Llanos de Aridane a trav\u00e9s de la concejal de Cultura, Charo Gonz\u00e1lez, ha confirmado que el fin de semana llegar\u00e1 con&#8230;<\/p>\n","protected":false},"author":1,"featured_media":0,"comment_status":"closed","ping_status":"open","sticky":false,"template":"","format":"standard","meta":{"footnotes":""},"categories":[6],"tags":[],"class_list":["post-1124","post","type-post","status-publish","format-standard","hentry","category-prensa"],"yoast_head":"<!-- This site is optimized with the Yoast SEO plugin v22.7 - https:\/\/yoast.com\/wordpress\/plugins\/seo\/ -->\n<title>Los Llanos contar\u00e1 con una amplia programaci\u00f3n musical para este fin de semana - Ayuntamiento de Los Llanos de Aridane<\/title>\n<meta name=\"description\" content=\"El Ayuntamiento de Los Llanos de Aridane presenta el cartel y el programa de La Patrona 2021 con el lema \u201cRemedios, m\u00e1s que un nombre.\u201d\" \/>\n<meta name=\"robots\" content=\"index, follow, max-snippet:-1, max-image-preview:large, max-video-preview:-1\" \/>\n<link rel=\"canonical\" href=\"https:\/\/www.aridane.org\/city\/2022\/11\/16\/los-llanos-contara-con-una-amplia-programacion-musical-para-este-fin-de-semana\/\" \/>\n<meta property=\"og:locale\" content=\"es_ES\" \/>\n<meta property=\"og:type\" content=\"article\" \/>\n<meta property=\"og:title\" content=\"Los Llanos contar\u00e1 con una amplia programaci\u00f3n musical para este fin de semana - Ayuntamiento de Los Llanos de Aridane\" \/>\n<meta property=\"og:description\" content=\"El Ayuntamiento de Los Llanos de Aridane presenta el cartel y el programa de La Patrona 2021 con el lema \u201cRemedios, m\u00e1s que un nombre.\u201d\" \/>\n<meta property=\"og:url\" content=\"https:\/\/www.aridane.org\/city\/2022\/11\/16\/los-llanos-contara-con-una-amplia-programacion-musical-para-este-fin-de-semana\/\" \/>\n<meta property=\"og:site_name\" content=\"Ayuntamiento de Los Llanos de Aridane\" \/>\n<meta property=\"article:published_time\" content=\"2022-11-16T09:46:32+00:00\" \/>\n<meta name=\"author\" content=\"Richard Diaz\" \/>\n<meta name=\"twitter:card\" content=\"summary_large_image\" \/>\n<meta name=\"twitter:label1\" content=\"Escrito por\" \/>\n\t<meta name=\"twitter:data1\" content=\"Richard Diaz\" \/>\n\t<meta name=\"twitter:label2\" content=\"Tiempo de lectura\" \/>\n\t<meta name=\"twitter:data2\" content=\"4 minutos\" \/>\n<script type=\"application\/ld+json\" class=\"yoast-schema-graph\">{\"@context\":\"https:\/\/schema.org\",\"@graph\":[{\"@type\":\"WebPage\",\"@id\":\"https:\/\/www.aridane.org\/city\/2022\/11\/16\/los-llanos-contara-con-una-amplia-programacion-musical-para-este-fin-de-semana\/\",\"url\":\"https:\/\/www.aridane.org\/city\/2022\/11\/16\/los-llanos-contara-con-una-amplia-programacion-musical-para-este-fin-de-semana\/\",\"name\":\"Los Llanos contar\u00e1 con una amplia programaci\u00f3n musical para este fin de semana - Ayuntamiento de Los Llanos de Aridane\",\"isPartOf\":{\"@id\":\"https:\/\/www.aridane.org\/city\/#website\"},\"datePublished\":\"2022-11-16T09:46:32+00:00\",\"dateModified\":\"2022-11-16T09:46:32+00:00\",\"author\":{\"@id\":\"https:\/\/www.aridane.org\/city\/#\/schema\/person\/7d352ec7f29881716f298394432e7209\"},\"description\":\"El Ayuntamiento de Los Llanos de Aridane presenta el cartel y el programa de La Patrona 2021 con el lema \u201cRemedios, m\u00e1s que un nombre.\u201d\",\"breadcrumb\":{\"@id\":\"https:\/\/www.aridane.org\/city\/2022\/11\/16\/los-llanos-contara-con-una-amplia-programacion-musical-para-este-fin-de-semana\/#breadcrumb\"},\"inLanguage\":\"es\",\"potentialAction\":[{\"@type\":\"ReadAction\",\"target\":[\"https:\/\/www.aridane.org\/city\/2022\/11\/16\/los-llanos-contara-con-una-amplia-programacion-musical-para-este-fin-de-semana\/\"]}]},{\"@type\":\"BreadcrumbList\",\"@id\":\"https:\/\/www.aridane.org\/city\/2022\/11\/16\/los-llanos-contara-con-una-amplia-programacion-musical-para-este-fin-de-semana\/#breadcrumb\",\"itemListElement\":[{\"@type\":\"ListItem\",\"position\":1,\"name\":\"Portada\",\"item\":\"https:\/\/www.aridane.org\/city\/\"},{\"@type\":\"ListItem\",\"position\":2,\"name\":\"Los Llanos contar\u00e1 con una amplia programaci\u00f3n musical para este fin de semana\"}]},{\"@type\":\"WebSite\",\"@id\":\"https:\/\/www.aridane.org\/city\/#website\",\"url\":\"https:\/\/www.aridane.org\/city\/\",\"name\":\"Ayuntamiento de Los Llanos de Aridane\",\"description\":\"\",\"potentialAction\":[{\"@type\":\"SearchAction\",\"target\":{\"@type\":\"EntryPoint\",\"urlTemplate\":\"https:\/\/www.aridane.org\/city\/?s={search_term_string}\"},\"query-input\":\"required name=search_term_string\"}],\"inLanguage\":\"es\"},{\"@type\":\"Person\",\"@id\":\"https:\/\/www.aridane.org\/city\/#\/schema\/person\/7d352ec7f29881716f298394432e7209\",\"name\":\"Richard Diaz\",\"image\":{\"@type\":\"ImageObject\",\"inLanguage\":\"es\",\"@id\":\"https:\/\/www.aridane.org\/city\/#\/schema\/person\/image\/\",\"url\":\"https:\/\/secure.gravatar.com\/avatar\/bacd6aefc26a4a204943090a4c596cd10f0857081ef3cfd12084a70ecb3161d5?s=96&d=mm&r=g\",\"contentUrl\":\"https:\/\/secure.gravatar.com\/avatar\/bacd6aefc26a4a204943090a4c596cd10f0857081ef3cfd12084a70ecb3161d5?s=96&d=mm&r=g\",\"caption\":\"Richard Diaz\"},\"sameAs\":[\"https:\/\/www.aridane.org\/city\"],\"url\":\"https:\/\/www.aridane.org\/city\/author\/richard-diaz\/\"}]}<\/script>\n<!-- \/ Yoast SEO plugin. -->","yoast_head_json":{"title":"Los Llanos contar\u00e1 con una amplia programaci\u00f3n musical para este fin de semana - Ayuntamiento de Los Llanos de Aridane","description":"El Ayuntamiento de Los Llanos de Aridane presenta el cartel y el programa de La Patrona 2021 con el lema \u201cRemedios, m\u00e1s que un nombre.\u201d","robots":{"index":"index","follow":"follow","max-snippet":"max-snippet:-1","max-image-preview":"max-image-preview:large","max-video-preview":"max-video-preview:-1"},"canonical":"https:\/\/www.aridane.org\/city\/2022\/11\/16\/los-llanos-contara-con-una-amplia-programacion-musical-para-este-fin-de-semana\/","og_locale":"es_ES","og_type":"article","og_title":"Los Llanos contar\u00e1 con una amplia programaci\u00f3n musical para este fin de semana - Ayuntamiento de Los Llanos de Aridane","og_description":"El Ayuntamiento de Los Llanos de Aridane presenta el cartel y el programa de La Patrona 2021 con el lema \u201cRemedios, m\u00e1s que un nombre.\u201d","og_url":"https:\/\/www.aridane.org\/city\/2022\/11\/16\/los-llanos-contara-con-una-amplia-programacion-musical-para-este-fin-de-semana\/","og_site_name":"Ayuntamiento de Los Llanos de Aridane","article_published_time":"2022-11-16T09:46:32+00:00","author":"Richard Diaz","twitter_card":"summary_large_image","twitter_misc":{"Escrito por":"Richard Diaz","Tiempo de lectura":"4 minutos"},"schema":{"@context":"https:\/\/schema.org","@graph":[{"@type":"WebPage","@id":"https:\/\/www.aridane.org\/city\/2022\/11\/16\/los-llanos-contara-con-una-amplia-programacion-musical-para-este-fin-de-semana\/","url":"https:\/\/www.aridane.org\/city\/2022\/11\/16\/los-llanos-contara-con-una-amplia-programacion-musical-para-este-fin-de-semana\/","name":"Los Llanos contar\u00e1 con una amplia programaci\u00f3n musical para este fin de semana - Ayuntamiento de Los Llanos de Aridane","isPartOf":{"@id":"https:\/\/www.aridane.org\/city\/#website"},"datePublished":"2022-11-16T09:46:32+00:00","dateModified":"2022-11-16T09:46:32+00:00","author":{"@id":"https:\/\/www.aridane.org\/city\/#\/schema\/person\/7d352ec7f29881716f298394432e7209"},"description":"El Ayuntamiento de Los Llanos de Aridane presenta el cartel y el programa de La Patrona 2021 con el lema \u201cRemedios, m\u00e1s que un nombre.\u201d","breadcrumb":{"@id":"https:\/\/www.aridane.org\/city\/2022\/11\/16\/los-llanos-contara-con-una-amplia-programacion-musical-para-este-fin-de-semana\/#breadcrumb"},"inLanguage":"es","potentialAction":[{"@type":"ReadAction","target":["https:\/\/www.aridane.org\/city\/2022\/11\/16\/los-llanos-contara-con-una-amplia-programacion-musical-para-este-fin-de-semana\/"]}]},{"@type":"BreadcrumbList","@id":"https:\/\/www.aridane.org\/city\/2022\/11\/16\/los-llanos-contara-con-una-amplia-programacion-musical-para-este-fin-de-semana\/#breadcrumb","itemListElement":[{"@type":"ListItem","position":1,"name":"Portada","item":"https:\/\/www.aridane.org\/city\/"},{"@type":"ListItem","position":2,"name":"Los Llanos contar\u00e1 con una amplia programaci\u00f3n musical para este fin de semana"}]},{"@type":"WebSite","@id":"https:\/\/www.aridane.org\/city\/#website","url":"https:\/\/www.aridane.org\/city\/","name":"Ayuntamiento de Los Llanos de Aridane","description":"","potentialAction":[{"@type":"SearchAction","target":{"@type":"EntryPoint","urlTemplate":"https:\/\/www.aridane.org\/city\/?s={search_term_string}"},"query-input":"required name=search_term_string"}],"inLanguage":"es"},{"@type":"Person","@id":"https:\/\/www.aridane.org\/city\/#\/schema\/person\/7d352ec7f29881716f298394432e7209","name":"Richard Diaz","image":{"@type":"ImageObject","inLanguage":"es","@id":"https:\/\/www.aridane.org\/city\/#\/schema\/person\/image\/","url":"https:\/\/secure.gravatar.com\/avatar\/bacd6aefc26a4a204943090a4c596cd10f0857081ef3cfd12084a70ecb3161d5?s=96&d=mm&r=g","contentUrl":"https:\/\/secure.gravatar.com\/avatar\/bacd6aefc26a4a204943090a4c596cd10f0857081ef3cfd12084a70ecb3161d5?s=96&d=mm&r=g","caption":"Richard Diaz"},"sameAs":["https:\/\/www.aridane.org\/city"],"url":"https:\/\/www.aridane.org\/city\/author\/richard-diaz\/"}]}},"_links":{"self":[{"href":"https:\/\/www.aridane.org\/city\/wp-json\/wp\/v2\/posts\/1124","targetHints":{"allow":["GET"]}}],"collection":[{"href":"https:\/\/www.aridane.org\/city\/wp-json\/wp\/v2\/posts"}],"about":[{"href":"https:\/\/www.aridane.org\/city\/wp-json\/wp\/v2\/types\/post"}],"author":[{"embeddable":true,"href":"https:\/\/www.aridane.org\/city\/wp-json\/wp\/v2\/users\/1"}],"replies":[{"embeddable":true,"href":"https:\/\/www.aridane.org\/city\/wp-json\/wp\/v2\/comments?post=1124"}],"version-history":[{"count":0,"href":"https:\/\/www.aridane.org\/city\/wp-json\/wp\/v2\/posts\/1124\/revisions"}],"wp:attachment":[{"href":"https:\/\/www.aridane.org\/city\/wp-json\/wp\/v2\/media?parent=1124"}],"wp:term":[{"taxonomy":"category","embeddable":true,"href":"https:\/\/www.aridane.org\/city\/wp-json\/wp\/v2\/categories?post=1124"},{"taxonomy":"post_tag","embeddable":true,"href":"https:\/\/www.aridane.org\/city\/wp-json\/wp\/v2\/tags?post=1124"}],"curies":[{"name":"wp","href":"https:\/\/api.w.org\/{rel}","templated":true}]}}