{"id":1127,"date":"2022-11-17T09:26:44","date_gmt":"2022-11-17T09:26:44","guid":{"rendered":"https:\/\/aridane.org\/ciudad\/?p=1127"},"modified":"2022-11-17T09:26:44","modified_gmt":"2022-11-17T09:26:44","slug":"21-ponentes-presentaron-sus-trabajos-en-i-congreso-de-estudios-sobre-el-valle-de-aridane","status":"publish","type":"post","link":"https:\/\/www.aridane.org\/city\/2022\/11\/17\/21-ponentes-presentaron-sus-trabajos-en-i-congreso-de-estudios-sobre-el-valle-de-aridane\/","title":{"rendered":"21 ponentes presentaron sus trabajos en I Congreso de Estudios Sobre el Valle de Aridane"},"content":{"rendered":"<section class=\"wpb-content-wrapper\"><p>[vc_row css_animation=\u00bb\u00bb row_type=\u00bbrow\u00bb use_row_as_full_screen_section=\u00bbno\u00bb type=\u00bbfull_width\u00bb angled_section=\u00bbno\u00bb text_align=\u00bbleft\u00bb background_image_as_pattern=\u00bbwithout_pattern\u00bb][vc_column][vc_row_inner row_type=\u00bbrow\u00bb type=\u00bbgrid\u00bb text_align=\u00bbleft\u00bb css_animation=\u00bb\u00bb][vc_column_inner][vc_empty_space height=\u00bb20px\u00bb][vc_column_text]<\/p>\n<ul>\n<li style=\"text-align: justify;\"><em>El coordinador del Congreso, Miguel \u00c1ngel Santiago, defiende que la calidad de los ponentes a la hora de exponer las comunicaciones, y el inter\u00e9s de sus contenidos hicieron posible un Congreso muy completo, que tendr\u00e1 su colof\u00f3n con la publicaci\u00f3n de las Actas, las cuales sin duda se convertir\u00e1n en una obra de referencia en cualquier estudio que se vaya a realizar sobre el Valle de Aridane.<\/em><\/li>\n<\/ul>\n<p>&nbsp;<\/p>\n<p style=\"text-align: justify;\"><strong>Los Llanos de Aridane, 17 de noviembre de 2022.-<\/strong> La Concejal de Cultura, Archivo y Patrimonio del Ayuntamiento de Los Llanos de Aridane de Cultura, Charo Gonz\u00e1lez, ha valorado positivamente la repercusi\u00f3n del I Congreso de Estudios Sobre el Valle de Aridane, celebrado los pasados 10, 11 y 12 de noviembre en el Museo Arqueol\u00f3gico Benahoarita, organizado por su concejal\u00eda y coordinado por el Archivero Municipal, Miguel \u00c1ngel Santiago P\u00e9rez.<\/p>\n<p style=\"text-align: justify;\">Gonz\u00e1lez explica que se cont\u00f3 con 21 ponentes que presentaron trabajos muy interesantes, \u201cfruto de sus conocimientos e investigaciones, con el marco geogr\u00e1fico, social y cultural del Valle de Aridane como escenario com\u00fan\u201d, se\u00f1ala. Adem\u00e1s, confirma que \u201cen esta primera edici\u00f3n el p\u00fablico asistente pudo disfrutar de comunicaciones de diferente tem\u00e1tica: historia, etnograf\u00eda, deportes, arqueolog\u00eda, m\u00fasica, cultura, periodismo, alimentaci\u00f3n, que enriquecieron el contenido de un encuentro que quiere tener vocaci\u00f3n de continuidad\u201d.<\/p>\n<p style=\"text-align: justify;\">Por su parte, Santiago defiende que \u201cla calidad de los ponentes a la hora de exponer las comunicaciones, y el inter\u00e9s de sus contenidos hicieron posible un Congreso muy completo, que tendr\u00e1 su colof\u00f3n con la publicaci\u00f3n de las Actas, las cuales sin duda se convertir\u00e1n en una obra de referencia en cualquier estudio que se vaya a realizar sobre el Valle de Aridane. Ahora, m\u00e1s que nunca el Valle necesita reforzar sus valores, darlos a conocer y convertirlos en instrumentos para la reconstrucci\u00f3n. Los trabajos presentados en este Congreso son muestra de esos valores que necesitamos dar a conocer\u201d.<\/p>\n<p style=\"text-align: justify;\">Desde la concejal\u00eda de Cultura se\u00f1alan que a las aportaciones de j\u00f3venes investigadores se han unido las de figuras ya contrastadas para conformar un cartel muy completo: Jes\u00fas P\u00e9rez Morera, Mauricio P\u00e9rez, Bel\u00e9n Lorenzo, Sergio Armas, M\u00aa Victoria Hern\u00e1ndez, Miguel Villalba, Alejandro Rodr\u00edguez, Nuria \u00c1lvarez, Eduardo D\u00edaz, Milagros \u00c1lvarez Sosa, Felipe Jorge Pais, Marcelino Rodr\u00edguez Ram\u00edrez, Elena Jim\u00e9nez, David Ramos P\u00e9rez, Dailos Gonz\u00e1lez, Alejandro Escuder, Felipe Ramos P\u00e9rez, Rosario Valc\u00e1rcel, Luis Le\u00f3n Barreto, Carlos Valent\u00edn Lorenzo, Francisco Vi\u00f1a Ramos, Salvador Gonz\u00e1lez V\u00e1zquez.<\/p>\n<p style=\"text-align: justify;\">Por \u00faltimo, desde el Ayuntamiento de Los Llanos de Aridane se pone en valor este evento, esperando que en sucesivas ediciones se sumen los otros ayuntamientos del Valle, y se alternen las sedes, lo que redundar\u00e1 en un \u00e9xito para la continuidad de las mismas.<\/p>\n<p>[\/vc_column_text][vc_empty_space height=\u00bb20px\u00bb][\/vc_column_inner][\/vc_row_inner][\/vc_column][\/vc_row]<\/p>\n<\/section>","protected":false},"excerpt":{"rendered":"<p>[vc_row css_animation=\u00bb\u00bb row_type=\u00bbrow\u00bb use_row_as_full_screen_section=\u00bbno\u00bb type=\u00bbfull_width\u00bb angled_section=\u00bbno\u00bb text_align=\u00bbleft\u00bb background_image_as_pattern=\u00bbwithout_pattern\u00bb][vc_column][vc_row_inner row_type=\u00bbrow\u00bb type=\u00bbgrid\u00bb text_align=\u00bbleft\u00bb css_animation=\u00bb\u00bb][vc_column_inner][vc_empty_space height=\u00bb20px\u00bb][vc_column_text] El coordinador del Congreso, Miguel \u00c1ngel Santiago, defiende que la calidad de los ponentes a la hora de exponer las comunicaciones, y el inter\u00e9s de sus contenidos hicieron posible un Congreso muy&#8230;<\/p>\n","protected":false},"author":1,"featured_media":0,"comment_status":"closed","ping_status":"open","sticky":false,"template":"","format":"standard","meta":{"footnotes":""},"categories":[6],"tags":[],"class_list":["post-1127","post","type-post","status-publish","format-standard","hentry","category-prensa"],"yoast_head":"<!-- This site is optimized with the Yoast SEO plugin v22.7 - https:\/\/yoast.com\/wordpress\/plugins\/seo\/ -->\n<title>21 ponentes presentaron sus trabajos en I Congreso de Estudios Sobre el Valle de Aridane - Ayuntamiento de Los Llanos de Aridane<\/title>\n<meta name=\"description\" content=\"El Ayuntamiento de Los Llanos de Aridane presenta el cartel y el programa de La Patrona 2021 con el lema \u201cRemedios, m\u00e1s que un nombre.\u201d\" \/>\n<meta name=\"robots\" content=\"index, follow, max-snippet:-1, max-image-preview:large, max-video-preview:-1\" \/>\n<link rel=\"canonical\" href=\"https:\/\/www.aridane.org\/city\/2022\/11\/17\/21-ponentes-presentaron-sus-trabajos-en-i-congreso-de-estudios-sobre-el-valle-de-aridane\/\" \/>\n<meta property=\"og:locale\" content=\"es_ES\" \/>\n<meta property=\"og:type\" content=\"article\" \/>\n<meta property=\"og:title\" content=\"21 ponentes presentaron sus trabajos en I Congreso de Estudios Sobre el Valle de Aridane - Ayuntamiento de Los Llanos de Aridane\" \/>\n<meta property=\"og:description\" content=\"El Ayuntamiento de Los Llanos de Aridane presenta el cartel y el programa de La Patrona 2021 con el lema \u201cRemedios, m\u00e1s que un nombre.\u201d\" \/>\n<meta property=\"og:url\" content=\"https:\/\/www.aridane.org\/city\/2022\/11\/17\/21-ponentes-presentaron-sus-trabajos-en-i-congreso-de-estudios-sobre-el-valle-de-aridane\/\" \/>\n<meta property=\"og:site_name\" content=\"Ayuntamiento de Los Llanos de Aridane\" \/>\n<meta property=\"article:published_time\" content=\"2022-11-17T09:26:44+00:00\" \/>\n<meta name=\"author\" content=\"Richard Diaz\" \/>\n<meta name=\"twitter:card\" content=\"summary_large_image\" \/>\n<meta name=\"twitter:label1\" content=\"Escrito por\" \/>\n\t<meta name=\"twitter:data1\" content=\"Richard Diaz\" \/>\n\t<meta name=\"twitter:label2\" content=\"Tiempo de lectura\" \/>\n\t<meta name=\"twitter:data2\" content=\"3 minutos\" \/>\n<script type=\"application\/ld+json\" class=\"yoast-schema-graph\">{\"@context\":\"https:\/\/schema.org\",\"@graph\":[{\"@type\":\"WebPage\",\"@id\":\"https:\/\/www.aridane.org\/city\/2022\/11\/17\/21-ponentes-presentaron-sus-trabajos-en-i-congreso-de-estudios-sobre-el-valle-de-aridane\/\",\"url\":\"https:\/\/www.aridane.org\/city\/2022\/11\/17\/21-ponentes-presentaron-sus-trabajos-en-i-congreso-de-estudios-sobre-el-valle-de-aridane\/\",\"name\":\"21 ponentes presentaron sus trabajos en I Congreso de Estudios Sobre el Valle de Aridane - Ayuntamiento de Los Llanos de Aridane\",\"isPartOf\":{\"@id\":\"https:\/\/www.aridane.org\/city\/#website\"},\"datePublished\":\"2022-11-17T09:26:44+00:00\",\"dateModified\":\"2022-11-17T09:26:44+00:00\",\"author\":{\"@id\":\"https:\/\/www.aridane.org\/city\/#\/schema\/person\/7d352ec7f29881716f298394432e7209\"},\"description\":\"El Ayuntamiento de Los Llanos de Aridane presenta el cartel y el programa de La Patrona 2021 con el lema \u201cRemedios, m\u00e1s que un nombre.\u201d\",\"breadcrumb\":{\"@id\":\"https:\/\/www.aridane.org\/city\/2022\/11\/17\/21-ponentes-presentaron-sus-trabajos-en-i-congreso-de-estudios-sobre-el-valle-de-aridane\/#breadcrumb\"},\"inLanguage\":\"es\",\"potentialAction\":[{\"@type\":\"ReadAction\",\"target\":[\"https:\/\/www.aridane.org\/city\/2022\/11\/17\/21-ponentes-presentaron-sus-trabajos-en-i-congreso-de-estudios-sobre-el-valle-de-aridane\/\"]}]},{\"@type\":\"BreadcrumbList\",\"@id\":\"https:\/\/www.aridane.org\/city\/2022\/11\/17\/21-ponentes-presentaron-sus-trabajos-en-i-congreso-de-estudios-sobre-el-valle-de-aridane\/#breadcrumb\",\"itemListElement\":[{\"@type\":\"ListItem\",\"position\":1,\"name\":\"Portada\",\"item\":\"https:\/\/www.aridane.org\/city\/\"},{\"@type\":\"ListItem\",\"position\":2,\"name\":\"21 ponentes presentaron sus trabajos en I Congreso de Estudios Sobre el Valle de Aridane\"}]},{\"@type\":\"WebSite\",\"@id\":\"https:\/\/www.aridane.org\/city\/#website\",\"url\":\"https:\/\/www.aridane.org\/city\/\",\"name\":\"Ayuntamiento de Los Llanos de Aridane\",\"description\":\"\",\"potentialAction\":[{\"@type\":\"SearchAction\",\"target\":{\"@type\":\"EntryPoint\",\"urlTemplate\":\"https:\/\/www.aridane.org\/city\/?s={search_term_string}\"},\"query-input\":\"required name=search_term_string\"}],\"inLanguage\":\"es\"},{\"@type\":\"Person\",\"@id\":\"https:\/\/www.aridane.org\/city\/#\/schema\/person\/7d352ec7f29881716f298394432e7209\",\"name\":\"Richard Diaz\",\"image\":{\"@type\":\"ImageObject\",\"inLanguage\":\"es\",\"@id\":\"https:\/\/www.aridane.org\/city\/#\/schema\/person\/image\/\",\"url\":\"https:\/\/secure.gravatar.com\/avatar\/bacd6aefc26a4a204943090a4c596cd10f0857081ef3cfd12084a70ecb3161d5?s=96&d=mm&r=g\",\"contentUrl\":\"https:\/\/secure.gravatar.com\/avatar\/bacd6aefc26a4a204943090a4c596cd10f0857081ef3cfd12084a70ecb3161d5?s=96&d=mm&r=g\",\"caption\":\"Richard Diaz\"},\"sameAs\":[\"https:\/\/www.aridane.org\/city\"],\"url\":\"https:\/\/www.aridane.org\/city\/author\/richard-diaz\/\"}]}<\/script>\n<!-- \/ Yoast SEO plugin. -->","yoast_head_json":{"title":"21 ponentes presentaron sus trabajos en I Congreso de Estudios Sobre el Valle de Aridane - Ayuntamiento de Los Llanos de Aridane","description":"El Ayuntamiento de Los Llanos de Aridane presenta el cartel y el programa de La Patrona 2021 con el lema \u201cRemedios, m\u00e1s que un nombre.\u201d","robots":{"index":"index","follow":"follow","max-snippet":"max-snippet:-1","max-image-preview":"max-image-preview:large","max-video-preview":"max-video-preview:-1"},"canonical":"https:\/\/www.aridane.org\/city\/2022\/11\/17\/21-ponentes-presentaron-sus-trabajos-en-i-congreso-de-estudios-sobre-el-valle-de-aridane\/","og_locale":"es_ES","og_type":"article","og_title":"21 ponentes presentaron sus trabajos en I Congreso de Estudios Sobre el Valle de Aridane - Ayuntamiento de Los Llanos de Aridane","og_description":"El Ayuntamiento de Los Llanos de Aridane presenta el cartel y el programa de La Patrona 2021 con el lema \u201cRemedios, m\u00e1s que un nombre.\u201d","og_url":"https:\/\/www.aridane.org\/city\/2022\/11\/17\/21-ponentes-presentaron-sus-trabajos-en-i-congreso-de-estudios-sobre-el-valle-de-aridane\/","og_site_name":"Ayuntamiento de Los Llanos de Aridane","article_published_time":"2022-11-17T09:26:44+00:00","author":"Richard Diaz","twitter_card":"summary_large_image","twitter_misc":{"Escrito por":"Richard Diaz","Tiempo de lectura":"3 minutos"},"schema":{"@context":"https:\/\/schema.org","@graph":[{"@type":"WebPage","@id":"https:\/\/www.aridane.org\/city\/2022\/11\/17\/21-ponentes-presentaron-sus-trabajos-en-i-congreso-de-estudios-sobre-el-valle-de-aridane\/","url":"https:\/\/www.aridane.org\/city\/2022\/11\/17\/21-ponentes-presentaron-sus-trabajos-en-i-congreso-de-estudios-sobre-el-valle-de-aridane\/","name":"21 ponentes presentaron sus trabajos en I Congreso de Estudios Sobre el Valle de Aridane - Ayuntamiento de Los Llanos de Aridane","isPartOf":{"@id":"https:\/\/www.aridane.org\/city\/#website"},"datePublished":"2022-11-17T09:26:44+00:00","dateModified":"2022-11-17T09:26:44+00:00","author":{"@id":"https:\/\/www.aridane.org\/city\/#\/schema\/person\/7d352ec7f29881716f298394432e7209"},"description":"El Ayuntamiento de Los Llanos de Aridane presenta el cartel y el programa de La Patrona 2021 con el lema \u201cRemedios, m\u00e1s que un nombre.\u201d","breadcrumb":{"@id":"https:\/\/www.aridane.org\/city\/2022\/11\/17\/21-ponentes-presentaron-sus-trabajos-en-i-congreso-de-estudios-sobre-el-valle-de-aridane\/#breadcrumb"},"inLanguage":"es","potentialAction":[{"@type":"ReadAction","target":["https:\/\/www.aridane.org\/city\/2022\/11\/17\/21-ponentes-presentaron-sus-trabajos-en-i-congreso-de-estudios-sobre-el-valle-de-aridane\/"]}]},{"@type":"BreadcrumbList","@id":"https:\/\/www.aridane.org\/city\/2022\/11\/17\/21-ponentes-presentaron-sus-trabajos-en-i-congreso-de-estudios-sobre-el-valle-de-aridane\/#breadcrumb","itemListElement":[{"@type":"ListItem","position":1,"name":"Portada","item":"https:\/\/www.aridane.org\/city\/"},{"@type":"ListItem","position":2,"name":"21 ponentes presentaron sus trabajos en I Congreso de Estudios Sobre el Valle de Aridane"}]},{"@type":"WebSite","@id":"https:\/\/www.aridane.org\/city\/#website","url":"https:\/\/www.aridane.org\/city\/","name":"Ayuntamiento de Los Llanos de Aridane","description":"","potentialAction":[{"@type":"SearchAction","target":{"@type":"EntryPoint","urlTemplate":"https:\/\/www.aridane.org\/city\/?s={search_term_string}"},"query-input":"required name=search_term_string"}],"inLanguage":"es"},{"@type":"Person","@id":"https:\/\/www.aridane.org\/city\/#\/schema\/person\/7d352ec7f29881716f298394432e7209","name":"Richard Diaz","image":{"@type":"ImageObject","inLanguage":"es","@id":"https:\/\/www.aridane.org\/city\/#\/schema\/person\/image\/","url":"https:\/\/secure.gravatar.com\/avatar\/bacd6aefc26a4a204943090a4c596cd10f0857081ef3cfd12084a70ecb3161d5?s=96&d=mm&r=g","contentUrl":"https:\/\/secure.gravatar.com\/avatar\/bacd6aefc26a4a204943090a4c596cd10f0857081ef3cfd12084a70ecb3161d5?s=96&d=mm&r=g","caption":"Richard Diaz"},"sameAs":["https:\/\/www.aridane.org\/city"],"url":"https:\/\/www.aridane.org\/city\/author\/richard-diaz\/"}]}},"_links":{"self":[{"href":"https:\/\/www.aridane.org\/city\/wp-json\/wp\/v2\/posts\/1127","targetHints":{"allow":["GET"]}}],"collection":[{"href":"https:\/\/www.aridane.org\/city\/wp-json\/wp\/v2\/posts"}],"about":[{"href":"https:\/\/www.aridane.org\/city\/wp-json\/wp\/v2\/types\/post"}],"author":[{"embeddable":true,"href":"https:\/\/www.aridane.org\/city\/wp-json\/wp\/v2\/users\/1"}],"replies":[{"embeddable":true,"href":"https:\/\/www.aridane.org\/city\/wp-json\/wp\/v2\/comments?post=1127"}],"version-history":[{"count":0,"href":"https:\/\/www.aridane.org\/city\/wp-json\/wp\/v2\/posts\/1127\/revisions"}],"wp:attachment":[{"href":"https:\/\/www.aridane.org\/city\/wp-json\/wp\/v2\/media?parent=1127"}],"wp:term":[{"taxonomy":"category","embeddable":true,"href":"https:\/\/www.aridane.org\/city\/wp-json\/wp\/v2\/categories?post=1127"},{"taxonomy":"post_tag","embeddable":true,"href":"https:\/\/www.aridane.org\/city\/wp-json\/wp\/v2\/tags?post=1127"}],"curies":[{"name":"wp","href":"https:\/\/api.w.org\/{rel}","templated":true}]}}