{"id":1132,"date":"2022-11-17T13:51:07","date_gmt":"2022-11-17T13:51:07","guid":{"rendered":"https:\/\/aridane.org\/ciudad\/?p=1132"},"modified":"2022-11-17T13:51:07","modified_gmt":"2022-11-17T13:51:07","slug":"el-ayuntamiento-de-los-llanos-delos-llanos-de-aridane-continua-modernizando-su-alumbrado-publico-con-tecnologia-led","status":"publish","type":"post","link":"https:\/\/www.aridane.org\/city\/2022\/11\/17\/el-ayuntamiento-de-los-llanos-delos-llanos-de-aridane-continua-modernizando-su-alumbrado-publico-con-tecnologia-led\/","title":{"rendered":"El Ayuntamiento de Los Llanos de Los Llanos de Aridane contin\u00faa modernizando su alumbrado p\u00fablico con tecnolog\u00eda LED"},"content":{"rendered":"<section class=\"wpb-content-wrapper\"><p>[vc_row css_animation=\u00bb\u00bb row_type=\u00bbrow\u00bb use_row_as_full_screen_section=\u00bbno\u00bb type=\u00bbfull_width\u00bb angled_section=\u00bbno\u00bb text_align=\u00bbleft\u00bb background_image_as_pattern=\u00bbwithout_pattern\u00bb][vc_column][vc_row_inner row_type=\u00bbrow\u00bb type=\u00bbgrid\u00bb text_align=\u00bbleft\u00bb css_animation=\u00bb\u00bb][vc_column_inner][vc_empty_space height=\u00bb20px\u00bb][vc_column_text]<\/p>\n<ul>\n<li style=\"text-align: justify;\"><em>Desde la concejal\u00eda de Obras defiende que con esta tecnolog\u00eda se mejora la eficiencia energ\u00e9tica del municipio, se reducen las emisiones CO2, se logra una mayor durabilidad de las l\u00e1mparas, y adem\u00e1s se obtiene un ahorro en la factura de la luz de esta zona.<\/em><\/li>\n<\/ul>\n<p>&nbsp;<\/p>\n<p style=\"text-align: justify;\">Los Llanos de Aridane, 17 de noviembre de 2022.- El Ayuntamiento de Los Llanos de Aridane a trav\u00e9s del concejal de Obras, Fran Leal, ha confirmado que \u00abse contin\u00faan desarrollando tareas de mejora en el alumbrado p\u00fablico del municipio, cumpliendo as\u00ed con nuestro compromiso de ahorro energ\u00e9tico\u00bb, se\u00f1ala.<\/p>\n<p style=\"text-align: justify;\">Leal ha confirmado que ya ha sido sustituido el alumbrado de la calle Tom\u00e1s Bret\u00f3n, en el barrio de Argual, por tecnolog\u00eda Led, y para ello se ha destinado una inversi\u00f3n de 3.625,46 euros, de los cuales el 60% corresponde a una l\u00ednea de subvenci\u00f3n otorgada por el Gobierno de Canarias y con cargo al Fondo Europeo de Desarrollo Regional.<\/p>\n<p style=\"text-align: justify;\">Adem\u00e1s, el concejal ha confirmado que \u00abesta Obra es una prueba m\u00e1s del compromiso que tiene este equipo de Gobierno con la mejora de la eficiencia energ\u00e9tica del municipio, reducir las emisiones CO2, y lograr una mayor durabilidad de las l\u00e1mparas, que adem\u00e1s, nos va a permitir obtener un ahorro en la factura de la luz de estas zona\u00bb, se\u00f1ala.<\/p>\n<p style=\"text-align: justify;\">Por \u00faltimo, desde el Ayuntamiento de Los Llanos de Aridane se recuerda que \u00abeste equipo de Gobierno va a seguir trabajando en esta l\u00ednea, para poco a poco seguir implementando el alumbrado led en todo el municipio\u201d.<\/p>\n<p>[\/vc_column_text][vc_empty_space height=\u00bb20px\u00bb][\/vc_column_inner][\/vc_row_inner][\/vc_column][\/vc_row]<\/p>\n<\/section>","protected":false},"excerpt":{"rendered":"<p>[vc_row css_animation=\u00bb\u00bb row_type=\u00bbrow\u00bb use_row_as_full_screen_section=\u00bbno\u00bb type=\u00bbfull_width\u00bb angled_section=\u00bbno\u00bb text_align=\u00bbleft\u00bb background_image_as_pattern=\u00bbwithout_pattern\u00bb][vc_column][vc_row_inner row_type=\u00bbrow\u00bb type=\u00bbgrid\u00bb text_align=\u00bbleft\u00bb css_animation=\u00bb\u00bb][vc_column_inner][vc_empty_space height=\u00bb20px\u00bb][vc_column_text] Desde la concejal\u00eda de Obras defiende que con esta tecnolog\u00eda se mejora la eficiencia energ\u00e9tica del municipio, se reducen las emisiones CO2, se logra una mayor durabilidad de las l\u00e1mparas, y adem\u00e1s&#8230;<\/p>\n","protected":false},"author":1,"featured_media":0,"comment_status":"closed","ping_status":"open","sticky":false,"template":"","format":"standard","meta":{"footnotes":""},"categories":[6],"tags":[],"class_list":["post-1132","post","type-post","status-publish","format-standard","hentry","category-prensa"],"yoast_head":"<!-- This site is optimized with the Yoast SEO plugin v22.7 - https:\/\/yoast.com\/wordpress\/plugins\/seo\/ -->\n<title>El Ayuntamiento de Los Llanos de Los Llanos de Aridane contin\u00faa modernizando su alumbrado p\u00fablico con tecnolog\u00eda LED - Ayuntamiento de Los Llanos de Aridane<\/title>\n<meta name=\"description\" content=\"El Ayuntamiento de Los Llanos de Aridane presenta el cartel y el programa de La Patrona 2021 con el lema \u201cRemedios, m\u00e1s que un nombre.\u201d\" \/>\n<meta name=\"robots\" content=\"index, follow, max-snippet:-1, max-image-preview:large, max-video-preview:-1\" \/>\n<link rel=\"canonical\" href=\"https:\/\/www.aridane.org\/city\/2022\/11\/17\/el-ayuntamiento-de-los-llanos-delos-llanos-de-aridane-continua-modernizando-su-alumbrado-publico-con-tecnologia-led\/\" \/>\n<meta property=\"og:locale\" content=\"es_ES\" \/>\n<meta property=\"og:type\" content=\"article\" \/>\n<meta property=\"og:title\" content=\"El Ayuntamiento de Los Llanos de Los Llanos de Aridane contin\u00faa modernizando su alumbrado p\u00fablico con tecnolog\u00eda LED - Ayuntamiento de Los Llanos de Aridane\" \/>\n<meta property=\"og:description\" content=\"El Ayuntamiento de Los Llanos de Aridane presenta el cartel y el programa de La Patrona 2021 con el lema \u201cRemedios, m\u00e1s que un nombre.\u201d\" \/>\n<meta property=\"og:url\" content=\"https:\/\/www.aridane.org\/city\/2022\/11\/17\/el-ayuntamiento-de-los-llanos-delos-llanos-de-aridane-continua-modernizando-su-alumbrado-publico-con-tecnologia-led\/\" \/>\n<meta property=\"og:site_name\" content=\"Ayuntamiento de Los Llanos de Aridane\" \/>\n<meta property=\"article:published_time\" content=\"2022-11-17T13:51:07+00:00\" \/>\n<meta name=\"author\" content=\"Richard Diaz\" \/>\n<meta name=\"twitter:card\" content=\"summary_large_image\" \/>\n<meta name=\"twitter:label1\" content=\"Escrito por\" \/>\n\t<meta name=\"twitter:data1\" content=\"Richard Diaz\" \/>\n\t<meta name=\"twitter:label2\" content=\"Tiempo de lectura\" \/>\n\t<meta name=\"twitter:data2\" content=\"2 minutos\" \/>\n<script type=\"application\/ld+json\" class=\"yoast-schema-graph\">{\"@context\":\"https:\/\/schema.org\",\"@graph\":[{\"@type\":\"WebPage\",\"@id\":\"https:\/\/www.aridane.org\/city\/2022\/11\/17\/el-ayuntamiento-de-los-llanos-delos-llanos-de-aridane-continua-modernizando-su-alumbrado-publico-con-tecnologia-led\/\",\"url\":\"https:\/\/www.aridane.org\/city\/2022\/11\/17\/el-ayuntamiento-de-los-llanos-delos-llanos-de-aridane-continua-modernizando-su-alumbrado-publico-con-tecnologia-led\/\",\"name\":\"El Ayuntamiento de Los Llanos de Los Llanos de Aridane contin\u00faa modernizando su alumbrado p\u00fablico con tecnolog\u00eda LED - Ayuntamiento de Los Llanos de Aridane\",\"isPartOf\":{\"@id\":\"https:\/\/www.aridane.org\/city\/#website\"},\"datePublished\":\"2022-11-17T13:51:07+00:00\",\"dateModified\":\"2022-11-17T13:51:07+00:00\",\"author\":{\"@id\":\"https:\/\/www.aridane.org\/city\/#\/schema\/person\/7d352ec7f29881716f298394432e7209\"},\"description\":\"El Ayuntamiento de Los Llanos de Aridane presenta el cartel y el programa de La Patrona 2021 con el lema \u201cRemedios, m\u00e1s que un nombre.\u201d\",\"breadcrumb\":{\"@id\":\"https:\/\/www.aridane.org\/city\/2022\/11\/17\/el-ayuntamiento-de-los-llanos-delos-llanos-de-aridane-continua-modernizando-su-alumbrado-publico-con-tecnologia-led\/#breadcrumb\"},\"inLanguage\":\"es\",\"potentialAction\":[{\"@type\":\"ReadAction\",\"target\":[\"https:\/\/www.aridane.org\/city\/2022\/11\/17\/el-ayuntamiento-de-los-llanos-delos-llanos-de-aridane-continua-modernizando-su-alumbrado-publico-con-tecnologia-led\/\"]}]},{\"@type\":\"BreadcrumbList\",\"@id\":\"https:\/\/www.aridane.org\/city\/2022\/11\/17\/el-ayuntamiento-de-los-llanos-delos-llanos-de-aridane-continua-modernizando-su-alumbrado-publico-con-tecnologia-led\/#breadcrumb\",\"itemListElement\":[{\"@type\":\"ListItem\",\"position\":1,\"name\":\"Portada\",\"item\":\"https:\/\/www.aridane.org\/city\/\"},{\"@type\":\"ListItem\",\"position\":2,\"name\":\"El Ayuntamiento de Los Llanos de Los Llanos de Aridane contin\u00faa modernizando su alumbrado p\u00fablico con tecnolog\u00eda LED\"}]},{\"@type\":\"WebSite\",\"@id\":\"https:\/\/www.aridane.org\/city\/#website\",\"url\":\"https:\/\/www.aridane.org\/city\/\",\"name\":\"Ayuntamiento de Los Llanos de Aridane\",\"description\":\"\",\"potentialAction\":[{\"@type\":\"SearchAction\",\"target\":{\"@type\":\"EntryPoint\",\"urlTemplate\":\"https:\/\/www.aridane.org\/city\/?s={search_term_string}\"},\"query-input\":\"required name=search_term_string\"}],\"inLanguage\":\"es\"},{\"@type\":\"Person\",\"@id\":\"https:\/\/www.aridane.org\/city\/#\/schema\/person\/7d352ec7f29881716f298394432e7209\",\"name\":\"Richard Diaz\",\"image\":{\"@type\":\"ImageObject\",\"inLanguage\":\"es\",\"@id\":\"https:\/\/www.aridane.org\/city\/#\/schema\/person\/image\/\",\"url\":\"https:\/\/secure.gravatar.com\/avatar\/bacd6aefc26a4a204943090a4c596cd10f0857081ef3cfd12084a70ecb3161d5?s=96&d=mm&r=g\",\"contentUrl\":\"https:\/\/secure.gravatar.com\/avatar\/bacd6aefc26a4a204943090a4c596cd10f0857081ef3cfd12084a70ecb3161d5?s=96&d=mm&r=g\",\"caption\":\"Richard Diaz\"},\"sameAs\":[\"https:\/\/www.aridane.org\/city\"],\"url\":\"https:\/\/www.aridane.org\/city\/author\/richard-diaz\/\"}]}<\/script>\n<!-- \/ Yoast SEO plugin. -->","yoast_head_json":{"title":"El Ayuntamiento de Los Llanos de Los Llanos de Aridane contin\u00faa modernizando su alumbrado p\u00fablico con tecnolog\u00eda LED - Ayuntamiento de Los Llanos de Aridane","description":"El Ayuntamiento de Los Llanos de Aridane presenta el cartel y el programa de La Patrona 2021 con el lema \u201cRemedios, m\u00e1s que un nombre.\u201d","robots":{"index":"index","follow":"follow","max-snippet":"max-snippet:-1","max-image-preview":"max-image-preview:large","max-video-preview":"max-video-preview:-1"},"canonical":"https:\/\/www.aridane.org\/city\/2022\/11\/17\/el-ayuntamiento-de-los-llanos-delos-llanos-de-aridane-continua-modernizando-su-alumbrado-publico-con-tecnologia-led\/","og_locale":"es_ES","og_type":"article","og_title":"El Ayuntamiento de Los Llanos de Los Llanos de Aridane contin\u00faa modernizando su alumbrado p\u00fablico con tecnolog\u00eda LED - Ayuntamiento de Los Llanos de Aridane","og_description":"El Ayuntamiento de Los Llanos de Aridane presenta el cartel y el programa de La Patrona 2021 con el lema \u201cRemedios, m\u00e1s que un nombre.\u201d","og_url":"https:\/\/www.aridane.org\/city\/2022\/11\/17\/el-ayuntamiento-de-los-llanos-delos-llanos-de-aridane-continua-modernizando-su-alumbrado-publico-con-tecnologia-led\/","og_site_name":"Ayuntamiento de Los Llanos de Aridane","article_published_time":"2022-11-17T13:51:07+00:00","author":"Richard Diaz","twitter_card":"summary_large_image","twitter_misc":{"Escrito por":"Richard Diaz","Tiempo de lectura":"2 minutos"},"schema":{"@context":"https:\/\/schema.org","@graph":[{"@type":"WebPage","@id":"https:\/\/www.aridane.org\/city\/2022\/11\/17\/el-ayuntamiento-de-los-llanos-delos-llanos-de-aridane-continua-modernizando-su-alumbrado-publico-con-tecnologia-led\/","url":"https:\/\/www.aridane.org\/city\/2022\/11\/17\/el-ayuntamiento-de-los-llanos-delos-llanos-de-aridane-continua-modernizando-su-alumbrado-publico-con-tecnologia-led\/","name":"El Ayuntamiento de Los Llanos de Los Llanos de Aridane contin\u00faa modernizando su alumbrado p\u00fablico con tecnolog\u00eda LED - Ayuntamiento de Los Llanos de Aridane","isPartOf":{"@id":"https:\/\/www.aridane.org\/city\/#website"},"datePublished":"2022-11-17T13:51:07+00:00","dateModified":"2022-11-17T13:51:07+00:00","author":{"@id":"https:\/\/www.aridane.org\/city\/#\/schema\/person\/7d352ec7f29881716f298394432e7209"},"description":"El Ayuntamiento de Los Llanos de Aridane presenta el cartel y el programa de La Patrona 2021 con el lema \u201cRemedios, m\u00e1s que un nombre.\u201d","breadcrumb":{"@id":"https:\/\/www.aridane.org\/city\/2022\/11\/17\/el-ayuntamiento-de-los-llanos-delos-llanos-de-aridane-continua-modernizando-su-alumbrado-publico-con-tecnologia-led\/#breadcrumb"},"inLanguage":"es","potentialAction":[{"@type":"ReadAction","target":["https:\/\/www.aridane.org\/city\/2022\/11\/17\/el-ayuntamiento-de-los-llanos-delos-llanos-de-aridane-continua-modernizando-su-alumbrado-publico-con-tecnologia-led\/"]}]},{"@type":"BreadcrumbList","@id":"https:\/\/www.aridane.org\/city\/2022\/11\/17\/el-ayuntamiento-de-los-llanos-delos-llanos-de-aridane-continua-modernizando-su-alumbrado-publico-con-tecnologia-led\/#breadcrumb","itemListElement":[{"@type":"ListItem","position":1,"name":"Portada","item":"https:\/\/www.aridane.org\/city\/"},{"@type":"ListItem","position":2,"name":"El Ayuntamiento de Los Llanos de Los Llanos de Aridane contin\u00faa modernizando su alumbrado p\u00fablico con tecnolog\u00eda LED"}]},{"@type":"WebSite","@id":"https:\/\/www.aridane.org\/city\/#website","url":"https:\/\/www.aridane.org\/city\/","name":"Ayuntamiento de Los Llanos de Aridane","description":"","potentialAction":[{"@type":"SearchAction","target":{"@type":"EntryPoint","urlTemplate":"https:\/\/www.aridane.org\/city\/?s={search_term_string}"},"query-input":"required name=search_term_string"}],"inLanguage":"es"},{"@type":"Person","@id":"https:\/\/www.aridane.org\/city\/#\/schema\/person\/7d352ec7f29881716f298394432e7209","name":"Richard Diaz","image":{"@type":"ImageObject","inLanguage":"es","@id":"https:\/\/www.aridane.org\/city\/#\/schema\/person\/image\/","url":"https:\/\/secure.gravatar.com\/avatar\/bacd6aefc26a4a204943090a4c596cd10f0857081ef3cfd12084a70ecb3161d5?s=96&d=mm&r=g","contentUrl":"https:\/\/secure.gravatar.com\/avatar\/bacd6aefc26a4a204943090a4c596cd10f0857081ef3cfd12084a70ecb3161d5?s=96&d=mm&r=g","caption":"Richard Diaz"},"sameAs":["https:\/\/www.aridane.org\/city"],"url":"https:\/\/www.aridane.org\/city\/author\/richard-diaz\/"}]}},"_links":{"self":[{"href":"https:\/\/www.aridane.org\/city\/wp-json\/wp\/v2\/posts\/1132","targetHints":{"allow":["GET"]}}],"collection":[{"href":"https:\/\/www.aridane.org\/city\/wp-json\/wp\/v2\/posts"}],"about":[{"href":"https:\/\/www.aridane.org\/city\/wp-json\/wp\/v2\/types\/post"}],"author":[{"embeddable":true,"href":"https:\/\/www.aridane.org\/city\/wp-json\/wp\/v2\/users\/1"}],"replies":[{"embeddable":true,"href":"https:\/\/www.aridane.org\/city\/wp-json\/wp\/v2\/comments?post=1132"}],"version-history":[{"count":0,"href":"https:\/\/www.aridane.org\/city\/wp-json\/wp\/v2\/posts\/1132\/revisions"}],"wp:attachment":[{"href":"https:\/\/www.aridane.org\/city\/wp-json\/wp\/v2\/media?parent=1132"}],"wp:term":[{"taxonomy":"category","embeddable":true,"href":"https:\/\/www.aridane.org\/city\/wp-json\/wp\/v2\/categories?post=1132"},{"taxonomy":"post_tag","embeddable":true,"href":"https:\/\/www.aridane.org\/city\/wp-json\/wp\/v2\/tags?post=1132"}],"curies":[{"name":"wp","href":"https:\/\/api.w.org\/{rel}","templated":true}]}}