{"id":1136,"date":"2022-11-18T09:16:58","date_gmt":"2022-11-18T09:16:58","guid":{"rendered":"https:\/\/aridane.org\/ciudad\/?p=1136"},"modified":"2022-11-18T09:16:58","modified_gmt":"2022-11-18T09:16:58","slug":"los-llanos-de-aridane-y-el-paso-acogen-el-iii-encuentro-internacional-de-saxofon-de-la-palma","status":"publish","type":"post","link":"https:\/\/www.aridane.org\/city\/2022\/11\/18\/los-llanos-de-aridane-y-el-paso-acogen-el-iii-encuentro-internacional-de-saxofon-de-la-palma\/","title":{"rendered":"Los Llanos de Aridane y El Paso acogen el III Encuentro Internacional de Saxof\u00f3n de La Palma"},"content":{"rendered":"<section class=\"wpb-content-wrapper\"><p>[vc_row css_animation=\u00bb\u00bb row_type=\u00bbrow\u00bb use_row_as_full_screen_section=\u00bbno\u00bb type=\u00bbfull_width\u00bb angled_section=\u00bbno\u00bb text_align=\u00bbleft\u00bb background_image_as_pattern=\u00bbwithout_pattern\u00bb][vc_column][vc_row_inner row_type=\u00bbrow\u00bb type=\u00bbgrid\u00bb text_align=\u00bbleft\u00bb css_animation=\u00bb\u00bb][vc_column_inner][vc_empty_space height=\u00bb20px\u00bb][vc_column_text]<\/p>\n<ul>\n<li style=\"text-align: justify;\"><em>Este encuentro, que se desarrollar\u00e1 principalmente en Los Llanos de Aridane, se celebrar\u00e1 del 1 al 4 de diciembre, con un amplio programa de actividades, y una vez m\u00e1s se contar\u00e1 con un importante n\u00famero de profesores y estrellas invitadas de reconocido prestigio a nivel internacional.<\/em><\/li>\n<\/ul>\n<p>&nbsp;<\/p>\n<p style=\"text-align: justify;\"><strong>Los Llanos de Aridane, 8 de junio de 2022.-<\/strong> El Ayuntamiento de Los Llanos de Aridane, a trav\u00e9s de la concejal de Cultura, Charo Gonz\u00e1lez; el Cabildo de La Palma, a trav\u00e9s de la consejera de Cultura, Jovita Monterrey; y la concejal de Cultura de El Paso, Irinova Hern\u00e1ndez, han presentado el III Encuentro Internacional de Saxof\u00f3n de La Palma, \u201cque se desarrollar\u00e1 del 1 al 4 de diciembre en Los Llanos de Aridane, y El Paso\u201d.<\/p>\n<p style=\"text-align: justify;\">Gonz\u00e1lez explica que, la mayor\u00eda de los encuentros tendr\u00e1n lugar en Los Llanos de Aridane, \u201cy un a\u00f1o m\u00e1s contaremos con un importante n\u00famero de profesores y estrellas invitadas de alt\u00edsimo nivel, y reconocidos internacionalmente, entre los que est\u00e1n: Misato Hanawa, Lev Pupis, Hans de Jong, Jordi Fuster, Ferrer Ferr\u00e1n, Orestes De Armas, Airam D\u00e9niz, Metka Pupis, Mar\u00eda Lorenzo y Giacomo Martarelli\u201d, asegura. Adem\u00e1s, confirma que los participantes podr\u00e1n disfrutar de las diferentes actividades programadas como: masterclass, talleres, y actividades. \u201cY del estreno de la obra \u2018Wilfred, el fantasma\u2019 a cargo de Ferrer Ferr\u00e1n, as\u00ed como de los distintos conciertos de Orquesta de Saxofones, Ensemble de Profesores y Alumnos, y Grupos de C\u00e1mara\u201d, se\u00f1ala.<\/p>\n<p style=\"text-align: justify;\">La concejal tambi\u00e9n ha confirmado, que un d\u00eda antes, el 30 de noviembre a las 17:30 horas se llevar\u00e1 a cabo un concierto solidario cuyos fondos ser\u00e1n destinados al Centro de Rehabilitaci\u00f3n de la Asociaci\u00f3n de Ni\u00f1os Especiales de La Palma, Nep, \u201cy cuyo objetivo es recaudar fondos para la continuidad de las terapias rehabilitaci\u00f3n, y restaurar las instalaciones del Centro, que se han visto da\u00f1adas\u201d.<\/p>\n<p style=\"text-align: justify;\">Por su parte, la consejera ha se\u00f1alado que \u201ca\u00f1o tras a\u00f1o el Encuentro Internacional de Saxof\u00f3n se est\u00e1 consolidando como un evento ineludible para los amantes de la m\u00fasica, y de este instrumento particularmente. Adem\u00e1s, la calidad de los invitados y profesores, as\u00ed como su completo programa, hacen que este evento se est\u00e9 convirtiendo en un referente regional, nacional e internacional\u201d.<\/p>\n<p style=\"text-align: justify;\">Mientras, la concejal de El Paso, Irinova Hern\u00e1ndez, ha expresado su satisfacci\u00f3n por la oportunidad que han brindado al municipio de El Paso, \u201cpor primera vez vamos a formar parte de este proyecto musical que se ha consolidado en la isla. Amantes del saxof\u00f3n, m\u00fasicos y p\u00fablico en general podr\u00e1n disfrutar de las actividades que se han programado para celebrar la III edici\u00f3n del Encuenrro Internacional de Saxof\u00f3n. Felicitamos al equipo de organizaci\u00f3n y colaboradores por el esfuerzo que han realizado para que este proyecto salga adelante\u201d.<\/p>\n<p style=\"text-align: justify;\">Por \u00faltimo, desde el Ayuntamiento de Los Llanos de Aridane se invita a todas las personas que lo deseen a participar en este encuentro.<\/p>\n<p>[\/vc_column_text][vc_empty_space height=\u00bb20px\u00bb][\/vc_column_inner][\/vc_row_inner][\/vc_column][\/vc_row]<\/p>\n<\/section>","protected":false},"excerpt":{"rendered":"<p>[vc_row css_animation=\u00bb\u00bb row_type=\u00bbrow\u00bb use_row_as_full_screen_section=\u00bbno\u00bb type=\u00bbfull_width\u00bb angled_section=\u00bbno\u00bb text_align=\u00bbleft\u00bb background_image_as_pattern=\u00bbwithout_pattern\u00bb][vc_column][vc_row_inner row_type=\u00bbrow\u00bb type=\u00bbgrid\u00bb text_align=\u00bbleft\u00bb css_animation=\u00bb\u00bb][vc_column_inner][vc_empty_space height=\u00bb20px\u00bb][vc_column_text] Este encuentro, que se desarrollar\u00e1 principalmente en Los Llanos de Aridane, se celebrar\u00e1 del 1 al 4 de diciembre, con un amplio programa de actividades, y una vez m\u00e1s se contar\u00e1 con&#8230;<\/p>\n","protected":false},"author":1,"featured_media":0,"comment_status":"closed","ping_status":"open","sticky":false,"template":"","format":"standard","meta":{"footnotes":""},"categories":[6],"tags":[],"class_list":["post-1136","post","type-post","status-publish","format-standard","hentry","category-prensa"],"yoast_head":"<!-- This site is optimized with the Yoast SEO plugin v22.7 - https:\/\/yoast.com\/wordpress\/plugins\/seo\/ -->\n<title>Los Llanos de Aridane y El Paso acogen el III Encuentro Internacional de Saxof\u00f3n de La Palma - Ayuntamiento de Los Llanos de Aridane<\/title>\n<meta name=\"description\" content=\"El Ayuntamiento de Los Llanos de Aridane presenta el cartel y el programa de La Patrona 2021 con el lema \u201cRemedios, m\u00e1s que un nombre.\u201d\" \/>\n<meta name=\"robots\" content=\"index, follow, max-snippet:-1, max-image-preview:large, max-video-preview:-1\" \/>\n<link rel=\"canonical\" href=\"https:\/\/www.aridane.org\/city\/2022\/11\/18\/los-llanos-de-aridane-y-el-paso-acogen-el-iii-encuentro-internacional-de-saxofon-de-la-palma\/\" \/>\n<meta property=\"og:locale\" content=\"es_ES\" \/>\n<meta property=\"og:type\" content=\"article\" \/>\n<meta property=\"og:title\" content=\"Los Llanos de Aridane y El Paso acogen el III Encuentro Internacional de Saxof\u00f3n de La Palma - Ayuntamiento de Los Llanos de Aridane\" \/>\n<meta property=\"og:description\" content=\"El Ayuntamiento de Los Llanos de Aridane presenta el cartel y el programa de La Patrona 2021 con el lema \u201cRemedios, m\u00e1s que un nombre.\u201d\" \/>\n<meta property=\"og:url\" content=\"https:\/\/www.aridane.org\/city\/2022\/11\/18\/los-llanos-de-aridane-y-el-paso-acogen-el-iii-encuentro-internacional-de-saxofon-de-la-palma\/\" \/>\n<meta property=\"og:site_name\" content=\"Ayuntamiento de Los Llanos de Aridane\" \/>\n<meta property=\"article:published_time\" content=\"2022-11-18T09:16:58+00:00\" \/>\n<meta name=\"author\" content=\"Richard Diaz\" \/>\n<meta name=\"twitter:card\" content=\"summary_large_image\" \/>\n<meta name=\"twitter:label1\" content=\"Escrito por\" \/>\n\t<meta name=\"twitter:data1\" content=\"Richard Diaz\" \/>\n\t<meta name=\"twitter:label2\" content=\"Tiempo de lectura\" \/>\n\t<meta name=\"twitter:data2\" content=\"3 minutos\" \/>\n<script type=\"application\/ld+json\" class=\"yoast-schema-graph\">{\"@context\":\"https:\/\/schema.org\",\"@graph\":[{\"@type\":\"WebPage\",\"@id\":\"https:\/\/www.aridane.org\/city\/2022\/11\/18\/los-llanos-de-aridane-y-el-paso-acogen-el-iii-encuentro-internacional-de-saxofon-de-la-palma\/\",\"url\":\"https:\/\/www.aridane.org\/city\/2022\/11\/18\/los-llanos-de-aridane-y-el-paso-acogen-el-iii-encuentro-internacional-de-saxofon-de-la-palma\/\",\"name\":\"Los Llanos de Aridane y El Paso acogen el III Encuentro Internacional de Saxof\u00f3n de La Palma - Ayuntamiento de Los Llanos de Aridane\",\"isPartOf\":{\"@id\":\"https:\/\/www.aridane.org\/city\/#website\"},\"datePublished\":\"2022-11-18T09:16:58+00:00\",\"dateModified\":\"2022-11-18T09:16:58+00:00\",\"author\":{\"@id\":\"https:\/\/www.aridane.org\/city\/#\/schema\/person\/7d352ec7f29881716f298394432e7209\"},\"description\":\"El Ayuntamiento de Los Llanos de Aridane presenta el cartel y el programa de La Patrona 2021 con el lema \u201cRemedios, m\u00e1s que un nombre.\u201d\",\"breadcrumb\":{\"@id\":\"https:\/\/www.aridane.org\/city\/2022\/11\/18\/los-llanos-de-aridane-y-el-paso-acogen-el-iii-encuentro-internacional-de-saxofon-de-la-palma\/#breadcrumb\"},\"inLanguage\":\"es\",\"potentialAction\":[{\"@type\":\"ReadAction\",\"target\":[\"https:\/\/www.aridane.org\/city\/2022\/11\/18\/los-llanos-de-aridane-y-el-paso-acogen-el-iii-encuentro-internacional-de-saxofon-de-la-palma\/\"]}]},{\"@type\":\"BreadcrumbList\",\"@id\":\"https:\/\/www.aridane.org\/city\/2022\/11\/18\/los-llanos-de-aridane-y-el-paso-acogen-el-iii-encuentro-internacional-de-saxofon-de-la-palma\/#breadcrumb\",\"itemListElement\":[{\"@type\":\"ListItem\",\"position\":1,\"name\":\"Portada\",\"item\":\"https:\/\/www.aridane.org\/city\/\"},{\"@type\":\"ListItem\",\"position\":2,\"name\":\"Los Llanos de Aridane y El Paso acogen el III Encuentro Internacional de Saxof\u00f3n de La Palma\"}]},{\"@type\":\"WebSite\",\"@id\":\"https:\/\/www.aridane.org\/city\/#website\",\"url\":\"https:\/\/www.aridane.org\/city\/\",\"name\":\"Ayuntamiento de Los Llanos de Aridane\",\"description\":\"\",\"potentialAction\":[{\"@type\":\"SearchAction\",\"target\":{\"@type\":\"EntryPoint\",\"urlTemplate\":\"https:\/\/www.aridane.org\/city\/?s={search_term_string}\"},\"query-input\":\"required name=search_term_string\"}],\"inLanguage\":\"es\"},{\"@type\":\"Person\",\"@id\":\"https:\/\/www.aridane.org\/city\/#\/schema\/person\/7d352ec7f29881716f298394432e7209\",\"name\":\"Richard Diaz\",\"image\":{\"@type\":\"ImageObject\",\"inLanguage\":\"es\",\"@id\":\"https:\/\/www.aridane.org\/city\/#\/schema\/person\/image\/\",\"url\":\"https:\/\/secure.gravatar.com\/avatar\/bacd6aefc26a4a204943090a4c596cd10f0857081ef3cfd12084a70ecb3161d5?s=96&d=mm&r=g\",\"contentUrl\":\"https:\/\/secure.gravatar.com\/avatar\/bacd6aefc26a4a204943090a4c596cd10f0857081ef3cfd12084a70ecb3161d5?s=96&d=mm&r=g\",\"caption\":\"Richard Diaz\"},\"sameAs\":[\"https:\/\/www.aridane.org\/city\"],\"url\":\"https:\/\/www.aridane.org\/city\/author\/richard-diaz\/\"}]}<\/script>\n<!-- \/ Yoast SEO plugin. -->","yoast_head_json":{"title":"Los Llanos de Aridane y El Paso acogen el III Encuentro Internacional de Saxof\u00f3n de La Palma - Ayuntamiento de Los Llanos de Aridane","description":"El Ayuntamiento de Los Llanos de Aridane presenta el cartel y el programa de La Patrona 2021 con el lema \u201cRemedios, m\u00e1s que un nombre.\u201d","robots":{"index":"index","follow":"follow","max-snippet":"max-snippet:-1","max-image-preview":"max-image-preview:large","max-video-preview":"max-video-preview:-1"},"canonical":"https:\/\/www.aridane.org\/city\/2022\/11\/18\/los-llanos-de-aridane-y-el-paso-acogen-el-iii-encuentro-internacional-de-saxofon-de-la-palma\/","og_locale":"es_ES","og_type":"article","og_title":"Los Llanos de Aridane y El Paso acogen el III Encuentro Internacional de Saxof\u00f3n de La Palma - Ayuntamiento de Los Llanos de Aridane","og_description":"El Ayuntamiento de Los Llanos de Aridane presenta el cartel y el programa de La Patrona 2021 con el lema \u201cRemedios, m\u00e1s que un nombre.\u201d","og_url":"https:\/\/www.aridane.org\/city\/2022\/11\/18\/los-llanos-de-aridane-y-el-paso-acogen-el-iii-encuentro-internacional-de-saxofon-de-la-palma\/","og_site_name":"Ayuntamiento de Los Llanos de Aridane","article_published_time":"2022-11-18T09:16:58+00:00","author":"Richard Diaz","twitter_card":"summary_large_image","twitter_misc":{"Escrito por":"Richard Diaz","Tiempo de lectura":"3 minutos"},"schema":{"@context":"https:\/\/schema.org","@graph":[{"@type":"WebPage","@id":"https:\/\/www.aridane.org\/city\/2022\/11\/18\/los-llanos-de-aridane-y-el-paso-acogen-el-iii-encuentro-internacional-de-saxofon-de-la-palma\/","url":"https:\/\/www.aridane.org\/city\/2022\/11\/18\/los-llanos-de-aridane-y-el-paso-acogen-el-iii-encuentro-internacional-de-saxofon-de-la-palma\/","name":"Los Llanos de Aridane y El Paso acogen el III Encuentro Internacional de Saxof\u00f3n de La Palma - Ayuntamiento de Los Llanos de Aridane","isPartOf":{"@id":"https:\/\/www.aridane.org\/city\/#website"},"datePublished":"2022-11-18T09:16:58+00:00","dateModified":"2022-11-18T09:16:58+00:00","author":{"@id":"https:\/\/www.aridane.org\/city\/#\/schema\/person\/7d352ec7f29881716f298394432e7209"},"description":"El Ayuntamiento de Los Llanos de Aridane presenta el cartel y el programa de La Patrona 2021 con el lema \u201cRemedios, m\u00e1s que un nombre.\u201d","breadcrumb":{"@id":"https:\/\/www.aridane.org\/city\/2022\/11\/18\/los-llanos-de-aridane-y-el-paso-acogen-el-iii-encuentro-internacional-de-saxofon-de-la-palma\/#breadcrumb"},"inLanguage":"es","potentialAction":[{"@type":"ReadAction","target":["https:\/\/www.aridane.org\/city\/2022\/11\/18\/los-llanos-de-aridane-y-el-paso-acogen-el-iii-encuentro-internacional-de-saxofon-de-la-palma\/"]}]},{"@type":"BreadcrumbList","@id":"https:\/\/www.aridane.org\/city\/2022\/11\/18\/los-llanos-de-aridane-y-el-paso-acogen-el-iii-encuentro-internacional-de-saxofon-de-la-palma\/#breadcrumb","itemListElement":[{"@type":"ListItem","position":1,"name":"Portada","item":"https:\/\/www.aridane.org\/city\/"},{"@type":"ListItem","position":2,"name":"Los Llanos de Aridane y El Paso acogen el III Encuentro Internacional de Saxof\u00f3n de La Palma"}]},{"@type":"WebSite","@id":"https:\/\/www.aridane.org\/city\/#website","url":"https:\/\/www.aridane.org\/city\/","name":"Ayuntamiento de Los Llanos de Aridane","description":"","potentialAction":[{"@type":"SearchAction","target":{"@type":"EntryPoint","urlTemplate":"https:\/\/www.aridane.org\/city\/?s={search_term_string}"},"query-input":"required name=search_term_string"}],"inLanguage":"es"},{"@type":"Person","@id":"https:\/\/www.aridane.org\/city\/#\/schema\/person\/7d352ec7f29881716f298394432e7209","name":"Richard Diaz","image":{"@type":"ImageObject","inLanguage":"es","@id":"https:\/\/www.aridane.org\/city\/#\/schema\/person\/image\/","url":"https:\/\/secure.gravatar.com\/avatar\/bacd6aefc26a4a204943090a4c596cd10f0857081ef3cfd12084a70ecb3161d5?s=96&d=mm&r=g","contentUrl":"https:\/\/secure.gravatar.com\/avatar\/bacd6aefc26a4a204943090a4c596cd10f0857081ef3cfd12084a70ecb3161d5?s=96&d=mm&r=g","caption":"Richard Diaz"},"sameAs":["https:\/\/www.aridane.org\/city"],"url":"https:\/\/www.aridane.org\/city\/author\/richard-diaz\/"}]}},"_links":{"self":[{"href":"https:\/\/www.aridane.org\/city\/wp-json\/wp\/v2\/posts\/1136","targetHints":{"allow":["GET"]}}],"collection":[{"href":"https:\/\/www.aridane.org\/city\/wp-json\/wp\/v2\/posts"}],"about":[{"href":"https:\/\/www.aridane.org\/city\/wp-json\/wp\/v2\/types\/post"}],"author":[{"embeddable":true,"href":"https:\/\/www.aridane.org\/city\/wp-json\/wp\/v2\/users\/1"}],"replies":[{"embeddable":true,"href":"https:\/\/www.aridane.org\/city\/wp-json\/wp\/v2\/comments?post=1136"}],"version-history":[{"count":0,"href":"https:\/\/www.aridane.org\/city\/wp-json\/wp\/v2\/posts\/1136\/revisions"}],"wp:attachment":[{"href":"https:\/\/www.aridane.org\/city\/wp-json\/wp\/v2\/media?parent=1136"}],"wp:term":[{"taxonomy":"category","embeddable":true,"href":"https:\/\/www.aridane.org\/city\/wp-json\/wp\/v2\/categories?post=1136"},{"taxonomy":"post_tag","embeddable":true,"href":"https:\/\/www.aridane.org\/city\/wp-json\/wp\/v2\/tags?post=1136"}],"curies":[{"name":"wp","href":"https:\/\/api.w.org\/{rel}","templated":true}]}}