{"id":1141,"date":"2022-11-18T12:31:51","date_gmt":"2022-11-18T12:31:51","guid":{"rendered":"https:\/\/aridane.org\/ciudad\/?p=1141"},"modified":"2022-11-18T12:31:51","modified_gmt":"2022-11-18T12:31:51","slug":"el-ayuntamiento-de-los-llanos-pone-en-marcha-un-amplio-programa-a-lo-largo-de-este-mes-para-conciencia-acerca-del-25n-dia-internacional-de-la-eliminacion-de-la-violencia-contra-las-mujeres","status":"publish","type":"post","link":"https:\/\/www.aridane.org\/city\/2022\/11\/18\/el-ayuntamiento-de-los-llanos-pone-en-marcha-un-amplio-programa-a-lo-largo-de-este-mes-para-conciencia-acerca-del-25n-dia-internacional-de-la-eliminacion-de-la-violencia-contra-las-mujeres\/","title":{"rendered":"El Ayuntamiento de Los Llanos pone en marcha un amplio programa a lo largo de este mes para conciencia acerca del 25N D\u00eda Internacional de la Eliminaci\u00f3n de la Violencia contra las Mujeres"},"content":{"rendered":"<section class=\"wpb-content-wrapper\"><p>[vc_row css_animation=\u00bb\u00bb row_type=\u00bbrow\u00bb use_row_as_full_screen_section=\u00bbno\u00bb type=\u00bbfull_width\u00bb angled_section=\u00bbno\u00bb text_align=\u00bbleft\u00bb background_image_as_pattern=\u00bbwithout_pattern\u00bb][vc_column][vc_row_inner row_type=\u00bbrow\u00bb type=\u00bbgrid\u00bb text_align=\u00bbleft\u00bb css_animation=\u00bb\u00bb][vc_column_inner][vc_empty_space height=\u00bb20px\u00bb][vc_column_text]<\/p>\n<ul>\n<li style=\"text-align: justify;\"><em>Adem\u00e1s, la concejal de Igualdad se\u00f1ala que como cada a\u00f1o el 25 de noviembre a las 12:00 horas se proceder\u00e1 a la lectura del manifiesto en el atrio del Consistorio Aridanense.<\/em><\/li>\n<li style=\"text-align: justify;\"><em>Por su parte, la alcaldesa del municipio, Noelia Garc\u00eda Leal, recuerda que \u201csolo la concienciaci\u00f3n, la sensibilizaci\u00f3n de la sociedad y la educaci\u00f3n aseguran la igualdad entre hombre y mujeres. Y tenemos el deber, como sociedad, de plantarle cara a la violencia de g\u00e9nero si de verdad queremos erradicarla\u201d.<\/em><\/li>\n<\/ul>\n<p>&nbsp;<\/p>\n<p style=\"text-align: justify;\"><strong>Los Llanos de Aridane, 18 de noviembre de 2022.-<\/strong>El Ayuntamiento de Los Llanos de Aridane a trav\u00e9s del concejal de Igualdad, Elena Pais, ha confirmado que \u201cun a\u00f1o m\u00e1s el Consistorio ha preparado un amplio programa de concienciaci\u00f3n en torno al 25 N, D\u00eda Internacional de la Eliminaci\u00f3n de la Violencia Contra las Mujeres, y que se est\u00e1 desarrollando a lo largo del mes de noviembre \u201d, se\u00f1ala.<\/p>\n<p style=\"text-align: justify;\">Pais ha puesto en valor las actividades puestas en marcha, y ha recordado que \u201ctodos debemos plantarle cara a la violencia machista, ya que no podemos olvidarnos que empobrece nuestra sociedad, as\u00ed como nuestro presente y nuestro futuro\u201d. Adem\u00e1s, ha confirmado que el d\u00eda 25 de noviembre a las 12:00 horas se proceder\u00e1 a la lectura del manifiesto en el atrio del Consistorio Aridanense, \u201cy el CEIP La Laguna se unir\u00e1 a la conmemoraci\u00f3n con un punto de sensibilizaci\u00f3n en favor del buen trato y la educaci\u00f3n en valores para acabar con la violencia de g\u00e9nero, mientras que el CEIP Roque har\u00e1 un recorrido desde su centro hasta el Ayuntamiento, punto en el que leer\u00e1n un manifiesto\u201d, se\u00f1ala.<\/p>\n<p style=\"text-align: justify;\">Por su parte la alcaldesa, Noelia Garc\u00eda Leal, ha recordado que \u201clos malos tratos no es un problema privado es un problema social que se combate con la tolerancia cero ante cualquier situaci\u00f3n machista. Solo la concienciaci\u00f3n, la sensibilizaci\u00f3n de la sociedad y la educaci\u00f3n aseguran la igualdad entre hombres y mujeres. Tenemos el deber, como sociedad, de plantar cara a esta lacra si de verdad queremos erradicarla\u201d, defiende.<\/p>\n<p style=\"text-align: justify;\">La concejal ha explicado que entre las acciones que ya se han celebrado est\u00e1 la puesta en marcha en los colegios del municipio de los talleres de prevenci\u00f3n de violencia, bajo el t\u00edtulo \u2018Amor bonito, conmigo y contigo\u2019, impartido por la psic\u00f3loga, Nieves P\u00e9rez Ventura. Tambi\u00e9n el viernes pasado se celebr\u00f3 el taller de \u2018Amar es querer\u2019, \u201cuna herramientas para aprender a quererse bien, que fue impartido por Coral Herrera, y que tuvo una excelente valoraci\u00f3n por parte de todos los asistentes que acudieron a este encuentro. Adem\u00e1s, se aportaron herramientas para detectar situaciones de pareja de dolor, sufrimiento y conocimientos para afrontar una ruptura de manera amistosa\u201d, se\u00f1ala.<\/p>\n<p style=\"text-align: justify;\">Desde la concejal\u00eda de Igualdad tambi\u00e9n han confirmado la elaboraci\u00f3n de un documento de trabajo en el que se aborda la violencia sexual en adolescentes, conocida como \u2018La Fatria\u2019, \u201cel contenido te\u00f3rico es de M\u00f3nica Alario Gavil\u00e1n, y las ilustraciones de Nuria Prieto. El documento ha sido maquetado e impreso por la editorial Meraki. En \u00e9l se aborda la construcci\u00f3n de la masculina hegemon\u00eda, la pornograf\u00eda y su relaci\u00f3n con la construcci\u00f3n del deseo masculino y la pornograf\u00eda\u201d, asegura.<\/p>\n<p style=\"text-align: justify;\">Adem\u00e1s, la programaci\u00f3n contin\u00faa, afirma Pais, el pr\u00f3ximo 28 de noviembre, momento en el que la compa\u00f1\u00eda de teatro `Teatrapa\u2019, en el Museo Benahoarita presentar\u00e1 a los distintos institutos del municipio su obra \u2018Basta de Flores\u2019, sobre violencia de g\u00e9nero, en la que participan alumnos del IES Eusebio Barreto Lorenzo. Mientras que el d\u00eda 29 de noviembre se llevar\u00e1 a cabo \u2018Versos contra la Violencia\u2019, en el espacio Real a las 19:00 horas.<\/p>\n<p style=\"text-align: justify;\">Por \u00faltimo, desde el Ayuntamiento de Los Llanos de Aridane se invita a todas aquellas personas que lo deseen a participar en las actividades programadas para el 25N, \u201cporque la violencia de g\u00e9nero es un problema de todos\u201d.<\/p>\n<p>[\/vc_column_text][vc_empty_space height=\u00bb20px\u00bb][\/vc_column_inner][\/vc_row_inner][\/vc_column][\/vc_row]<\/p>\n<\/section>","protected":false},"excerpt":{"rendered":"<p>[vc_row css_animation=\u00bb\u00bb row_type=\u00bbrow\u00bb use_row_as_full_screen_section=\u00bbno\u00bb type=\u00bbfull_width\u00bb angled_section=\u00bbno\u00bb text_align=\u00bbleft\u00bb background_image_as_pattern=\u00bbwithout_pattern\u00bb][vc_column][vc_row_inner row_type=\u00bbrow\u00bb type=\u00bbgrid\u00bb text_align=\u00bbleft\u00bb css_animation=\u00bb\u00bb][vc_column_inner][vc_empty_space height=\u00bb20px\u00bb][vc_column_text] Adem\u00e1s, la concejal de Igualdad se\u00f1ala que como cada a\u00f1o el 25 de noviembre a las 12:00 horas se proceder\u00e1 a la lectura del manifiesto en el atrio del Consistorio Aridanense. Por&#8230;<\/p>\n","protected":false},"author":1,"featured_media":0,"comment_status":"closed","ping_status":"open","sticky":false,"template":"","format":"standard","meta":{"footnotes":""},"categories":[6],"tags":[],"class_list":["post-1141","post","type-post","status-publish","format-standard","hentry","category-prensa"],"yoast_head":"<!-- This site is optimized with the Yoast SEO plugin v22.7 - https:\/\/yoast.com\/wordpress\/plugins\/seo\/ -->\n<title>El Ayuntamiento de Los Llanos pone en marcha un amplio programa a lo largo de este mes para conciencia acerca del 25N D\u00eda Internacional de la Eliminaci\u00f3n de la Violencia contra las Mujeres - Ayuntamiento de Los Llanos de Aridane<\/title>\n<meta name=\"description\" content=\"El Ayuntamiento de Los Llanos de Aridane presenta el cartel y el programa de La Patrona 2021 con el lema \u201cRemedios, m\u00e1s que un nombre.\u201d\" \/>\n<meta name=\"robots\" content=\"index, follow, max-snippet:-1, max-image-preview:large, max-video-preview:-1\" \/>\n<link rel=\"canonical\" href=\"https:\/\/www.aridane.org\/city\/2022\/11\/18\/el-ayuntamiento-de-los-llanos-pone-en-marcha-un-amplio-programa-a-lo-largo-de-este-mes-para-conciencia-acerca-del-25n-dia-internacional-de-la-eliminacion-de-la-violencia-contra-las-mujeres\/\" \/>\n<meta property=\"og:locale\" content=\"es_ES\" \/>\n<meta property=\"og:type\" content=\"article\" \/>\n<meta property=\"og:title\" content=\"El Ayuntamiento de Los Llanos pone en marcha un amplio programa a lo largo de este mes para conciencia acerca del 25N D\u00eda Internacional de la Eliminaci\u00f3n de la Violencia contra las Mujeres - Ayuntamiento de Los Llanos de Aridane\" \/>\n<meta property=\"og:description\" content=\"El Ayuntamiento de Los Llanos de Aridane presenta el cartel y el programa de La Patrona 2021 con el lema \u201cRemedios, m\u00e1s que un nombre.\u201d\" \/>\n<meta property=\"og:url\" content=\"https:\/\/www.aridane.org\/city\/2022\/11\/18\/el-ayuntamiento-de-los-llanos-pone-en-marcha-un-amplio-programa-a-lo-largo-de-este-mes-para-conciencia-acerca-del-25n-dia-internacional-de-la-eliminacion-de-la-violencia-contra-las-mujeres\/\" \/>\n<meta property=\"og:site_name\" content=\"Ayuntamiento de Los Llanos de Aridane\" \/>\n<meta property=\"article:published_time\" content=\"2022-11-18T12:31:51+00:00\" \/>\n<meta name=\"author\" content=\"Richard Diaz\" \/>\n<meta name=\"twitter:card\" content=\"summary_large_image\" \/>\n<meta name=\"twitter:label1\" content=\"Escrito por\" \/>\n\t<meta name=\"twitter:data1\" content=\"Richard Diaz\" \/>\n\t<meta name=\"twitter:label2\" content=\"Tiempo de lectura\" \/>\n\t<meta name=\"twitter:data2\" content=\"3 minutos\" \/>\n<script type=\"application\/ld+json\" class=\"yoast-schema-graph\">{\"@context\":\"https:\/\/schema.org\",\"@graph\":[{\"@type\":\"WebPage\",\"@id\":\"https:\/\/www.aridane.org\/city\/2022\/11\/18\/el-ayuntamiento-de-los-llanos-pone-en-marcha-un-amplio-programa-a-lo-largo-de-este-mes-para-conciencia-acerca-del-25n-dia-internacional-de-la-eliminacion-de-la-violencia-contra-las-mujeres\/\",\"url\":\"https:\/\/www.aridane.org\/city\/2022\/11\/18\/el-ayuntamiento-de-los-llanos-pone-en-marcha-un-amplio-programa-a-lo-largo-de-este-mes-para-conciencia-acerca-del-25n-dia-internacional-de-la-eliminacion-de-la-violencia-contra-las-mujeres\/\",\"name\":\"El Ayuntamiento de Los Llanos pone en marcha un amplio programa a lo largo de este mes para conciencia acerca del 25N D\u00eda Internacional de la Eliminaci\u00f3n de la Violencia contra las Mujeres - Ayuntamiento de Los Llanos de Aridane\",\"isPartOf\":{\"@id\":\"https:\/\/www.aridane.org\/city\/#website\"},\"datePublished\":\"2022-11-18T12:31:51+00:00\",\"dateModified\":\"2022-11-18T12:31:51+00:00\",\"author\":{\"@id\":\"https:\/\/www.aridane.org\/city\/#\/schema\/person\/7d352ec7f29881716f298394432e7209\"},\"description\":\"El Ayuntamiento de Los Llanos de Aridane presenta el cartel y el programa de La Patrona 2021 con el lema \u201cRemedios, m\u00e1s que un nombre.\u201d\",\"breadcrumb\":{\"@id\":\"https:\/\/www.aridane.org\/city\/2022\/11\/18\/el-ayuntamiento-de-los-llanos-pone-en-marcha-un-amplio-programa-a-lo-largo-de-este-mes-para-conciencia-acerca-del-25n-dia-internacional-de-la-eliminacion-de-la-violencia-contra-las-mujeres\/#breadcrumb\"},\"inLanguage\":\"es\",\"potentialAction\":[{\"@type\":\"ReadAction\",\"target\":[\"https:\/\/www.aridane.org\/city\/2022\/11\/18\/el-ayuntamiento-de-los-llanos-pone-en-marcha-un-amplio-programa-a-lo-largo-de-este-mes-para-conciencia-acerca-del-25n-dia-internacional-de-la-eliminacion-de-la-violencia-contra-las-mujeres\/\"]}]},{\"@type\":\"BreadcrumbList\",\"@id\":\"https:\/\/www.aridane.org\/city\/2022\/11\/18\/el-ayuntamiento-de-los-llanos-pone-en-marcha-un-amplio-programa-a-lo-largo-de-este-mes-para-conciencia-acerca-del-25n-dia-internacional-de-la-eliminacion-de-la-violencia-contra-las-mujeres\/#breadcrumb\",\"itemListElement\":[{\"@type\":\"ListItem\",\"position\":1,\"name\":\"Portada\",\"item\":\"https:\/\/www.aridane.org\/city\/\"},{\"@type\":\"ListItem\",\"position\":2,\"name\":\"El Ayuntamiento de Los Llanos pone en marcha un amplio programa a lo largo de este mes para conciencia acerca del 25N D\u00eda Internacional de la Eliminaci\u00f3n de la Violencia contra las Mujeres\"}]},{\"@type\":\"WebSite\",\"@id\":\"https:\/\/www.aridane.org\/city\/#website\",\"url\":\"https:\/\/www.aridane.org\/city\/\",\"name\":\"Ayuntamiento de Los Llanos de Aridane\",\"description\":\"\",\"potentialAction\":[{\"@type\":\"SearchAction\",\"target\":{\"@type\":\"EntryPoint\",\"urlTemplate\":\"https:\/\/www.aridane.org\/city\/?s={search_term_string}\"},\"query-input\":\"required name=search_term_string\"}],\"inLanguage\":\"es\"},{\"@type\":\"Person\",\"@id\":\"https:\/\/www.aridane.org\/city\/#\/schema\/person\/7d352ec7f29881716f298394432e7209\",\"name\":\"Richard Diaz\",\"image\":{\"@type\":\"ImageObject\",\"inLanguage\":\"es\",\"@id\":\"https:\/\/www.aridane.org\/city\/#\/schema\/person\/image\/\",\"url\":\"https:\/\/secure.gravatar.com\/avatar\/bacd6aefc26a4a204943090a4c596cd10f0857081ef3cfd12084a70ecb3161d5?s=96&d=mm&r=g\",\"contentUrl\":\"https:\/\/secure.gravatar.com\/avatar\/bacd6aefc26a4a204943090a4c596cd10f0857081ef3cfd12084a70ecb3161d5?s=96&d=mm&r=g\",\"caption\":\"Richard Diaz\"},\"sameAs\":[\"https:\/\/www.aridane.org\/city\"],\"url\":\"https:\/\/www.aridane.org\/city\/author\/richard-diaz\/\"}]}<\/script>\n<!-- \/ Yoast SEO plugin. -->","yoast_head_json":{"title":"El Ayuntamiento de Los Llanos pone en marcha un amplio programa a lo largo de este mes para conciencia acerca del 25N D\u00eda Internacional de la Eliminaci\u00f3n de la Violencia contra las Mujeres - Ayuntamiento de Los Llanos de Aridane","description":"El Ayuntamiento de Los Llanos de Aridane presenta el cartel y el programa de La Patrona 2021 con el lema \u201cRemedios, m\u00e1s que un nombre.\u201d","robots":{"index":"index","follow":"follow","max-snippet":"max-snippet:-1","max-image-preview":"max-image-preview:large","max-video-preview":"max-video-preview:-1"},"canonical":"https:\/\/www.aridane.org\/city\/2022\/11\/18\/el-ayuntamiento-de-los-llanos-pone-en-marcha-un-amplio-programa-a-lo-largo-de-este-mes-para-conciencia-acerca-del-25n-dia-internacional-de-la-eliminacion-de-la-violencia-contra-las-mujeres\/","og_locale":"es_ES","og_type":"article","og_title":"El Ayuntamiento de Los Llanos pone en marcha un amplio programa a lo largo de este mes para conciencia acerca del 25N D\u00eda Internacional de la Eliminaci\u00f3n de la Violencia contra las Mujeres - Ayuntamiento de Los Llanos de Aridane","og_description":"El Ayuntamiento de Los Llanos de Aridane presenta el cartel y el programa de La Patrona 2021 con el lema \u201cRemedios, m\u00e1s que un nombre.\u201d","og_url":"https:\/\/www.aridane.org\/city\/2022\/11\/18\/el-ayuntamiento-de-los-llanos-pone-en-marcha-un-amplio-programa-a-lo-largo-de-este-mes-para-conciencia-acerca-del-25n-dia-internacional-de-la-eliminacion-de-la-violencia-contra-las-mujeres\/","og_site_name":"Ayuntamiento de Los Llanos de Aridane","article_published_time":"2022-11-18T12:31:51+00:00","author":"Richard Diaz","twitter_card":"summary_large_image","twitter_misc":{"Escrito por":"Richard Diaz","Tiempo de lectura":"3 minutos"},"schema":{"@context":"https:\/\/schema.org","@graph":[{"@type":"WebPage","@id":"https:\/\/www.aridane.org\/city\/2022\/11\/18\/el-ayuntamiento-de-los-llanos-pone-en-marcha-un-amplio-programa-a-lo-largo-de-este-mes-para-conciencia-acerca-del-25n-dia-internacional-de-la-eliminacion-de-la-violencia-contra-las-mujeres\/","url":"https:\/\/www.aridane.org\/city\/2022\/11\/18\/el-ayuntamiento-de-los-llanos-pone-en-marcha-un-amplio-programa-a-lo-largo-de-este-mes-para-conciencia-acerca-del-25n-dia-internacional-de-la-eliminacion-de-la-violencia-contra-las-mujeres\/","name":"El Ayuntamiento de Los Llanos pone en marcha un amplio programa a lo largo de este mes para conciencia acerca del 25N D\u00eda Internacional de la Eliminaci\u00f3n de la Violencia contra las Mujeres - Ayuntamiento de Los Llanos de Aridane","isPartOf":{"@id":"https:\/\/www.aridane.org\/city\/#website"},"datePublished":"2022-11-18T12:31:51+00:00","dateModified":"2022-11-18T12:31:51+00:00","author":{"@id":"https:\/\/www.aridane.org\/city\/#\/schema\/person\/7d352ec7f29881716f298394432e7209"},"description":"El Ayuntamiento de Los Llanos de Aridane presenta el cartel y el programa de La Patrona 2021 con el lema \u201cRemedios, m\u00e1s que un nombre.\u201d","breadcrumb":{"@id":"https:\/\/www.aridane.org\/city\/2022\/11\/18\/el-ayuntamiento-de-los-llanos-pone-en-marcha-un-amplio-programa-a-lo-largo-de-este-mes-para-conciencia-acerca-del-25n-dia-internacional-de-la-eliminacion-de-la-violencia-contra-las-mujeres\/#breadcrumb"},"inLanguage":"es","potentialAction":[{"@type":"ReadAction","target":["https:\/\/www.aridane.org\/city\/2022\/11\/18\/el-ayuntamiento-de-los-llanos-pone-en-marcha-un-amplio-programa-a-lo-largo-de-este-mes-para-conciencia-acerca-del-25n-dia-internacional-de-la-eliminacion-de-la-violencia-contra-las-mujeres\/"]}]},{"@type":"BreadcrumbList","@id":"https:\/\/www.aridane.org\/city\/2022\/11\/18\/el-ayuntamiento-de-los-llanos-pone-en-marcha-un-amplio-programa-a-lo-largo-de-este-mes-para-conciencia-acerca-del-25n-dia-internacional-de-la-eliminacion-de-la-violencia-contra-las-mujeres\/#breadcrumb","itemListElement":[{"@type":"ListItem","position":1,"name":"Portada","item":"https:\/\/www.aridane.org\/city\/"},{"@type":"ListItem","position":2,"name":"El Ayuntamiento de Los Llanos pone en marcha un amplio programa a lo largo de este mes para conciencia acerca del 25N D\u00eda Internacional de la Eliminaci\u00f3n de la Violencia contra las Mujeres"}]},{"@type":"WebSite","@id":"https:\/\/www.aridane.org\/city\/#website","url":"https:\/\/www.aridane.org\/city\/","name":"Ayuntamiento de Los Llanos de Aridane","description":"","potentialAction":[{"@type":"SearchAction","target":{"@type":"EntryPoint","urlTemplate":"https:\/\/www.aridane.org\/city\/?s={search_term_string}"},"query-input":"required name=search_term_string"}],"inLanguage":"es"},{"@type":"Person","@id":"https:\/\/www.aridane.org\/city\/#\/schema\/person\/7d352ec7f29881716f298394432e7209","name":"Richard Diaz","image":{"@type":"ImageObject","inLanguage":"es","@id":"https:\/\/www.aridane.org\/city\/#\/schema\/person\/image\/","url":"https:\/\/secure.gravatar.com\/avatar\/bacd6aefc26a4a204943090a4c596cd10f0857081ef3cfd12084a70ecb3161d5?s=96&d=mm&r=g","contentUrl":"https:\/\/secure.gravatar.com\/avatar\/bacd6aefc26a4a204943090a4c596cd10f0857081ef3cfd12084a70ecb3161d5?s=96&d=mm&r=g","caption":"Richard Diaz"},"sameAs":["https:\/\/www.aridane.org\/city"],"url":"https:\/\/www.aridane.org\/city\/author\/richard-diaz\/"}]}},"_links":{"self":[{"href":"https:\/\/www.aridane.org\/city\/wp-json\/wp\/v2\/posts\/1141","targetHints":{"allow":["GET"]}}],"collection":[{"href":"https:\/\/www.aridane.org\/city\/wp-json\/wp\/v2\/posts"}],"about":[{"href":"https:\/\/www.aridane.org\/city\/wp-json\/wp\/v2\/types\/post"}],"author":[{"embeddable":true,"href":"https:\/\/www.aridane.org\/city\/wp-json\/wp\/v2\/users\/1"}],"replies":[{"embeddable":true,"href":"https:\/\/www.aridane.org\/city\/wp-json\/wp\/v2\/comments?post=1141"}],"version-history":[{"count":0,"href":"https:\/\/www.aridane.org\/city\/wp-json\/wp\/v2\/posts\/1141\/revisions"}],"wp:attachment":[{"href":"https:\/\/www.aridane.org\/city\/wp-json\/wp\/v2\/media?parent=1141"}],"wp:term":[{"taxonomy":"category","embeddable":true,"href":"https:\/\/www.aridane.org\/city\/wp-json\/wp\/v2\/categories?post=1141"},{"taxonomy":"post_tag","embeddable":true,"href":"https:\/\/www.aridane.org\/city\/wp-json\/wp\/v2\/tags?post=1141"}],"curies":[{"name":"wp","href":"https:\/\/api.w.org\/{rel}","templated":true}]}}