{"id":1146,"date":"2022-11-22T10:00:04","date_gmt":"2022-11-22T10:00:04","guid":{"rendered":"https:\/\/aridane.org\/ciudad\/?p=1146"},"modified":"2022-11-22T10:00:04","modified_gmt":"2022-11-22T10:00:04","slug":"la-san-silvestre-regresa-con-mas-fuerza-que-nunca-a-los-llanos-de-aridane-el-proximo-31-de-diciembre","status":"publish","type":"post","link":"https:\/\/www.aridane.org\/city\/2022\/11\/22\/la-san-silvestre-regresa-con-mas-fuerza-que-nunca-a-los-llanos-de-aridane-el-proximo-31-de-diciembre\/","title":{"rendered":"La San Silvestre regresa con m\u00e1s fuerza que nunca a Los Llanos de Aridane el pr\u00f3ximo 31 de diciembre"},"content":{"rendered":"<section class=\"wpb-content-wrapper\"><p>[vc_row css_animation=\u00bb\u00bb row_type=\u00bbrow\u00bb use_row_as_full_screen_section=\u00bbno\u00bb type=\u00bbfull_width\u00bb angled_section=\u00bbno\u00bb text_align=\u00bbleft\u00bb background_image_as_pattern=\u00bbwithout_pattern\u00bb][vc_column][vc_row_inner row_type=\u00bbrow\u00bb type=\u00bbgrid\u00bb text_align=\u00bbleft\u00bb css_animation=\u00bb\u00bb][vc_column_inner][vc_empty_space height=\u00bb20px\u00bb][vc_column_text]<\/p>\n<ul>\n<li style=\"text-align: justify;\"><em>El concejal de Deportes explica que las inscripciones se podr\u00e1n hacer desde ma\u00f1ana, mi\u00e9rcoles 23 de noviembre, en el siguiente enlace: <a href=\"https:\/\/inscripciones.islabonitatiming.com\/inscripcion\/xv-san-silvestre-los-llanos-de-aridane\/\">https:\/\/inscripciones.islabonitatiming.com\/inscripcion\/xv-san-silvestre-los-llanos-de-aridane\/<\/a>, a un precio de 2 \u20ac por dorsal.<\/em><\/li>\n<\/ul>\n<p>&nbsp;<\/p>\n<p style=\"text-align: justify;\"><strong>Los Llanos de Aridane, 22 de noviembre de 2022.-<\/strong> El Ayuntamiento de Los Llanos de Aridane a trav\u00e9s del concejal de Deportes, Victor Gonz\u00e1lez, y en colaboraci\u00f3n con la Federaci\u00f3n Canaria de Atletismo y coordinado por el Club Deportivo Paliba y el Club Atletismo Llanos Acer\u00f3, han confirmado que el pr\u00f3ximo 31 de diciembre a partir de las 10:30 h, \u201cregresa con m\u00e1s fuerza que nunca la XV Edici\u00f3n de la San Silvestre de Los Llanos de Aridane\u201d, se\u00f1alan.<\/p>\n<p style=\"text-align: justify;\">Gonz\u00e1lez explica que podr\u00e1n participar tanto atletas federados como los amantes del deporte y corredores populares, y confirma que \u201cla inscripci\u00f3n, ser\u00e1 de 2 euros por dorsal para la prueba absoluta, mientras que la prueba kids ser\u00e1 gratuita\u201d, se\u00f1ala. Adem\u00e1s, informa que la inscripci\u00f3n estar\u00e1 abierta desde ma\u00f1ana, mi\u00e9rcoles 23 de<br \/>\nnoviembre, en la siguiente web <a href=\"https:\/\/inscripciones.islabonitatiming.com\/inscripcion\/xv-san-silvestre-los-llanos-de-aridane\/\">https:\/\/inscripciones.islabonitatiming.com\/inscripcion\/xv-san-silvestre-los-llanos-de-aridane\/<\/a>, \u201cy los dorsales se podr\u00e1n recoger tanto el viernes 30 de diciembre, de 10:00 a 13:00 horas y de 17:00 a 20:00 horas, as\u00ed como el s\u00e1bado 31, de 9:00 a 10:00 horas en el stand habilitado en la Plaza de Espa\u00f1a\u201d.<\/p>\n<p style=\"text-align: justify;\">Desde la concejal\u00eda de Deportes, confirman que el recorrido ser\u00e1 el habitual, \u201cpartiendo desde el Ayuntamiento, sube hasta la Calle \u00c1ngel, se baja por la Calle Fern\u00e1ndez Ta\u00f1o y contin\u00faa por la Av. Enrique Mederos hasta el Mercado Municipal. Lugar en el que se retorna hac\u00eda la Doctor Fleming para completar la vuelta delante del Ayuntamiento, recorrido a tres vueltas\u201d. Asimismo, a las 11:50 est\u00e1 prevista la Foto Oficial para los participantes de todas las categor\u00edas, y a las 12:40 la entrega de premios.<\/p>\n<p style=\"text-align: justify;\">Por \u00faltimo, desde el Ayuntamiento de Los Llanos de Aridane se invita a todas aquellas personas que lo deseen a participar en la XV San Silvestre de Los Llanos de Aridane, \u201cque estamos seguros que un a\u00f1o m\u00e1s volver\u00e1 a ser un \u00e9xito congregando a un importante n\u00famero de corredores\u201d.<\/p>\n<p>[\/vc_column_text][vc_empty_space height=\u00bb20px\u00bb][\/vc_column_inner][\/vc_row_inner][\/vc_column][\/vc_row]<\/p>\n<\/section>","protected":false},"excerpt":{"rendered":"<p>[vc_row css_animation=\u00bb\u00bb row_type=\u00bbrow\u00bb use_row_as_full_screen_section=\u00bbno\u00bb type=\u00bbfull_width\u00bb angled_section=\u00bbno\u00bb text_align=\u00bbleft\u00bb background_image_as_pattern=\u00bbwithout_pattern\u00bb][vc_column][vc_row_inner row_type=\u00bbrow\u00bb type=\u00bbgrid\u00bb text_align=\u00bbleft\u00bb css_animation=\u00bb\u00bb][vc_column_inner][vc_empty_space height=\u00bb20px\u00bb][vc_column_text] El concejal de Deportes explica que las inscripciones se podr\u00e1n hacer desde ma\u00f1ana, mi\u00e9rcoles 23 de noviembre, en el siguiente enlace: https:\/\/inscripciones.islabonitatiming.com\/inscripcion\/xv-san-silvestre-los-llanos-de-aridane\/, a un precio de 2 \u20ac por dorsal. &nbsp; Los&#8230;<\/p>\n","protected":false},"author":1,"featured_media":0,"comment_status":"closed","ping_status":"open","sticky":false,"template":"","format":"standard","meta":{"footnotes":""},"categories":[6],"tags":[],"class_list":["post-1146","post","type-post","status-publish","format-standard","hentry","category-prensa"],"yoast_head":"<!-- This site is optimized with the Yoast SEO plugin v22.7 - https:\/\/yoast.com\/wordpress\/plugins\/seo\/ -->\n<title>La San Silvestre regresa con m\u00e1s fuerza que nunca a Los Llanos de Aridane el pr\u00f3ximo 31 de diciembre - Ayuntamiento de Los Llanos de Aridane<\/title>\n<meta name=\"description\" content=\"El Ayuntamiento de Los Llanos de Aridane presenta el cartel y el programa de La Patrona 2021 con el lema \u201cRemedios, m\u00e1s que un nombre.\u201d\" \/>\n<meta name=\"robots\" content=\"index, follow, max-snippet:-1, max-image-preview:large, max-video-preview:-1\" \/>\n<link rel=\"canonical\" href=\"https:\/\/www.aridane.org\/city\/2022\/11\/22\/la-san-silvestre-regresa-con-mas-fuerza-que-nunca-a-los-llanos-de-aridane-el-proximo-31-de-diciembre\/\" \/>\n<meta property=\"og:locale\" content=\"es_ES\" \/>\n<meta property=\"og:type\" content=\"article\" \/>\n<meta property=\"og:title\" content=\"La San Silvestre regresa con m\u00e1s fuerza que nunca a Los Llanos de Aridane el pr\u00f3ximo 31 de diciembre - Ayuntamiento de Los Llanos de Aridane\" \/>\n<meta property=\"og:description\" content=\"El Ayuntamiento de Los Llanos de Aridane presenta el cartel y el programa de La Patrona 2021 con el lema \u201cRemedios, m\u00e1s que un nombre.\u201d\" \/>\n<meta property=\"og:url\" content=\"https:\/\/www.aridane.org\/city\/2022\/11\/22\/la-san-silvestre-regresa-con-mas-fuerza-que-nunca-a-los-llanos-de-aridane-el-proximo-31-de-diciembre\/\" \/>\n<meta property=\"og:site_name\" content=\"Ayuntamiento de Los Llanos de Aridane\" \/>\n<meta property=\"article:published_time\" content=\"2022-11-22T10:00:04+00:00\" \/>\n<meta name=\"author\" content=\"Richard Diaz\" \/>\n<meta name=\"twitter:card\" content=\"summary_large_image\" \/>\n<meta name=\"twitter:label1\" content=\"Escrito por\" \/>\n\t<meta name=\"twitter:data1\" content=\"Richard Diaz\" \/>\n\t<meta name=\"twitter:label2\" content=\"Tiempo de lectura\" \/>\n\t<meta name=\"twitter:data2\" content=\"2 minutos\" \/>\n<script type=\"application\/ld+json\" class=\"yoast-schema-graph\">{\"@context\":\"https:\/\/schema.org\",\"@graph\":[{\"@type\":\"WebPage\",\"@id\":\"https:\/\/www.aridane.org\/city\/2022\/11\/22\/la-san-silvestre-regresa-con-mas-fuerza-que-nunca-a-los-llanos-de-aridane-el-proximo-31-de-diciembre\/\",\"url\":\"https:\/\/www.aridane.org\/city\/2022\/11\/22\/la-san-silvestre-regresa-con-mas-fuerza-que-nunca-a-los-llanos-de-aridane-el-proximo-31-de-diciembre\/\",\"name\":\"La San Silvestre regresa con m\u00e1s fuerza que nunca a Los Llanos de Aridane el pr\u00f3ximo 31 de diciembre - Ayuntamiento de Los Llanos de Aridane\",\"isPartOf\":{\"@id\":\"https:\/\/www.aridane.org\/city\/#website\"},\"datePublished\":\"2022-11-22T10:00:04+00:00\",\"dateModified\":\"2022-11-22T10:00:04+00:00\",\"author\":{\"@id\":\"https:\/\/www.aridane.org\/city\/#\/schema\/person\/7d352ec7f29881716f298394432e7209\"},\"description\":\"El Ayuntamiento de Los Llanos de Aridane presenta el cartel y el programa de La Patrona 2021 con el lema \u201cRemedios, m\u00e1s que un nombre.\u201d\",\"breadcrumb\":{\"@id\":\"https:\/\/www.aridane.org\/city\/2022\/11\/22\/la-san-silvestre-regresa-con-mas-fuerza-que-nunca-a-los-llanos-de-aridane-el-proximo-31-de-diciembre\/#breadcrumb\"},\"inLanguage\":\"es\",\"potentialAction\":[{\"@type\":\"ReadAction\",\"target\":[\"https:\/\/www.aridane.org\/city\/2022\/11\/22\/la-san-silvestre-regresa-con-mas-fuerza-que-nunca-a-los-llanos-de-aridane-el-proximo-31-de-diciembre\/\"]}]},{\"@type\":\"BreadcrumbList\",\"@id\":\"https:\/\/www.aridane.org\/city\/2022\/11\/22\/la-san-silvestre-regresa-con-mas-fuerza-que-nunca-a-los-llanos-de-aridane-el-proximo-31-de-diciembre\/#breadcrumb\",\"itemListElement\":[{\"@type\":\"ListItem\",\"position\":1,\"name\":\"Portada\",\"item\":\"https:\/\/www.aridane.org\/city\/\"},{\"@type\":\"ListItem\",\"position\":2,\"name\":\"La San Silvestre regresa con m\u00e1s fuerza que nunca a Los Llanos de Aridane el pr\u00f3ximo 31 de diciembre\"}]},{\"@type\":\"WebSite\",\"@id\":\"https:\/\/www.aridane.org\/city\/#website\",\"url\":\"https:\/\/www.aridane.org\/city\/\",\"name\":\"Ayuntamiento de Los Llanos de Aridane\",\"description\":\"\",\"potentialAction\":[{\"@type\":\"SearchAction\",\"target\":{\"@type\":\"EntryPoint\",\"urlTemplate\":\"https:\/\/www.aridane.org\/city\/?s={search_term_string}\"},\"query-input\":\"required name=search_term_string\"}],\"inLanguage\":\"es\"},{\"@type\":\"Person\",\"@id\":\"https:\/\/www.aridane.org\/city\/#\/schema\/person\/7d352ec7f29881716f298394432e7209\",\"name\":\"Richard Diaz\",\"image\":{\"@type\":\"ImageObject\",\"inLanguage\":\"es\",\"@id\":\"https:\/\/www.aridane.org\/city\/#\/schema\/person\/image\/\",\"url\":\"https:\/\/secure.gravatar.com\/avatar\/bacd6aefc26a4a204943090a4c596cd10f0857081ef3cfd12084a70ecb3161d5?s=96&d=mm&r=g\",\"contentUrl\":\"https:\/\/secure.gravatar.com\/avatar\/bacd6aefc26a4a204943090a4c596cd10f0857081ef3cfd12084a70ecb3161d5?s=96&d=mm&r=g\",\"caption\":\"Richard Diaz\"},\"sameAs\":[\"https:\/\/www.aridane.org\/city\"],\"url\":\"https:\/\/www.aridane.org\/city\/author\/richard-diaz\/\"}]}<\/script>\n<!-- \/ Yoast SEO plugin. -->","yoast_head_json":{"title":"La San Silvestre regresa con m\u00e1s fuerza que nunca a Los Llanos de Aridane el pr\u00f3ximo 31 de diciembre - Ayuntamiento de Los Llanos de Aridane","description":"El Ayuntamiento de Los Llanos de Aridane presenta el cartel y el programa de La Patrona 2021 con el lema \u201cRemedios, m\u00e1s que un nombre.\u201d","robots":{"index":"index","follow":"follow","max-snippet":"max-snippet:-1","max-image-preview":"max-image-preview:large","max-video-preview":"max-video-preview:-1"},"canonical":"https:\/\/www.aridane.org\/city\/2022\/11\/22\/la-san-silvestre-regresa-con-mas-fuerza-que-nunca-a-los-llanos-de-aridane-el-proximo-31-de-diciembre\/","og_locale":"es_ES","og_type":"article","og_title":"La San Silvestre regresa con m\u00e1s fuerza que nunca a Los Llanos de Aridane el pr\u00f3ximo 31 de diciembre - Ayuntamiento de Los Llanos de Aridane","og_description":"El Ayuntamiento de Los Llanos de Aridane presenta el cartel y el programa de La Patrona 2021 con el lema \u201cRemedios, m\u00e1s que un nombre.\u201d","og_url":"https:\/\/www.aridane.org\/city\/2022\/11\/22\/la-san-silvestre-regresa-con-mas-fuerza-que-nunca-a-los-llanos-de-aridane-el-proximo-31-de-diciembre\/","og_site_name":"Ayuntamiento de Los Llanos de Aridane","article_published_time":"2022-11-22T10:00:04+00:00","author":"Richard Diaz","twitter_card":"summary_large_image","twitter_misc":{"Escrito por":"Richard Diaz","Tiempo de lectura":"2 minutos"},"schema":{"@context":"https:\/\/schema.org","@graph":[{"@type":"WebPage","@id":"https:\/\/www.aridane.org\/city\/2022\/11\/22\/la-san-silvestre-regresa-con-mas-fuerza-que-nunca-a-los-llanos-de-aridane-el-proximo-31-de-diciembre\/","url":"https:\/\/www.aridane.org\/city\/2022\/11\/22\/la-san-silvestre-regresa-con-mas-fuerza-que-nunca-a-los-llanos-de-aridane-el-proximo-31-de-diciembre\/","name":"La San Silvestre regresa con m\u00e1s fuerza que nunca a Los Llanos de Aridane el pr\u00f3ximo 31 de diciembre - Ayuntamiento de Los Llanos de Aridane","isPartOf":{"@id":"https:\/\/www.aridane.org\/city\/#website"},"datePublished":"2022-11-22T10:00:04+00:00","dateModified":"2022-11-22T10:00:04+00:00","author":{"@id":"https:\/\/www.aridane.org\/city\/#\/schema\/person\/7d352ec7f29881716f298394432e7209"},"description":"El Ayuntamiento de Los Llanos de Aridane presenta el cartel y el programa de La Patrona 2021 con el lema \u201cRemedios, m\u00e1s que un nombre.\u201d","breadcrumb":{"@id":"https:\/\/www.aridane.org\/city\/2022\/11\/22\/la-san-silvestre-regresa-con-mas-fuerza-que-nunca-a-los-llanos-de-aridane-el-proximo-31-de-diciembre\/#breadcrumb"},"inLanguage":"es","potentialAction":[{"@type":"ReadAction","target":["https:\/\/www.aridane.org\/city\/2022\/11\/22\/la-san-silvestre-regresa-con-mas-fuerza-que-nunca-a-los-llanos-de-aridane-el-proximo-31-de-diciembre\/"]}]},{"@type":"BreadcrumbList","@id":"https:\/\/www.aridane.org\/city\/2022\/11\/22\/la-san-silvestre-regresa-con-mas-fuerza-que-nunca-a-los-llanos-de-aridane-el-proximo-31-de-diciembre\/#breadcrumb","itemListElement":[{"@type":"ListItem","position":1,"name":"Portada","item":"https:\/\/www.aridane.org\/city\/"},{"@type":"ListItem","position":2,"name":"La San Silvestre regresa con m\u00e1s fuerza que nunca a Los Llanos de Aridane el pr\u00f3ximo 31 de diciembre"}]},{"@type":"WebSite","@id":"https:\/\/www.aridane.org\/city\/#website","url":"https:\/\/www.aridane.org\/city\/","name":"Ayuntamiento de Los Llanos de Aridane","description":"","potentialAction":[{"@type":"SearchAction","target":{"@type":"EntryPoint","urlTemplate":"https:\/\/www.aridane.org\/city\/?s={search_term_string}"},"query-input":"required name=search_term_string"}],"inLanguage":"es"},{"@type":"Person","@id":"https:\/\/www.aridane.org\/city\/#\/schema\/person\/7d352ec7f29881716f298394432e7209","name":"Richard Diaz","image":{"@type":"ImageObject","inLanguage":"es","@id":"https:\/\/www.aridane.org\/city\/#\/schema\/person\/image\/","url":"https:\/\/secure.gravatar.com\/avatar\/bacd6aefc26a4a204943090a4c596cd10f0857081ef3cfd12084a70ecb3161d5?s=96&d=mm&r=g","contentUrl":"https:\/\/secure.gravatar.com\/avatar\/bacd6aefc26a4a204943090a4c596cd10f0857081ef3cfd12084a70ecb3161d5?s=96&d=mm&r=g","caption":"Richard Diaz"},"sameAs":["https:\/\/www.aridane.org\/city"],"url":"https:\/\/www.aridane.org\/city\/author\/richard-diaz\/"}]}},"_links":{"self":[{"href":"https:\/\/www.aridane.org\/city\/wp-json\/wp\/v2\/posts\/1146","targetHints":{"allow":["GET"]}}],"collection":[{"href":"https:\/\/www.aridane.org\/city\/wp-json\/wp\/v2\/posts"}],"about":[{"href":"https:\/\/www.aridane.org\/city\/wp-json\/wp\/v2\/types\/post"}],"author":[{"embeddable":true,"href":"https:\/\/www.aridane.org\/city\/wp-json\/wp\/v2\/users\/1"}],"replies":[{"embeddable":true,"href":"https:\/\/www.aridane.org\/city\/wp-json\/wp\/v2\/comments?post=1146"}],"version-history":[{"count":0,"href":"https:\/\/www.aridane.org\/city\/wp-json\/wp\/v2\/posts\/1146\/revisions"}],"wp:attachment":[{"href":"https:\/\/www.aridane.org\/city\/wp-json\/wp\/v2\/media?parent=1146"}],"wp:term":[{"taxonomy":"category","embeddable":true,"href":"https:\/\/www.aridane.org\/city\/wp-json\/wp\/v2\/categories?post=1146"},{"taxonomy":"post_tag","embeddable":true,"href":"https:\/\/www.aridane.org\/city\/wp-json\/wp\/v2\/tags?post=1146"}],"curies":[{"name":"wp","href":"https:\/\/api.w.org\/{rel}","templated":true}]}}