{"id":1150,"date":"2022-11-23T12:56:56","date_gmt":"2022-11-23T12:56:56","guid":{"rendered":"https:\/\/aridane.org\/ciudad\/?p=1150"},"modified":"2022-11-23T12:56:56","modified_gmt":"2022-11-23T12:56:56","slug":"los-llanos-pone-en-funcionamiento-el-servicio-de-un-radar-movil-para-seguir-mejorando-su-seguridad-vial","status":"publish","type":"post","link":"https:\/\/www.aridane.org\/city\/2022\/11\/23\/los-llanos-pone-en-funcionamiento-el-servicio-de-un-radar-movil-para-seguir-mejorando-su-seguridad-vial\/","title":{"rendered":"Los Llanos pone en funcionamiento el servicio de un radar m\u00f3vil para seguir mejorando su seguridad vial"},"content":{"rendered":"<section class=\"wpb-content-wrapper\"><p>[vc_row css_animation=\u00bb\u00bb row_type=\u00bbrow\u00bb use_row_as_full_screen_section=\u00bbno\u00bb type=\u00bbfull_width\u00bb angled_section=\u00bbno\u00bb text_align=\u00bbleft\u00bb background_image_as_pattern=\u00bbwithout_pattern\u00bb][vc_column][vc_row_inner row_type=\u00bbrow\u00bb type=\u00bbgrid\u00bb text_align=\u00bbleft\u00bb css_animation=\u00bb\u00bb][vc_column_inner][vc_empty_space height=\u00bb20px\u00bb][vc_column_text]<\/p>\n<ul>\n<li style=\"text-align: justify;\"><em>Desde el Consistorio se pide la colaboraci\u00f3n ciudadana para que este radar llegue a todos aquellos barrios en los que sus vecinos entiendan que puede existir alguna zona peligrosa, con el fin de seguir velando por la seguridad del municipio.<\/em><\/li>\n<\/ul>\n<p>&nbsp;<\/p>\n<p style=\"text-align: justify;\"><strong>Los Llanos de Aridane, 23 de noviembre de 2022.-<\/strong> El Ayuntamiento de Los Llanos de Aridane a trav\u00e9s de su concejal de Seguridad Ciudadana, Lorena Hern\u00e1ndez Labrador, ha confirmado que desde el Consistorio se sigue apostando por mejorar la seguridad vial, \u00aby prueba de ello es la incorporaci\u00f3n de un radar m\u00f3vil, que se ya se est\u00e1 desplazando por por todo el municipio\u00bb.<\/p>\n<p style=\"text-align: justify;\">Hern\u00e1ndez explica que el objetivo de esta nueva herramienta es seguir concienciando a nuestros vecinos y visitantes de la importancia de la seguridad vial y de moderar la velocidad, \u00absobre todo en v\u00edas interurbanas\u00bb. Adem\u00e1s, se\u00f1ala que este nuevo radar complementa el trabajo de los distintos radares fijos, ya instalados previamente en el municipio, y confirma que \u201cestamos seguros que esta herramienta mejora sustancialmente, como as\u00ed nos dicen los datos, la velocidad y la seguridad de nuestros peatones\u00bb.<\/p>\n<p style=\"text-align: justify;\">Por \u00faltimo, desde el Ayuntamiento de Los Llanos de Aridane pone a su disposici\u00f3n sus redes sociales para que \u201ccualquier vecino que considere que existen zonas peligrosas nos traslade sus propuestas con el fin de ofrecer un servicio m\u00e1s eficaz y que llegue a todos nuestros barrios\u00bb.<\/p>\n<p>[\/vc_column_text][vc_empty_space height=\u00bb20px\u00bb][\/vc_column_inner][\/vc_row_inner][\/vc_column][\/vc_row]<\/p>\n<\/section>","protected":false},"excerpt":{"rendered":"<p>[vc_row css_animation=\u00bb\u00bb row_type=\u00bbrow\u00bb use_row_as_full_screen_section=\u00bbno\u00bb type=\u00bbfull_width\u00bb angled_section=\u00bbno\u00bb text_align=\u00bbleft\u00bb background_image_as_pattern=\u00bbwithout_pattern\u00bb][vc_column][vc_row_inner row_type=\u00bbrow\u00bb type=\u00bbgrid\u00bb text_align=\u00bbleft\u00bb css_animation=\u00bb\u00bb][vc_column_inner][vc_empty_space height=\u00bb20px\u00bb][vc_column_text] Desde el Consistorio se pide la colaboraci\u00f3n ciudadana para que este radar llegue a todos aquellos barrios en los que sus vecinos entiendan que puede existir alguna zona peligrosa, con el fin&#8230;<\/p>\n","protected":false},"author":1,"featured_media":0,"comment_status":"closed","ping_status":"open","sticky":false,"template":"","format":"standard","meta":{"footnotes":""},"categories":[6],"tags":[],"class_list":["post-1150","post","type-post","status-publish","format-standard","hentry","category-prensa"],"yoast_head":"<!-- This site is optimized with the Yoast SEO plugin v22.7 - https:\/\/yoast.com\/wordpress\/plugins\/seo\/ -->\n<title>Los Llanos pone en funcionamiento el servicio de un radar m\u00f3vil para seguir mejorando su seguridad vial - Ayuntamiento de Los Llanos de Aridane<\/title>\n<meta name=\"description\" content=\"El Ayuntamiento de Los Llanos de Aridane presenta el cartel y el programa de La Patrona 2021 con el lema \u201cRemedios, m\u00e1s que un nombre.\u201d\" \/>\n<meta name=\"robots\" content=\"index, follow, max-snippet:-1, max-image-preview:large, max-video-preview:-1\" \/>\n<link rel=\"canonical\" href=\"https:\/\/www.aridane.org\/city\/2022\/11\/23\/los-llanos-pone-en-funcionamiento-el-servicio-de-un-radar-movil-para-seguir-mejorando-su-seguridad-vial\/\" \/>\n<meta property=\"og:locale\" content=\"es_ES\" \/>\n<meta property=\"og:type\" content=\"article\" \/>\n<meta property=\"og:title\" content=\"Los Llanos pone en funcionamiento el servicio de un radar m\u00f3vil para seguir mejorando su seguridad vial - Ayuntamiento de Los Llanos de Aridane\" \/>\n<meta property=\"og:description\" content=\"El Ayuntamiento de Los Llanos de Aridane presenta el cartel y el programa de La Patrona 2021 con el lema \u201cRemedios, m\u00e1s que un nombre.\u201d\" \/>\n<meta property=\"og:url\" content=\"https:\/\/www.aridane.org\/city\/2022\/11\/23\/los-llanos-pone-en-funcionamiento-el-servicio-de-un-radar-movil-para-seguir-mejorando-su-seguridad-vial\/\" \/>\n<meta property=\"og:site_name\" content=\"Ayuntamiento de Los Llanos de Aridane\" \/>\n<meta property=\"article:published_time\" content=\"2022-11-23T12:56:56+00:00\" \/>\n<meta name=\"author\" content=\"Richard Diaz\" \/>\n<meta name=\"twitter:card\" content=\"summary_large_image\" \/>\n<meta name=\"twitter:label1\" content=\"Escrito por\" \/>\n\t<meta name=\"twitter:data1\" content=\"Richard Diaz\" \/>\n\t<meta name=\"twitter:label2\" content=\"Tiempo de lectura\" \/>\n\t<meta name=\"twitter:data2\" content=\"2 minutos\" \/>\n<script type=\"application\/ld+json\" class=\"yoast-schema-graph\">{\"@context\":\"https:\/\/schema.org\",\"@graph\":[{\"@type\":\"WebPage\",\"@id\":\"https:\/\/www.aridane.org\/city\/2022\/11\/23\/los-llanos-pone-en-funcionamiento-el-servicio-de-un-radar-movil-para-seguir-mejorando-su-seguridad-vial\/\",\"url\":\"https:\/\/www.aridane.org\/city\/2022\/11\/23\/los-llanos-pone-en-funcionamiento-el-servicio-de-un-radar-movil-para-seguir-mejorando-su-seguridad-vial\/\",\"name\":\"Los Llanos pone en funcionamiento el servicio de un radar m\u00f3vil para seguir mejorando su seguridad vial - Ayuntamiento de Los Llanos de Aridane\",\"isPartOf\":{\"@id\":\"https:\/\/www.aridane.org\/city\/#website\"},\"datePublished\":\"2022-11-23T12:56:56+00:00\",\"dateModified\":\"2022-11-23T12:56:56+00:00\",\"author\":{\"@id\":\"https:\/\/www.aridane.org\/city\/#\/schema\/person\/7d352ec7f29881716f298394432e7209\"},\"description\":\"El Ayuntamiento de Los Llanos de Aridane presenta el cartel y el programa de La Patrona 2021 con el lema \u201cRemedios, m\u00e1s que un nombre.\u201d\",\"breadcrumb\":{\"@id\":\"https:\/\/www.aridane.org\/city\/2022\/11\/23\/los-llanos-pone-en-funcionamiento-el-servicio-de-un-radar-movil-para-seguir-mejorando-su-seguridad-vial\/#breadcrumb\"},\"inLanguage\":\"es\",\"potentialAction\":[{\"@type\":\"ReadAction\",\"target\":[\"https:\/\/www.aridane.org\/city\/2022\/11\/23\/los-llanos-pone-en-funcionamiento-el-servicio-de-un-radar-movil-para-seguir-mejorando-su-seguridad-vial\/\"]}]},{\"@type\":\"BreadcrumbList\",\"@id\":\"https:\/\/www.aridane.org\/city\/2022\/11\/23\/los-llanos-pone-en-funcionamiento-el-servicio-de-un-radar-movil-para-seguir-mejorando-su-seguridad-vial\/#breadcrumb\",\"itemListElement\":[{\"@type\":\"ListItem\",\"position\":1,\"name\":\"Portada\",\"item\":\"https:\/\/www.aridane.org\/city\/\"},{\"@type\":\"ListItem\",\"position\":2,\"name\":\"Los Llanos pone en funcionamiento el servicio de un radar m\u00f3vil para seguir mejorando su seguridad vial\"}]},{\"@type\":\"WebSite\",\"@id\":\"https:\/\/www.aridane.org\/city\/#website\",\"url\":\"https:\/\/www.aridane.org\/city\/\",\"name\":\"Ayuntamiento de Los Llanos de Aridane\",\"description\":\"\",\"potentialAction\":[{\"@type\":\"SearchAction\",\"target\":{\"@type\":\"EntryPoint\",\"urlTemplate\":\"https:\/\/www.aridane.org\/city\/?s={search_term_string}\"},\"query-input\":\"required name=search_term_string\"}],\"inLanguage\":\"es\"},{\"@type\":\"Person\",\"@id\":\"https:\/\/www.aridane.org\/city\/#\/schema\/person\/7d352ec7f29881716f298394432e7209\",\"name\":\"Richard Diaz\",\"image\":{\"@type\":\"ImageObject\",\"inLanguage\":\"es\",\"@id\":\"https:\/\/www.aridane.org\/city\/#\/schema\/person\/image\/\",\"url\":\"https:\/\/secure.gravatar.com\/avatar\/bacd6aefc26a4a204943090a4c596cd10f0857081ef3cfd12084a70ecb3161d5?s=96&d=mm&r=g\",\"contentUrl\":\"https:\/\/secure.gravatar.com\/avatar\/bacd6aefc26a4a204943090a4c596cd10f0857081ef3cfd12084a70ecb3161d5?s=96&d=mm&r=g\",\"caption\":\"Richard Diaz\"},\"sameAs\":[\"https:\/\/www.aridane.org\/city\"],\"url\":\"https:\/\/www.aridane.org\/city\/author\/richard-diaz\/\"}]}<\/script>\n<!-- \/ Yoast SEO plugin. -->","yoast_head_json":{"title":"Los Llanos pone en funcionamiento el servicio de un radar m\u00f3vil para seguir mejorando su seguridad vial - Ayuntamiento de Los Llanos de Aridane","description":"El Ayuntamiento de Los Llanos de Aridane presenta el cartel y el programa de La Patrona 2021 con el lema \u201cRemedios, m\u00e1s que un nombre.\u201d","robots":{"index":"index","follow":"follow","max-snippet":"max-snippet:-1","max-image-preview":"max-image-preview:large","max-video-preview":"max-video-preview:-1"},"canonical":"https:\/\/www.aridane.org\/city\/2022\/11\/23\/los-llanos-pone-en-funcionamiento-el-servicio-de-un-radar-movil-para-seguir-mejorando-su-seguridad-vial\/","og_locale":"es_ES","og_type":"article","og_title":"Los Llanos pone en funcionamiento el servicio de un radar m\u00f3vil para seguir mejorando su seguridad vial - Ayuntamiento de Los Llanos de Aridane","og_description":"El Ayuntamiento de Los Llanos de Aridane presenta el cartel y el programa de La Patrona 2021 con el lema \u201cRemedios, m\u00e1s que un nombre.\u201d","og_url":"https:\/\/www.aridane.org\/city\/2022\/11\/23\/los-llanos-pone-en-funcionamiento-el-servicio-de-un-radar-movil-para-seguir-mejorando-su-seguridad-vial\/","og_site_name":"Ayuntamiento de Los Llanos de Aridane","article_published_time":"2022-11-23T12:56:56+00:00","author":"Richard Diaz","twitter_card":"summary_large_image","twitter_misc":{"Escrito por":"Richard Diaz","Tiempo de lectura":"2 minutos"},"schema":{"@context":"https:\/\/schema.org","@graph":[{"@type":"WebPage","@id":"https:\/\/www.aridane.org\/city\/2022\/11\/23\/los-llanos-pone-en-funcionamiento-el-servicio-de-un-radar-movil-para-seguir-mejorando-su-seguridad-vial\/","url":"https:\/\/www.aridane.org\/city\/2022\/11\/23\/los-llanos-pone-en-funcionamiento-el-servicio-de-un-radar-movil-para-seguir-mejorando-su-seguridad-vial\/","name":"Los Llanos pone en funcionamiento el servicio de un radar m\u00f3vil para seguir mejorando su seguridad vial - Ayuntamiento de Los Llanos de Aridane","isPartOf":{"@id":"https:\/\/www.aridane.org\/city\/#website"},"datePublished":"2022-11-23T12:56:56+00:00","dateModified":"2022-11-23T12:56:56+00:00","author":{"@id":"https:\/\/www.aridane.org\/city\/#\/schema\/person\/7d352ec7f29881716f298394432e7209"},"description":"El Ayuntamiento de Los Llanos de Aridane presenta el cartel y el programa de La Patrona 2021 con el lema \u201cRemedios, m\u00e1s que un nombre.\u201d","breadcrumb":{"@id":"https:\/\/www.aridane.org\/city\/2022\/11\/23\/los-llanos-pone-en-funcionamiento-el-servicio-de-un-radar-movil-para-seguir-mejorando-su-seguridad-vial\/#breadcrumb"},"inLanguage":"es","potentialAction":[{"@type":"ReadAction","target":["https:\/\/www.aridane.org\/city\/2022\/11\/23\/los-llanos-pone-en-funcionamiento-el-servicio-de-un-radar-movil-para-seguir-mejorando-su-seguridad-vial\/"]}]},{"@type":"BreadcrumbList","@id":"https:\/\/www.aridane.org\/city\/2022\/11\/23\/los-llanos-pone-en-funcionamiento-el-servicio-de-un-radar-movil-para-seguir-mejorando-su-seguridad-vial\/#breadcrumb","itemListElement":[{"@type":"ListItem","position":1,"name":"Portada","item":"https:\/\/www.aridane.org\/city\/"},{"@type":"ListItem","position":2,"name":"Los Llanos pone en funcionamiento el servicio de un radar m\u00f3vil para seguir mejorando su seguridad vial"}]},{"@type":"WebSite","@id":"https:\/\/www.aridane.org\/city\/#website","url":"https:\/\/www.aridane.org\/city\/","name":"Ayuntamiento de Los Llanos de Aridane","description":"","potentialAction":[{"@type":"SearchAction","target":{"@type":"EntryPoint","urlTemplate":"https:\/\/www.aridane.org\/city\/?s={search_term_string}"},"query-input":"required name=search_term_string"}],"inLanguage":"es"},{"@type":"Person","@id":"https:\/\/www.aridane.org\/city\/#\/schema\/person\/7d352ec7f29881716f298394432e7209","name":"Richard Diaz","image":{"@type":"ImageObject","inLanguage":"es","@id":"https:\/\/www.aridane.org\/city\/#\/schema\/person\/image\/","url":"https:\/\/secure.gravatar.com\/avatar\/bacd6aefc26a4a204943090a4c596cd10f0857081ef3cfd12084a70ecb3161d5?s=96&d=mm&r=g","contentUrl":"https:\/\/secure.gravatar.com\/avatar\/bacd6aefc26a4a204943090a4c596cd10f0857081ef3cfd12084a70ecb3161d5?s=96&d=mm&r=g","caption":"Richard Diaz"},"sameAs":["https:\/\/www.aridane.org\/city"],"url":"https:\/\/www.aridane.org\/city\/author\/richard-diaz\/"}]}},"_links":{"self":[{"href":"https:\/\/www.aridane.org\/city\/wp-json\/wp\/v2\/posts\/1150","targetHints":{"allow":["GET"]}}],"collection":[{"href":"https:\/\/www.aridane.org\/city\/wp-json\/wp\/v2\/posts"}],"about":[{"href":"https:\/\/www.aridane.org\/city\/wp-json\/wp\/v2\/types\/post"}],"author":[{"embeddable":true,"href":"https:\/\/www.aridane.org\/city\/wp-json\/wp\/v2\/users\/1"}],"replies":[{"embeddable":true,"href":"https:\/\/www.aridane.org\/city\/wp-json\/wp\/v2\/comments?post=1150"}],"version-history":[{"count":0,"href":"https:\/\/www.aridane.org\/city\/wp-json\/wp\/v2\/posts\/1150\/revisions"}],"wp:attachment":[{"href":"https:\/\/www.aridane.org\/city\/wp-json\/wp\/v2\/media?parent=1150"}],"wp:term":[{"taxonomy":"category","embeddable":true,"href":"https:\/\/www.aridane.org\/city\/wp-json\/wp\/v2\/categories?post=1150"},{"taxonomy":"post_tag","embeddable":true,"href":"https:\/\/www.aridane.org\/city\/wp-json\/wp\/v2\/tags?post=1150"}],"curies":[{"name":"wp","href":"https:\/\/api.w.org\/{rel}","templated":true}]}}