{"id":1159,"date":"2022-11-25T14:00:42","date_gmt":"2022-11-25T14:00:42","guid":{"rendered":"https:\/\/aridane.org\/ciudad\/?p=1159"},"modified":"2022-11-25T14:00:42","modified_gmt":"2022-11-25T14:00:42","slug":"el-ayuntamiento-de-los-llanos-de-aridane-aprueba-la-primera-relacion-de-puestos-de-trabajo-de-su-historia","status":"publish","type":"post","link":"https:\/\/www.aridane.org\/city\/2022\/11\/25\/el-ayuntamiento-de-los-llanos-de-aridane-aprueba-la-primera-relacion-de-puestos-de-trabajo-de-su-historia\/","title":{"rendered":"El Ayuntamiento de Los Llanos de Aridane aprueba la primera Relaci\u00f3n de Puestos de Trabajo de su historia"},"content":{"rendered":"<section class=\"wpb-content-wrapper\"><p>[vc_row css_animation=\u00bb\u00bb row_type=\u00bbrow\u00bb use_row_as_full_screen_section=\u00bbno\u00bb type=\u00bbfull_width\u00bb angled_section=\u00bbno\u00bb text_align=\u00bbleft\u00bb background_image_as_pattern=\u00bbwithout_pattern\u00bb][vc_column][vc_row_inner row_type=\u00bbrow\u00bb type=\u00bbgrid\u00bb text_align=\u00bbleft\u00bb css_animation=\u00bb\u00bb][vc_column_inner][vc_empty_space height=\u00bb20px\u00bb][vc_column_text]<\/p>\n<ul>\n<li style=\"text-align: justify;\"><em>La concejal de Recursos Humanos, Lorena Hern\u00e1ndez Labrador, defiende que esta herramienta permitir\u00e1 estructurar y ordenar al personal que trabaja el en Consistorio tal y como indica la ley, de manera transparente y ofreci\u00e9ndoles seguridad.<\/em><\/li>\n<li style=\"text-align: justify;\"><em>Por su parte, Garc\u00eda Leal ha agradecido el trabajo de todas las personas que han participado en la elaboraci\u00f3n de este documento, que nos ayudar\u00e1 a contar con una administraci\u00f3n m\u00e1s eficaz, y cuyo beneficio repercutir\u00e1 directamente en los propios vecinos.<\/em><\/li>\n<\/ul>\n<p>&nbsp;<\/p>\n<p style=\"text-align: justify;\"><strong>Los Llanos de Aridane, 25 de noviembre de 2022.-<\/strong> El Ayuntamiento de Los Llanos de Aridane a trav\u00e9s del concejal de Recursos Humanos, Lorena Hern\u00e1ndez Labrador, ha confirmado la aprobaci\u00f3n, tras el pleno celebrado ayer, \u201cde la primera Relaci\u00f3n de Puestos de Trabajo, RPT, de la historia del Consistorio aridanense\u201d, se\u00f1ala. Hern\u00e1ndez Labrador explica que este documento, que es de obligado cumplimiento, permitir\u00e1 estructurar al personal, regular las caracter\u00edsticas de los puestos, funciones y requisitos para acceder a los mismos. \u201cTodo ello cumpliendo con la ley, de manera transparente y, a la vez, ofreciendo seguridad al propio personal que trabaja en el Consistorio\u201d, se\u00f1ala.<\/p>\n<p style=\"text-align: justify;\">Adem\u00e1s, la concejal ha agradecido el inmenso trabajo que han realizado los t\u00e9cnicos de Recursos Humanos del Consistorio aridanense, as\u00ed como de todas las personas que han trabajado y colaborado para que hoy esta RPT sea una realidad en nuestro municipio.<\/p>\n<p style=\"text-align: justify;\">Por su parte, la alcaldesa de Los Llanos, Noelia Garc\u00eda Leal tambi\u00e9n ha querido agradecer \u201cel esfuerzo de los servicios jur\u00eddicos, representantes sindicales, trabajadores y todas las personas que han contribuido para que este documento haya salido adelante\u201d, se\u00f1ala. Adem\u00e1s, confirma que se trata de un documento vivo que va a responder a las necesidades que vaya teniendo la administraci\u00f3n, \u201cdando un paso importante respecto a la modernizaci\u00f3n de la administraci\u00f3n y sus procedimientos, y que va a repercutir positivamente en los propios vecinos de Aridane\u201d, asegura.<\/p>\n<p style=\"text-align: justify;\">Por \u00faltimo, desde el Ayuntamiento de Los Llanos de Aridane se recuerda, que \u201ceste equipo de Gobierno va a seguir trabajando en esta misma l\u00ednea, con el objetivo de ofrecer los mejores servicios a nuestros ciudadanos\u201d.<\/p>\n<p>[\/vc_column_text][vc_empty_space height=\u00bb20px\u00bb][\/vc_column_inner][\/vc_row_inner][\/vc_column][\/vc_row]<\/p>\n<\/section>","protected":false},"excerpt":{"rendered":"<p>[vc_row css_animation=\u00bb\u00bb row_type=\u00bbrow\u00bb use_row_as_full_screen_section=\u00bbno\u00bb type=\u00bbfull_width\u00bb angled_section=\u00bbno\u00bb text_align=\u00bbleft\u00bb background_image_as_pattern=\u00bbwithout_pattern\u00bb][vc_column][vc_row_inner row_type=\u00bbrow\u00bb type=\u00bbgrid\u00bb text_align=\u00bbleft\u00bb css_animation=\u00bb\u00bb][vc_column_inner][vc_empty_space height=\u00bb20px\u00bb][vc_column_text] La concejal de Recursos Humanos, Lorena Hern\u00e1ndez Labrador, defiende que esta herramienta permitir\u00e1 estructurar y ordenar al personal que trabaja el en Consistorio tal y como indica la ley, de manera transparente&#8230;<\/p>\n","protected":false},"author":1,"featured_media":0,"comment_status":"closed","ping_status":"open","sticky":false,"template":"","format":"standard","meta":{"footnotes":""},"categories":[6],"tags":[],"class_list":["post-1159","post","type-post","status-publish","format-standard","hentry","category-prensa"],"yoast_head":"<!-- This site is optimized with the Yoast SEO plugin v22.7 - https:\/\/yoast.com\/wordpress\/plugins\/seo\/ -->\n<title>El Ayuntamiento de Los Llanos de Aridane aprueba la primera Relaci\u00f3n de Puestos de Trabajo de su historia - Ayuntamiento de Los Llanos de Aridane<\/title>\n<meta name=\"description\" content=\"El Ayuntamiento de Los Llanos de Aridane presenta el cartel y el programa de La Patrona 2021 con el lema \u201cRemedios, m\u00e1s que un nombre.\u201d\" \/>\n<meta name=\"robots\" content=\"index, follow, max-snippet:-1, max-image-preview:large, max-video-preview:-1\" \/>\n<link rel=\"canonical\" href=\"https:\/\/www.aridane.org\/city\/2022\/11\/25\/el-ayuntamiento-de-los-llanos-de-aridane-aprueba-la-primera-relacion-de-puestos-de-trabajo-de-su-historia\/\" \/>\n<meta property=\"og:locale\" content=\"es_ES\" \/>\n<meta property=\"og:type\" content=\"article\" \/>\n<meta property=\"og:title\" content=\"El Ayuntamiento de Los Llanos de Aridane aprueba la primera Relaci\u00f3n de Puestos de Trabajo de su historia - Ayuntamiento de Los Llanos de Aridane\" \/>\n<meta property=\"og:description\" content=\"El Ayuntamiento de Los Llanos de Aridane presenta el cartel y el programa de La Patrona 2021 con el lema \u201cRemedios, m\u00e1s que un nombre.\u201d\" \/>\n<meta property=\"og:url\" content=\"https:\/\/www.aridane.org\/city\/2022\/11\/25\/el-ayuntamiento-de-los-llanos-de-aridane-aprueba-la-primera-relacion-de-puestos-de-trabajo-de-su-historia\/\" \/>\n<meta property=\"og:site_name\" content=\"Ayuntamiento de Los Llanos de Aridane\" \/>\n<meta property=\"article:published_time\" content=\"2022-11-25T14:00:42+00:00\" \/>\n<meta name=\"author\" content=\"Richard Diaz\" \/>\n<meta name=\"twitter:card\" content=\"summary_large_image\" \/>\n<meta name=\"twitter:label1\" content=\"Escrito por\" \/>\n\t<meta name=\"twitter:data1\" content=\"Richard Diaz\" \/>\n\t<meta name=\"twitter:label2\" content=\"Tiempo de lectura\" \/>\n\t<meta name=\"twitter:data2\" content=\"2 minutos\" \/>\n<script type=\"application\/ld+json\" class=\"yoast-schema-graph\">{\"@context\":\"https:\/\/schema.org\",\"@graph\":[{\"@type\":\"WebPage\",\"@id\":\"https:\/\/www.aridane.org\/city\/2022\/11\/25\/el-ayuntamiento-de-los-llanos-de-aridane-aprueba-la-primera-relacion-de-puestos-de-trabajo-de-su-historia\/\",\"url\":\"https:\/\/www.aridane.org\/city\/2022\/11\/25\/el-ayuntamiento-de-los-llanos-de-aridane-aprueba-la-primera-relacion-de-puestos-de-trabajo-de-su-historia\/\",\"name\":\"El Ayuntamiento de Los Llanos de Aridane aprueba la primera Relaci\u00f3n de Puestos de Trabajo de su historia - Ayuntamiento de Los Llanos de Aridane\",\"isPartOf\":{\"@id\":\"https:\/\/www.aridane.org\/city\/#website\"},\"datePublished\":\"2022-11-25T14:00:42+00:00\",\"dateModified\":\"2022-11-25T14:00:42+00:00\",\"author\":{\"@id\":\"https:\/\/www.aridane.org\/city\/#\/schema\/person\/7d352ec7f29881716f298394432e7209\"},\"description\":\"El Ayuntamiento de Los Llanos de Aridane presenta el cartel y el programa de La Patrona 2021 con el lema \u201cRemedios, m\u00e1s que un nombre.\u201d\",\"breadcrumb\":{\"@id\":\"https:\/\/www.aridane.org\/city\/2022\/11\/25\/el-ayuntamiento-de-los-llanos-de-aridane-aprueba-la-primera-relacion-de-puestos-de-trabajo-de-su-historia\/#breadcrumb\"},\"inLanguage\":\"es\",\"potentialAction\":[{\"@type\":\"ReadAction\",\"target\":[\"https:\/\/www.aridane.org\/city\/2022\/11\/25\/el-ayuntamiento-de-los-llanos-de-aridane-aprueba-la-primera-relacion-de-puestos-de-trabajo-de-su-historia\/\"]}]},{\"@type\":\"BreadcrumbList\",\"@id\":\"https:\/\/www.aridane.org\/city\/2022\/11\/25\/el-ayuntamiento-de-los-llanos-de-aridane-aprueba-la-primera-relacion-de-puestos-de-trabajo-de-su-historia\/#breadcrumb\",\"itemListElement\":[{\"@type\":\"ListItem\",\"position\":1,\"name\":\"Portada\",\"item\":\"https:\/\/www.aridane.org\/city\/\"},{\"@type\":\"ListItem\",\"position\":2,\"name\":\"El Ayuntamiento de Los Llanos de Aridane aprueba la primera Relaci\u00f3n de Puestos de Trabajo de su historia\"}]},{\"@type\":\"WebSite\",\"@id\":\"https:\/\/www.aridane.org\/city\/#website\",\"url\":\"https:\/\/www.aridane.org\/city\/\",\"name\":\"Ayuntamiento de Los Llanos de Aridane\",\"description\":\"\",\"potentialAction\":[{\"@type\":\"SearchAction\",\"target\":{\"@type\":\"EntryPoint\",\"urlTemplate\":\"https:\/\/www.aridane.org\/city\/?s={search_term_string}\"},\"query-input\":\"required name=search_term_string\"}],\"inLanguage\":\"es\"},{\"@type\":\"Person\",\"@id\":\"https:\/\/www.aridane.org\/city\/#\/schema\/person\/7d352ec7f29881716f298394432e7209\",\"name\":\"Richard Diaz\",\"image\":{\"@type\":\"ImageObject\",\"inLanguage\":\"es\",\"@id\":\"https:\/\/www.aridane.org\/city\/#\/schema\/person\/image\/\",\"url\":\"https:\/\/secure.gravatar.com\/avatar\/bacd6aefc26a4a204943090a4c596cd10f0857081ef3cfd12084a70ecb3161d5?s=96&d=mm&r=g\",\"contentUrl\":\"https:\/\/secure.gravatar.com\/avatar\/bacd6aefc26a4a204943090a4c596cd10f0857081ef3cfd12084a70ecb3161d5?s=96&d=mm&r=g\",\"caption\":\"Richard Diaz\"},\"sameAs\":[\"https:\/\/www.aridane.org\/city\"],\"url\":\"https:\/\/www.aridane.org\/city\/author\/richard-diaz\/\"}]}<\/script>\n<!-- \/ Yoast SEO plugin. -->","yoast_head_json":{"title":"El Ayuntamiento de Los Llanos de Aridane aprueba la primera Relaci\u00f3n de Puestos de Trabajo de su historia - Ayuntamiento de Los Llanos de Aridane","description":"El Ayuntamiento de Los Llanos de Aridane presenta el cartel y el programa de La Patrona 2021 con el lema \u201cRemedios, m\u00e1s que un nombre.\u201d","robots":{"index":"index","follow":"follow","max-snippet":"max-snippet:-1","max-image-preview":"max-image-preview:large","max-video-preview":"max-video-preview:-1"},"canonical":"https:\/\/www.aridane.org\/city\/2022\/11\/25\/el-ayuntamiento-de-los-llanos-de-aridane-aprueba-la-primera-relacion-de-puestos-de-trabajo-de-su-historia\/","og_locale":"es_ES","og_type":"article","og_title":"El Ayuntamiento de Los Llanos de Aridane aprueba la primera Relaci\u00f3n de Puestos de Trabajo de su historia - Ayuntamiento de Los Llanos de Aridane","og_description":"El Ayuntamiento de Los Llanos de Aridane presenta el cartel y el programa de La Patrona 2021 con el lema \u201cRemedios, m\u00e1s que un nombre.\u201d","og_url":"https:\/\/www.aridane.org\/city\/2022\/11\/25\/el-ayuntamiento-de-los-llanos-de-aridane-aprueba-la-primera-relacion-de-puestos-de-trabajo-de-su-historia\/","og_site_name":"Ayuntamiento de Los Llanos de Aridane","article_published_time":"2022-11-25T14:00:42+00:00","author":"Richard Diaz","twitter_card":"summary_large_image","twitter_misc":{"Escrito por":"Richard Diaz","Tiempo de lectura":"2 minutos"},"schema":{"@context":"https:\/\/schema.org","@graph":[{"@type":"WebPage","@id":"https:\/\/www.aridane.org\/city\/2022\/11\/25\/el-ayuntamiento-de-los-llanos-de-aridane-aprueba-la-primera-relacion-de-puestos-de-trabajo-de-su-historia\/","url":"https:\/\/www.aridane.org\/city\/2022\/11\/25\/el-ayuntamiento-de-los-llanos-de-aridane-aprueba-la-primera-relacion-de-puestos-de-trabajo-de-su-historia\/","name":"El Ayuntamiento de Los Llanos de Aridane aprueba la primera Relaci\u00f3n de Puestos de Trabajo de su historia - Ayuntamiento de Los Llanos de Aridane","isPartOf":{"@id":"https:\/\/www.aridane.org\/city\/#website"},"datePublished":"2022-11-25T14:00:42+00:00","dateModified":"2022-11-25T14:00:42+00:00","author":{"@id":"https:\/\/www.aridane.org\/city\/#\/schema\/person\/7d352ec7f29881716f298394432e7209"},"description":"El Ayuntamiento de Los Llanos de Aridane presenta el cartel y el programa de La Patrona 2021 con el lema \u201cRemedios, m\u00e1s que un nombre.\u201d","breadcrumb":{"@id":"https:\/\/www.aridane.org\/city\/2022\/11\/25\/el-ayuntamiento-de-los-llanos-de-aridane-aprueba-la-primera-relacion-de-puestos-de-trabajo-de-su-historia\/#breadcrumb"},"inLanguage":"es","potentialAction":[{"@type":"ReadAction","target":["https:\/\/www.aridane.org\/city\/2022\/11\/25\/el-ayuntamiento-de-los-llanos-de-aridane-aprueba-la-primera-relacion-de-puestos-de-trabajo-de-su-historia\/"]}]},{"@type":"BreadcrumbList","@id":"https:\/\/www.aridane.org\/city\/2022\/11\/25\/el-ayuntamiento-de-los-llanos-de-aridane-aprueba-la-primera-relacion-de-puestos-de-trabajo-de-su-historia\/#breadcrumb","itemListElement":[{"@type":"ListItem","position":1,"name":"Portada","item":"https:\/\/www.aridane.org\/city\/"},{"@type":"ListItem","position":2,"name":"El Ayuntamiento de Los Llanos de Aridane aprueba la primera Relaci\u00f3n de Puestos de Trabajo de su historia"}]},{"@type":"WebSite","@id":"https:\/\/www.aridane.org\/city\/#website","url":"https:\/\/www.aridane.org\/city\/","name":"Ayuntamiento de Los Llanos de Aridane","description":"","potentialAction":[{"@type":"SearchAction","target":{"@type":"EntryPoint","urlTemplate":"https:\/\/www.aridane.org\/city\/?s={search_term_string}"},"query-input":"required name=search_term_string"}],"inLanguage":"es"},{"@type":"Person","@id":"https:\/\/www.aridane.org\/city\/#\/schema\/person\/7d352ec7f29881716f298394432e7209","name":"Richard Diaz","image":{"@type":"ImageObject","inLanguage":"es","@id":"https:\/\/www.aridane.org\/city\/#\/schema\/person\/image\/","url":"https:\/\/secure.gravatar.com\/avatar\/bacd6aefc26a4a204943090a4c596cd10f0857081ef3cfd12084a70ecb3161d5?s=96&d=mm&r=g","contentUrl":"https:\/\/secure.gravatar.com\/avatar\/bacd6aefc26a4a204943090a4c596cd10f0857081ef3cfd12084a70ecb3161d5?s=96&d=mm&r=g","caption":"Richard Diaz"},"sameAs":["https:\/\/www.aridane.org\/city"],"url":"https:\/\/www.aridane.org\/city\/author\/richard-diaz\/"}]}},"_links":{"self":[{"href":"https:\/\/www.aridane.org\/city\/wp-json\/wp\/v2\/posts\/1159","targetHints":{"allow":["GET"]}}],"collection":[{"href":"https:\/\/www.aridane.org\/city\/wp-json\/wp\/v2\/posts"}],"about":[{"href":"https:\/\/www.aridane.org\/city\/wp-json\/wp\/v2\/types\/post"}],"author":[{"embeddable":true,"href":"https:\/\/www.aridane.org\/city\/wp-json\/wp\/v2\/users\/1"}],"replies":[{"embeddable":true,"href":"https:\/\/www.aridane.org\/city\/wp-json\/wp\/v2\/comments?post=1159"}],"version-history":[{"count":0,"href":"https:\/\/www.aridane.org\/city\/wp-json\/wp\/v2\/posts\/1159\/revisions"}],"wp:attachment":[{"href":"https:\/\/www.aridane.org\/city\/wp-json\/wp\/v2\/media?parent=1159"}],"wp:term":[{"taxonomy":"category","embeddable":true,"href":"https:\/\/www.aridane.org\/city\/wp-json\/wp\/v2\/categories?post=1159"},{"taxonomy":"post_tag","embeddable":true,"href":"https:\/\/www.aridane.org\/city\/wp-json\/wp\/v2\/tags?post=1159"}],"curies":[{"name":"wp","href":"https:\/\/api.w.org\/{rel}","templated":true}]}}