{"id":1162,"date":"2022-11-28T12:54:26","date_gmt":"2022-11-28T12:54:26","guid":{"rendered":"https:\/\/aridane.org\/ciudad\/?p=1162"},"modified":"2022-11-28T12:54:26","modified_gmt":"2022-11-28T12:54:26","slug":"el-ayuntamiento-de-los-llanos-presenta-su-cartel-y-programa-brilla-aridane-en-navidad","status":"publish","type":"post","link":"https:\/\/www.aridane.org\/city\/2022\/11\/28\/el-ayuntamiento-de-los-llanos-presenta-su-cartel-y-programa-brilla-aridane-en-navidad\/","title":{"rendered":"El Ayuntamiento de Los Llanos presenta su cartel y programa \u2018Brilla Aridane en Navidad\u2019"},"content":{"rendered":"<section class=\"wpb-content-wrapper\"><p>[vc_row css_animation=\u00bb\u00bb row_type=\u00bbrow\u00bb use_row_as_full_screen_section=\u00bbno\u00bb type=\u00bbfull_width\u00bb angled_section=\u00bbno\u00bb text_align=\u00bbleft\u00bb background_image_as_pattern=\u00bbwithout_pattern\u00bb][vc_column][vc_row_inner row_type=\u00bbrow\u00bb type=\u00bbgrid\u00bb text_align=\u00bbleft\u00bb css_animation=\u00bb\u00bb][vc_column_inner][vc_empty_space height=\u00bb20px\u00bb][vc_column_text]<\/p>\n<ul>\n<li style=\"text-align: justify;\"><em>El tradicional encendido ser\u00e1 este viernes 2 de diciembre a partir de las 20:00 horas, en la Calle Real, junto al Monumento del Arriero. Adem\u00e1s, posteriormente se proceder\u00e1 a la presentaci\u00f3n de la canci\u00f3n navide\u00f1a de los de A.F. Los Arrieros.<\/em><\/li>\n<li style=\"text-align: justify;\"><em>Desde la concejal\u00eda de Fiestas explican que se trata de un amplio programa para todas las edades, entre las que hay: actuaciones musicales, teatro, literatura, eventos deportivos, mercadillo de Navidad, mercadillo de artesan\u00eda, y actividades para los m\u00e1s peque\u00f1os, entre otras. Todo ello con el objetivo de seguir dinamizando el municipio, e impulsando las compras y el consumo local.<\/em><\/li>\n<\/ul>\n<p>&nbsp;<\/p>\n<p style=\"text-align: justify;\"><strong>Los Llanos de Aridane, 28 de noviembre 2022.-<\/strong> El Ayuntamiento de Los Llanos de Aridane a trav\u00e9s de su alcaldesa, Noelia Garc\u00eda Leal, junto a la concejal de Fiestas, M\u00f3nica Gonz\u00e1lez, y el resto de concejales del grupo de gobierno han presentado hoy el cartel y el programa para estas Fiestas, bajo el t\u00edtulo \u2018Brilla Aridane en Navidad\u2019. Garc\u00eda Leal ha querido agradecer el trabajo y esfuerzo de todas las personas que han hecho posible los adornos que decoran las calles del municipio, as\u00ed como este programa \u201cpara que en un a\u00f1o tan complicado como el que estamos viviendo Brille Aridane en Navidad, y podamos disfrutar de las caritas de ilusi\u00f3n de los ni\u00f1os y ni\u00f1as, del municipio, que son nuestra mayor esperanza\u201d. Adem\u00e1s, defiende que \u201cestamos seguros que estas actividades supondr\u00e1 un revulsivo para continuar fomentando e impulsando las compras y el consumo local, clave para la recuperaci\u00f3n en la que ya se encuentra inmersa Los Llanos de Aridane\u201d.<\/p>\n<p style=\"text-align: justify;\">Por su parte, Gonz\u00e1lez afirma que un a\u00f1o m\u00e1s desde su \u00e1rea se ha trabajado, junto al resto de concejal\u00edas, \u201cpara presentar un amplio programa de actividades entre las que hay actuaciones musicales, teatro, literatura, eventos deportivos, mercadillo de Navidad, mercadillo de artesan\u00eda, y actividades para los m\u00e1s peque\u00f1os de la casa, entre otras. Todas ellas dirigidas a todas las edades, y que se desarrollar\u00e1n en los distintos barrios del municipio, con el fin de seguir ayudando a su dinamizaci\u00f3n , se\u00f1ala.<\/p>\n<p style=\"text-align: justify;\">El programa comenzar\u00e1 este viernes, 30 de noviembre, con el III Encuentro Internacional de Saxos de La Palma y finalizar\u00e1 el pr\u00f3ximo 5 de enero, \u201cd\u00eda en el que tendr\u00e1 lugar la tradicional Cabalgata de sus Majestades los Reyes Magos de Oriente\u201d. El <strong>viernes 2 de diciembre<\/strong> est\u00e1 previsto que se inaugure el Nacimiento en los bajos de la Casa de la Cultura a las 19:30 horas, \u201cpara posteriormente, a las <strong>20:00 proceder al tradicional y esperado encendido de Navidad<\/strong>, y despu\u00e9s disfrutar de la canci\u00f3n navide\u00f1a que este a\u00f1o han preparado la A.F. Los Arrieros\u201d.<\/p>\n<p style=\"text-align: justify;\">Durante todo el fin de semana se podr\u00e1 disfrutar del Mercadillo de Navidad, que se desarrollar\u00e1 en la Plaza de Espa\u00f1a, \u201cy en el que todo el que se acerque hasta este punto podr\u00e1 encontrar puestos de art\u00edculos de decoraci\u00f3n de esta \u00e9poca, comida, dulces t\u00edpicos de Navidad, y m\u00fasica en directo\u201d. Adem\u00e1s, confirma que este a\u00f1o tambi\u00e9n se contar\u00e1 con la Feria de Artesan\u00eda, que tendr\u00e1 lugar del 19 al 21 de diciembre, en la Plaza de Espa\u00f1a de 10:30 a 21:30 h.<\/p>\n<p style=\"text-align: justify;\"><strong>Para los m\u00e1s peque\u00f1os<\/strong> de la casa se han preparado distintas actividades como por ejemplo, el 5 de diciembre est\u00e1 previsto que se desarrolle en el Pabell\u00f3n Severo Rodr\u00edguez a las 18:00 horas el Stage de Patinaje art\u00edstico, organizado por el Club Pat\u00edn Lava, y que contar\u00e1 con la participaci\u00f3n de patinadores internacionales. El domingo 11 de diciembre llega a Menudo Teatro &#8216;Al\u00ed Bab\u00e1 y los Cuarenta Ladrones\u2019, en el Espacio Cultural El Secadero, a partir de las 11:00 horas. El d\u00eda 24 tendr\u00e1 lugar el tradicional recorrido en tren con Pap\u00e1 Noel, por las calles del municipio, la salida est\u00e1 prevista a en la Plaza de Espa\u00f1a, a las 10:00 h. Mientras que el 3 de enero los m\u00e1s peque\u00f1os podr\u00e1n disfrutar de los t\u00edteres infantiles, a partir de las 19:00 horas tambi\u00e9n en la Plaza de Espa\u00f1a.<\/p>\n<p style=\"text-align: justify;\"><strong>Entre las actividades culturales y musicales,<\/strong> el jueves 1 de diciembre a partir de las 19:00 horas en la Biblioteca municipal Mar\u00eda Nieves P\u00e9rez Acosta est\u00e1 prevista la inauguraci\u00f3n del libro `De mi sangre\u2019 de Miriam Camacho. El viernes 2 de diciembre se inaugurar\u00e1 la sexta edici\u00f3n del Real Market, en el Espacio Cultural Real, que se desarrollar\u00e1 hasta el pr\u00f3ximo jueves 5 de enero de 2023. Adem\u00e1s, el s\u00e1bado 3 de diciembre est\u00e1 previsto el concierto Trashplant en las letras de Los Llanos de Aridane, a partir de las 18:00 horas. El viernes 9 de diciembre, en el Plaza de Espa\u00f1a, tendr\u00e1 lugar el concierto Canarias All Stars, en la Plaza de Espa\u00f1a a partir de las 20:00 horas. Mientras que el 22 de diciembre ser\u00e1 el concierto de Navidad de la Banda Municipal de m\u00fasica de Los Llanos de Aridane en las canchas Conrado Hern\u00e1ndez a partir de las 12:00 horas. Adem\u00e1s, un a\u00f1o m\u00e1s los Villancicos en Aridane recorrer\u00e1n distintos puntos del municipio junto a diferentes agrupaciones.<\/p>\n<p style=\"text-align: justify;\">Adem\u00e1s, el 31 de diciembre regresa con m\u00e1s fuerza que nunca la San Silvestre de Los Llanos de Aridane, por las calles c\u00e9ntricas del municipio a partir de las 11 horas. Mientras que desde las 12:00 hasta las 4:00 horas en la Plaza de Espa\u00f1a tendr\u00e1 lugar el Fin de Gallo.<\/p>\n<p style=\"text-align: justify;\">El programa finalizar\u00e1 el pr\u00f3ximo 5 de enero con la Cabalgata de sus Majestades Los Reyes Magos de Oriente, a partir de las 17:00 horas, que saldr\u00e1 desde la Avda. Enrique Mederos y llegar\u00e1 hasta la Plaza de Espa\u00f1a, \u201clugar en el que la corte real ser\u00e1 recibida por la alcaldesa y concejales del Ayuntamiento\u201d.<\/p>\n<p>&nbsp;<\/p>\n<p style=\"text-align: justify;\"><strong>PROGRAMA<\/strong><\/p>\n<p style=\"text-align: justify;\">\u2022 <strong>Mi\u00e9rcoles, 30 de Noviembre<\/strong><\/p>\n<p style=\"text-align: justify;\"><strong>&#8211; III Encuentro Internacional de Saxos de La Palma<\/strong><br \/>\n\u201dUNAS NOTAS DE ESPERANZA\u201d<br \/>\nConcierto solidario en colaboraci\u00f3n con la Asociaci\u00f3n de Ni\u00f1os Especiales de La Palma (NEP)<br \/>\nLugar y hora : Centro de Ni\u00f1os Especiales de La Palma (NEP), 17:30 horas.<\/p>\n<p style=\"text-align: justify;\"><strong>\u2022 Jueves, 1 de Diciembre<\/strong><\/p>\n<p style=\"text-align: justify;\"><strong>&#8211; ANCESTROS<\/strong><br \/>\n\u00abDE MI SANGRE\u00bb de Miriam Camacho<br \/>\nLugar y hora : Biblioteca P\u00fablica Municipal Mar\u00eda Nieves P\u00e9rez Acosta, 19:00h.<\/p>\n<p style=\"text-align: justify;\"><strong>\u2022 Viernes, 2 de Diciembre<\/strong><\/p>\n<p style=\"text-align: justify;\">&#8211; III Encuentro Internacional de Saxos de La Palma<br \/>\n<strong>&#8211; GALA DE INAUGURACI\u00d3N<\/strong><br \/>\nConcierto de la Banda Municipal de M\u00fasica de Los Llanos de Aridane.<br \/>\nLugar y hora : Parque Antonio G\u00f3mez Felipe, 20:00 horas.<br \/>\n<strong>&#8211; INAUGURACI\u00d3N DEL NACIMIENTO<\/strong><br \/>\nLugar y hora : Bajos de la Casa de la Cultura, 19:30 horas.<br \/>\n<strong>&#8211; ENCENDIDO NAVIDE\u00d1O<\/strong><br \/>\nInauguraci\u00f3n del encendido y presentaci\u00f3n de la canci\u00f3n navide\u00f1a a cargo de la A.F. Los Arrieros<br \/>\nLugar y hora : Calle Real. Monumento del Arriero, 20:00 horas.<\/p>\n<p style=\"text-align: justify;\"><strong>&#8211; MERCADO NAVIDE\u00d1O<\/strong><br \/>\nLugar y hora : Plaza de Espa\u00f1a, 17:00 &#8211; 21:00 horas<br \/>\nActuaci\u00f3n de Saxo a las 18:30 horas<br \/>\n<strong>&#8211; INAUGURACI\u00d3N REALMARKET (Sexta edici\u00f3n, en el que participan artistas en diferentes disciplinas)<\/strong><br \/>\nLugar y hora : Espacio Cultural REAL 21, 20:00 horas.<br \/>\nHorario exposici\u00f3n: De lunes a viernes de 10 a 13 y de 17 a 20 horas, y s\u00e1bados de 10 a 14 horas, hasta el jueves 5 de enero de 2023.<br \/>\n<strong>&#8211; EL \u00c1RBOL DE LOS DESEOS<\/strong><br \/>\nLugar y hora : Las Manchas de Abajo, (Plaza La Glorieta) 19:00 horas.<br \/>\n<strong>&#8211; LA PLAZA DE LA POES\u00cdA, (Club de lectura dinamizado por Aquiles Garc\u00eda Brito)<\/strong><br \/>\nLugar y hora : Biblioteca Municipal Mar\u00eda Nieves P\u00e9rez Acosta, 19:00 horas.<br \/>\nEntrada: Libre hasta completar aforo<\/p>\n<p style=\"text-align: justify;\"><strong>\u2022 S\u00e1bado, 3 de Diciembre<\/strong><\/p>\n<p style=\"text-align: justify;\"><strong>&#8211; MERCADO NAVIDE\u00d1O<\/strong><br \/>\nActuaci\u00f3n de Viol\u00edn a las 12:00 horas<br \/>\nLugar y hora : Plaza de Espa\u00f1a, 10:00 &#8211; 21:00 horas<br \/>\n<strong>III ENCUENTRO INTERNACIONAL DE SAXOS DE LA PALMA<\/strong><br \/>\nESTRENO: \u201cWilfred El Fantasma\u201d<br \/>\nLugar y hora : Parque Antonio G\u00f3mez Felipe, 19:30 horas.<br \/>\n<strong>&#8211; TRASHPLANT. CONCIERTO<\/strong><br \/>\nLugar y hora : Letras de Los Llanos de Aridane, 18:00 horas.<\/p>\n<p style=\"text-align: justify;\"><strong>\u2022 Domingo, 4 de Diciembre<\/strong><\/p>\n<p style=\"text-align: justify;\"><strong>&#8211; III ENCUENTRO INTERNACIONAL DE SAXOS DE LA PALMA<\/strong><br \/>\nCONCIERTO DE CLAUSURA. (Variaciones de obras de clarinete)<br \/>\nLugar y hora : Espacio Cultural El Secadero, 18:00 horas.<br \/>\n<strong>&#8211; MERCADO NAVIDE\u00d1O<\/strong><br \/>\nLugar y hora: Plaza de Espa\u00f1a de 10:00 a 14:00h.<\/p>\n<p style=\"text-align: justify;\"><strong>\u2022 Lunes, 5 de Diciembre<\/strong><br \/>\n<strong>&#8211; STAGE DE PATINAJE ART\u00cdSTICO<\/strong><br \/>\nOrganizado por: Club Pat\u00edn Lava, y contar\u00e1 con los patinadores internacionales Alexis Rojo y Daniel Solano.<br \/>\nLugar y hora : Pabell\u00f3n Severo Rodr\u00edguez 18:00 horas.<br \/>\n<strong>&#8211; ACTUACI\u00d3N MUSICAL a las 11:30 &#8211; 13:00 horas<\/strong><br \/>\nLugar y hora : Plaza de Espa\u00f1a, 10:00 &#8211; 14:00 horas<\/p>\n<p style=\"text-align: justify;\"><strong>\u2022 Jueves, 8 de Diciembre<\/strong><\/p>\n<p style=\"text-align: justify;\"><strong>&#8211; VILLANCICOS EN ARIDANE<\/strong><br \/>\nCon La Gueldera, Abangare y Las Camelias, grupos de la Escuela Municipal de Folclore de Los Llanos de Aridane, dirigidos por Adelto Plasencia.<br \/>\nLugar y hora : Plaza de La Laguna, 19:00 horas.<br \/>\n<strong>&#8211; BOCADOS SONOROS ESPECIAL \u201cNUESTROS MAYORES\u201d: \u00c1NGEL ACOSTA<\/strong><br \/>\nLugar y hora : Espacio Cultural El Secadero, 19:00 horas.<\/p>\n<p style=\"text-align: justify;\"><strong>\u2022 Viernes, 9 de diciembre<\/strong><\/p>\n<p style=\"text-align: justify;\"><strong>&#8211; SECADERO EN TABLAS<\/strong><br \/>\n\u201cEl sue\u00f1o y la vigilia\u201d. Atlante Teatro<br \/>\nLugar y hora : Plaza de La Monta\u00f1a, 19:00 horas.<\/p>\n<p style=\"text-align: justify;\"><strong>&#8211; CONCIERTO \u00abCANARIAS ALL STARS\u00bb<\/strong><br \/>\nLugar y hora : Plaza de Espa\u00f1a, 20:00 horas.<\/p>\n<p style=\"text-align: justify;\"><strong>\u2022 S\u00e1bado, 10 de Diciembre<\/strong><br \/>\n<strong>&#8211; BOCADOS SONOROS<\/strong><br \/>\n<strong>&#8211; LA PALMA JAZZ TR\u00cdO<\/strong><br \/>\nLugar y hora : Espacio Cultural El Secadero, 20:00 horas.<\/p>\n<p style=\"text-align: justify;\"><strong>\u2022 Domingo, 11 de Diciembre<\/strong><br \/>\n<strong>&#8211; MENUDO TEATRO<\/strong><br \/>\nAl\u00ed Bab\u00e1 y Los Cuarenta Ladrones (Boboril Teatro)<br \/>\nLugar y hora : Espacio Cultural El Secadero, 12:00 horas.<br \/>\n<strong>&#8211; VILLANCICOS EN ARIDANE<\/strong> con la Parranda La Era, dirigida por Consuelo \u00c1lvarez.<br \/>\nLugar y hora : Plaza La Glorieta (Las Manchas de Abajo), 19:00 horas.<\/p>\n<p style=\"text-align: justify;\"><strong>\u2022 Jueves, 15 de Diciembre<\/strong><br \/>\n<strong>&#8211; VILLANCICOS EN ARIDANE<\/strong> Con Coral Awara, dirigida por Marcos Francisco Lorenzo Afonso.<br \/>\nLugar y hora : Plaza de El Retamar, 19:00 horas.<\/p>\n<p style=\"text-align: justify;\"><strong>\u2022 Viernes, 16 de Diciembre<\/strong><br \/>\n<strong>&#8211; VILLANCICOS EN ARIDANE<\/strong> Con A.F. Los Arrieros, dirigido por Gerardo Carmona.<br \/>\nLugar y hora : Plaza de Argual, 19:00 horas.<br \/>\n<strong>&#8211; \u201cMASTERCLASS ZUMBA FITNNES\u00bb<\/strong> Y Exhibici\u00f3n SALSA<br \/>\nLugar y hora : en Plaza de Espa\u00f1a, 19:00 horas.<\/p>\n<p style=\"text-align: justify;\"><strong>\u2022 S\u00e1bado, 17 de diciembre<\/strong><br \/>\n<strong>&#8211; FERIA DEL VOLUNTARIADO<\/strong><\/p>\n<p style=\"text-align: justify;\">Lugar y hora : Plaza de Espa\u00f1a y aleda\u00f1os, desde 10:00 a 13:30 horas.<br \/>\n<strong>&#8211; VILLANCICOS EN ARIDANE<\/strong> con Coral Awara, dirigida por Marcos Francisco Lorenzo Afonso.<br \/>\nLugar y hora : Centro de Triana, 19:00 horas.<br \/>\n<strong>&#8211; ARRANCADILLA CULTURAL<\/strong><br \/>\nLugar y hora : Parque Antonio G\u00f3mez Felipe, 11:00 horas.<br \/>\n<strong>&#8211; SECADERO EN TABLAS<\/strong><br \/>\nLugar y hora : Espacio Cultural El Secadero, 20:00 horas.<br \/>\n\u201dMAGALLANES. 0\u201d por Jeroni Obrador<\/p>\n<p style=\"text-align: justify;\"><strong>\u2022 Lunes, 19 de Diciembre<\/strong><br \/>\n<strong>&#8211; FERIA DE ARTESAN\u00cdA<\/strong><br \/>\nLugar y hora : Plaza de Espa\u00f1a, 10:30 a 21:30 horas.<br \/>\nDesde el 19 al 21 Diciembre<\/p>\n<p style=\"text-align: justify;\"><strong>\u2022 Jueves, 22 de Diciembre<\/strong><br \/>\n<strong>&#8211; CONCIERTO DE NAVIDAD DE LA BANDA MUNICIPAL DE M\u00daSICA DE LOS LLANOS DE <\/strong><strong>ARIDANE.<\/strong><br \/>\nLugar y hora : Canchas Conrado Hern\u00e1ndez 12:00 horas<br \/>\n<strong>&#8211; VILLANCICOS EN ARIDANE<\/strong> Con la Coral Marino Sicilia, dirigida por Mario San Gil Plata.<br \/>\nLugar y hora : Plaza de La Monta\u00f1a 19:00 horas<br \/>\n<strong>&#8211; VILLANCICOS EN ARIDANE<\/strong> con La Asociaci\u00f3n Acordeones \u201cUna Hora Menos\u201d.<br \/>\nLugar y hora : Calle D\u00edaz Pimienta, 19:00 horas.<br \/>\n<strong>&#8211; FESTIVAL DE PATINAJE<\/strong> (Promoci\u00f3n deportiva)<br \/>\nLugar y hora : Canchas Parque Conrado Hern\u00e1ndez, 19:00 horas.<br \/>\n<strong>&#8211; FESTIVAL DE PATINAJE PAT\u00cdN LAVA<\/strong><br \/>\nLugar y hora : Pabell\u00f3n Severo Rodr\u00edguez, 18:00 horas.<\/p>\n<p style=\"text-align: justify;\"><strong>&#8211; CONCIERTO DE NAVIDAD<\/strong> \u00abCapa y Chocolate\u00bb por AF. Los Arrieros<br \/>\nLugar y hora: Iglesia Matriz Nuestra Se\u00f1ora de Los Remedios, 20:00 horas.<\/p>\n<p style=\"text-align: justify;\"><strong>\u2022 Viernes, 23 de Diciembre<\/strong><br \/>\n<strong>&#8211; FIESTA DJ<\/strong><br \/>\nLugar y hora : Plaza de Espa\u00f1a, 14:00 horas<br \/>\n<strong>&#8211; VILLANCICOS EN ARIDANE<\/strong> con La Gueldera, Abangare y Las Camelias, grupos de la Escuela Municipal de Folclore de Los Llanos de Aridane, dirigidos por Adelto Plasencia.<br \/>\nLugar y hora : El Remo, 19:00 horas.<br \/>\n<strong>&#8211; VILLANCICOS EN ARIDANE<\/strong> con la Coral Marino Sicilia, dirigida por Mario San Gil Plata<br \/>\nLugar y hora : Placeta El\u00edas Santos Abreu, 19:00 horas.<br \/>\n<strong>&#8211; CAMPUS DE NAVIDAD<\/strong><br \/>\nTalleres navide\u00f1os, deportes individuales, deportes de equipo, expresi\u00f3n corporal y excursiones)<br \/>\nLugar y hora : Canchas anexas Camilo Le\u00f3n, Pabell\u00f3n Severo Rodr\u00edguez y Complejo Deportivo Llano Tesa, de 08:00 a 14:00 horas, desde el 23 de diciembre al 5 de enero.<\/p>\n<p style=\"text-align: justify;\"><strong>\u2022 S\u00e1bado , 24 de Diciembre<\/strong><br \/>\n<strong>&#8211; RECORRIDO DEL TRADICIONAL TREN POR LAS CALLES DE LA CIUDAD ACOMPA\u00d1ADO <\/strong><strong>POR PAP\u00c1 NOEL<\/strong><br \/>\nLugar y hora : Salida Plaza de Espa\u00f1a, 10:00 horas<\/p>\n<p style=\"text-align: justify;\"><strong>\u2022 Viernes, 30 de Diciembre<\/strong><br \/>\n<strong>&#8211; SECADERO JOVEN<\/strong><br \/>\nLugar y hora : Espacio Cultural El Secadero, 20:00 horas.<\/p>\n<p style=\"text-align: justify;\"><strong>\u2022 S\u00e1bado, 31 de Diciembre<\/strong><br \/>\n<strong>&#8211; SAN SILVESTRE LOS LLANOS DE ARIDANE<\/strong><br \/>\nCarrera popular para todas las edades por las c\u00e9ntricas calles de Los Llanos de Aridane.<br \/>\nLugar y hora : A partir de las 11:00 horas<br \/>\n<strong>&#8211; FIN DE GALLO<\/strong><br \/>\nLugar y hora : Plaza de Espa\u00f1a, desde las 12:00 mediod\u00eda a las 04:00 horas.<\/p>\n<p style=\"text-align: justify;\"><strong>\u2022 Martes, 3 de Enero<\/strong><br \/>\n<strong>&#8211; TALLERES INFANTILES<\/strong><br \/>\nT\u00edteres infantiles<br \/>\nLugar y hora : Plaza de Espa\u00f1a 19:00 horas<\/p>\n<p style=\"text-align: justify;\"><strong>\u2022 Jueves, 5 de Enero<\/strong><br \/>\n<strong>&#8211; CABALGATA<\/strong> de Sus Majestades los Reyes Magos de Oriente desde la Av. Enrique Mederos hasta a Plaza de Espa\u00f1a. Recibimiento de la corte real en el Ayuntamiento de Los Llanos de Aridane. Recogida de las \u00faltimas castas por parte de SS MM Los Reyes Magos de Oriente.<br \/>\nLugar y hora : a las 17:00 horas<\/p>\n<p>[\/vc_column_text][vc_empty_space height=\u00bb20px\u00bb][\/vc_column_inner][\/vc_row_inner][\/vc_column][\/vc_row]<\/p>\n<\/section>","protected":false},"excerpt":{"rendered":"<p>[vc_row css_animation=\u00bb\u00bb row_type=\u00bbrow\u00bb use_row_as_full_screen_section=\u00bbno\u00bb type=\u00bbfull_width\u00bb angled_section=\u00bbno\u00bb text_align=\u00bbleft\u00bb background_image_as_pattern=\u00bbwithout_pattern\u00bb][vc_column][vc_row_inner row_type=\u00bbrow\u00bb type=\u00bbgrid\u00bb text_align=\u00bbleft\u00bb css_animation=\u00bb\u00bb][vc_column_inner][vc_empty_space height=\u00bb20px\u00bb][vc_column_text] El tradicional encendido ser\u00e1 este viernes 2 de diciembre a partir de las 20:00 horas, en la Calle Real, junto al Monumento del Arriero. Adem\u00e1s, posteriormente se proceder\u00e1 a la presentaci\u00f3n de&#8230;<\/p>\n","protected":false},"author":1,"featured_media":0,"comment_status":"closed","ping_status":"open","sticky":false,"template":"","format":"standard","meta":{"footnotes":""},"categories":[6],"tags":[],"class_list":["post-1162","post","type-post","status-publish","format-standard","hentry","category-prensa"],"yoast_head":"<!-- This site is optimized with the Yoast SEO plugin v22.7 - https:\/\/yoast.com\/wordpress\/plugins\/seo\/ -->\n<title>El Ayuntamiento de Los Llanos presenta su cartel y programa \u2018Brilla Aridane en Navidad\u2019 - Ayuntamiento de Los Llanos de Aridane<\/title>\n<meta name=\"description\" content=\"El Ayuntamiento de Los Llanos de Aridane presenta el cartel y el programa de La Patrona 2021 con el lema \u201cRemedios, m\u00e1s que un nombre.\u201d\" \/>\n<meta name=\"robots\" content=\"index, follow, max-snippet:-1, max-image-preview:large, max-video-preview:-1\" \/>\n<link rel=\"canonical\" href=\"https:\/\/www.aridane.org\/city\/2022\/11\/28\/el-ayuntamiento-de-los-llanos-presenta-su-cartel-y-programa-brilla-aridane-en-navidad\/\" \/>\n<meta property=\"og:locale\" content=\"es_ES\" \/>\n<meta property=\"og:type\" content=\"article\" \/>\n<meta property=\"og:title\" content=\"El Ayuntamiento de Los Llanos presenta su cartel y programa \u2018Brilla Aridane en Navidad\u2019 - Ayuntamiento de Los Llanos de Aridane\" \/>\n<meta property=\"og:description\" content=\"El Ayuntamiento de Los Llanos de Aridane presenta el cartel y el programa de La Patrona 2021 con el lema \u201cRemedios, m\u00e1s que un nombre.\u201d\" \/>\n<meta property=\"og:url\" content=\"https:\/\/www.aridane.org\/city\/2022\/11\/28\/el-ayuntamiento-de-los-llanos-presenta-su-cartel-y-programa-brilla-aridane-en-navidad\/\" \/>\n<meta property=\"og:site_name\" content=\"Ayuntamiento de Los Llanos de Aridane\" \/>\n<meta property=\"article:published_time\" content=\"2022-11-28T12:54:26+00:00\" \/>\n<meta name=\"author\" content=\"Richard Diaz\" \/>\n<meta name=\"twitter:card\" content=\"summary_large_image\" \/>\n<meta name=\"twitter:label1\" content=\"Escrito por\" \/>\n\t<meta name=\"twitter:data1\" content=\"Richard Diaz\" \/>\n\t<meta name=\"twitter:label2\" content=\"Tiempo de lectura\" \/>\n\t<meta name=\"twitter:data2\" content=\"10 minutos\" \/>\n<script type=\"application\/ld+json\" class=\"yoast-schema-graph\">{\"@context\":\"https:\/\/schema.org\",\"@graph\":[{\"@type\":\"WebPage\",\"@id\":\"https:\/\/www.aridane.org\/city\/2022\/11\/28\/el-ayuntamiento-de-los-llanos-presenta-su-cartel-y-programa-brilla-aridane-en-navidad\/\",\"url\":\"https:\/\/www.aridane.org\/city\/2022\/11\/28\/el-ayuntamiento-de-los-llanos-presenta-su-cartel-y-programa-brilla-aridane-en-navidad\/\",\"name\":\"El Ayuntamiento de Los Llanos presenta su cartel y programa \u2018Brilla Aridane en Navidad\u2019 - Ayuntamiento de Los Llanos de Aridane\",\"isPartOf\":{\"@id\":\"https:\/\/www.aridane.org\/city\/#website\"},\"datePublished\":\"2022-11-28T12:54:26+00:00\",\"dateModified\":\"2022-11-28T12:54:26+00:00\",\"author\":{\"@id\":\"https:\/\/www.aridane.org\/city\/#\/schema\/person\/7d352ec7f29881716f298394432e7209\"},\"description\":\"El Ayuntamiento de Los Llanos de Aridane presenta el cartel y el programa de La Patrona 2021 con el lema \u201cRemedios, m\u00e1s que un nombre.\u201d\",\"breadcrumb\":{\"@id\":\"https:\/\/www.aridane.org\/city\/2022\/11\/28\/el-ayuntamiento-de-los-llanos-presenta-su-cartel-y-programa-brilla-aridane-en-navidad\/#breadcrumb\"},\"inLanguage\":\"es\",\"potentialAction\":[{\"@type\":\"ReadAction\",\"target\":[\"https:\/\/www.aridane.org\/city\/2022\/11\/28\/el-ayuntamiento-de-los-llanos-presenta-su-cartel-y-programa-brilla-aridane-en-navidad\/\"]}]},{\"@type\":\"BreadcrumbList\",\"@id\":\"https:\/\/www.aridane.org\/city\/2022\/11\/28\/el-ayuntamiento-de-los-llanos-presenta-su-cartel-y-programa-brilla-aridane-en-navidad\/#breadcrumb\",\"itemListElement\":[{\"@type\":\"ListItem\",\"position\":1,\"name\":\"Portada\",\"item\":\"https:\/\/www.aridane.org\/city\/\"},{\"@type\":\"ListItem\",\"position\":2,\"name\":\"El Ayuntamiento de Los Llanos presenta su cartel y programa \u2018Brilla Aridane en Navidad\u2019\"}]},{\"@type\":\"WebSite\",\"@id\":\"https:\/\/www.aridane.org\/city\/#website\",\"url\":\"https:\/\/www.aridane.org\/city\/\",\"name\":\"Ayuntamiento de Los Llanos de Aridane\",\"description\":\"\",\"potentialAction\":[{\"@type\":\"SearchAction\",\"target\":{\"@type\":\"EntryPoint\",\"urlTemplate\":\"https:\/\/www.aridane.org\/city\/?s={search_term_string}\"},\"query-input\":\"required name=search_term_string\"}],\"inLanguage\":\"es\"},{\"@type\":\"Person\",\"@id\":\"https:\/\/www.aridane.org\/city\/#\/schema\/person\/7d352ec7f29881716f298394432e7209\",\"name\":\"Richard Diaz\",\"image\":{\"@type\":\"ImageObject\",\"inLanguage\":\"es\",\"@id\":\"https:\/\/www.aridane.org\/city\/#\/schema\/person\/image\/\",\"url\":\"https:\/\/secure.gravatar.com\/avatar\/bacd6aefc26a4a204943090a4c596cd10f0857081ef3cfd12084a70ecb3161d5?s=96&d=mm&r=g\",\"contentUrl\":\"https:\/\/secure.gravatar.com\/avatar\/bacd6aefc26a4a204943090a4c596cd10f0857081ef3cfd12084a70ecb3161d5?s=96&d=mm&r=g\",\"caption\":\"Richard Diaz\"},\"sameAs\":[\"https:\/\/www.aridane.org\/city\"],\"url\":\"https:\/\/www.aridane.org\/city\/author\/richard-diaz\/\"}]}<\/script>\n<!-- \/ Yoast SEO plugin. -->","yoast_head_json":{"title":"El Ayuntamiento de Los Llanos presenta su cartel y programa \u2018Brilla Aridane en Navidad\u2019 - Ayuntamiento de Los Llanos de Aridane","description":"El Ayuntamiento de Los Llanos de Aridane presenta el cartel y el programa de La Patrona 2021 con el lema \u201cRemedios, m\u00e1s que un nombre.\u201d","robots":{"index":"index","follow":"follow","max-snippet":"max-snippet:-1","max-image-preview":"max-image-preview:large","max-video-preview":"max-video-preview:-1"},"canonical":"https:\/\/www.aridane.org\/city\/2022\/11\/28\/el-ayuntamiento-de-los-llanos-presenta-su-cartel-y-programa-brilla-aridane-en-navidad\/","og_locale":"es_ES","og_type":"article","og_title":"El Ayuntamiento de Los Llanos presenta su cartel y programa \u2018Brilla Aridane en Navidad\u2019 - Ayuntamiento de Los Llanos de Aridane","og_description":"El Ayuntamiento de Los Llanos de Aridane presenta el cartel y el programa de La Patrona 2021 con el lema \u201cRemedios, m\u00e1s que un nombre.\u201d","og_url":"https:\/\/www.aridane.org\/city\/2022\/11\/28\/el-ayuntamiento-de-los-llanos-presenta-su-cartel-y-programa-brilla-aridane-en-navidad\/","og_site_name":"Ayuntamiento de Los Llanos de Aridane","article_published_time":"2022-11-28T12:54:26+00:00","author":"Richard Diaz","twitter_card":"summary_large_image","twitter_misc":{"Escrito por":"Richard Diaz","Tiempo de lectura":"10 minutos"},"schema":{"@context":"https:\/\/schema.org","@graph":[{"@type":"WebPage","@id":"https:\/\/www.aridane.org\/city\/2022\/11\/28\/el-ayuntamiento-de-los-llanos-presenta-su-cartel-y-programa-brilla-aridane-en-navidad\/","url":"https:\/\/www.aridane.org\/city\/2022\/11\/28\/el-ayuntamiento-de-los-llanos-presenta-su-cartel-y-programa-brilla-aridane-en-navidad\/","name":"El Ayuntamiento de Los Llanos presenta su cartel y programa \u2018Brilla Aridane en Navidad\u2019 - Ayuntamiento de Los Llanos de Aridane","isPartOf":{"@id":"https:\/\/www.aridane.org\/city\/#website"},"datePublished":"2022-11-28T12:54:26+00:00","dateModified":"2022-11-28T12:54:26+00:00","author":{"@id":"https:\/\/www.aridane.org\/city\/#\/schema\/person\/7d352ec7f29881716f298394432e7209"},"description":"El Ayuntamiento de Los Llanos de Aridane presenta el cartel y el programa de La Patrona 2021 con el lema \u201cRemedios, m\u00e1s que un nombre.\u201d","breadcrumb":{"@id":"https:\/\/www.aridane.org\/city\/2022\/11\/28\/el-ayuntamiento-de-los-llanos-presenta-su-cartel-y-programa-brilla-aridane-en-navidad\/#breadcrumb"},"inLanguage":"es","potentialAction":[{"@type":"ReadAction","target":["https:\/\/www.aridane.org\/city\/2022\/11\/28\/el-ayuntamiento-de-los-llanos-presenta-su-cartel-y-programa-brilla-aridane-en-navidad\/"]}]},{"@type":"BreadcrumbList","@id":"https:\/\/www.aridane.org\/city\/2022\/11\/28\/el-ayuntamiento-de-los-llanos-presenta-su-cartel-y-programa-brilla-aridane-en-navidad\/#breadcrumb","itemListElement":[{"@type":"ListItem","position":1,"name":"Portada","item":"https:\/\/www.aridane.org\/city\/"},{"@type":"ListItem","position":2,"name":"El Ayuntamiento de Los Llanos presenta su cartel y programa \u2018Brilla Aridane en Navidad\u2019"}]},{"@type":"WebSite","@id":"https:\/\/www.aridane.org\/city\/#website","url":"https:\/\/www.aridane.org\/city\/","name":"Ayuntamiento de Los Llanos de Aridane","description":"","potentialAction":[{"@type":"SearchAction","target":{"@type":"EntryPoint","urlTemplate":"https:\/\/www.aridane.org\/city\/?s={search_term_string}"},"query-input":"required name=search_term_string"}],"inLanguage":"es"},{"@type":"Person","@id":"https:\/\/www.aridane.org\/city\/#\/schema\/person\/7d352ec7f29881716f298394432e7209","name":"Richard Diaz","image":{"@type":"ImageObject","inLanguage":"es","@id":"https:\/\/www.aridane.org\/city\/#\/schema\/person\/image\/","url":"https:\/\/secure.gravatar.com\/avatar\/bacd6aefc26a4a204943090a4c596cd10f0857081ef3cfd12084a70ecb3161d5?s=96&d=mm&r=g","contentUrl":"https:\/\/secure.gravatar.com\/avatar\/bacd6aefc26a4a204943090a4c596cd10f0857081ef3cfd12084a70ecb3161d5?s=96&d=mm&r=g","caption":"Richard Diaz"},"sameAs":["https:\/\/www.aridane.org\/city"],"url":"https:\/\/www.aridane.org\/city\/author\/richard-diaz\/"}]}},"_links":{"self":[{"href":"https:\/\/www.aridane.org\/city\/wp-json\/wp\/v2\/posts\/1162","targetHints":{"allow":["GET"]}}],"collection":[{"href":"https:\/\/www.aridane.org\/city\/wp-json\/wp\/v2\/posts"}],"about":[{"href":"https:\/\/www.aridane.org\/city\/wp-json\/wp\/v2\/types\/post"}],"author":[{"embeddable":true,"href":"https:\/\/www.aridane.org\/city\/wp-json\/wp\/v2\/users\/1"}],"replies":[{"embeddable":true,"href":"https:\/\/www.aridane.org\/city\/wp-json\/wp\/v2\/comments?post=1162"}],"version-history":[{"count":0,"href":"https:\/\/www.aridane.org\/city\/wp-json\/wp\/v2\/posts\/1162\/revisions"}],"wp:attachment":[{"href":"https:\/\/www.aridane.org\/city\/wp-json\/wp\/v2\/media?parent=1162"}],"wp:term":[{"taxonomy":"category","embeddable":true,"href":"https:\/\/www.aridane.org\/city\/wp-json\/wp\/v2\/categories?post=1162"},{"taxonomy":"post_tag","embeddable":true,"href":"https:\/\/www.aridane.org\/city\/wp-json\/wp\/v2\/tags?post=1162"}],"curies":[{"name":"wp","href":"https:\/\/api.w.org\/{rel}","templated":true}]}}