{"id":1166,"date":"2022-11-29T09:29:14","date_gmt":"2022-11-29T09:29:14","guid":{"rendered":"https:\/\/aridane.org\/ciudad\/?p=1166"},"modified":"2022-11-29T09:29:14","modified_gmt":"2022-11-29T09:29:14","slug":"el-ayuntamiento-de-los-llanos-de-aridane-avanza-junto-al-gobierno-de-canarias-para-la-construccion-de-150-viviendas-permanentes","status":"publish","type":"post","link":"https:\/\/www.aridane.org\/city\/2022\/11\/29\/el-ayuntamiento-de-los-llanos-de-aridane-avanza-junto-al-gobierno-de-canarias-para-la-construccion-de-150-viviendas-permanentes\/","title":{"rendered":"El Ayuntamiento de Los Llanos de Aridane avanza junto al Gobierno de Canarias para la construcci\u00f3n de 150 viviendas permanentes"},"content":{"rendered":"<section class=\"wpb-content-wrapper\"><p>[vc_row css_animation=\u00bb\u00bb row_type=\u00bbrow\u00bb use_row_as_full_screen_section=\u00bbno\u00bb type=\u00bbfull_width\u00bb angled_section=\u00bbno\u00bb text_align=\u00bbleft\u00bb background_image_as_pattern=\u00bbwithout_pattern\u00bb][vc_column][vc_row_inner row_type=\u00bbrow\u00bb type=\u00bbgrid\u00bb text_align=\u00bbleft\u00bb css_animation=\u00bb\u00bb][vc_column_inner][vc_empty_space height=\u00bb20px\u00bb][vc_column_text]<\/p>\n<ul>\n<li style=\"text-align: justify;\"><em>El concejal de Urbanismo, Manuel Perera, explica que se trata de dos terrenos, uno de 3.717 m2, mientras que el segundo es de 1.210 m2, en los que construir\u00edan 130 viviendas permanentes, m\u00e1s \u00a0la cesi\u00f3n a Visocan de otro terreno para la construcci\u00f3n de otras 20 viviendas m\u00e1s.<\/em><\/li>\n<li style=\"text-align: justify;\"><em>Hay que recordar que estos dos terrenos se unen a los otros metros cedidos en la zona del Jable para las viviendas modulares, y la puesta a disposici\u00f3n de las 4 viviendas de la Casa de los Maestros.<\/em><\/li>\n<\/ul>\n<p>&nbsp;<\/p>\n<p style=\"text-align: justify;\"><strong>Los Llanos de Aridane, 28 de noviembre de 2022.-<\/strong> El Ayuntamiento de Los Llanos de Aridane a trav\u00e9s del concejal de Urbanismo, Manuel Perera, ha confirmado \u00a0\u201cque se contin\u00faa avanzando junto al Gobierno de Canarias para la construcci\u00f3n de las 150 viviendas permanentes en el municipio\u00bb.<\/p>\n<p style=\"text-align: justify;\">Perera afirma que desde el Consistorio se lleva reclamando desde hace tiempo la importancia que tienen las viviendas permanentes as\u00ed como avanzar en los trabajos que permitan la reconstrucci\u00f3n de los barrios en parcelas cedidas para los damnificados, tal y como ya avanz\u00f3 la Consejer\u00eda de Transici\u00f3n Ecol\u00f3gica, Lucha Contra el cambio Clim\u00e1tico y Planificaci\u00f3n Territoral, del Gobierno de Canarias. \u00abPor esta raz\u00f3n hemos vuelto a poner a disposici\u00f3n del Ejecutivo Regional dos terrenos, uno de 3.717 m2, mientras que el segundo es de 1.210 m2, lo que supone un total de 4.927 m2\u201d, se\u00f1ala. Adem\u00e1s, confirma que se est\u00e1 trabajando en la cesi\u00f3n de Visocan de otro terreno para la construcci\u00f3n de 20 viviendas m\u00e1s.<\/p>\n<p style=\"text-align: justify;\">Adem\u00e1s, el concejal recuerda que desde su \u00e1rea se lleva trabajando, desde hace m\u00e1s de un a\u00f1o, en la puesta a disposici\u00f3n de terrenos para la instalaci\u00f3n de viviendas para los damnificados, \u201cprueba de ello son los terrenos cedidos en la zona del Jable para la instalaci\u00f3n de las casas modulares, y la puesta a disposici\u00f3n de las 4 viviendas de la Casa de los Maestros\u201d.<\/p>\n<p style=\"text-align: justify;\">Por \u00faltimo, desde el Ayuntamiento de Los Llanos de Aridane se recuerda que \u201ceste equipo de Gobierno contin\u00faa trabajando y estudiando, sin descanso, todas las v\u00edas y posibilidades para ofrecer a los vecinos afectados soluciones\u201d.<\/p>\n<p>[\/vc_column_text][vc_empty_space height=\u00bb20px\u00bb][\/vc_column_inner][\/vc_row_inner][\/vc_column][\/vc_row]<\/p>\n<\/section>","protected":false},"excerpt":{"rendered":"<p>[vc_row css_animation=\u00bb\u00bb row_type=\u00bbrow\u00bb use_row_as_full_screen_section=\u00bbno\u00bb type=\u00bbfull_width\u00bb angled_section=\u00bbno\u00bb text_align=\u00bbleft\u00bb background_image_as_pattern=\u00bbwithout_pattern\u00bb][vc_column][vc_row_inner row_type=\u00bbrow\u00bb type=\u00bbgrid\u00bb text_align=\u00bbleft\u00bb css_animation=\u00bb\u00bb][vc_column_inner][vc_empty_space height=\u00bb20px\u00bb][vc_column_text] El concejal de Urbanismo, Manuel Perera, explica que se trata de dos terrenos, uno de 3.717 m2, mientras que el segundo es de 1.210 m2, en los que construir\u00edan 130 viviendas permanentes,&#8230;<\/p>\n","protected":false},"author":1,"featured_media":0,"comment_status":"closed","ping_status":"open","sticky":false,"template":"","format":"standard","meta":{"footnotes":""},"categories":[6],"tags":[],"class_list":["post-1166","post","type-post","status-publish","format-standard","hentry","category-prensa"],"yoast_head":"<!-- This site is optimized with the Yoast SEO plugin v22.7 - https:\/\/yoast.com\/wordpress\/plugins\/seo\/ -->\n<title>El Ayuntamiento de Los Llanos de Aridane avanza junto al Gobierno de Canarias para la construcci\u00f3n de 150 viviendas permanentes - Ayuntamiento de Los Llanos de Aridane<\/title>\n<meta name=\"description\" content=\"El Ayuntamiento de Los Llanos de Aridane presenta el cartel y el programa de La Patrona 2021 con el lema \u201cRemedios, m\u00e1s que un nombre.\u201d\" \/>\n<meta name=\"robots\" content=\"index, follow, max-snippet:-1, max-image-preview:large, max-video-preview:-1\" \/>\n<link rel=\"canonical\" href=\"https:\/\/www.aridane.org\/city\/2022\/11\/29\/el-ayuntamiento-de-los-llanos-de-aridane-avanza-junto-al-gobierno-de-canarias-para-la-construccion-de-150-viviendas-permanentes\/\" \/>\n<meta property=\"og:locale\" content=\"es_ES\" \/>\n<meta property=\"og:type\" content=\"article\" \/>\n<meta property=\"og:title\" content=\"El Ayuntamiento de Los Llanos de Aridane avanza junto al Gobierno de Canarias para la construcci\u00f3n de 150 viviendas permanentes - Ayuntamiento de Los Llanos de Aridane\" \/>\n<meta property=\"og:description\" content=\"El Ayuntamiento de Los Llanos de Aridane presenta el cartel y el programa de La Patrona 2021 con el lema \u201cRemedios, m\u00e1s que un nombre.\u201d\" \/>\n<meta property=\"og:url\" content=\"https:\/\/www.aridane.org\/city\/2022\/11\/29\/el-ayuntamiento-de-los-llanos-de-aridane-avanza-junto-al-gobierno-de-canarias-para-la-construccion-de-150-viviendas-permanentes\/\" \/>\n<meta property=\"og:site_name\" content=\"Ayuntamiento de Los Llanos de Aridane\" \/>\n<meta property=\"article:published_time\" content=\"2022-11-29T09:29:14+00:00\" \/>\n<meta name=\"author\" content=\"Richard Diaz\" \/>\n<meta name=\"twitter:card\" content=\"summary_large_image\" \/>\n<meta name=\"twitter:label1\" content=\"Escrito por\" \/>\n\t<meta name=\"twitter:data1\" content=\"Richard Diaz\" \/>\n\t<meta name=\"twitter:label2\" content=\"Tiempo de lectura\" \/>\n\t<meta name=\"twitter:data2\" content=\"2 minutos\" \/>\n<script type=\"application\/ld+json\" class=\"yoast-schema-graph\">{\"@context\":\"https:\/\/schema.org\",\"@graph\":[{\"@type\":\"WebPage\",\"@id\":\"https:\/\/www.aridane.org\/city\/2022\/11\/29\/el-ayuntamiento-de-los-llanos-de-aridane-avanza-junto-al-gobierno-de-canarias-para-la-construccion-de-150-viviendas-permanentes\/\",\"url\":\"https:\/\/www.aridane.org\/city\/2022\/11\/29\/el-ayuntamiento-de-los-llanos-de-aridane-avanza-junto-al-gobierno-de-canarias-para-la-construccion-de-150-viviendas-permanentes\/\",\"name\":\"El Ayuntamiento de Los Llanos de Aridane avanza junto al Gobierno de Canarias para la construcci\u00f3n de 150 viviendas permanentes - Ayuntamiento de Los Llanos de Aridane\",\"isPartOf\":{\"@id\":\"https:\/\/www.aridane.org\/city\/#website\"},\"datePublished\":\"2022-11-29T09:29:14+00:00\",\"dateModified\":\"2022-11-29T09:29:14+00:00\",\"author\":{\"@id\":\"https:\/\/www.aridane.org\/city\/#\/schema\/person\/7d352ec7f29881716f298394432e7209\"},\"description\":\"El Ayuntamiento de Los Llanos de Aridane presenta el cartel y el programa de La Patrona 2021 con el lema \u201cRemedios, m\u00e1s que un nombre.\u201d\",\"breadcrumb\":{\"@id\":\"https:\/\/www.aridane.org\/city\/2022\/11\/29\/el-ayuntamiento-de-los-llanos-de-aridane-avanza-junto-al-gobierno-de-canarias-para-la-construccion-de-150-viviendas-permanentes\/#breadcrumb\"},\"inLanguage\":\"es\",\"potentialAction\":[{\"@type\":\"ReadAction\",\"target\":[\"https:\/\/www.aridane.org\/city\/2022\/11\/29\/el-ayuntamiento-de-los-llanos-de-aridane-avanza-junto-al-gobierno-de-canarias-para-la-construccion-de-150-viviendas-permanentes\/\"]}]},{\"@type\":\"BreadcrumbList\",\"@id\":\"https:\/\/www.aridane.org\/city\/2022\/11\/29\/el-ayuntamiento-de-los-llanos-de-aridane-avanza-junto-al-gobierno-de-canarias-para-la-construccion-de-150-viviendas-permanentes\/#breadcrumb\",\"itemListElement\":[{\"@type\":\"ListItem\",\"position\":1,\"name\":\"Portada\",\"item\":\"https:\/\/www.aridane.org\/city\/\"},{\"@type\":\"ListItem\",\"position\":2,\"name\":\"El Ayuntamiento de Los Llanos de Aridane avanza junto al Gobierno de Canarias para la construcci\u00f3n de 150 viviendas permanentes\"}]},{\"@type\":\"WebSite\",\"@id\":\"https:\/\/www.aridane.org\/city\/#website\",\"url\":\"https:\/\/www.aridane.org\/city\/\",\"name\":\"Ayuntamiento de Los Llanos de Aridane\",\"description\":\"\",\"potentialAction\":[{\"@type\":\"SearchAction\",\"target\":{\"@type\":\"EntryPoint\",\"urlTemplate\":\"https:\/\/www.aridane.org\/city\/?s={search_term_string}\"},\"query-input\":\"required name=search_term_string\"}],\"inLanguage\":\"es\"},{\"@type\":\"Person\",\"@id\":\"https:\/\/www.aridane.org\/city\/#\/schema\/person\/7d352ec7f29881716f298394432e7209\",\"name\":\"Richard Diaz\",\"image\":{\"@type\":\"ImageObject\",\"inLanguage\":\"es\",\"@id\":\"https:\/\/www.aridane.org\/city\/#\/schema\/person\/image\/\",\"url\":\"https:\/\/secure.gravatar.com\/avatar\/bacd6aefc26a4a204943090a4c596cd10f0857081ef3cfd12084a70ecb3161d5?s=96&d=mm&r=g\",\"contentUrl\":\"https:\/\/secure.gravatar.com\/avatar\/bacd6aefc26a4a204943090a4c596cd10f0857081ef3cfd12084a70ecb3161d5?s=96&d=mm&r=g\",\"caption\":\"Richard Diaz\"},\"sameAs\":[\"https:\/\/www.aridane.org\/city\"],\"url\":\"https:\/\/www.aridane.org\/city\/author\/richard-diaz\/\"}]}<\/script>\n<!-- \/ Yoast SEO plugin. -->","yoast_head_json":{"title":"El Ayuntamiento de Los Llanos de Aridane avanza junto al Gobierno de Canarias para la construcci\u00f3n de 150 viviendas permanentes - Ayuntamiento de Los Llanos de Aridane","description":"El Ayuntamiento de Los Llanos de Aridane presenta el cartel y el programa de La Patrona 2021 con el lema \u201cRemedios, m\u00e1s que un nombre.\u201d","robots":{"index":"index","follow":"follow","max-snippet":"max-snippet:-1","max-image-preview":"max-image-preview:large","max-video-preview":"max-video-preview:-1"},"canonical":"https:\/\/www.aridane.org\/city\/2022\/11\/29\/el-ayuntamiento-de-los-llanos-de-aridane-avanza-junto-al-gobierno-de-canarias-para-la-construccion-de-150-viviendas-permanentes\/","og_locale":"es_ES","og_type":"article","og_title":"El Ayuntamiento de Los Llanos de Aridane avanza junto al Gobierno de Canarias para la construcci\u00f3n de 150 viviendas permanentes - Ayuntamiento de Los Llanos de Aridane","og_description":"El Ayuntamiento de Los Llanos de Aridane presenta el cartel y el programa de La Patrona 2021 con el lema \u201cRemedios, m\u00e1s que un nombre.\u201d","og_url":"https:\/\/www.aridane.org\/city\/2022\/11\/29\/el-ayuntamiento-de-los-llanos-de-aridane-avanza-junto-al-gobierno-de-canarias-para-la-construccion-de-150-viviendas-permanentes\/","og_site_name":"Ayuntamiento de Los Llanos de Aridane","article_published_time":"2022-11-29T09:29:14+00:00","author":"Richard Diaz","twitter_card":"summary_large_image","twitter_misc":{"Escrito por":"Richard Diaz","Tiempo de lectura":"2 minutos"},"schema":{"@context":"https:\/\/schema.org","@graph":[{"@type":"WebPage","@id":"https:\/\/www.aridane.org\/city\/2022\/11\/29\/el-ayuntamiento-de-los-llanos-de-aridane-avanza-junto-al-gobierno-de-canarias-para-la-construccion-de-150-viviendas-permanentes\/","url":"https:\/\/www.aridane.org\/city\/2022\/11\/29\/el-ayuntamiento-de-los-llanos-de-aridane-avanza-junto-al-gobierno-de-canarias-para-la-construccion-de-150-viviendas-permanentes\/","name":"El Ayuntamiento de Los Llanos de Aridane avanza junto al Gobierno de Canarias para la construcci\u00f3n de 150 viviendas permanentes - Ayuntamiento de Los Llanos de Aridane","isPartOf":{"@id":"https:\/\/www.aridane.org\/city\/#website"},"datePublished":"2022-11-29T09:29:14+00:00","dateModified":"2022-11-29T09:29:14+00:00","author":{"@id":"https:\/\/www.aridane.org\/city\/#\/schema\/person\/7d352ec7f29881716f298394432e7209"},"description":"El Ayuntamiento de Los Llanos de Aridane presenta el cartel y el programa de La Patrona 2021 con el lema \u201cRemedios, m\u00e1s que un nombre.\u201d","breadcrumb":{"@id":"https:\/\/www.aridane.org\/city\/2022\/11\/29\/el-ayuntamiento-de-los-llanos-de-aridane-avanza-junto-al-gobierno-de-canarias-para-la-construccion-de-150-viviendas-permanentes\/#breadcrumb"},"inLanguage":"es","potentialAction":[{"@type":"ReadAction","target":["https:\/\/www.aridane.org\/city\/2022\/11\/29\/el-ayuntamiento-de-los-llanos-de-aridane-avanza-junto-al-gobierno-de-canarias-para-la-construccion-de-150-viviendas-permanentes\/"]}]},{"@type":"BreadcrumbList","@id":"https:\/\/www.aridane.org\/city\/2022\/11\/29\/el-ayuntamiento-de-los-llanos-de-aridane-avanza-junto-al-gobierno-de-canarias-para-la-construccion-de-150-viviendas-permanentes\/#breadcrumb","itemListElement":[{"@type":"ListItem","position":1,"name":"Portada","item":"https:\/\/www.aridane.org\/city\/"},{"@type":"ListItem","position":2,"name":"El Ayuntamiento de Los Llanos de Aridane avanza junto al Gobierno de Canarias para la construcci\u00f3n de 150 viviendas permanentes"}]},{"@type":"WebSite","@id":"https:\/\/www.aridane.org\/city\/#website","url":"https:\/\/www.aridane.org\/city\/","name":"Ayuntamiento de Los Llanos de Aridane","description":"","potentialAction":[{"@type":"SearchAction","target":{"@type":"EntryPoint","urlTemplate":"https:\/\/www.aridane.org\/city\/?s={search_term_string}"},"query-input":"required name=search_term_string"}],"inLanguage":"es"},{"@type":"Person","@id":"https:\/\/www.aridane.org\/city\/#\/schema\/person\/7d352ec7f29881716f298394432e7209","name":"Richard Diaz","image":{"@type":"ImageObject","inLanguage":"es","@id":"https:\/\/www.aridane.org\/city\/#\/schema\/person\/image\/","url":"https:\/\/secure.gravatar.com\/avatar\/bacd6aefc26a4a204943090a4c596cd10f0857081ef3cfd12084a70ecb3161d5?s=96&d=mm&r=g","contentUrl":"https:\/\/secure.gravatar.com\/avatar\/bacd6aefc26a4a204943090a4c596cd10f0857081ef3cfd12084a70ecb3161d5?s=96&d=mm&r=g","caption":"Richard Diaz"},"sameAs":["https:\/\/www.aridane.org\/city"],"url":"https:\/\/www.aridane.org\/city\/author\/richard-diaz\/"}]}},"_links":{"self":[{"href":"https:\/\/www.aridane.org\/city\/wp-json\/wp\/v2\/posts\/1166","targetHints":{"allow":["GET"]}}],"collection":[{"href":"https:\/\/www.aridane.org\/city\/wp-json\/wp\/v2\/posts"}],"about":[{"href":"https:\/\/www.aridane.org\/city\/wp-json\/wp\/v2\/types\/post"}],"author":[{"embeddable":true,"href":"https:\/\/www.aridane.org\/city\/wp-json\/wp\/v2\/users\/1"}],"replies":[{"embeddable":true,"href":"https:\/\/www.aridane.org\/city\/wp-json\/wp\/v2\/comments?post=1166"}],"version-history":[{"count":0,"href":"https:\/\/www.aridane.org\/city\/wp-json\/wp\/v2\/posts\/1166\/revisions"}],"wp:attachment":[{"href":"https:\/\/www.aridane.org\/city\/wp-json\/wp\/v2\/media?parent=1166"}],"wp:term":[{"taxonomy":"category","embeddable":true,"href":"https:\/\/www.aridane.org\/city\/wp-json\/wp\/v2\/categories?post=1166"},{"taxonomy":"post_tag","embeddable":true,"href":"https:\/\/www.aridane.org\/city\/wp-json\/wp\/v2\/tags?post=1166"}],"curies":[{"name":"wp","href":"https:\/\/api.w.org\/{rel}","templated":true}]}}