{"id":1173,"date":"2022-11-29T22:00:58","date_gmt":"2022-11-29T22:00:58","guid":{"rendered":"https:\/\/aridane.org\/ciudad\/?p=1173"},"modified":"2022-11-29T22:00:58","modified_gmt":"2022-11-29T22:00:58","slug":"recuperar-el-municipio-mas-castigado-por-el-volcan-es-el-principal-reto-del-presupuesto-2023-aprobado-en-tiempo-record-por-el-ayuntamiento-de-los-llanos-de-aridane","status":"publish","type":"post","link":"https:\/\/www.aridane.org\/city\/2022\/11\/29\/recuperar-el-municipio-mas-castigado-por-el-volcan-es-el-principal-reto-del-presupuesto-2023-aprobado-en-tiempo-record-por-el-ayuntamiento-de-los-llanos-de-aridane\/","title":{"rendered":"Recuperar el municipio m\u00e1s castigado por el volc\u00e1n es el principal reto del presupuesto 2023 aprobado en tiempo r\u00e9cord por el Ayuntamiento de Los Llanos de Aridane"},"content":{"rendered":"<section class=\"wpb-content-wrapper\"><p>[vc_row css_animation=\u00bb\u00bb row_type=\u00bbrow\u00bb use_row_as_full_screen_section=\u00bbno\u00bb type=\u00bbfull_width\u00bb angled_section=\u00bbno\u00bb text_align=\u00bbleft\u00bb background_image_as_pattern=\u00bbwithout_pattern\u00bb][vc_column][vc_row_inner row_type=\u00bbrow\u00bb type=\u00bbgrid\u00bb text_align=\u00bbleft\u00bb css_animation=\u00bb\u00bb][vc_column_inner][vc_empty_space height=\u00bb20px\u00bb][vc_column_text]<\/p>\n<ul>\n<li style=\"text-align: justify;\"><em>Las cuentas ascienden hasta los 24,3 millones de euros, y se hace un importante esfuerzo para seguir dinamizando el municipio e impulsando la recuperaci\u00f3n del mismo a trav\u00e9s del consumo local, en el momento econ\u00f3mico m\u00e1s complejo de la historia. Al tiempo que se seguir\u00e1 trabajando en la b\u00fasqueda de financiaci\u00f3n externa.<\/em><\/li>\n<\/ul>\n<p>&nbsp;<\/p>\n<p style=\"text-align: justify;\"><strong>Los Llanos de Aridane, 29 de noviembre de 2022.-<\/strong> El Ayuntamiento de Los Llanos de Aridane a trav\u00e9s de su alcaldesa, Noelia Garc\u00eda Leal, \u00a0ha confirmado que en el Pleno celebrado hoy ha sido aprobado el Presupuesto para el a\u00f1o 2023, que asciende hasta los 24.352.272,30 millones de euros. \u201cSe trata de unos n\u00fameros que nos van a permitir seguir dando respuesta a las necesidades de nuestros vecinos en uno de los momentos m\u00e1s dif\u00edciles que nos ha tocado vivir como consecuencia de la erupci\u00f3n volc\u00e1nica, de la que por cierto no podemos olvidarnos que Los Llanos de Aridane, desgraciadamente, ha sido el municipio m\u00e1s castigado\u201d, se\u00f1ala.\u00a0 Adem\u00e1s, afirma que estos presupuestos han sido aprobados con los votos en contra de la oposici\u00f3n, \u201calgo que lamento profundamente ya que con su actitud est\u00e1n demostrando estar alejados de la realidad, y de las consecuencias que ha dejado el volc\u00e1n en el municipio\u201d.<\/p>\n<p style=\"text-align: justify;\">Garc\u00eda Leal explica que el grueso del presupuesto se centra en la atenci\u00f3n a las personas destinando 8.018.454,52 \u20ac a Servicios P\u00fablicos B\u00e1sicos y 4.008.721,03 \u20ac a actuaciones de protecci\u00f3n y promoci\u00f3n social, \u201clo que supone un 49,39% del presupuesto que destinamos de manera directa e indirecta al bienestar de nuestros vecinos\u201d, se\u00f1ala. Adem\u00e1s, afirma que tambi\u00e9n se hace un importante esfuerzo por seguir manteniendo el compromiso con los dem\u00e1s sectores, \u00a0\u201cprueba de ello es que contamos con una partida de 2,1 mill\u00f3n de euros destinada a subvenciones\u201d.<\/p>\n<p style=\"text-align: justify;\">La alcaldesa se\u00f1ala que \u201cinvertimos 300.000 euros en ayudas para los aut\u00f3nomos cuyas empresas han quedado bajo la lava, y que fueron comprometidos desde el a\u00f1o pasado; 100.000 euros para ayudas para la redacci\u00f3n de proyectos a los afectados por el volc\u00e1n; mantenemos nuestro compromiso con 80.000 euros para las becas de desplazamiento para los alumnos aridanenses; invertimos otros 80.000 euros en seguir ayudando e impulsando el comercio local, y volvemos a destinar, por segundo a\u00f1o consecutivo, 16.000 euros a las dos asociaciones comerciales del municipio, 8.000 euros para cada una. Adem\u00e1s, continuamos apoyando a los clubes deportivos, y apostamos por la celebraci\u00f3n de actividades deportivas y culturales, en el municipio, como elemento dinamizador del mismo\u201d.<\/p>\n<p style=\"text-align: justify;\">Tambi\u00e9n, asegura que durante este a\u00f1o por fin ver\u00e1 la luz el Parque Infantil Inclusivo Llano del Alf\u00e9rez, \u201cuna demanda que llevan varios a\u00f1os pidi\u00e9ndonos los propios vecinos, y, adem\u00e1s, ha sido una de las propuestas m\u00e1s votadas dentro de los presupuestos participativos, contar\u00e1 con una inversi\u00f3n de 400.000 euros\u201d, se\u00f1ala.<\/p>\n<p style=\"text-align: justify;\">Este documento tambi\u00e9n contempla, entre otros, una partida con 100.000 euros para poner en marcha el Plan de Sostenibilidad Tur\u00edstica de Los Llanos de Aridane, \u00a0dotado de 4 millones de euros por parte del Gobierno de Espa\u00f1a y de Canarias, \u201cy que nos va permitir entre otras cuestiones rehabilitar la antigua c\u00e1rcel, y prepararnos para el futuro desarrollo tur\u00edstico, incluyendo el sector agr\u00edcola de median\u00edas\u201d, afirma.<\/p>\n<p style=\"text-align: justify;\">Por \u00faltimo, la alcaldesa ha puesto en valor la elaboraci\u00f3n de estas cuentas, \u201cque tal y como nos comprometimos, se han aprobado antes de terminar el a\u00f1o con el fin de que Los Llanos de Aridane pueda seguir avanzando en su reconstrucci\u00f3n a buen ritmo.\u00a0 Y agradecemos la disponibilidad de los Grupos Pol\u00edticos representados en la Corporaci\u00f3n para poder hacerlo posible\u201d.<\/p>\n<p>[\/vc_column_text][vc_empty_space height=\u00bb20px\u00bb][\/vc_column_inner][\/vc_row_inner][\/vc_column][\/vc_row]<\/p>\n<\/section>","protected":false},"excerpt":{"rendered":"<p>[vc_row css_animation=\u00bb\u00bb row_type=\u00bbrow\u00bb use_row_as_full_screen_section=\u00bbno\u00bb type=\u00bbfull_width\u00bb angled_section=\u00bbno\u00bb text_align=\u00bbleft\u00bb background_image_as_pattern=\u00bbwithout_pattern\u00bb][vc_column][vc_row_inner row_type=\u00bbrow\u00bb type=\u00bbgrid\u00bb text_align=\u00bbleft\u00bb css_animation=\u00bb\u00bb][vc_column_inner][vc_empty_space height=\u00bb20px\u00bb][vc_column_text] Las cuentas ascienden hasta los 24,3 millones de euros, y se hace un importante esfuerzo para seguir dinamizando el municipio e impulsando la recuperaci\u00f3n del mismo a trav\u00e9s del consumo local, en&#8230;<\/p>\n","protected":false},"author":1,"featured_media":0,"comment_status":"closed","ping_status":"open","sticky":false,"template":"","format":"standard","meta":{"footnotes":""},"categories":[6],"tags":[],"class_list":["post-1173","post","type-post","status-publish","format-standard","hentry","category-prensa"],"yoast_head":"<!-- This site is optimized with the Yoast SEO plugin v22.7 - https:\/\/yoast.com\/wordpress\/plugins\/seo\/ -->\n<title>Recuperar el municipio m\u00e1s castigado por el volc\u00e1n es el principal reto del presupuesto 2023 aprobado en tiempo r\u00e9cord por el Ayuntamiento de Los Llanos de Aridane - Ayuntamiento de Los Llanos de Aridane<\/title>\n<meta name=\"description\" content=\"El Ayuntamiento de Los Llanos de Aridane presenta el cartel y el programa de La Patrona 2021 con el lema \u201cRemedios, m\u00e1s que un nombre.\u201d\" \/>\n<meta name=\"robots\" content=\"index, follow, max-snippet:-1, max-image-preview:large, max-video-preview:-1\" \/>\n<link rel=\"canonical\" href=\"https:\/\/www.aridane.org\/city\/2022\/11\/29\/recuperar-el-municipio-mas-castigado-por-el-volcan-es-el-principal-reto-del-presupuesto-2023-aprobado-en-tiempo-record-por-el-ayuntamiento-de-los-llanos-de-aridane\/\" \/>\n<meta property=\"og:locale\" content=\"es_ES\" \/>\n<meta property=\"og:type\" content=\"article\" \/>\n<meta property=\"og:title\" content=\"Recuperar el municipio m\u00e1s castigado por el volc\u00e1n es el principal reto del presupuesto 2023 aprobado en tiempo r\u00e9cord por el Ayuntamiento de Los Llanos de Aridane - Ayuntamiento de Los Llanos de Aridane\" \/>\n<meta property=\"og:description\" content=\"El Ayuntamiento de Los Llanos de Aridane presenta el cartel y el programa de La Patrona 2021 con el lema \u201cRemedios, m\u00e1s que un nombre.\u201d\" \/>\n<meta property=\"og:url\" content=\"https:\/\/www.aridane.org\/city\/2022\/11\/29\/recuperar-el-municipio-mas-castigado-por-el-volcan-es-el-principal-reto-del-presupuesto-2023-aprobado-en-tiempo-record-por-el-ayuntamiento-de-los-llanos-de-aridane\/\" \/>\n<meta property=\"og:site_name\" content=\"Ayuntamiento de Los Llanos de Aridane\" \/>\n<meta property=\"article:published_time\" content=\"2022-11-29T22:00:58+00:00\" \/>\n<meta name=\"author\" content=\"Richard Diaz\" \/>\n<meta name=\"twitter:card\" content=\"summary_large_image\" \/>\n<meta name=\"twitter:label1\" content=\"Escrito por\" \/>\n\t<meta name=\"twitter:data1\" content=\"Richard Diaz\" \/>\n\t<meta name=\"twitter:label2\" content=\"Tiempo de lectura\" \/>\n\t<meta name=\"twitter:data2\" content=\"3 minutos\" \/>\n<script type=\"application\/ld+json\" class=\"yoast-schema-graph\">{\"@context\":\"https:\/\/schema.org\",\"@graph\":[{\"@type\":\"WebPage\",\"@id\":\"https:\/\/www.aridane.org\/city\/2022\/11\/29\/recuperar-el-municipio-mas-castigado-por-el-volcan-es-el-principal-reto-del-presupuesto-2023-aprobado-en-tiempo-record-por-el-ayuntamiento-de-los-llanos-de-aridane\/\",\"url\":\"https:\/\/www.aridane.org\/city\/2022\/11\/29\/recuperar-el-municipio-mas-castigado-por-el-volcan-es-el-principal-reto-del-presupuesto-2023-aprobado-en-tiempo-record-por-el-ayuntamiento-de-los-llanos-de-aridane\/\",\"name\":\"Recuperar el municipio m\u00e1s castigado por el volc\u00e1n es el principal reto del presupuesto 2023 aprobado en tiempo r\u00e9cord por el Ayuntamiento de Los Llanos de Aridane - Ayuntamiento de Los Llanos de Aridane\",\"isPartOf\":{\"@id\":\"https:\/\/www.aridane.org\/city\/#website\"},\"datePublished\":\"2022-11-29T22:00:58+00:00\",\"dateModified\":\"2022-11-29T22:00:58+00:00\",\"author\":{\"@id\":\"https:\/\/www.aridane.org\/city\/#\/schema\/person\/7d352ec7f29881716f298394432e7209\"},\"description\":\"El Ayuntamiento de Los Llanos de Aridane presenta el cartel y el programa de La Patrona 2021 con el lema \u201cRemedios, m\u00e1s que un nombre.\u201d\",\"breadcrumb\":{\"@id\":\"https:\/\/www.aridane.org\/city\/2022\/11\/29\/recuperar-el-municipio-mas-castigado-por-el-volcan-es-el-principal-reto-del-presupuesto-2023-aprobado-en-tiempo-record-por-el-ayuntamiento-de-los-llanos-de-aridane\/#breadcrumb\"},\"inLanguage\":\"es\",\"potentialAction\":[{\"@type\":\"ReadAction\",\"target\":[\"https:\/\/www.aridane.org\/city\/2022\/11\/29\/recuperar-el-municipio-mas-castigado-por-el-volcan-es-el-principal-reto-del-presupuesto-2023-aprobado-en-tiempo-record-por-el-ayuntamiento-de-los-llanos-de-aridane\/\"]}]},{\"@type\":\"BreadcrumbList\",\"@id\":\"https:\/\/www.aridane.org\/city\/2022\/11\/29\/recuperar-el-municipio-mas-castigado-por-el-volcan-es-el-principal-reto-del-presupuesto-2023-aprobado-en-tiempo-record-por-el-ayuntamiento-de-los-llanos-de-aridane\/#breadcrumb\",\"itemListElement\":[{\"@type\":\"ListItem\",\"position\":1,\"name\":\"Portada\",\"item\":\"https:\/\/www.aridane.org\/city\/\"},{\"@type\":\"ListItem\",\"position\":2,\"name\":\"Recuperar el municipio m\u00e1s castigado por el volc\u00e1n es el principal reto del presupuesto 2023 aprobado en tiempo r\u00e9cord por el Ayuntamiento de Los Llanos de Aridane\"}]},{\"@type\":\"WebSite\",\"@id\":\"https:\/\/www.aridane.org\/city\/#website\",\"url\":\"https:\/\/www.aridane.org\/city\/\",\"name\":\"Ayuntamiento de Los Llanos de Aridane\",\"description\":\"\",\"potentialAction\":[{\"@type\":\"SearchAction\",\"target\":{\"@type\":\"EntryPoint\",\"urlTemplate\":\"https:\/\/www.aridane.org\/city\/?s={search_term_string}\"},\"query-input\":\"required name=search_term_string\"}],\"inLanguage\":\"es\"},{\"@type\":\"Person\",\"@id\":\"https:\/\/www.aridane.org\/city\/#\/schema\/person\/7d352ec7f29881716f298394432e7209\",\"name\":\"Richard Diaz\",\"image\":{\"@type\":\"ImageObject\",\"inLanguage\":\"es\",\"@id\":\"https:\/\/www.aridane.org\/city\/#\/schema\/person\/image\/\",\"url\":\"https:\/\/secure.gravatar.com\/avatar\/bacd6aefc26a4a204943090a4c596cd10f0857081ef3cfd12084a70ecb3161d5?s=96&d=mm&r=g\",\"contentUrl\":\"https:\/\/secure.gravatar.com\/avatar\/bacd6aefc26a4a204943090a4c596cd10f0857081ef3cfd12084a70ecb3161d5?s=96&d=mm&r=g\",\"caption\":\"Richard Diaz\"},\"sameAs\":[\"https:\/\/www.aridane.org\/city\"],\"url\":\"https:\/\/www.aridane.org\/city\/author\/richard-diaz\/\"}]}<\/script>\n<!-- \/ Yoast SEO plugin. -->","yoast_head_json":{"title":"Recuperar el municipio m\u00e1s castigado por el volc\u00e1n es el principal reto del presupuesto 2023 aprobado en tiempo r\u00e9cord por el Ayuntamiento de Los Llanos de Aridane - Ayuntamiento de Los Llanos de Aridane","description":"El Ayuntamiento de Los Llanos de Aridane presenta el cartel y el programa de La Patrona 2021 con el lema \u201cRemedios, m\u00e1s que un nombre.\u201d","robots":{"index":"index","follow":"follow","max-snippet":"max-snippet:-1","max-image-preview":"max-image-preview:large","max-video-preview":"max-video-preview:-1"},"canonical":"https:\/\/www.aridane.org\/city\/2022\/11\/29\/recuperar-el-municipio-mas-castigado-por-el-volcan-es-el-principal-reto-del-presupuesto-2023-aprobado-en-tiempo-record-por-el-ayuntamiento-de-los-llanos-de-aridane\/","og_locale":"es_ES","og_type":"article","og_title":"Recuperar el municipio m\u00e1s castigado por el volc\u00e1n es el principal reto del presupuesto 2023 aprobado en tiempo r\u00e9cord por el Ayuntamiento de Los Llanos de Aridane - Ayuntamiento de Los Llanos de Aridane","og_description":"El Ayuntamiento de Los Llanos de Aridane presenta el cartel y el programa de La Patrona 2021 con el lema \u201cRemedios, m\u00e1s que un nombre.\u201d","og_url":"https:\/\/www.aridane.org\/city\/2022\/11\/29\/recuperar-el-municipio-mas-castigado-por-el-volcan-es-el-principal-reto-del-presupuesto-2023-aprobado-en-tiempo-record-por-el-ayuntamiento-de-los-llanos-de-aridane\/","og_site_name":"Ayuntamiento de Los Llanos de Aridane","article_published_time":"2022-11-29T22:00:58+00:00","author":"Richard Diaz","twitter_card":"summary_large_image","twitter_misc":{"Escrito por":"Richard Diaz","Tiempo de lectura":"3 minutos"},"schema":{"@context":"https:\/\/schema.org","@graph":[{"@type":"WebPage","@id":"https:\/\/www.aridane.org\/city\/2022\/11\/29\/recuperar-el-municipio-mas-castigado-por-el-volcan-es-el-principal-reto-del-presupuesto-2023-aprobado-en-tiempo-record-por-el-ayuntamiento-de-los-llanos-de-aridane\/","url":"https:\/\/www.aridane.org\/city\/2022\/11\/29\/recuperar-el-municipio-mas-castigado-por-el-volcan-es-el-principal-reto-del-presupuesto-2023-aprobado-en-tiempo-record-por-el-ayuntamiento-de-los-llanos-de-aridane\/","name":"Recuperar el municipio m\u00e1s castigado por el volc\u00e1n es el principal reto del presupuesto 2023 aprobado en tiempo r\u00e9cord por el Ayuntamiento de Los Llanos de Aridane - Ayuntamiento de Los Llanos de Aridane","isPartOf":{"@id":"https:\/\/www.aridane.org\/city\/#website"},"datePublished":"2022-11-29T22:00:58+00:00","dateModified":"2022-11-29T22:00:58+00:00","author":{"@id":"https:\/\/www.aridane.org\/city\/#\/schema\/person\/7d352ec7f29881716f298394432e7209"},"description":"El Ayuntamiento de Los Llanos de Aridane presenta el cartel y el programa de La Patrona 2021 con el lema \u201cRemedios, m\u00e1s que un nombre.\u201d","breadcrumb":{"@id":"https:\/\/www.aridane.org\/city\/2022\/11\/29\/recuperar-el-municipio-mas-castigado-por-el-volcan-es-el-principal-reto-del-presupuesto-2023-aprobado-en-tiempo-record-por-el-ayuntamiento-de-los-llanos-de-aridane\/#breadcrumb"},"inLanguage":"es","potentialAction":[{"@type":"ReadAction","target":["https:\/\/www.aridane.org\/city\/2022\/11\/29\/recuperar-el-municipio-mas-castigado-por-el-volcan-es-el-principal-reto-del-presupuesto-2023-aprobado-en-tiempo-record-por-el-ayuntamiento-de-los-llanos-de-aridane\/"]}]},{"@type":"BreadcrumbList","@id":"https:\/\/www.aridane.org\/city\/2022\/11\/29\/recuperar-el-municipio-mas-castigado-por-el-volcan-es-el-principal-reto-del-presupuesto-2023-aprobado-en-tiempo-record-por-el-ayuntamiento-de-los-llanos-de-aridane\/#breadcrumb","itemListElement":[{"@type":"ListItem","position":1,"name":"Portada","item":"https:\/\/www.aridane.org\/city\/"},{"@type":"ListItem","position":2,"name":"Recuperar el municipio m\u00e1s castigado por el volc\u00e1n es el principal reto del presupuesto 2023 aprobado en tiempo r\u00e9cord por el Ayuntamiento de Los Llanos de Aridane"}]},{"@type":"WebSite","@id":"https:\/\/www.aridane.org\/city\/#website","url":"https:\/\/www.aridane.org\/city\/","name":"Ayuntamiento de Los Llanos de Aridane","description":"","potentialAction":[{"@type":"SearchAction","target":{"@type":"EntryPoint","urlTemplate":"https:\/\/www.aridane.org\/city\/?s={search_term_string}"},"query-input":"required name=search_term_string"}],"inLanguage":"es"},{"@type":"Person","@id":"https:\/\/www.aridane.org\/city\/#\/schema\/person\/7d352ec7f29881716f298394432e7209","name":"Richard Diaz","image":{"@type":"ImageObject","inLanguage":"es","@id":"https:\/\/www.aridane.org\/city\/#\/schema\/person\/image\/","url":"https:\/\/secure.gravatar.com\/avatar\/bacd6aefc26a4a204943090a4c596cd10f0857081ef3cfd12084a70ecb3161d5?s=96&d=mm&r=g","contentUrl":"https:\/\/secure.gravatar.com\/avatar\/bacd6aefc26a4a204943090a4c596cd10f0857081ef3cfd12084a70ecb3161d5?s=96&d=mm&r=g","caption":"Richard Diaz"},"sameAs":["https:\/\/www.aridane.org\/city"],"url":"https:\/\/www.aridane.org\/city\/author\/richard-diaz\/"}]}},"_links":{"self":[{"href":"https:\/\/www.aridane.org\/city\/wp-json\/wp\/v2\/posts\/1173","targetHints":{"allow":["GET"]}}],"collection":[{"href":"https:\/\/www.aridane.org\/city\/wp-json\/wp\/v2\/posts"}],"about":[{"href":"https:\/\/www.aridane.org\/city\/wp-json\/wp\/v2\/types\/post"}],"author":[{"embeddable":true,"href":"https:\/\/www.aridane.org\/city\/wp-json\/wp\/v2\/users\/1"}],"replies":[{"embeddable":true,"href":"https:\/\/www.aridane.org\/city\/wp-json\/wp\/v2\/comments?post=1173"}],"version-history":[{"count":0,"href":"https:\/\/www.aridane.org\/city\/wp-json\/wp\/v2\/posts\/1173\/revisions"}],"wp:attachment":[{"href":"https:\/\/www.aridane.org\/city\/wp-json\/wp\/v2\/media?parent=1173"}],"wp:term":[{"taxonomy":"category","embeddable":true,"href":"https:\/\/www.aridane.org\/city\/wp-json\/wp\/v2\/categories?post=1173"},{"taxonomy":"post_tag","embeddable":true,"href":"https:\/\/www.aridane.org\/city\/wp-json\/wp\/v2\/tags?post=1173"}],"curies":[{"name":"wp","href":"https:\/\/api.w.org\/{rel}","templated":true}]}}