{"id":1176,"date":"2022-12-01T09:32:56","date_gmt":"2022-12-01T09:32:56","guid":{"rendered":"https:\/\/aridane.org\/ciudad\/?p=1176"},"modified":"2022-12-01T09:32:56","modified_gmt":"2022-12-01T09:32:56","slug":"exito-en-el-iii-encuentro-internacional-de-saxofon-de-la-palma-con-el-concierto-solidario-unas-notas-de-esperanza-para-las-familias-y-miembros-del-nep","status":"publish","type":"post","link":"https:\/\/www.aridane.org\/city\/2022\/12\/01\/exito-en-el-iii-encuentro-internacional-de-saxofon-de-la-palma-con-el-concierto-solidario-unas-notas-de-esperanza-para-las-familias-y-miembros-del-nep\/","title":{"rendered":"\u00c9xito en el III Encuentro Internacional de Saxof\u00f3n de La Palma con el concierto solidario \u2018Unas Notas de Esperanza\u2019 para las familias y miembros del NEP"},"content":{"rendered":"<section class=\"wpb-content-wrapper\"><p>[vc_row css_animation=\u00bb\u00bb row_type=\u00bbrow\u00bb use_row_as_full_screen_section=\u00bbno\u00bb type=\u00bbfull_width\u00bb angled_section=\u00bbno\u00bb text_align=\u00bbleft\u00bb background_image_as_pattern=\u00bbwithout_pattern\u00bb][vc_column][vc_row_inner row_type=\u00bbrow\u00bb type=\u00bbgrid\u00bb text_align=\u00bbleft\u00bb css_animation=\u00bb\u00bb][vc_column_inner][vc_empty_space height=\u00bb20px\u00bb][vc_column_text]<\/p>\n<ul>\n<li style=\"text-align: justify;\"><em>La coordinadora del Festival, Anne-Theilke Grabow, explica que la asociaci\u00f3n \u2018Encuentro Internacional de Saxos de La Palma\u2019 entreg\u00f3 a la directiva de NEP un cheque por valor de 1.903,20 \u20ac, con el objetivo de que este Centro pueda continuar ayudando a estos ni\u00f1os y familias palmeras.<\/em><\/li>\n<li style=\"text-align: justify;\"><em>Por su parte, la concejal de Cultura confirma que este viernes a partir de las 20:00 h en el Parque Antonio G\u00f3mez Felipe tendr\u00e1 lugar la gala inaugural, con la participaci\u00f3n de la Banda Municipal de M\u00fasica, dirigida por Gonzalo Jaubert, y los profesores solistas internacionales que han sido invitados.<\/em><\/li>\n<\/ul>\n<p>&nbsp;<\/p>\n<p style=\"text-align: justify;\"><strong>Los Llanos de Aridane, 1 de diciembre de 2022.-<\/strong> El Ayuntamiento de Los Llanos de Aridane a trav\u00e9s del concejal de Cultura, Charo Gonz\u00e1lez, y la coordinadora del III Encuentro Internacional de Saxof\u00f3n de La Palma, Anne-Theilke Grabow, han mostrado su satisfacci\u00f3n despu\u00e9s de que ayer, mi\u00e9rcoles 30 de noviembre, fuese un \u00e9xito el encuentro solidario \u2018Unas notas de Esperanza\u2019. \u201cUn concierto que se realiz\u00f3 en colaboraci\u00f3n con la Asociaci\u00f3n de Ni\u00f1os Especiales de La Palma, NEP, y que estaba dirigido a las familias y miembros de la asociaci\u00f3n, como agradecimiento al gran esfuerzo realizado que han hecho para conseguir que este centro social sea un espacio de recuperaci\u00f3n f\u00edsica y emocional para muchos vecinos, amigos y familiares\u201d, se\u00f1alan.<\/p>\n<p style=\"text-align: justify;\">Adem\u00e1s, la coordinadora explica que la asociaci\u00f3n \u2018Encuentro Internacional de Saxos de La Palma\u2019 aprovech\u00f3 y tras el concierto entreg\u00f3 a la directiva de NEP un cheque por valor de 1.903,20 \u20ac, \u201cuna cantidad que hemos recaudado a trav\u00e9s de distintas actividades que hemos llevado a cabo, y que estamos seguros y esperamos que sea de gran ayuda para la enorme labor que realiza este Centro de apoyo a ni\u00f1os y familias palmeras, y que es clave para toda la Isla\u201d.<\/p>\n<p style=\"text-align: justify;\">Por su parte parte, la concejal ha querido agradecer a Anne-Theilke Grabow su gran implicaci\u00f3n, un a\u00f1o m\u00e1s, en este encuentro en el que se van a dar cita profesores y estrellas invitadas de alt\u00edsimo nivel, y que vuelve a poner, una vez m\u00e1s, a La Palma en el epicentro del mundo del saxof\u00f3n.<\/p>\n<p style=\"text-align: justify;\">Desde la concejal\u00eda de Cultura recuerdan que este viernes, a partir de las 20:00 h, en el Parque Antonio G\u00f3mez Felipe se llevar\u00e1 a cabo la gala inaugural, \u201ccon la participaci\u00f3n de la Banda Municipal de M\u00fasica, dirigida por Gonzalo Jaubert, y los profesores solistas internacionales que han sido invitados\u201d, se\u00f1ala.<\/p>\n<p style=\"text-align: justify;\">Por \u00faltimo, desde el Ayuntamiento de Los Llanos de Aridane se invita a todas las personas que lo deseen a participar en los distintos conciertos que se van a llevar a cabo.<\/p>\n<p>[\/vc_column_text][vc_empty_space height=\u00bb20px\u00bb][\/vc_column_inner][\/vc_row_inner][\/vc_column][\/vc_row]<\/p>\n<\/section>","protected":false},"excerpt":{"rendered":"<p>[vc_row css_animation=\u00bb\u00bb row_type=\u00bbrow\u00bb use_row_as_full_screen_section=\u00bbno\u00bb type=\u00bbfull_width\u00bb angled_section=\u00bbno\u00bb text_align=\u00bbleft\u00bb background_image_as_pattern=\u00bbwithout_pattern\u00bb][vc_column][vc_row_inner row_type=\u00bbrow\u00bb type=\u00bbgrid\u00bb text_align=\u00bbleft\u00bb css_animation=\u00bb\u00bb][vc_column_inner][vc_empty_space height=\u00bb20px\u00bb][vc_column_text] La coordinadora del Festival, Anne-Theilke Grabow, explica que la asociaci\u00f3n \u2018Encuentro Internacional de Saxos de La Palma\u2019 entreg\u00f3 a la directiva de NEP un cheque por valor de 1.903,20 \u20ac, con el&#8230;<\/p>\n","protected":false},"author":1,"featured_media":0,"comment_status":"closed","ping_status":"open","sticky":false,"template":"","format":"standard","meta":{"footnotes":""},"categories":[6],"tags":[],"class_list":["post-1176","post","type-post","status-publish","format-standard","hentry","category-prensa"],"yoast_head":"<!-- This site is optimized with the Yoast SEO plugin v22.7 - https:\/\/yoast.com\/wordpress\/plugins\/seo\/ -->\n<title>\u00c9xito en el III Encuentro Internacional de Saxof\u00f3n de La Palma con el concierto solidario \u2018Unas Notas de Esperanza\u2019 para las familias y miembros del NEP - Ayuntamiento de Los Llanos de Aridane<\/title>\n<meta name=\"description\" content=\"El Ayuntamiento de Los Llanos de Aridane presenta el cartel y el programa de La Patrona 2021 con el lema \u201cRemedios, m\u00e1s que un nombre.\u201d\" \/>\n<meta name=\"robots\" content=\"index, follow, max-snippet:-1, max-image-preview:large, max-video-preview:-1\" \/>\n<link rel=\"canonical\" href=\"https:\/\/www.aridane.org\/city\/2022\/12\/01\/exito-en-el-iii-encuentro-internacional-de-saxofon-de-la-palma-con-el-concierto-solidario-unas-notas-de-esperanza-para-las-familias-y-miembros-del-nep\/\" \/>\n<meta property=\"og:locale\" content=\"es_ES\" \/>\n<meta property=\"og:type\" content=\"article\" \/>\n<meta property=\"og:title\" content=\"\u00c9xito en el III Encuentro Internacional de Saxof\u00f3n de La Palma con el concierto solidario \u2018Unas Notas de Esperanza\u2019 para las familias y miembros del NEP - Ayuntamiento de Los Llanos de Aridane\" \/>\n<meta property=\"og:description\" content=\"El Ayuntamiento de Los Llanos de Aridane presenta el cartel y el programa de La Patrona 2021 con el lema \u201cRemedios, m\u00e1s que un nombre.\u201d\" \/>\n<meta property=\"og:url\" content=\"https:\/\/www.aridane.org\/city\/2022\/12\/01\/exito-en-el-iii-encuentro-internacional-de-saxofon-de-la-palma-con-el-concierto-solidario-unas-notas-de-esperanza-para-las-familias-y-miembros-del-nep\/\" \/>\n<meta property=\"og:site_name\" content=\"Ayuntamiento de Los Llanos de Aridane\" \/>\n<meta property=\"article:published_time\" content=\"2022-12-01T09:32:56+00:00\" \/>\n<meta name=\"author\" content=\"Richard Diaz\" \/>\n<meta name=\"twitter:card\" content=\"summary_large_image\" \/>\n<meta name=\"twitter:label1\" content=\"Escrito por\" \/>\n\t<meta name=\"twitter:data1\" content=\"Richard Diaz\" \/>\n\t<meta name=\"twitter:label2\" content=\"Tiempo de lectura\" \/>\n\t<meta name=\"twitter:data2\" content=\"3 minutos\" \/>\n<script type=\"application\/ld+json\" class=\"yoast-schema-graph\">{\"@context\":\"https:\/\/schema.org\",\"@graph\":[{\"@type\":\"WebPage\",\"@id\":\"https:\/\/www.aridane.org\/city\/2022\/12\/01\/exito-en-el-iii-encuentro-internacional-de-saxofon-de-la-palma-con-el-concierto-solidario-unas-notas-de-esperanza-para-las-familias-y-miembros-del-nep\/\",\"url\":\"https:\/\/www.aridane.org\/city\/2022\/12\/01\/exito-en-el-iii-encuentro-internacional-de-saxofon-de-la-palma-con-el-concierto-solidario-unas-notas-de-esperanza-para-las-familias-y-miembros-del-nep\/\",\"name\":\"\u00c9xito en el III Encuentro Internacional de Saxof\u00f3n de La Palma con el concierto solidario \u2018Unas Notas de Esperanza\u2019 para las familias y miembros del NEP - Ayuntamiento de Los Llanos de Aridane\",\"isPartOf\":{\"@id\":\"https:\/\/www.aridane.org\/city\/#website\"},\"datePublished\":\"2022-12-01T09:32:56+00:00\",\"dateModified\":\"2022-12-01T09:32:56+00:00\",\"author\":{\"@id\":\"https:\/\/www.aridane.org\/city\/#\/schema\/person\/7d352ec7f29881716f298394432e7209\"},\"description\":\"El Ayuntamiento de Los Llanos de Aridane presenta el cartel y el programa de La Patrona 2021 con el lema \u201cRemedios, m\u00e1s que un nombre.\u201d\",\"breadcrumb\":{\"@id\":\"https:\/\/www.aridane.org\/city\/2022\/12\/01\/exito-en-el-iii-encuentro-internacional-de-saxofon-de-la-palma-con-el-concierto-solidario-unas-notas-de-esperanza-para-las-familias-y-miembros-del-nep\/#breadcrumb\"},\"inLanguage\":\"es\",\"potentialAction\":[{\"@type\":\"ReadAction\",\"target\":[\"https:\/\/www.aridane.org\/city\/2022\/12\/01\/exito-en-el-iii-encuentro-internacional-de-saxofon-de-la-palma-con-el-concierto-solidario-unas-notas-de-esperanza-para-las-familias-y-miembros-del-nep\/\"]}]},{\"@type\":\"BreadcrumbList\",\"@id\":\"https:\/\/www.aridane.org\/city\/2022\/12\/01\/exito-en-el-iii-encuentro-internacional-de-saxofon-de-la-palma-con-el-concierto-solidario-unas-notas-de-esperanza-para-las-familias-y-miembros-del-nep\/#breadcrumb\",\"itemListElement\":[{\"@type\":\"ListItem\",\"position\":1,\"name\":\"Portada\",\"item\":\"https:\/\/www.aridane.org\/city\/\"},{\"@type\":\"ListItem\",\"position\":2,\"name\":\"\u00c9xito en el III Encuentro Internacional de Saxof\u00f3n de La Palma con el concierto solidario \u2018Unas Notas de Esperanza\u2019 para las familias y miembros del NEP\"}]},{\"@type\":\"WebSite\",\"@id\":\"https:\/\/www.aridane.org\/city\/#website\",\"url\":\"https:\/\/www.aridane.org\/city\/\",\"name\":\"Ayuntamiento de Los Llanos de Aridane\",\"description\":\"\",\"potentialAction\":[{\"@type\":\"SearchAction\",\"target\":{\"@type\":\"EntryPoint\",\"urlTemplate\":\"https:\/\/www.aridane.org\/city\/?s={search_term_string}\"},\"query-input\":\"required name=search_term_string\"}],\"inLanguage\":\"es\"},{\"@type\":\"Person\",\"@id\":\"https:\/\/www.aridane.org\/city\/#\/schema\/person\/7d352ec7f29881716f298394432e7209\",\"name\":\"Richard Diaz\",\"image\":{\"@type\":\"ImageObject\",\"inLanguage\":\"es\",\"@id\":\"https:\/\/www.aridane.org\/city\/#\/schema\/person\/image\/\",\"url\":\"https:\/\/secure.gravatar.com\/avatar\/bacd6aefc26a4a204943090a4c596cd10f0857081ef3cfd12084a70ecb3161d5?s=96&d=mm&r=g\",\"contentUrl\":\"https:\/\/secure.gravatar.com\/avatar\/bacd6aefc26a4a204943090a4c596cd10f0857081ef3cfd12084a70ecb3161d5?s=96&d=mm&r=g\",\"caption\":\"Richard Diaz\"},\"sameAs\":[\"https:\/\/www.aridane.org\/city\"],\"url\":\"https:\/\/www.aridane.org\/city\/author\/richard-diaz\/\"}]}<\/script>\n<!-- \/ Yoast SEO plugin. -->","yoast_head_json":{"title":"\u00c9xito en el III Encuentro Internacional de Saxof\u00f3n de La Palma con el concierto solidario \u2018Unas Notas de Esperanza\u2019 para las familias y miembros del NEP - Ayuntamiento de Los Llanos de Aridane","description":"El Ayuntamiento de Los Llanos de Aridane presenta el cartel y el programa de La Patrona 2021 con el lema \u201cRemedios, m\u00e1s que un nombre.\u201d","robots":{"index":"index","follow":"follow","max-snippet":"max-snippet:-1","max-image-preview":"max-image-preview:large","max-video-preview":"max-video-preview:-1"},"canonical":"https:\/\/www.aridane.org\/city\/2022\/12\/01\/exito-en-el-iii-encuentro-internacional-de-saxofon-de-la-palma-con-el-concierto-solidario-unas-notas-de-esperanza-para-las-familias-y-miembros-del-nep\/","og_locale":"es_ES","og_type":"article","og_title":"\u00c9xito en el III Encuentro Internacional de Saxof\u00f3n de La Palma con el concierto solidario \u2018Unas Notas de Esperanza\u2019 para las familias y miembros del NEP - Ayuntamiento de Los Llanos de Aridane","og_description":"El Ayuntamiento de Los Llanos de Aridane presenta el cartel y el programa de La Patrona 2021 con el lema \u201cRemedios, m\u00e1s que un nombre.\u201d","og_url":"https:\/\/www.aridane.org\/city\/2022\/12\/01\/exito-en-el-iii-encuentro-internacional-de-saxofon-de-la-palma-con-el-concierto-solidario-unas-notas-de-esperanza-para-las-familias-y-miembros-del-nep\/","og_site_name":"Ayuntamiento de Los Llanos de Aridane","article_published_time":"2022-12-01T09:32:56+00:00","author":"Richard Diaz","twitter_card":"summary_large_image","twitter_misc":{"Escrito por":"Richard Diaz","Tiempo de lectura":"3 minutos"},"schema":{"@context":"https:\/\/schema.org","@graph":[{"@type":"WebPage","@id":"https:\/\/www.aridane.org\/city\/2022\/12\/01\/exito-en-el-iii-encuentro-internacional-de-saxofon-de-la-palma-con-el-concierto-solidario-unas-notas-de-esperanza-para-las-familias-y-miembros-del-nep\/","url":"https:\/\/www.aridane.org\/city\/2022\/12\/01\/exito-en-el-iii-encuentro-internacional-de-saxofon-de-la-palma-con-el-concierto-solidario-unas-notas-de-esperanza-para-las-familias-y-miembros-del-nep\/","name":"\u00c9xito en el III Encuentro Internacional de Saxof\u00f3n de La Palma con el concierto solidario \u2018Unas Notas de Esperanza\u2019 para las familias y miembros del NEP - Ayuntamiento de Los Llanos de Aridane","isPartOf":{"@id":"https:\/\/www.aridane.org\/city\/#website"},"datePublished":"2022-12-01T09:32:56+00:00","dateModified":"2022-12-01T09:32:56+00:00","author":{"@id":"https:\/\/www.aridane.org\/city\/#\/schema\/person\/7d352ec7f29881716f298394432e7209"},"description":"El Ayuntamiento de Los Llanos de Aridane presenta el cartel y el programa de La Patrona 2021 con el lema \u201cRemedios, m\u00e1s que un nombre.\u201d","breadcrumb":{"@id":"https:\/\/www.aridane.org\/city\/2022\/12\/01\/exito-en-el-iii-encuentro-internacional-de-saxofon-de-la-palma-con-el-concierto-solidario-unas-notas-de-esperanza-para-las-familias-y-miembros-del-nep\/#breadcrumb"},"inLanguage":"es","potentialAction":[{"@type":"ReadAction","target":["https:\/\/www.aridane.org\/city\/2022\/12\/01\/exito-en-el-iii-encuentro-internacional-de-saxofon-de-la-palma-con-el-concierto-solidario-unas-notas-de-esperanza-para-las-familias-y-miembros-del-nep\/"]}]},{"@type":"BreadcrumbList","@id":"https:\/\/www.aridane.org\/city\/2022\/12\/01\/exito-en-el-iii-encuentro-internacional-de-saxofon-de-la-palma-con-el-concierto-solidario-unas-notas-de-esperanza-para-las-familias-y-miembros-del-nep\/#breadcrumb","itemListElement":[{"@type":"ListItem","position":1,"name":"Portada","item":"https:\/\/www.aridane.org\/city\/"},{"@type":"ListItem","position":2,"name":"\u00c9xito en el III Encuentro Internacional de Saxof\u00f3n de La Palma con el concierto solidario \u2018Unas Notas de Esperanza\u2019 para las familias y miembros del NEP"}]},{"@type":"WebSite","@id":"https:\/\/www.aridane.org\/city\/#website","url":"https:\/\/www.aridane.org\/city\/","name":"Ayuntamiento de Los Llanos de Aridane","description":"","potentialAction":[{"@type":"SearchAction","target":{"@type":"EntryPoint","urlTemplate":"https:\/\/www.aridane.org\/city\/?s={search_term_string}"},"query-input":"required name=search_term_string"}],"inLanguage":"es"},{"@type":"Person","@id":"https:\/\/www.aridane.org\/city\/#\/schema\/person\/7d352ec7f29881716f298394432e7209","name":"Richard Diaz","image":{"@type":"ImageObject","inLanguage":"es","@id":"https:\/\/www.aridane.org\/city\/#\/schema\/person\/image\/","url":"https:\/\/secure.gravatar.com\/avatar\/bacd6aefc26a4a204943090a4c596cd10f0857081ef3cfd12084a70ecb3161d5?s=96&d=mm&r=g","contentUrl":"https:\/\/secure.gravatar.com\/avatar\/bacd6aefc26a4a204943090a4c596cd10f0857081ef3cfd12084a70ecb3161d5?s=96&d=mm&r=g","caption":"Richard Diaz"},"sameAs":["https:\/\/www.aridane.org\/city"],"url":"https:\/\/www.aridane.org\/city\/author\/richard-diaz\/"}]}},"_links":{"self":[{"href":"https:\/\/www.aridane.org\/city\/wp-json\/wp\/v2\/posts\/1176","targetHints":{"allow":["GET"]}}],"collection":[{"href":"https:\/\/www.aridane.org\/city\/wp-json\/wp\/v2\/posts"}],"about":[{"href":"https:\/\/www.aridane.org\/city\/wp-json\/wp\/v2\/types\/post"}],"author":[{"embeddable":true,"href":"https:\/\/www.aridane.org\/city\/wp-json\/wp\/v2\/users\/1"}],"replies":[{"embeddable":true,"href":"https:\/\/www.aridane.org\/city\/wp-json\/wp\/v2\/comments?post=1176"}],"version-history":[{"count":0,"href":"https:\/\/www.aridane.org\/city\/wp-json\/wp\/v2\/posts\/1176\/revisions"}],"wp:attachment":[{"href":"https:\/\/www.aridane.org\/city\/wp-json\/wp\/v2\/media?parent=1176"}],"wp:term":[{"taxonomy":"category","embeddable":true,"href":"https:\/\/www.aridane.org\/city\/wp-json\/wp\/v2\/categories?post=1176"},{"taxonomy":"post_tag","embeddable":true,"href":"https:\/\/www.aridane.org\/city\/wp-json\/wp\/v2\/tags?post=1176"}],"curies":[{"name":"wp","href":"https:\/\/api.w.org\/{rel}","templated":true}]}}