{"id":1180,"date":"2022-12-01T12:06:12","date_gmt":"2022-12-01T12:06:12","guid":{"rendered":"https:\/\/aridane.org\/ciudad\/?p=1180"},"modified":"2022-12-01T12:06:12","modified_gmt":"2022-12-01T12:06:12","slug":"tu-tambien-puedes-ser-un-rey-mago-regresa-por-cuarto-ano-consecutivo-a-los-llanos-de-aridane","status":"publish","type":"post","link":"https:\/\/www.aridane.org\/city\/2022\/12\/01\/tu-tambien-puedes-ser-un-rey-mago-regresa-por-cuarto-ano-consecutivo-a-los-llanos-de-aridane\/","title":{"rendered":"\u2018T\u00fa tambi\u00e9n puedes ser un Rey Mago\u2019 regresa por cuarto a\u00f1o consecutivo a Los Llanos de Aridane"},"content":{"rendered":"<section class=\"wpb-content-wrapper\"><p>[vc_row css_animation=\u00bb\u00bb row_type=\u00bbrow\u00bb use_row_as_full_screen_section=\u00bbno\u00bb type=\u00bbfull_width\u00bb angled_section=\u00bbno\u00bb text_align=\u00bbleft\u00bb background_image_as_pattern=\u00bbwithout_pattern\u00bb][vc_column][vc_row_inner row_type=\u00bbrow\u00bb type=\u00bbgrid\u00bb text_align=\u00bbleft\u00bb css_animation=\u00bb\u00bb][vc_column_inner][vc_empty_space height=\u00bb20px\u00bb][vc_column_text]<\/p>\n<ul>\n<li style=\"text-align: justify;\"><em>La concejal explica que voluntarios que deseen participar deben inscribirse antes del 9 de diciembre en las oficinas de los Servicios Sociales del Consistorio, o tambi\u00e9n pueden hacerlo llamando al 922 460 576 extensi\u00f3n 13, 18 o 19 o a trav\u00e9s del correo <a href=\"mailto:pci@aridane.org\">pci@aridane.org<\/a><\/em><\/li>\n<li style=\"text-align: justify;\"><em>Desde el Consistorio aridanense se pide la colaboraci\u00f3n de todos los ciudadanos para que ahora m\u00e1s que nunca los m\u00e1s peque\u00f1os de la casa sigan manteniendo viva la ilusi\u00f3n y creyendo en la magia de la Navidad.<\/em><\/li>\n<\/ul>\n<p>&nbsp;<\/p>\n<p style=\"text-align: justify;\"><strong>Los Llanos de Aridane, 1 de diciembre de 2022.-<\/strong> El Ayuntamiento de Los Llanos de Aridane a trav\u00e9s del concejal de Acci\u00f3n Social, Elena Concepci\u00f3n, ha confirmado que por cuarto a\u00f1o consecutivo regresa al municipio \u2018T\u00fa tambi\u00e9n puedes ser un Rey Mago\u2019, \u201cbuscando un a\u00f1o m\u00e1s que todos los ni\u00f1os y ni\u00f1as de Los Llanos de Aridane tengan un regalo esta Navidad\u201d, se\u00f1ala.<\/p>\n<p style=\"text-align: justify;\">Concepci\u00f3n explica, que como se ha hecho en los a\u00f1os anteriores, aquello ni\u00f1os y ni\u00f1as que por distintas circunstancia no van a poder percibir lo que han pedido, \u201cdeben escribir una carta pidiendo tres posibles regalos. Una vez escrita, el Ayuntamiento se encarga de que llegue a los voluntarios, y ellos se encarguen de encontrar uno de los tres regalos que se pide, as\u00ed como de envolverlo con cari\u00f1o y entregarlo en los mismos Servicios Sociales Municipales\u201d.<\/p>\n<p style=\"text-align: justify;\">La concejal afirma que aquellos voluntarios que deseen participar deben inscribirse antes del 9 de diciembre en las oficinas de los Servicios Sociales del Consistorio, o tambi\u00e9n pueden hacerlo llamando al 922 460 576 extensi\u00f3n 13, 18 o 19 o a trav\u00e9s del correo <a href=\"mailto:pci@aridane.org\">pci@aridane.org.<\/a><\/p>\n<p style=\"text-align: justify;\">Por \u00faltimo, desde el Ayuntamiento de Los Llanos de Aridane pide un a\u00f1o m\u00e1s la colaboraci\u00f3n de todos los ciudadanos \u201cporque no podemos olvidarnos que son muchas las familias del municipio que lo han pasado muy mal a lo largo de estos 3 \u00faltimos a\u00f1os, primero por la pandemia, y posteriormente como consecuencia de la erupci\u00f3n del volc\u00e1n, de la que todos los llaneases de manera directa o indirecta, desgraciadamente, hemos sido afectados. Ahora m\u00e1s que nunca es necesario que los m\u00e1s peque\u00f1os de la casa sigan manteniendo viva la ilusi\u00f3n y creyendo en la magia de la Navidad\u201d.<\/p>\n<p>[\/vc_column_text][vc_empty_space height=\u00bb20px\u00bb][\/vc_column_inner][\/vc_row_inner][\/vc_column][\/vc_row]<\/p>\n<\/section>","protected":false},"excerpt":{"rendered":"<p>[vc_row css_animation=\u00bb\u00bb row_type=\u00bbrow\u00bb use_row_as_full_screen_section=\u00bbno\u00bb type=\u00bbfull_width\u00bb angled_section=\u00bbno\u00bb text_align=\u00bbleft\u00bb background_image_as_pattern=\u00bbwithout_pattern\u00bb][vc_column][vc_row_inner row_type=\u00bbrow\u00bb type=\u00bbgrid\u00bb text_align=\u00bbleft\u00bb css_animation=\u00bb\u00bb][vc_column_inner][vc_empty_space height=\u00bb20px\u00bb][vc_column_text] La concejal explica que voluntarios que deseen participar deben inscribirse antes del 9 de diciembre en las oficinas de los Servicios Sociales del Consistorio, o tambi\u00e9n pueden hacerlo llamando al 922 460&#8230;<\/p>\n","protected":false},"author":1,"featured_media":0,"comment_status":"closed","ping_status":"open","sticky":false,"template":"","format":"standard","meta":{"footnotes":""},"categories":[6],"tags":[],"class_list":["post-1180","post","type-post","status-publish","format-standard","hentry","category-prensa"],"yoast_head":"<!-- This site is optimized with the Yoast SEO plugin v22.7 - https:\/\/yoast.com\/wordpress\/plugins\/seo\/ -->\n<title>\u2018T\u00fa tambi\u00e9n puedes ser un Rey Mago\u2019 regresa por cuarto a\u00f1o consecutivo a Los Llanos de Aridane - Ayuntamiento de Los Llanos de Aridane<\/title>\n<meta name=\"description\" content=\"El Ayuntamiento de Los Llanos de Aridane presenta el cartel y el programa de La Patrona 2021 con el lema \u201cRemedios, m\u00e1s que un nombre.\u201d\" \/>\n<meta name=\"robots\" content=\"index, follow, max-snippet:-1, max-image-preview:large, max-video-preview:-1\" \/>\n<link rel=\"canonical\" href=\"https:\/\/www.aridane.org\/city\/2022\/12\/01\/tu-tambien-puedes-ser-un-rey-mago-regresa-por-cuarto-ano-consecutivo-a-los-llanos-de-aridane\/\" \/>\n<meta property=\"og:locale\" content=\"es_ES\" \/>\n<meta property=\"og:type\" content=\"article\" \/>\n<meta property=\"og:title\" content=\"\u2018T\u00fa tambi\u00e9n puedes ser un Rey Mago\u2019 regresa por cuarto a\u00f1o consecutivo a Los Llanos de Aridane - Ayuntamiento de Los Llanos de Aridane\" \/>\n<meta property=\"og:description\" content=\"El Ayuntamiento de Los Llanos de Aridane presenta el cartel y el programa de La Patrona 2021 con el lema \u201cRemedios, m\u00e1s que un nombre.\u201d\" \/>\n<meta property=\"og:url\" content=\"https:\/\/www.aridane.org\/city\/2022\/12\/01\/tu-tambien-puedes-ser-un-rey-mago-regresa-por-cuarto-ano-consecutivo-a-los-llanos-de-aridane\/\" \/>\n<meta property=\"og:site_name\" content=\"Ayuntamiento de Los Llanos de Aridane\" \/>\n<meta property=\"article:published_time\" content=\"2022-12-01T12:06:12+00:00\" \/>\n<meta name=\"author\" content=\"Richard Diaz\" \/>\n<meta name=\"twitter:card\" content=\"summary_large_image\" \/>\n<meta name=\"twitter:label1\" content=\"Escrito por\" \/>\n\t<meta name=\"twitter:data1\" content=\"Richard Diaz\" \/>\n\t<meta name=\"twitter:label2\" content=\"Tiempo de lectura\" \/>\n\t<meta name=\"twitter:data2\" content=\"2 minutos\" \/>\n<script type=\"application\/ld+json\" class=\"yoast-schema-graph\">{\"@context\":\"https:\/\/schema.org\",\"@graph\":[{\"@type\":\"WebPage\",\"@id\":\"https:\/\/www.aridane.org\/city\/2022\/12\/01\/tu-tambien-puedes-ser-un-rey-mago-regresa-por-cuarto-ano-consecutivo-a-los-llanos-de-aridane\/\",\"url\":\"https:\/\/www.aridane.org\/city\/2022\/12\/01\/tu-tambien-puedes-ser-un-rey-mago-regresa-por-cuarto-ano-consecutivo-a-los-llanos-de-aridane\/\",\"name\":\"\u2018T\u00fa tambi\u00e9n puedes ser un Rey Mago\u2019 regresa por cuarto a\u00f1o consecutivo a Los Llanos de Aridane - Ayuntamiento de Los Llanos de Aridane\",\"isPartOf\":{\"@id\":\"https:\/\/www.aridane.org\/city\/#website\"},\"datePublished\":\"2022-12-01T12:06:12+00:00\",\"dateModified\":\"2022-12-01T12:06:12+00:00\",\"author\":{\"@id\":\"https:\/\/www.aridane.org\/city\/#\/schema\/person\/7d352ec7f29881716f298394432e7209\"},\"description\":\"El Ayuntamiento de Los Llanos de Aridane presenta el cartel y el programa de La Patrona 2021 con el lema \u201cRemedios, m\u00e1s que un nombre.\u201d\",\"breadcrumb\":{\"@id\":\"https:\/\/www.aridane.org\/city\/2022\/12\/01\/tu-tambien-puedes-ser-un-rey-mago-regresa-por-cuarto-ano-consecutivo-a-los-llanos-de-aridane\/#breadcrumb\"},\"inLanguage\":\"es\",\"potentialAction\":[{\"@type\":\"ReadAction\",\"target\":[\"https:\/\/www.aridane.org\/city\/2022\/12\/01\/tu-tambien-puedes-ser-un-rey-mago-regresa-por-cuarto-ano-consecutivo-a-los-llanos-de-aridane\/\"]}]},{\"@type\":\"BreadcrumbList\",\"@id\":\"https:\/\/www.aridane.org\/city\/2022\/12\/01\/tu-tambien-puedes-ser-un-rey-mago-regresa-por-cuarto-ano-consecutivo-a-los-llanos-de-aridane\/#breadcrumb\",\"itemListElement\":[{\"@type\":\"ListItem\",\"position\":1,\"name\":\"Portada\",\"item\":\"https:\/\/www.aridane.org\/city\/\"},{\"@type\":\"ListItem\",\"position\":2,\"name\":\"\u2018T\u00fa tambi\u00e9n puedes ser un Rey Mago\u2019 regresa por cuarto a\u00f1o consecutivo a Los Llanos de Aridane\"}]},{\"@type\":\"WebSite\",\"@id\":\"https:\/\/www.aridane.org\/city\/#website\",\"url\":\"https:\/\/www.aridane.org\/city\/\",\"name\":\"Ayuntamiento de Los Llanos de Aridane\",\"description\":\"\",\"potentialAction\":[{\"@type\":\"SearchAction\",\"target\":{\"@type\":\"EntryPoint\",\"urlTemplate\":\"https:\/\/www.aridane.org\/city\/?s={search_term_string}\"},\"query-input\":\"required name=search_term_string\"}],\"inLanguage\":\"es\"},{\"@type\":\"Person\",\"@id\":\"https:\/\/www.aridane.org\/city\/#\/schema\/person\/7d352ec7f29881716f298394432e7209\",\"name\":\"Richard Diaz\",\"image\":{\"@type\":\"ImageObject\",\"inLanguage\":\"es\",\"@id\":\"https:\/\/www.aridane.org\/city\/#\/schema\/person\/image\/\",\"url\":\"https:\/\/secure.gravatar.com\/avatar\/bacd6aefc26a4a204943090a4c596cd10f0857081ef3cfd12084a70ecb3161d5?s=96&d=mm&r=g\",\"contentUrl\":\"https:\/\/secure.gravatar.com\/avatar\/bacd6aefc26a4a204943090a4c596cd10f0857081ef3cfd12084a70ecb3161d5?s=96&d=mm&r=g\",\"caption\":\"Richard Diaz\"},\"sameAs\":[\"https:\/\/www.aridane.org\/city\"],\"url\":\"https:\/\/www.aridane.org\/city\/author\/richard-diaz\/\"}]}<\/script>\n<!-- \/ Yoast SEO plugin. -->","yoast_head_json":{"title":"\u2018T\u00fa tambi\u00e9n puedes ser un Rey Mago\u2019 regresa por cuarto a\u00f1o consecutivo a Los Llanos de Aridane - Ayuntamiento de Los Llanos de Aridane","description":"El Ayuntamiento de Los Llanos de Aridane presenta el cartel y el programa de La Patrona 2021 con el lema \u201cRemedios, m\u00e1s que un nombre.\u201d","robots":{"index":"index","follow":"follow","max-snippet":"max-snippet:-1","max-image-preview":"max-image-preview:large","max-video-preview":"max-video-preview:-1"},"canonical":"https:\/\/www.aridane.org\/city\/2022\/12\/01\/tu-tambien-puedes-ser-un-rey-mago-regresa-por-cuarto-ano-consecutivo-a-los-llanos-de-aridane\/","og_locale":"es_ES","og_type":"article","og_title":"\u2018T\u00fa tambi\u00e9n puedes ser un Rey Mago\u2019 regresa por cuarto a\u00f1o consecutivo a Los Llanos de Aridane - Ayuntamiento de Los Llanos de Aridane","og_description":"El Ayuntamiento de Los Llanos de Aridane presenta el cartel y el programa de La Patrona 2021 con el lema \u201cRemedios, m\u00e1s que un nombre.\u201d","og_url":"https:\/\/www.aridane.org\/city\/2022\/12\/01\/tu-tambien-puedes-ser-un-rey-mago-regresa-por-cuarto-ano-consecutivo-a-los-llanos-de-aridane\/","og_site_name":"Ayuntamiento de Los Llanos de Aridane","article_published_time":"2022-12-01T12:06:12+00:00","author":"Richard Diaz","twitter_card":"summary_large_image","twitter_misc":{"Escrito por":"Richard Diaz","Tiempo de lectura":"2 minutos"},"schema":{"@context":"https:\/\/schema.org","@graph":[{"@type":"WebPage","@id":"https:\/\/www.aridane.org\/city\/2022\/12\/01\/tu-tambien-puedes-ser-un-rey-mago-regresa-por-cuarto-ano-consecutivo-a-los-llanos-de-aridane\/","url":"https:\/\/www.aridane.org\/city\/2022\/12\/01\/tu-tambien-puedes-ser-un-rey-mago-regresa-por-cuarto-ano-consecutivo-a-los-llanos-de-aridane\/","name":"\u2018T\u00fa tambi\u00e9n puedes ser un Rey Mago\u2019 regresa por cuarto a\u00f1o consecutivo a Los Llanos de Aridane - Ayuntamiento de Los Llanos de Aridane","isPartOf":{"@id":"https:\/\/www.aridane.org\/city\/#website"},"datePublished":"2022-12-01T12:06:12+00:00","dateModified":"2022-12-01T12:06:12+00:00","author":{"@id":"https:\/\/www.aridane.org\/city\/#\/schema\/person\/7d352ec7f29881716f298394432e7209"},"description":"El Ayuntamiento de Los Llanos de Aridane presenta el cartel y el programa de La Patrona 2021 con el lema \u201cRemedios, m\u00e1s que un nombre.\u201d","breadcrumb":{"@id":"https:\/\/www.aridane.org\/city\/2022\/12\/01\/tu-tambien-puedes-ser-un-rey-mago-regresa-por-cuarto-ano-consecutivo-a-los-llanos-de-aridane\/#breadcrumb"},"inLanguage":"es","potentialAction":[{"@type":"ReadAction","target":["https:\/\/www.aridane.org\/city\/2022\/12\/01\/tu-tambien-puedes-ser-un-rey-mago-regresa-por-cuarto-ano-consecutivo-a-los-llanos-de-aridane\/"]}]},{"@type":"BreadcrumbList","@id":"https:\/\/www.aridane.org\/city\/2022\/12\/01\/tu-tambien-puedes-ser-un-rey-mago-regresa-por-cuarto-ano-consecutivo-a-los-llanos-de-aridane\/#breadcrumb","itemListElement":[{"@type":"ListItem","position":1,"name":"Portada","item":"https:\/\/www.aridane.org\/city\/"},{"@type":"ListItem","position":2,"name":"\u2018T\u00fa tambi\u00e9n puedes ser un Rey Mago\u2019 regresa por cuarto a\u00f1o consecutivo a Los Llanos de Aridane"}]},{"@type":"WebSite","@id":"https:\/\/www.aridane.org\/city\/#website","url":"https:\/\/www.aridane.org\/city\/","name":"Ayuntamiento de Los Llanos de Aridane","description":"","potentialAction":[{"@type":"SearchAction","target":{"@type":"EntryPoint","urlTemplate":"https:\/\/www.aridane.org\/city\/?s={search_term_string}"},"query-input":"required name=search_term_string"}],"inLanguage":"es"},{"@type":"Person","@id":"https:\/\/www.aridane.org\/city\/#\/schema\/person\/7d352ec7f29881716f298394432e7209","name":"Richard Diaz","image":{"@type":"ImageObject","inLanguage":"es","@id":"https:\/\/www.aridane.org\/city\/#\/schema\/person\/image\/","url":"https:\/\/secure.gravatar.com\/avatar\/bacd6aefc26a4a204943090a4c596cd10f0857081ef3cfd12084a70ecb3161d5?s=96&d=mm&r=g","contentUrl":"https:\/\/secure.gravatar.com\/avatar\/bacd6aefc26a4a204943090a4c596cd10f0857081ef3cfd12084a70ecb3161d5?s=96&d=mm&r=g","caption":"Richard Diaz"},"sameAs":["https:\/\/www.aridane.org\/city"],"url":"https:\/\/www.aridane.org\/city\/author\/richard-diaz\/"}]}},"_links":{"self":[{"href":"https:\/\/www.aridane.org\/city\/wp-json\/wp\/v2\/posts\/1180","targetHints":{"allow":["GET"]}}],"collection":[{"href":"https:\/\/www.aridane.org\/city\/wp-json\/wp\/v2\/posts"}],"about":[{"href":"https:\/\/www.aridane.org\/city\/wp-json\/wp\/v2\/types\/post"}],"author":[{"embeddable":true,"href":"https:\/\/www.aridane.org\/city\/wp-json\/wp\/v2\/users\/1"}],"replies":[{"embeddable":true,"href":"https:\/\/www.aridane.org\/city\/wp-json\/wp\/v2\/comments?post=1180"}],"version-history":[{"count":0,"href":"https:\/\/www.aridane.org\/city\/wp-json\/wp\/v2\/posts\/1180\/revisions"}],"wp:attachment":[{"href":"https:\/\/www.aridane.org\/city\/wp-json\/wp\/v2\/media?parent=1180"}],"wp:term":[{"taxonomy":"category","embeddable":true,"href":"https:\/\/www.aridane.org\/city\/wp-json\/wp\/v2\/categories?post=1180"},{"taxonomy":"post_tag","embeddable":true,"href":"https:\/\/www.aridane.org\/city\/wp-json\/wp\/v2\/tags?post=1180"}],"curies":[{"name":"wp","href":"https:\/\/api.w.org\/{rel}","templated":true}]}}