{"id":1184,"date":"2022-12-02T09:28:47","date_gmt":"2022-12-02T09:28:47","guid":{"rendered":"https:\/\/aridane.org\/ciudad\/?p=1184"},"modified":"2022-12-02T09:28:47","modified_gmt":"2022-12-02T09:28:47","slug":"trashplant-aterriza-en-el-centro-de-los-llanos-de-aridane-para-concienciar-a-traves-del-arte-con-residuos-sobre-la-importancia-del-cuidado-del-medio-ambiente","status":"publish","type":"post","link":"https:\/\/www.aridane.org\/city\/2022\/12\/02\/trashplant-aterriza-en-el-centro-de-los-llanos-de-aridane-para-concienciar-a-traves-del-arte-con-residuos-sobre-la-importancia-del-cuidado-del-medio-ambiente\/","title":{"rendered":"Trashplant aterriza en el centro de Los Llanos de Aridane para concienciar a trav\u00e9s del arte con residuos sobre la importancia del cuidado del medio ambiente"},"content":{"rendered":"<section class=\"wpb-content-wrapper\"><p>[vc_row css_animation=\u00bb\u00bb row_type=\u00bbrow\u00bb use_row_as_full_screen_section=\u00bbno\u00bb type=\u00bbfull_width\u00bb angled_section=\u00bbno\u00bb text_align=\u00bbleft\u00bb background_image_as_pattern=\u00bbwithout_pattern\u00bb][vc_column][vc_row_inner row_type=\u00bbrow\u00bb type=\u00bbgrid\u00bb text_align=\u00bbleft\u00bb css_animation=\u00bb\u00bb][vc_column_inner][vc_empty_space height=\u00bb20px\u00bb][vc_column_text]<\/p>\n<ul>\n<li style=\"text-align: justify;\"><em>La consejera de Residuos y Actividades Clasificadas del Cabildo de La Palma, Nieves Rosa Arroyo, junto a la concejal de Cultura, Charo Gonz\u00e1lez, visitan instalaciones y murales de los artistas participantes en este festival.<\/em><\/li>\n<\/ul>\n<p>&nbsp;<\/p>\n<p style=\"text-align: justify;\"><strong>Los Llanos de Aridane, 2 de diciembre del 2022.-<\/strong> El Ayuntamiento de Los Llanos de Aridane a trav\u00e9s de la concejal de Cultura, Charo Gonz\u00e1lez, y junto a la consejera de Residuos y Actividades Clasificadas del Cabildo de La Palma, Nieves Rosa Arroyo, han visitado a los artistas que participan en esta segunda edici\u00f3n del primer festival de Trash Art del mundo, y que este a\u00f1o se est\u00e1 celebrando en Los Llanos de Aridane.\u00a0 Gonz\u00e1lez explica que desde ayer, 1 de diciembre, y hasta el pr\u00f3ximo domingo, d\u00eda 4, este Festival contar\u00e1 con los mejores artistas pl\u00e1sticos y urbanos de todo el mundo, \u201cque usando basura que generamos tratan de concienciar a la poblaci\u00f3n, a trav\u00e9s del arte, de la importancia del medio ambiente\u201d.<\/p>\n<p style=\"text-align: justify;\">La concejal se\u00f1ala que todo el que se acerque hasta el casco urbano del municipio \u201cpodr\u00e1 disfrutar de las esculturas, murales, piezas accidentales, m\u00fasica, talleres, documentales y otras acciones que se han preparado con el objetivo de que los ciudadanos nos involucremos en el cuidado del medio ambiente\u201d.<\/p>\n<p style=\"text-align: justify;\">Por su parte, Arroyo se\u00f1ala que \u201ceste tipo de actividades son de especial importancia para seguir trabajando en la concienciaci\u00f3n de la sociedad sobre la importancia que tiene la generaci\u00f3n de residuos en el medio ambiente, as\u00ed como el papel clave que juega la separaci\u00f3n de los mismos y su reciclaje\u201d.<\/p>\n<p style=\"text-align: justify;\">Hay que recordar que Trashplant Festival 2022 cuenta con la financiaci\u00f3n de la Consejer\u00eda de Residuos y Actividades Clasificadas del Cabildo Insular de La Palma, el \u00e1rea de Cultura del Ayuntamiento de Los Llanos de Aridane, Promotur, el ICDC y la Consejer\u00eda de Transici\u00f3n Ecol\u00f3gica y Lucha contra el Cambio Clim\u00e1tico del Gobierno de Canarias, la colaboraci\u00f3n de Ecoembes, y la direcci\u00f3n y producci\u00f3n de Folel\u00e9 Producciones.<\/p>\n<p style=\"text-align: justify;\">Por \u00faltimo, desde el Ayuntamiento de Los Llanos de Aridane se invita a todas las personas que lo deseen a participar en estas actividades.<\/p>\n<p style=\"text-align: justify;\"><strong>Foto de Andrew Gallego<\/strong><\/p>\n<p>[\/vc_column_text][vc_empty_space height=\u00bb20px\u00bb][\/vc_column_inner][\/vc_row_inner][\/vc_column][\/vc_row]<\/p>\n<\/section>","protected":false},"excerpt":{"rendered":"<p>[vc_row css_animation=\u00bb\u00bb row_type=\u00bbrow\u00bb use_row_as_full_screen_section=\u00bbno\u00bb type=\u00bbfull_width\u00bb angled_section=\u00bbno\u00bb text_align=\u00bbleft\u00bb background_image_as_pattern=\u00bbwithout_pattern\u00bb][vc_column][vc_row_inner row_type=\u00bbrow\u00bb type=\u00bbgrid\u00bb text_align=\u00bbleft\u00bb css_animation=\u00bb\u00bb][vc_column_inner][vc_empty_space height=\u00bb20px\u00bb][vc_column_text] La consejera de Residuos y Actividades Clasificadas del Cabildo de La Palma, Nieves Rosa Arroyo, junto a la concejal de Cultura, Charo Gonz\u00e1lez, visitan instalaciones y murales de los artistas participantes en&#8230;<\/p>\n","protected":false},"author":1,"featured_media":0,"comment_status":"closed","ping_status":"open","sticky":false,"template":"","format":"standard","meta":{"footnotes":""},"categories":[6],"tags":[],"class_list":["post-1184","post","type-post","status-publish","format-standard","hentry","category-prensa"],"yoast_head":"<!-- This site is optimized with the Yoast SEO plugin v22.7 - https:\/\/yoast.com\/wordpress\/plugins\/seo\/ -->\n<title>Trashplant aterriza en el centro de Los Llanos de Aridane para concienciar a trav\u00e9s del arte con residuos sobre la importancia del cuidado del medio ambiente - Ayuntamiento de Los Llanos de Aridane<\/title>\n<meta name=\"description\" content=\"El Ayuntamiento de Los Llanos de Aridane presenta el cartel y el programa de La Patrona 2021 con el lema \u201cRemedios, m\u00e1s que un nombre.\u201d\" \/>\n<meta name=\"robots\" content=\"index, follow, max-snippet:-1, max-image-preview:large, max-video-preview:-1\" \/>\n<link rel=\"canonical\" href=\"https:\/\/www.aridane.org\/city\/2022\/12\/02\/trashplant-aterriza-en-el-centro-de-los-llanos-de-aridane-para-concienciar-a-traves-del-arte-con-residuos-sobre-la-importancia-del-cuidado-del-medio-ambiente\/\" \/>\n<meta property=\"og:locale\" content=\"es_ES\" \/>\n<meta property=\"og:type\" content=\"article\" \/>\n<meta property=\"og:title\" content=\"Trashplant aterriza en el centro de Los Llanos de Aridane para concienciar a trav\u00e9s del arte con residuos sobre la importancia del cuidado del medio ambiente - Ayuntamiento de Los Llanos de Aridane\" \/>\n<meta property=\"og:description\" content=\"El Ayuntamiento de Los Llanos de Aridane presenta el cartel y el programa de La Patrona 2021 con el lema \u201cRemedios, m\u00e1s que un nombre.\u201d\" \/>\n<meta property=\"og:url\" content=\"https:\/\/www.aridane.org\/city\/2022\/12\/02\/trashplant-aterriza-en-el-centro-de-los-llanos-de-aridane-para-concienciar-a-traves-del-arte-con-residuos-sobre-la-importancia-del-cuidado-del-medio-ambiente\/\" \/>\n<meta property=\"og:site_name\" content=\"Ayuntamiento de Los Llanos de Aridane\" \/>\n<meta property=\"article:published_time\" content=\"2022-12-02T09:28:47+00:00\" \/>\n<meta name=\"author\" content=\"Richard Diaz\" \/>\n<meta name=\"twitter:card\" content=\"summary_large_image\" \/>\n<meta name=\"twitter:label1\" content=\"Escrito por\" \/>\n\t<meta name=\"twitter:data1\" content=\"Richard Diaz\" \/>\n\t<meta name=\"twitter:label2\" content=\"Tiempo de lectura\" \/>\n\t<meta name=\"twitter:data2\" content=\"2 minutos\" \/>\n<script type=\"application\/ld+json\" class=\"yoast-schema-graph\">{\"@context\":\"https:\/\/schema.org\",\"@graph\":[{\"@type\":\"WebPage\",\"@id\":\"https:\/\/www.aridane.org\/city\/2022\/12\/02\/trashplant-aterriza-en-el-centro-de-los-llanos-de-aridane-para-concienciar-a-traves-del-arte-con-residuos-sobre-la-importancia-del-cuidado-del-medio-ambiente\/\",\"url\":\"https:\/\/www.aridane.org\/city\/2022\/12\/02\/trashplant-aterriza-en-el-centro-de-los-llanos-de-aridane-para-concienciar-a-traves-del-arte-con-residuos-sobre-la-importancia-del-cuidado-del-medio-ambiente\/\",\"name\":\"Trashplant aterriza en el centro de Los Llanos de Aridane para concienciar a trav\u00e9s del arte con residuos sobre la importancia del cuidado del medio ambiente - Ayuntamiento de Los Llanos de Aridane\",\"isPartOf\":{\"@id\":\"https:\/\/www.aridane.org\/city\/#website\"},\"datePublished\":\"2022-12-02T09:28:47+00:00\",\"dateModified\":\"2022-12-02T09:28:47+00:00\",\"author\":{\"@id\":\"https:\/\/www.aridane.org\/city\/#\/schema\/person\/7d352ec7f29881716f298394432e7209\"},\"description\":\"El Ayuntamiento de Los Llanos de Aridane presenta el cartel y el programa de La Patrona 2021 con el lema \u201cRemedios, m\u00e1s que un nombre.\u201d\",\"breadcrumb\":{\"@id\":\"https:\/\/www.aridane.org\/city\/2022\/12\/02\/trashplant-aterriza-en-el-centro-de-los-llanos-de-aridane-para-concienciar-a-traves-del-arte-con-residuos-sobre-la-importancia-del-cuidado-del-medio-ambiente\/#breadcrumb\"},\"inLanguage\":\"es\",\"potentialAction\":[{\"@type\":\"ReadAction\",\"target\":[\"https:\/\/www.aridane.org\/city\/2022\/12\/02\/trashplant-aterriza-en-el-centro-de-los-llanos-de-aridane-para-concienciar-a-traves-del-arte-con-residuos-sobre-la-importancia-del-cuidado-del-medio-ambiente\/\"]}]},{\"@type\":\"BreadcrumbList\",\"@id\":\"https:\/\/www.aridane.org\/city\/2022\/12\/02\/trashplant-aterriza-en-el-centro-de-los-llanos-de-aridane-para-concienciar-a-traves-del-arte-con-residuos-sobre-la-importancia-del-cuidado-del-medio-ambiente\/#breadcrumb\",\"itemListElement\":[{\"@type\":\"ListItem\",\"position\":1,\"name\":\"Portada\",\"item\":\"https:\/\/www.aridane.org\/city\/\"},{\"@type\":\"ListItem\",\"position\":2,\"name\":\"Trashplant aterriza en el centro de Los Llanos de Aridane para concienciar a trav\u00e9s del arte con residuos sobre la importancia del cuidado del medio ambiente\"}]},{\"@type\":\"WebSite\",\"@id\":\"https:\/\/www.aridane.org\/city\/#website\",\"url\":\"https:\/\/www.aridane.org\/city\/\",\"name\":\"Ayuntamiento de Los Llanos de Aridane\",\"description\":\"\",\"potentialAction\":[{\"@type\":\"SearchAction\",\"target\":{\"@type\":\"EntryPoint\",\"urlTemplate\":\"https:\/\/www.aridane.org\/city\/?s={search_term_string}\"},\"query-input\":\"required name=search_term_string\"}],\"inLanguage\":\"es\"},{\"@type\":\"Person\",\"@id\":\"https:\/\/www.aridane.org\/city\/#\/schema\/person\/7d352ec7f29881716f298394432e7209\",\"name\":\"Richard Diaz\",\"image\":{\"@type\":\"ImageObject\",\"inLanguage\":\"es\",\"@id\":\"https:\/\/www.aridane.org\/city\/#\/schema\/person\/image\/\",\"url\":\"https:\/\/secure.gravatar.com\/avatar\/bacd6aefc26a4a204943090a4c596cd10f0857081ef3cfd12084a70ecb3161d5?s=96&d=mm&r=g\",\"contentUrl\":\"https:\/\/secure.gravatar.com\/avatar\/bacd6aefc26a4a204943090a4c596cd10f0857081ef3cfd12084a70ecb3161d5?s=96&d=mm&r=g\",\"caption\":\"Richard Diaz\"},\"sameAs\":[\"https:\/\/www.aridane.org\/city\"],\"url\":\"https:\/\/www.aridane.org\/city\/author\/richard-diaz\/\"}]}<\/script>\n<!-- \/ Yoast SEO plugin. -->","yoast_head_json":{"title":"Trashplant aterriza en el centro de Los Llanos de Aridane para concienciar a trav\u00e9s del arte con residuos sobre la importancia del cuidado del medio ambiente - Ayuntamiento de Los Llanos de Aridane","description":"El Ayuntamiento de Los Llanos de Aridane presenta el cartel y el programa de La Patrona 2021 con el lema \u201cRemedios, m\u00e1s que un nombre.\u201d","robots":{"index":"index","follow":"follow","max-snippet":"max-snippet:-1","max-image-preview":"max-image-preview:large","max-video-preview":"max-video-preview:-1"},"canonical":"https:\/\/www.aridane.org\/city\/2022\/12\/02\/trashplant-aterriza-en-el-centro-de-los-llanos-de-aridane-para-concienciar-a-traves-del-arte-con-residuos-sobre-la-importancia-del-cuidado-del-medio-ambiente\/","og_locale":"es_ES","og_type":"article","og_title":"Trashplant aterriza en el centro de Los Llanos de Aridane para concienciar a trav\u00e9s del arte con residuos sobre la importancia del cuidado del medio ambiente - Ayuntamiento de Los Llanos de Aridane","og_description":"El Ayuntamiento de Los Llanos de Aridane presenta el cartel y el programa de La Patrona 2021 con el lema \u201cRemedios, m\u00e1s que un nombre.\u201d","og_url":"https:\/\/www.aridane.org\/city\/2022\/12\/02\/trashplant-aterriza-en-el-centro-de-los-llanos-de-aridane-para-concienciar-a-traves-del-arte-con-residuos-sobre-la-importancia-del-cuidado-del-medio-ambiente\/","og_site_name":"Ayuntamiento de Los Llanos de Aridane","article_published_time":"2022-12-02T09:28:47+00:00","author":"Richard Diaz","twitter_card":"summary_large_image","twitter_misc":{"Escrito por":"Richard Diaz","Tiempo de lectura":"2 minutos"},"schema":{"@context":"https:\/\/schema.org","@graph":[{"@type":"WebPage","@id":"https:\/\/www.aridane.org\/city\/2022\/12\/02\/trashplant-aterriza-en-el-centro-de-los-llanos-de-aridane-para-concienciar-a-traves-del-arte-con-residuos-sobre-la-importancia-del-cuidado-del-medio-ambiente\/","url":"https:\/\/www.aridane.org\/city\/2022\/12\/02\/trashplant-aterriza-en-el-centro-de-los-llanos-de-aridane-para-concienciar-a-traves-del-arte-con-residuos-sobre-la-importancia-del-cuidado-del-medio-ambiente\/","name":"Trashplant aterriza en el centro de Los Llanos de Aridane para concienciar a trav\u00e9s del arte con residuos sobre la importancia del cuidado del medio ambiente - Ayuntamiento de Los Llanos de Aridane","isPartOf":{"@id":"https:\/\/www.aridane.org\/city\/#website"},"datePublished":"2022-12-02T09:28:47+00:00","dateModified":"2022-12-02T09:28:47+00:00","author":{"@id":"https:\/\/www.aridane.org\/city\/#\/schema\/person\/7d352ec7f29881716f298394432e7209"},"description":"El Ayuntamiento de Los Llanos de Aridane presenta el cartel y el programa de La Patrona 2021 con el lema \u201cRemedios, m\u00e1s que un nombre.\u201d","breadcrumb":{"@id":"https:\/\/www.aridane.org\/city\/2022\/12\/02\/trashplant-aterriza-en-el-centro-de-los-llanos-de-aridane-para-concienciar-a-traves-del-arte-con-residuos-sobre-la-importancia-del-cuidado-del-medio-ambiente\/#breadcrumb"},"inLanguage":"es","potentialAction":[{"@type":"ReadAction","target":["https:\/\/www.aridane.org\/city\/2022\/12\/02\/trashplant-aterriza-en-el-centro-de-los-llanos-de-aridane-para-concienciar-a-traves-del-arte-con-residuos-sobre-la-importancia-del-cuidado-del-medio-ambiente\/"]}]},{"@type":"BreadcrumbList","@id":"https:\/\/www.aridane.org\/city\/2022\/12\/02\/trashplant-aterriza-en-el-centro-de-los-llanos-de-aridane-para-concienciar-a-traves-del-arte-con-residuos-sobre-la-importancia-del-cuidado-del-medio-ambiente\/#breadcrumb","itemListElement":[{"@type":"ListItem","position":1,"name":"Portada","item":"https:\/\/www.aridane.org\/city\/"},{"@type":"ListItem","position":2,"name":"Trashplant aterriza en el centro de Los Llanos de Aridane para concienciar a trav\u00e9s del arte con residuos sobre la importancia del cuidado del medio ambiente"}]},{"@type":"WebSite","@id":"https:\/\/www.aridane.org\/city\/#website","url":"https:\/\/www.aridane.org\/city\/","name":"Ayuntamiento de Los Llanos de Aridane","description":"","potentialAction":[{"@type":"SearchAction","target":{"@type":"EntryPoint","urlTemplate":"https:\/\/www.aridane.org\/city\/?s={search_term_string}"},"query-input":"required name=search_term_string"}],"inLanguage":"es"},{"@type":"Person","@id":"https:\/\/www.aridane.org\/city\/#\/schema\/person\/7d352ec7f29881716f298394432e7209","name":"Richard Diaz","image":{"@type":"ImageObject","inLanguage":"es","@id":"https:\/\/www.aridane.org\/city\/#\/schema\/person\/image\/","url":"https:\/\/secure.gravatar.com\/avatar\/bacd6aefc26a4a204943090a4c596cd10f0857081ef3cfd12084a70ecb3161d5?s=96&d=mm&r=g","contentUrl":"https:\/\/secure.gravatar.com\/avatar\/bacd6aefc26a4a204943090a4c596cd10f0857081ef3cfd12084a70ecb3161d5?s=96&d=mm&r=g","caption":"Richard Diaz"},"sameAs":["https:\/\/www.aridane.org\/city"],"url":"https:\/\/www.aridane.org\/city\/author\/richard-diaz\/"}]}},"_links":{"self":[{"href":"https:\/\/www.aridane.org\/city\/wp-json\/wp\/v2\/posts\/1184","targetHints":{"allow":["GET"]}}],"collection":[{"href":"https:\/\/www.aridane.org\/city\/wp-json\/wp\/v2\/posts"}],"about":[{"href":"https:\/\/www.aridane.org\/city\/wp-json\/wp\/v2\/types\/post"}],"author":[{"embeddable":true,"href":"https:\/\/www.aridane.org\/city\/wp-json\/wp\/v2\/users\/1"}],"replies":[{"embeddable":true,"href":"https:\/\/www.aridane.org\/city\/wp-json\/wp\/v2\/comments?post=1184"}],"version-history":[{"count":0,"href":"https:\/\/www.aridane.org\/city\/wp-json\/wp\/v2\/posts\/1184\/revisions"}],"wp:attachment":[{"href":"https:\/\/www.aridane.org\/city\/wp-json\/wp\/v2\/media?parent=1184"}],"wp:term":[{"taxonomy":"category","embeddable":true,"href":"https:\/\/www.aridane.org\/city\/wp-json\/wp\/v2\/categories?post=1184"},{"taxonomy":"post_tag","embeddable":true,"href":"https:\/\/www.aridane.org\/city\/wp-json\/wp\/v2\/tags?post=1184"}],"curies":[{"name":"wp","href":"https:\/\/api.w.org\/{rel}","templated":true}]}}