{"id":1187,"date":"2022-12-05T11:27:58","date_gmt":"2022-12-05T11:27:58","guid":{"rendered":"https:\/\/aridane.org\/ciudad\/?p=1187"},"modified":"2022-12-05T11:27:58","modified_gmt":"2022-12-05T11:27:58","slug":"el-ayuntamiento-de-los-llanos-de-aridane-pone-en-marcha-durante-esta-navidad-un-taller-de-cesteria-creativa-para-ninas-y-ninos-del-municipio","status":"publish","type":"post","link":"https:\/\/www.aridane.org\/city\/2022\/12\/05\/el-ayuntamiento-de-los-llanos-de-aridane-pone-en-marcha-durante-esta-navidad-un-taller-de-cesteria-creativa-para-ninas-y-ninos-del-municipio\/","title":{"rendered":"El Ayuntamiento de Los Llanos de Aridane pone en marcha durante esta Navidad un taller de cester\u00eda creativa para ni\u00f1as y ni\u00f1os del municipio"},"content":{"rendered":"<section class=\"wpb-content-wrapper\"><p>[vc_row css_animation=\u00bb\u00bb row_type=\u00bbrow\u00bb use_row_as_full_screen_section=\u00bbno\u00bb type=\u00bbfull_width\u00bb angled_section=\u00bbno\u00bb text_align=\u00bbleft\u00bb background_image_as_pattern=\u00bbwithout_pattern\u00bb][vc_column][vc_row_inner row_type=\u00bbrow\u00bb type=\u00bbgrid\u00bb text_align=\u00bbleft\u00bb css_animation=\u00bb\u00bb][vc_column_inner][vc_empty_space height=\u00bb20px\u00bb][vc_column_text]<\/p>\n<ul>\n<li style=\"text-align: justify;\"><em>Est\u00e1 dirigido a menores de a partir de 8 a\u00f1os, y se llevar\u00e1 a cabo en la Casa de la Cultura durante los d\u00edas 27, 28 y 29 de diciembre, y 2 y 3 de enero, en horario de 10:00 a 13:30 h. Para inscribirse, de manera gratuita, deben hacerlo en el tel\u00e9fono 652 538 299.<\/em><\/li>\n<\/ul>\n<p>&nbsp;<\/p>\n<p style=\"text-align: justify;\"><strong>Los Llanos de Aridane, 5 de diciembre de 2022.-<\/strong> El Ayuntamiento de Los Llanos de Aridane a trav\u00e9s de la concejal de Artesan\u00eda, Elena Pais, informa de \u201cla puesta en marcha, de manera gratuita, del taller de cester\u00eda creativa para ni\u00f1os y ni\u00f1as, a partir de 8 a\u00f1os, que se llevar\u00e1 a cabo durante la \u00e9poca de Navidad\u201d, se\u00f1ala. Pais explica que este curso se desarrollar\u00e1 durante los d\u00edas 27, 28 y 29 de diciembre, y el 2 y 3 de enero, en la Casa de la Cultura, en horario de 10:00 a 13:30 horas, y estar\u00e1 impartido por la artesana, monitora y animadora infantil, Beatriz Fern\u00e1ndez S\u00e1nchez.<\/p>\n<p style=\"text-align: justify;\">Adem\u00e1s, afirma que para inscribirse deben hacerlo a trav\u00e9s del tel\u00e9fono 652 538 299. La concejal pone en valor este taller \u201cdebido a que es uno de los que mayor inter\u00e9s despierta entre las familias del municipio, y durante su desarrollo los menores aprender\u00e1n a reconocer los distintos tipos de fibras vegetales que crecen en el archipi\u00e9lago, para posteriormente realizar distintos objetivos como con este material\u201d, asegura.<\/p>\n<p style=\"text-align: justify;\">Por \u00faltimo, desde el Ayuntamiento de Los Llanos de Aridane se recuerda que \u201cvamos a seguir desarrollando este tipo de talleres para acercar a los m\u00e1s j\u00f3venes del municipio los oficios artesanos de la Isla, como es la cester\u00eda, y fomentar su relevo generacional en el municipio\u201d.<\/p>\n<p>[\/vc_column_text][vc_empty_space height=\u00bb20px\u00bb][\/vc_column_inner][\/vc_row_inner][\/vc_column][\/vc_row]<\/p>\n<\/section>","protected":false},"excerpt":{"rendered":"<p>[vc_row css_animation=\u00bb\u00bb row_type=\u00bbrow\u00bb use_row_as_full_screen_section=\u00bbno\u00bb type=\u00bbfull_width\u00bb angled_section=\u00bbno\u00bb text_align=\u00bbleft\u00bb background_image_as_pattern=\u00bbwithout_pattern\u00bb][vc_column][vc_row_inner row_type=\u00bbrow\u00bb type=\u00bbgrid\u00bb text_align=\u00bbleft\u00bb css_animation=\u00bb\u00bb][vc_column_inner][vc_empty_space height=\u00bb20px\u00bb][vc_column_text] Est\u00e1 dirigido a menores de a partir de 8 a\u00f1os, y se llevar\u00e1 a cabo en la Casa de la Cultura durante los d\u00edas 27, 28 y 29 de diciembre, y 2&#8230;<\/p>\n","protected":false},"author":1,"featured_media":0,"comment_status":"closed","ping_status":"open","sticky":false,"template":"","format":"standard","meta":{"footnotes":""},"categories":[6],"tags":[],"class_list":["post-1187","post","type-post","status-publish","format-standard","hentry","category-prensa"],"yoast_head":"<!-- This site is optimized with the Yoast SEO plugin v22.7 - https:\/\/yoast.com\/wordpress\/plugins\/seo\/ -->\n<title>El Ayuntamiento de Los Llanos de Aridane pone en marcha durante esta Navidad un taller de cester\u00eda creativa para ni\u00f1as y ni\u00f1os del municipio - Ayuntamiento de Los Llanos de Aridane<\/title>\n<meta name=\"description\" content=\"El Ayuntamiento de Los Llanos de Aridane presenta el cartel y el programa de La Patrona 2021 con el lema \u201cRemedios, m\u00e1s que un nombre.\u201d\" \/>\n<meta name=\"robots\" content=\"index, follow, max-snippet:-1, max-image-preview:large, max-video-preview:-1\" \/>\n<link rel=\"canonical\" href=\"https:\/\/www.aridane.org\/city\/2022\/12\/05\/el-ayuntamiento-de-los-llanos-de-aridane-pone-en-marcha-durante-esta-navidad-un-taller-de-cesteria-creativa-para-ninas-y-ninos-del-municipio\/\" \/>\n<meta property=\"og:locale\" content=\"es_ES\" \/>\n<meta property=\"og:type\" content=\"article\" \/>\n<meta property=\"og:title\" content=\"El Ayuntamiento de Los Llanos de Aridane pone en marcha durante esta Navidad un taller de cester\u00eda creativa para ni\u00f1as y ni\u00f1os del municipio - Ayuntamiento de Los Llanos de Aridane\" \/>\n<meta property=\"og:description\" content=\"El Ayuntamiento de Los Llanos de Aridane presenta el cartel y el programa de La Patrona 2021 con el lema \u201cRemedios, m\u00e1s que un nombre.\u201d\" \/>\n<meta property=\"og:url\" content=\"https:\/\/www.aridane.org\/city\/2022\/12\/05\/el-ayuntamiento-de-los-llanos-de-aridane-pone-en-marcha-durante-esta-navidad-un-taller-de-cesteria-creativa-para-ninas-y-ninos-del-municipio\/\" \/>\n<meta property=\"og:site_name\" content=\"Ayuntamiento de Los Llanos de Aridane\" \/>\n<meta property=\"article:published_time\" content=\"2022-12-05T11:27:58+00:00\" \/>\n<meta name=\"author\" content=\"Richard Diaz\" \/>\n<meta name=\"twitter:card\" content=\"summary_large_image\" \/>\n<meta name=\"twitter:label1\" content=\"Escrito por\" \/>\n\t<meta name=\"twitter:data1\" content=\"Richard Diaz\" \/>\n\t<meta name=\"twitter:label2\" content=\"Tiempo de lectura\" \/>\n\t<meta name=\"twitter:data2\" content=\"2 minutos\" \/>\n<script type=\"application\/ld+json\" class=\"yoast-schema-graph\">{\"@context\":\"https:\/\/schema.org\",\"@graph\":[{\"@type\":\"WebPage\",\"@id\":\"https:\/\/www.aridane.org\/city\/2022\/12\/05\/el-ayuntamiento-de-los-llanos-de-aridane-pone-en-marcha-durante-esta-navidad-un-taller-de-cesteria-creativa-para-ninas-y-ninos-del-municipio\/\",\"url\":\"https:\/\/www.aridane.org\/city\/2022\/12\/05\/el-ayuntamiento-de-los-llanos-de-aridane-pone-en-marcha-durante-esta-navidad-un-taller-de-cesteria-creativa-para-ninas-y-ninos-del-municipio\/\",\"name\":\"El Ayuntamiento de Los Llanos de Aridane pone en marcha durante esta Navidad un taller de cester\u00eda creativa para ni\u00f1as y ni\u00f1os del municipio - Ayuntamiento de Los Llanos de Aridane\",\"isPartOf\":{\"@id\":\"https:\/\/www.aridane.org\/city\/#website\"},\"datePublished\":\"2022-12-05T11:27:58+00:00\",\"dateModified\":\"2022-12-05T11:27:58+00:00\",\"author\":{\"@id\":\"https:\/\/www.aridane.org\/city\/#\/schema\/person\/7d352ec7f29881716f298394432e7209\"},\"description\":\"El Ayuntamiento de Los Llanos de Aridane presenta el cartel y el programa de La Patrona 2021 con el lema \u201cRemedios, m\u00e1s que un nombre.\u201d\",\"breadcrumb\":{\"@id\":\"https:\/\/www.aridane.org\/city\/2022\/12\/05\/el-ayuntamiento-de-los-llanos-de-aridane-pone-en-marcha-durante-esta-navidad-un-taller-de-cesteria-creativa-para-ninas-y-ninos-del-municipio\/#breadcrumb\"},\"inLanguage\":\"es\",\"potentialAction\":[{\"@type\":\"ReadAction\",\"target\":[\"https:\/\/www.aridane.org\/city\/2022\/12\/05\/el-ayuntamiento-de-los-llanos-de-aridane-pone-en-marcha-durante-esta-navidad-un-taller-de-cesteria-creativa-para-ninas-y-ninos-del-municipio\/\"]}]},{\"@type\":\"BreadcrumbList\",\"@id\":\"https:\/\/www.aridane.org\/city\/2022\/12\/05\/el-ayuntamiento-de-los-llanos-de-aridane-pone-en-marcha-durante-esta-navidad-un-taller-de-cesteria-creativa-para-ninas-y-ninos-del-municipio\/#breadcrumb\",\"itemListElement\":[{\"@type\":\"ListItem\",\"position\":1,\"name\":\"Portada\",\"item\":\"https:\/\/www.aridane.org\/city\/\"},{\"@type\":\"ListItem\",\"position\":2,\"name\":\"El Ayuntamiento de Los Llanos de Aridane pone en marcha durante esta Navidad un taller de cester\u00eda creativa para ni\u00f1as y ni\u00f1os del municipio\"}]},{\"@type\":\"WebSite\",\"@id\":\"https:\/\/www.aridane.org\/city\/#website\",\"url\":\"https:\/\/www.aridane.org\/city\/\",\"name\":\"Ayuntamiento de Los Llanos de Aridane\",\"description\":\"\",\"potentialAction\":[{\"@type\":\"SearchAction\",\"target\":{\"@type\":\"EntryPoint\",\"urlTemplate\":\"https:\/\/www.aridane.org\/city\/?s={search_term_string}\"},\"query-input\":\"required name=search_term_string\"}],\"inLanguage\":\"es\"},{\"@type\":\"Person\",\"@id\":\"https:\/\/www.aridane.org\/city\/#\/schema\/person\/7d352ec7f29881716f298394432e7209\",\"name\":\"Richard Diaz\",\"image\":{\"@type\":\"ImageObject\",\"inLanguage\":\"es\",\"@id\":\"https:\/\/www.aridane.org\/city\/#\/schema\/person\/image\/\",\"url\":\"https:\/\/secure.gravatar.com\/avatar\/bacd6aefc26a4a204943090a4c596cd10f0857081ef3cfd12084a70ecb3161d5?s=96&d=mm&r=g\",\"contentUrl\":\"https:\/\/secure.gravatar.com\/avatar\/bacd6aefc26a4a204943090a4c596cd10f0857081ef3cfd12084a70ecb3161d5?s=96&d=mm&r=g\",\"caption\":\"Richard Diaz\"},\"sameAs\":[\"https:\/\/www.aridane.org\/city\"],\"url\":\"https:\/\/www.aridane.org\/city\/author\/richard-diaz\/\"}]}<\/script>\n<!-- \/ Yoast SEO plugin. -->","yoast_head_json":{"title":"El Ayuntamiento de Los Llanos de Aridane pone en marcha durante esta Navidad un taller de cester\u00eda creativa para ni\u00f1as y ni\u00f1os del municipio - Ayuntamiento de Los Llanos de Aridane","description":"El Ayuntamiento de Los Llanos de Aridane presenta el cartel y el programa de La Patrona 2021 con el lema \u201cRemedios, m\u00e1s que un nombre.\u201d","robots":{"index":"index","follow":"follow","max-snippet":"max-snippet:-1","max-image-preview":"max-image-preview:large","max-video-preview":"max-video-preview:-1"},"canonical":"https:\/\/www.aridane.org\/city\/2022\/12\/05\/el-ayuntamiento-de-los-llanos-de-aridane-pone-en-marcha-durante-esta-navidad-un-taller-de-cesteria-creativa-para-ninas-y-ninos-del-municipio\/","og_locale":"es_ES","og_type":"article","og_title":"El Ayuntamiento de Los Llanos de Aridane pone en marcha durante esta Navidad un taller de cester\u00eda creativa para ni\u00f1as y ni\u00f1os del municipio - Ayuntamiento de Los Llanos de Aridane","og_description":"El Ayuntamiento de Los Llanos de Aridane presenta el cartel y el programa de La Patrona 2021 con el lema \u201cRemedios, m\u00e1s que un nombre.\u201d","og_url":"https:\/\/www.aridane.org\/city\/2022\/12\/05\/el-ayuntamiento-de-los-llanos-de-aridane-pone-en-marcha-durante-esta-navidad-un-taller-de-cesteria-creativa-para-ninas-y-ninos-del-municipio\/","og_site_name":"Ayuntamiento de Los Llanos de Aridane","article_published_time":"2022-12-05T11:27:58+00:00","author":"Richard Diaz","twitter_card":"summary_large_image","twitter_misc":{"Escrito por":"Richard Diaz","Tiempo de lectura":"2 minutos"},"schema":{"@context":"https:\/\/schema.org","@graph":[{"@type":"WebPage","@id":"https:\/\/www.aridane.org\/city\/2022\/12\/05\/el-ayuntamiento-de-los-llanos-de-aridane-pone-en-marcha-durante-esta-navidad-un-taller-de-cesteria-creativa-para-ninas-y-ninos-del-municipio\/","url":"https:\/\/www.aridane.org\/city\/2022\/12\/05\/el-ayuntamiento-de-los-llanos-de-aridane-pone-en-marcha-durante-esta-navidad-un-taller-de-cesteria-creativa-para-ninas-y-ninos-del-municipio\/","name":"El Ayuntamiento de Los Llanos de Aridane pone en marcha durante esta Navidad un taller de cester\u00eda creativa para ni\u00f1as y ni\u00f1os del municipio - Ayuntamiento de Los Llanos de Aridane","isPartOf":{"@id":"https:\/\/www.aridane.org\/city\/#website"},"datePublished":"2022-12-05T11:27:58+00:00","dateModified":"2022-12-05T11:27:58+00:00","author":{"@id":"https:\/\/www.aridane.org\/city\/#\/schema\/person\/7d352ec7f29881716f298394432e7209"},"description":"El Ayuntamiento de Los Llanos de Aridane presenta el cartel y el programa de La Patrona 2021 con el lema \u201cRemedios, m\u00e1s que un nombre.\u201d","breadcrumb":{"@id":"https:\/\/www.aridane.org\/city\/2022\/12\/05\/el-ayuntamiento-de-los-llanos-de-aridane-pone-en-marcha-durante-esta-navidad-un-taller-de-cesteria-creativa-para-ninas-y-ninos-del-municipio\/#breadcrumb"},"inLanguage":"es","potentialAction":[{"@type":"ReadAction","target":["https:\/\/www.aridane.org\/city\/2022\/12\/05\/el-ayuntamiento-de-los-llanos-de-aridane-pone-en-marcha-durante-esta-navidad-un-taller-de-cesteria-creativa-para-ninas-y-ninos-del-municipio\/"]}]},{"@type":"BreadcrumbList","@id":"https:\/\/www.aridane.org\/city\/2022\/12\/05\/el-ayuntamiento-de-los-llanos-de-aridane-pone-en-marcha-durante-esta-navidad-un-taller-de-cesteria-creativa-para-ninas-y-ninos-del-municipio\/#breadcrumb","itemListElement":[{"@type":"ListItem","position":1,"name":"Portada","item":"https:\/\/www.aridane.org\/city\/"},{"@type":"ListItem","position":2,"name":"El Ayuntamiento de Los Llanos de Aridane pone en marcha durante esta Navidad un taller de cester\u00eda creativa para ni\u00f1as y ni\u00f1os del municipio"}]},{"@type":"WebSite","@id":"https:\/\/www.aridane.org\/city\/#website","url":"https:\/\/www.aridane.org\/city\/","name":"Ayuntamiento de Los Llanos de Aridane","description":"","potentialAction":[{"@type":"SearchAction","target":{"@type":"EntryPoint","urlTemplate":"https:\/\/www.aridane.org\/city\/?s={search_term_string}"},"query-input":"required name=search_term_string"}],"inLanguage":"es"},{"@type":"Person","@id":"https:\/\/www.aridane.org\/city\/#\/schema\/person\/7d352ec7f29881716f298394432e7209","name":"Richard Diaz","image":{"@type":"ImageObject","inLanguage":"es","@id":"https:\/\/www.aridane.org\/city\/#\/schema\/person\/image\/","url":"https:\/\/secure.gravatar.com\/avatar\/bacd6aefc26a4a204943090a4c596cd10f0857081ef3cfd12084a70ecb3161d5?s=96&d=mm&r=g","contentUrl":"https:\/\/secure.gravatar.com\/avatar\/bacd6aefc26a4a204943090a4c596cd10f0857081ef3cfd12084a70ecb3161d5?s=96&d=mm&r=g","caption":"Richard Diaz"},"sameAs":["https:\/\/www.aridane.org\/city"],"url":"https:\/\/www.aridane.org\/city\/author\/richard-diaz\/"}]}},"_links":{"self":[{"href":"https:\/\/www.aridane.org\/city\/wp-json\/wp\/v2\/posts\/1187","targetHints":{"allow":["GET"]}}],"collection":[{"href":"https:\/\/www.aridane.org\/city\/wp-json\/wp\/v2\/posts"}],"about":[{"href":"https:\/\/www.aridane.org\/city\/wp-json\/wp\/v2\/types\/post"}],"author":[{"embeddable":true,"href":"https:\/\/www.aridane.org\/city\/wp-json\/wp\/v2\/users\/1"}],"replies":[{"embeddable":true,"href":"https:\/\/www.aridane.org\/city\/wp-json\/wp\/v2\/comments?post=1187"}],"version-history":[{"count":0,"href":"https:\/\/www.aridane.org\/city\/wp-json\/wp\/v2\/posts\/1187\/revisions"}],"wp:attachment":[{"href":"https:\/\/www.aridane.org\/city\/wp-json\/wp\/v2\/media?parent=1187"}],"wp:term":[{"taxonomy":"category","embeddable":true,"href":"https:\/\/www.aridane.org\/city\/wp-json\/wp\/v2\/categories?post=1187"},{"taxonomy":"post_tag","embeddable":true,"href":"https:\/\/www.aridane.org\/city\/wp-json\/wp\/v2\/tags?post=1187"}],"curies":[{"name":"wp","href":"https:\/\/api.w.org\/{rel}","templated":true}]}}