{"id":1190,"date":"2022-12-06T09:30:05","date_gmt":"2022-12-06T09:30:05","guid":{"rendered":"https:\/\/aridane.org\/ciudad\/?p=1190"},"modified":"2022-12-06T09:30:05","modified_gmt":"2022-12-06T09:30:05","slug":"mas-de-1-000-adornos-hechos-de-manera-artesanal-engalanan-las-calles-de-los-llanos-de-aridane","status":"publish","type":"post","link":"https:\/\/www.aridane.org\/city\/2022\/12\/06\/mas-de-1-000-adornos-hechos-de-manera-artesanal-engalanan-las-calles-de-los-llanos-de-aridane\/","title":{"rendered":"M\u00e1s de 1.000 adornos hechos de manera artesanal engalanan las calles de Los Llanos de Aridane"},"content":{"rendered":"<section class=\"wpb-content-wrapper\"><p>[vc_row css_animation=\u00bb\u00bb row_type=\u00bbrow\u00bb use_row_as_full_screen_section=\u00bbno\u00bb type=\u00bbfull_width\u00bb angled_section=\u00bbno\u00bb text_align=\u00bbleft\u00bb background_image_as_pattern=\u00bbwithout_pattern\u00bb][vc_column][vc_row_inner row_type=\u00bbrow\u00bb type=\u00bbgrid\u00bb text_align=\u00bbleft\u00bb css_animation=\u00bb\u00bb][vc_column_inner][vc_empty_space height=\u00bb20px\u00bb][vc_column_text]<\/p>\n<ul>\n<li style=\"text-align: justify;\"><em>La concejal de Fiestas, M\u00f3nica Gonz\u00e1lez, pone en relieve la gran labor que han realizado, en tiempo r\u00e9cord, los vecinos y operarios del Ayuntamiento, cuyo trabajo e ilusi\u00f3n ha sido clave para la realizaci\u00f3n del decorado\u201d<\/em><\/li>\n<li style=\"text-align: justify;\"><em>Por su parte, Garc\u00eda Leal agradece a la A.F. Los Arrieros que un a\u00f1o m\u00e1s han puesto letra y m\u00fasica a estas fiestas tan especiales con su villancico \u2018Brilla Aridane, e invita a todos los ciudadanos a visitar Los Llanos de Aridane para seguir impulsando las compras y el consumo local.<\/em><\/li>\n<\/ul>\n<p>&nbsp;<\/p>\n<p style=\"text-align: justify;\"><strong>Los Llanos de Aridane, 6 de diciembre de 2022.-<\/strong> El Ayuntamiento de Los Llanos de Aridane a trav\u00e9s de la concejal de Fiestas, M\u00f3nica Gonz\u00e1lez, ha confirmado \u201cla realizaci\u00f3n de m\u00e1s de 1.000 adornos hechos a mano para engalanar las calles de Los Llanos de Aridane durante esta Navidad\u201d, se\u00f1ala.<\/p>\n<p style=\"text-align: justify;\">Gonz\u00e1lez explica que se han realizado 20 \u00e1rboles de Navidad de cinta blanca; 15 \u00e1rboles con los que se trata de imitar a los almendros; 200 tiras con 5.500 piedras entrelazadas; 22 bastidores de madera que est\u00e1n pintados a mano; 26 figuras de p\u00e1jaros realizados tambi\u00e9n a mano y a tama\u00f1o de gran escala; y m\u00e1s de 500 estrellas . \u201cTodo ello distribuido por el municipio, y realizado en tiempo r\u00e9cord, en tan solo tres meses, gracias al trabajo, esfuerzo e ilusi\u00f3n de los vecinos y operarios del Ayuntamiento, que han hecho posible todo este gran trabajo con el objetivo de que brille Aridane esta Navidad\u201d.<\/p>\n<p style=\"text-align: justify;\">Por su parte la alcaldesa, Noelia Garc\u00eda Leal, tambi\u00e9n ha tenido palabras de agradecimiento para todas las personas que han contribuido en el espectacular decorado de esta a\u00f1o, \u201cas\u00ed como a la A.F. Los Arrieros que con su villancico Brilla Los Llanos, que fue presentado el pasado viernes 2 durante el encendido navide\u00f1o, le han vuelto a poner, un a\u00f1o m\u00e1s, letra y m\u00fasica a esta Navidad 2022\/2023\u201d, se\u00f1ala.<\/p>\n<p style=\"text-align: justify;\">Adem\u00e1s, la alcaldesa invita a todos los palmeros, as\u00ed como a todas las personas que visiten la isla durante estos d\u00edas, \u201ca disfrutar del encendido navide\u00f1o, as\u00ed como de las numerosas actividades, para todas las edades, que se han preparado con el objetivo de seguir dinamizando el municipio e impulsando las compras y el consumo local\u201d.<\/p>\n<p style=\"text-align: justify;\">Por \u00faltimo, desde el Ayuntamiento de Los Llanos de Aridane se recuerda que \u201cpese a la dif\u00edcil situaci\u00f3n que vive el municipio como consecuencia de la erupci\u00f3n volc\u00e1nica, se va a seguir trabajando, sin descanso, para que esta Navidad est\u00e9 marcada por la esperanza y la ilusi\u00f3n, as\u00ed como en distintas acciones que sigan fomentando la recuperaci\u00f3n en la que ya se encuentra inmersa Los Llanos\u201d.<\/p>\n<p>[\/vc_column_text][vc_empty_space height=\u00bb20px\u00bb][\/vc_column_inner][\/vc_row_inner][\/vc_column][\/vc_row]<\/p>\n<\/section>","protected":false},"excerpt":{"rendered":"<p>[vc_row css_animation=\u00bb\u00bb row_type=\u00bbrow\u00bb use_row_as_full_screen_section=\u00bbno\u00bb type=\u00bbfull_width\u00bb angled_section=\u00bbno\u00bb text_align=\u00bbleft\u00bb background_image_as_pattern=\u00bbwithout_pattern\u00bb][vc_column][vc_row_inner row_type=\u00bbrow\u00bb type=\u00bbgrid\u00bb text_align=\u00bbleft\u00bb css_animation=\u00bb\u00bb][vc_column_inner][vc_empty_space height=\u00bb20px\u00bb][vc_column_text] La concejal de Fiestas, M\u00f3nica Gonz\u00e1lez, pone en relieve la gran labor que han realizado, en tiempo r\u00e9cord, los vecinos y operarios del Ayuntamiento, cuyo trabajo e ilusi\u00f3n ha sido clave para&#8230;<\/p>\n","protected":false},"author":1,"featured_media":0,"comment_status":"closed","ping_status":"open","sticky":false,"template":"","format":"standard","meta":{"footnotes":""},"categories":[6],"tags":[],"class_list":["post-1190","post","type-post","status-publish","format-standard","hentry","category-prensa"],"yoast_head":"<!-- This site is optimized with the Yoast SEO plugin v22.7 - https:\/\/yoast.com\/wordpress\/plugins\/seo\/ -->\n<title>M\u00e1s de 1.000 adornos hechos de manera artesanal engalanan las calles de Los Llanos de Aridane - Ayuntamiento de Los Llanos de Aridane<\/title>\n<meta name=\"description\" content=\"El Ayuntamiento de Los Llanos de Aridane presenta el cartel y el programa de La Patrona 2021 con el lema \u201cRemedios, m\u00e1s que un nombre.\u201d\" \/>\n<meta name=\"robots\" content=\"index, follow, max-snippet:-1, max-image-preview:large, max-video-preview:-1\" \/>\n<link rel=\"canonical\" href=\"https:\/\/www.aridane.org\/city\/2022\/12\/06\/mas-de-1-000-adornos-hechos-de-manera-artesanal-engalanan-las-calles-de-los-llanos-de-aridane\/\" \/>\n<meta property=\"og:locale\" content=\"es_ES\" \/>\n<meta property=\"og:type\" content=\"article\" \/>\n<meta property=\"og:title\" content=\"M\u00e1s de 1.000 adornos hechos de manera artesanal engalanan las calles de Los Llanos de Aridane - Ayuntamiento de Los Llanos de Aridane\" \/>\n<meta property=\"og:description\" content=\"El Ayuntamiento de Los Llanos de Aridane presenta el cartel y el programa de La Patrona 2021 con el lema \u201cRemedios, m\u00e1s que un nombre.\u201d\" \/>\n<meta property=\"og:url\" content=\"https:\/\/www.aridane.org\/city\/2022\/12\/06\/mas-de-1-000-adornos-hechos-de-manera-artesanal-engalanan-las-calles-de-los-llanos-de-aridane\/\" \/>\n<meta property=\"og:site_name\" content=\"Ayuntamiento de Los Llanos de Aridane\" \/>\n<meta property=\"article:published_time\" content=\"2022-12-06T09:30:05+00:00\" \/>\n<meta name=\"author\" content=\"Richard Diaz\" \/>\n<meta name=\"twitter:card\" content=\"summary_large_image\" \/>\n<meta name=\"twitter:label1\" content=\"Escrito por\" \/>\n\t<meta name=\"twitter:data1\" content=\"Richard Diaz\" \/>\n\t<meta name=\"twitter:label2\" content=\"Tiempo de lectura\" \/>\n\t<meta name=\"twitter:data2\" content=\"3 minutos\" \/>\n<script type=\"application\/ld+json\" class=\"yoast-schema-graph\">{\"@context\":\"https:\/\/schema.org\",\"@graph\":[{\"@type\":\"WebPage\",\"@id\":\"https:\/\/www.aridane.org\/city\/2022\/12\/06\/mas-de-1-000-adornos-hechos-de-manera-artesanal-engalanan-las-calles-de-los-llanos-de-aridane\/\",\"url\":\"https:\/\/www.aridane.org\/city\/2022\/12\/06\/mas-de-1-000-adornos-hechos-de-manera-artesanal-engalanan-las-calles-de-los-llanos-de-aridane\/\",\"name\":\"M\u00e1s de 1.000 adornos hechos de manera artesanal engalanan las calles de Los Llanos de Aridane - Ayuntamiento de Los Llanos de Aridane\",\"isPartOf\":{\"@id\":\"https:\/\/www.aridane.org\/city\/#website\"},\"datePublished\":\"2022-12-06T09:30:05+00:00\",\"dateModified\":\"2022-12-06T09:30:05+00:00\",\"author\":{\"@id\":\"https:\/\/www.aridane.org\/city\/#\/schema\/person\/7d352ec7f29881716f298394432e7209\"},\"description\":\"El Ayuntamiento de Los Llanos de Aridane presenta el cartel y el programa de La Patrona 2021 con el lema \u201cRemedios, m\u00e1s que un nombre.\u201d\",\"breadcrumb\":{\"@id\":\"https:\/\/www.aridane.org\/city\/2022\/12\/06\/mas-de-1-000-adornos-hechos-de-manera-artesanal-engalanan-las-calles-de-los-llanos-de-aridane\/#breadcrumb\"},\"inLanguage\":\"es\",\"potentialAction\":[{\"@type\":\"ReadAction\",\"target\":[\"https:\/\/www.aridane.org\/city\/2022\/12\/06\/mas-de-1-000-adornos-hechos-de-manera-artesanal-engalanan-las-calles-de-los-llanos-de-aridane\/\"]}]},{\"@type\":\"BreadcrumbList\",\"@id\":\"https:\/\/www.aridane.org\/city\/2022\/12\/06\/mas-de-1-000-adornos-hechos-de-manera-artesanal-engalanan-las-calles-de-los-llanos-de-aridane\/#breadcrumb\",\"itemListElement\":[{\"@type\":\"ListItem\",\"position\":1,\"name\":\"Portada\",\"item\":\"https:\/\/www.aridane.org\/city\/\"},{\"@type\":\"ListItem\",\"position\":2,\"name\":\"M\u00e1s de 1.000 adornos hechos de manera artesanal engalanan las calles de Los Llanos de Aridane\"}]},{\"@type\":\"WebSite\",\"@id\":\"https:\/\/www.aridane.org\/city\/#website\",\"url\":\"https:\/\/www.aridane.org\/city\/\",\"name\":\"Ayuntamiento de Los Llanos de Aridane\",\"description\":\"\",\"potentialAction\":[{\"@type\":\"SearchAction\",\"target\":{\"@type\":\"EntryPoint\",\"urlTemplate\":\"https:\/\/www.aridane.org\/city\/?s={search_term_string}\"},\"query-input\":\"required name=search_term_string\"}],\"inLanguage\":\"es\"},{\"@type\":\"Person\",\"@id\":\"https:\/\/www.aridane.org\/city\/#\/schema\/person\/7d352ec7f29881716f298394432e7209\",\"name\":\"Richard Diaz\",\"image\":{\"@type\":\"ImageObject\",\"inLanguage\":\"es\",\"@id\":\"https:\/\/www.aridane.org\/city\/#\/schema\/person\/image\/\",\"url\":\"https:\/\/secure.gravatar.com\/avatar\/bacd6aefc26a4a204943090a4c596cd10f0857081ef3cfd12084a70ecb3161d5?s=96&d=mm&r=g\",\"contentUrl\":\"https:\/\/secure.gravatar.com\/avatar\/bacd6aefc26a4a204943090a4c596cd10f0857081ef3cfd12084a70ecb3161d5?s=96&d=mm&r=g\",\"caption\":\"Richard Diaz\"},\"sameAs\":[\"https:\/\/www.aridane.org\/city\"],\"url\":\"https:\/\/www.aridane.org\/city\/author\/richard-diaz\/\"}]}<\/script>\n<!-- \/ Yoast SEO plugin. -->","yoast_head_json":{"title":"M\u00e1s de 1.000 adornos hechos de manera artesanal engalanan las calles de Los Llanos de Aridane - Ayuntamiento de Los Llanos de Aridane","description":"El Ayuntamiento de Los Llanos de Aridane presenta el cartel y el programa de La Patrona 2021 con el lema \u201cRemedios, m\u00e1s que un nombre.\u201d","robots":{"index":"index","follow":"follow","max-snippet":"max-snippet:-1","max-image-preview":"max-image-preview:large","max-video-preview":"max-video-preview:-1"},"canonical":"https:\/\/www.aridane.org\/city\/2022\/12\/06\/mas-de-1-000-adornos-hechos-de-manera-artesanal-engalanan-las-calles-de-los-llanos-de-aridane\/","og_locale":"es_ES","og_type":"article","og_title":"M\u00e1s de 1.000 adornos hechos de manera artesanal engalanan las calles de Los Llanos de Aridane - Ayuntamiento de Los Llanos de Aridane","og_description":"El Ayuntamiento de Los Llanos de Aridane presenta el cartel y el programa de La Patrona 2021 con el lema \u201cRemedios, m\u00e1s que un nombre.\u201d","og_url":"https:\/\/www.aridane.org\/city\/2022\/12\/06\/mas-de-1-000-adornos-hechos-de-manera-artesanal-engalanan-las-calles-de-los-llanos-de-aridane\/","og_site_name":"Ayuntamiento de Los Llanos de Aridane","article_published_time":"2022-12-06T09:30:05+00:00","author":"Richard Diaz","twitter_card":"summary_large_image","twitter_misc":{"Escrito por":"Richard Diaz","Tiempo de lectura":"3 minutos"},"schema":{"@context":"https:\/\/schema.org","@graph":[{"@type":"WebPage","@id":"https:\/\/www.aridane.org\/city\/2022\/12\/06\/mas-de-1-000-adornos-hechos-de-manera-artesanal-engalanan-las-calles-de-los-llanos-de-aridane\/","url":"https:\/\/www.aridane.org\/city\/2022\/12\/06\/mas-de-1-000-adornos-hechos-de-manera-artesanal-engalanan-las-calles-de-los-llanos-de-aridane\/","name":"M\u00e1s de 1.000 adornos hechos de manera artesanal engalanan las calles de Los Llanos de Aridane - Ayuntamiento de Los Llanos de Aridane","isPartOf":{"@id":"https:\/\/www.aridane.org\/city\/#website"},"datePublished":"2022-12-06T09:30:05+00:00","dateModified":"2022-12-06T09:30:05+00:00","author":{"@id":"https:\/\/www.aridane.org\/city\/#\/schema\/person\/7d352ec7f29881716f298394432e7209"},"description":"El Ayuntamiento de Los Llanos de Aridane presenta el cartel y el programa de La Patrona 2021 con el lema \u201cRemedios, m\u00e1s que un nombre.\u201d","breadcrumb":{"@id":"https:\/\/www.aridane.org\/city\/2022\/12\/06\/mas-de-1-000-adornos-hechos-de-manera-artesanal-engalanan-las-calles-de-los-llanos-de-aridane\/#breadcrumb"},"inLanguage":"es","potentialAction":[{"@type":"ReadAction","target":["https:\/\/www.aridane.org\/city\/2022\/12\/06\/mas-de-1-000-adornos-hechos-de-manera-artesanal-engalanan-las-calles-de-los-llanos-de-aridane\/"]}]},{"@type":"BreadcrumbList","@id":"https:\/\/www.aridane.org\/city\/2022\/12\/06\/mas-de-1-000-adornos-hechos-de-manera-artesanal-engalanan-las-calles-de-los-llanos-de-aridane\/#breadcrumb","itemListElement":[{"@type":"ListItem","position":1,"name":"Portada","item":"https:\/\/www.aridane.org\/city\/"},{"@type":"ListItem","position":2,"name":"M\u00e1s de 1.000 adornos hechos de manera artesanal engalanan las calles de Los Llanos de Aridane"}]},{"@type":"WebSite","@id":"https:\/\/www.aridane.org\/city\/#website","url":"https:\/\/www.aridane.org\/city\/","name":"Ayuntamiento de Los Llanos de Aridane","description":"","potentialAction":[{"@type":"SearchAction","target":{"@type":"EntryPoint","urlTemplate":"https:\/\/www.aridane.org\/city\/?s={search_term_string}"},"query-input":"required name=search_term_string"}],"inLanguage":"es"},{"@type":"Person","@id":"https:\/\/www.aridane.org\/city\/#\/schema\/person\/7d352ec7f29881716f298394432e7209","name":"Richard Diaz","image":{"@type":"ImageObject","inLanguage":"es","@id":"https:\/\/www.aridane.org\/city\/#\/schema\/person\/image\/","url":"https:\/\/secure.gravatar.com\/avatar\/bacd6aefc26a4a204943090a4c596cd10f0857081ef3cfd12084a70ecb3161d5?s=96&d=mm&r=g","contentUrl":"https:\/\/secure.gravatar.com\/avatar\/bacd6aefc26a4a204943090a4c596cd10f0857081ef3cfd12084a70ecb3161d5?s=96&d=mm&r=g","caption":"Richard Diaz"},"sameAs":["https:\/\/www.aridane.org\/city"],"url":"https:\/\/www.aridane.org\/city\/author\/richard-diaz\/"}]}},"_links":{"self":[{"href":"https:\/\/www.aridane.org\/city\/wp-json\/wp\/v2\/posts\/1190","targetHints":{"allow":["GET"]}}],"collection":[{"href":"https:\/\/www.aridane.org\/city\/wp-json\/wp\/v2\/posts"}],"about":[{"href":"https:\/\/www.aridane.org\/city\/wp-json\/wp\/v2\/types\/post"}],"author":[{"embeddable":true,"href":"https:\/\/www.aridane.org\/city\/wp-json\/wp\/v2\/users\/1"}],"replies":[{"embeddable":true,"href":"https:\/\/www.aridane.org\/city\/wp-json\/wp\/v2\/comments?post=1190"}],"version-history":[{"count":0,"href":"https:\/\/www.aridane.org\/city\/wp-json\/wp\/v2\/posts\/1190\/revisions"}],"wp:attachment":[{"href":"https:\/\/www.aridane.org\/city\/wp-json\/wp\/v2\/media?parent=1190"}],"wp:term":[{"taxonomy":"category","embeddable":true,"href":"https:\/\/www.aridane.org\/city\/wp-json\/wp\/v2\/categories?post=1190"},{"taxonomy":"post_tag","embeddable":true,"href":"https:\/\/www.aridane.org\/city\/wp-json\/wp\/v2\/tags?post=1190"}],"curies":[{"name":"wp","href":"https:\/\/api.w.org\/{rel}","templated":true}]}}