{"id":1191,"date":"2022-12-07T09:37:44","date_gmt":"2022-12-07T09:37:44","guid":{"rendered":"https:\/\/aridane.org\/ciudad\/?p=1191"},"modified":"2022-12-07T09:37:44","modified_gmt":"2022-12-07T09:37:44","slug":"los-llanos-contara-este-puente-con-una-gran-programacion-cultural-para-todas-las-edades-y-gustos","status":"publish","type":"post","link":"https:\/\/www.aridane.org\/city\/2022\/12\/07\/los-llanos-contara-este-puente-con-una-gran-programacion-cultural-para-todas-las-edades-y-gustos\/","title":{"rendered":"Los Llanos contar\u00e1 este puente con una gran programaci\u00f3n cultural para todas las edades y gustos"},"content":{"rendered":"<section class=\"wpb-content-wrapper\"><p>[vc_row css_animation=\u00bb\u00bb row_type=\u00bbrow\u00bb use_row_as_full_screen_section=\u00bbno\u00bb type=\u00bbfull_width\u00bb angled_section=\u00bbno\u00bb text_align=\u00bbleft\u00bb background_image_as_pattern=\u00bbwithout_pattern\u00bb][vc_column][vc_row_inner row_type=\u00bbrow\u00bb type=\u00bbgrid\u00bb text_align=\u00bbleft\u00bb css_animation=\u00bb\u00bb][vc_column_inner][vc_empty_space height=\u00bb20px\u00bb][vc_column_text]<\/p>\n<p style=\"text-align: justify;\"><strong>Los Llanos de Aridane, 7 de diciembre de 2022.-<\/strong> El Ayuntamiento de Los Llanos de Aridane a trav\u00e9s de la concejal de Cultura, Charo Gonz\u00e1lez, informa que \u201ceste puente Los Llanos contar\u00e1 con un importante n\u00famero de actividades culturales, destinado a todas las edades y gustos, y cuyos escenarios ser\u00e1n el Espacio Cultural El Secadero y la Plaza de Espa\u00f1a\u201d, se\u00f1ala.<\/p>\n<p style=\"text-align: centjustifyer;\">Gonz\u00e1lez explica que ma\u00f1ana, jueves 8 de diciembre, a partir de las 19:00 horas, con entrada libre, en el Espacio Cultural El Secadero tendr\u00e1 lugar \u2018Bocados Sonoros Especial Nuestros Mayores. Qu\u00e9 suerte tengo de cantarles y contarles\u2019, con \u00c1ngel Acosta. \u201cUn repaso cantado y narrado por la vida de este artista palmero a lo largo de sus 50 a\u00f1os de profesi\u00f3n entre Venezuela y Espa\u00f1a\u201d.<\/p>\n<p style=\"text-align: justify;\">El viernes 9 de diciembre, tambi\u00e9n en el Espacio Cultural El Secadero a partir de las 19:00 horas, se desarrollar\u00e1 \u2018Secadero en Tablas. El Sue\u00f1o y la Vigilia\u2019, de Atlantes Teatro, patrocinado por MARES. La entrada se puede reservar en www.tuticketlapalma.com , al precio de 5 \u20ac.<\/p>\n<p style=\"text-align: justify;\">Se trata, afirma la concejal, de dos artistas \u00abELLA\u00bb una vedette retirada, \u00ab\u00c9L\u00bb un actor de teatro cl\u00e1sico, que esperan vigilantes la hora de la muerte en un asilo para actores sin recursos, y el amor los sorprende en un tri\u00e1ngulo amoroso con Shakespeare de fondo, en el l\u00edmite de sus vidas. Este encuentro es el disparador para hablar con \u2018alegr\u00eda y desde el humor\u2019, de \u2018la vejez y la juventud\u2019, de &#8216;muerte y vida&#8217;, pero tambi\u00e9n de \u2018soledad y el amor\u2019 , de lo \u2018trascendente y lo eterno\u2019 .<\/p>\n<p style=\"text-align: justify;\">\u00abEl \u00a0Sue\u00f1o y la Vigilia\u00bb es una obra que quiere hablar en definitiva de la esperanza, que nos da pie para acercarnos a la nueva tercera edad, proponiendo un nuevo acercamiento a un tema recurrente en el autor: la conflictiva relaci\u00f3n entre ficci\u00f3n y realidad. Sin ret\u00f3ricas discursivas, Juan Carlos Gen\u00e9 construye con esta peque\u00f1a historia un s\u00edmbolo de la trascendencia del arte\u201d, se\u00f1ala Gonz\u00e1lez.<\/p>\n<p style=\"text-align: justify;\">Mientras, a partir de las 20:00 horas en la Plaza de Espa\u00f1a tendr\u00e1 lugar el concierto \u2018Canarias All Starts\u2019. Algunas de las m\u00e1s destacadas figuras de la escena musical canaria y el ancho abanico de estilos se encontrar\u00e1n el viernes en un solo escenario: el folklore y las fusiones de Luisa Machado y Alberto M\u00e9ndez, el jazz de Kike Perdomo y Torsten de Winkel, el claqu\u00e9 y la percusi\u00f3n corporal de Jep Melendez, Ismailah, cantante y finalista de Got Talent Espa\u00f1a 2019 y sus invitados formaron parte de una narrativa art\u00edstica m\u00e1s all\u00e1 de lo com\u00fan.<\/p>\n<p style=\"text-align: justify;\">Para el s\u00e1bado, 10 de diciembre, se ha preparado a partir de las 20:00 horas en el Espacio Cultural El Secadero, \u2018Bocados Sonoros. La Palma Jazz Tr\u00edo\u2019, con el guitarrista Alexander Sputh, la chelista Cary Varona y el bater\u00eda Pepetoni Tamarit. La entrada se puede reservar en <a href=\"http:\/\/www.tuticketlapalma.com\">www.tuticketlapalma.com<\/a>, al precio de 5\u20ac.<\/p>\n<p style=\"text-align: justify;\">La concejal recuerda que estos m\u00fasicos deciden crear un tr\u00edo que da vida al espacio sonoro del jazz m\u00e1s natural y aut\u00e9ntico donde solo vale la destreza de afinaci\u00f3n y gusto y una brillante t\u00e9cnica. Las composiciones de Sputh es el lugar donde se hace esto posible siendo exquisitas y elegantes tal como debe ser el jazz. Sus temas son atemporales como los g\u00e9neros que se interpretan. Blues, bossa, funk, etc. En este tr\u00edo el instrumento a destacar es el violonchelo como aporte sonoro, nada tradicional en un tr\u00edo de jazz y ciertas sorpresas vocales.<\/p>\n<p style=\"text-align: justify;\">El domingo, 11 de diciembre, a partir de las 12:00 horas en la Plaza de Espa\u00f1a, tendr\u00e1 lugar el concierto `Libres. Voces de mujeres\u2019. La concejal explica que `LIBRES\u2019 es la producci\u00f3n discogr\u00e1fica de la trilog\u00eda \u2018Voces de Mujer\u2019, Centro de la Cultura Popular Canaria, CCPC) La protagoniza un elenco de 10 cantantes canarias procedentes de todo el Archipi\u00e9lago, de distintas generaciones y con itinerarios art\u00edsticos tan diversos como plausibles. Cada una de ellas imprime su sello personal en hermosas canciones universales enraizadas en diferentes culturas del mundo latino y atravesadas por el imprescindible discurso feminista. Algunas de estas composiciones constituyen verdaderos himnos de la lucha de las mujeres por la igualdad. La banda de este espect\u00e1culo est\u00e1 formada por 6 m\u00fasicos de reconocida trayectoria. Una presentadora esbozar\u00e1 la trayectoria de cada artista y una pincelada sobre su canci\u00f3n. Con estos conciertos en distintos escenarios de las Islas se pretende coadyuvar al cambio de mentalidad colectiva para erradicar las violencias machistas y normalizar que las mujeres, la mitad de la poblaci\u00f3n mundial, sean sujeto de los Derechos Humanos en toda su plenitud. Intervendr\u00e1n 3 invitadas del municipio: 2 j\u00f3venes estudiantes y una escritora, que se referir\u00e1n al futuro de la poblaci\u00f3n palmera tras el volc\u00e1n en el marco de los Objetivos de Desarrollo Sostenible.<\/p>\n<p style=\"text-align: justify;\">A esa misma hora, a las 12:00, en el Espacio Cultural El Secadero, los m\u00e1s peque\u00f1os de la casa podr\u00e1n disfrutar de Menudo Teatro, patrocinado por el Cabildo de La Palma y organizado por la Biblioteca P\u00fablica Municipal Mar\u00eda Nieves P\u00e9rez Acosta dentro de sus proyectos de fomento de la lectura, y que esta semana nos acercar\u00e1 hasta la historia de \u2018Al\u00ed Babi y los 40 ladrones\u2019. Est\u00e1 organizado por Boboril teatro, y las entradas se pueden reservar en\u00a0 www.tuticketlapalma.com al precio de 3\u20ac.<\/p>\n<p style=\"text-align: justify;\">Al\u00ed Bab\u00e1 es un le\u00f1ador de Persia. Un d\u00eda, mientras recog\u00eda le\u00f1a en el bosque, oy\u00f3 un gran estruendo. Asustado, se esconde entre las ramas de un \u00e1rbol y ve c\u00f3mo cuarenta ladrones se detienen ante una roca enorme junto a una monta\u00f1a.<\/p>\n<p style=\"text-align: justify;\">El jefe de los ladrones exclama \u00ab\u00a1\u00c1brete, S\u00e9samo!\u00bb, y la roca se aparta para dejar abierta la entrada a una cueva.<\/p>\n<p style=\"text-align: justify;\">Por \u00faltimo, desde el Ayuntamiento de Los Llanos de Aridane se invita a todas las personas que lo deseen a participar en estas actividades.<\/p>\n<p>[\/vc_column_text][vc_empty_space height=\u00bb20px\u00bb][\/vc_column_inner][\/vc_row_inner][\/vc_column][\/vc_row]<\/p>\n<\/section>","protected":false},"excerpt":{"rendered":"<p>[vc_row css_animation=\u00bb\u00bb row_type=\u00bbrow\u00bb use_row_as_full_screen_section=\u00bbno\u00bb type=\u00bbfull_width\u00bb angled_section=\u00bbno\u00bb text_align=\u00bbleft\u00bb background_image_as_pattern=\u00bbwithout_pattern\u00bb][vc_column][vc_row_inner row_type=\u00bbrow\u00bb type=\u00bbgrid\u00bb text_align=\u00bbleft\u00bb css_animation=\u00bb\u00bb][vc_column_inner][vc_empty_space height=\u00bb20px\u00bb][vc_column_text] Los Llanos de Aridane, 7 de diciembre de 2022.- El Ayuntamiento de Los Llanos de Aridane a trav\u00e9s de la concejal de Cultura, Charo Gonz\u00e1lez, informa que \u201ceste puente Los Llanos contar\u00e1&#8230;<\/p>\n","protected":false},"author":1,"featured_media":0,"comment_status":"closed","ping_status":"open","sticky":false,"template":"","format":"standard","meta":{"footnotes":""},"categories":[6],"tags":[],"class_list":["post-1191","post","type-post","status-publish","format-standard","hentry","category-prensa"],"yoast_head":"<!-- This site is optimized with the Yoast SEO plugin v22.7 - https:\/\/yoast.com\/wordpress\/plugins\/seo\/ -->\n<title>Los Llanos contar\u00e1 este puente con una gran programaci\u00f3n cultural para todas las edades y gustos - Ayuntamiento de Los Llanos de Aridane<\/title>\n<meta name=\"description\" content=\"El Ayuntamiento de Los Llanos de Aridane presenta el cartel y el programa de La Patrona 2021 con el lema \u201cRemedios, m\u00e1s que un nombre.\u201d\" \/>\n<meta name=\"robots\" content=\"index, follow, max-snippet:-1, max-image-preview:large, max-video-preview:-1\" \/>\n<link rel=\"canonical\" href=\"https:\/\/www.aridane.org\/city\/2022\/12\/07\/los-llanos-contara-este-puente-con-una-gran-programacion-cultural-para-todas-las-edades-y-gustos\/\" \/>\n<meta property=\"og:locale\" content=\"es_ES\" \/>\n<meta property=\"og:type\" content=\"article\" \/>\n<meta property=\"og:title\" content=\"Los Llanos contar\u00e1 este puente con una gran programaci\u00f3n cultural para todas las edades y gustos - Ayuntamiento de Los Llanos de Aridane\" \/>\n<meta property=\"og:description\" content=\"El Ayuntamiento de Los Llanos de Aridane presenta el cartel y el programa de La Patrona 2021 con el lema \u201cRemedios, m\u00e1s que un nombre.\u201d\" \/>\n<meta property=\"og:url\" content=\"https:\/\/www.aridane.org\/city\/2022\/12\/07\/los-llanos-contara-este-puente-con-una-gran-programacion-cultural-para-todas-las-edades-y-gustos\/\" \/>\n<meta property=\"og:site_name\" content=\"Ayuntamiento de Los Llanos de Aridane\" \/>\n<meta property=\"article:published_time\" content=\"2022-12-07T09:37:44+00:00\" \/>\n<meta name=\"author\" content=\"Richard Diaz\" \/>\n<meta name=\"twitter:card\" content=\"summary_large_image\" \/>\n<meta name=\"twitter:label1\" content=\"Escrito por\" \/>\n\t<meta name=\"twitter:data1\" content=\"Richard Diaz\" \/>\n\t<meta name=\"twitter:label2\" content=\"Tiempo de lectura\" \/>\n\t<meta name=\"twitter:data2\" content=\"5 minutos\" \/>\n<script type=\"application\/ld+json\" class=\"yoast-schema-graph\">{\"@context\":\"https:\/\/schema.org\",\"@graph\":[{\"@type\":\"WebPage\",\"@id\":\"https:\/\/www.aridane.org\/city\/2022\/12\/07\/los-llanos-contara-este-puente-con-una-gran-programacion-cultural-para-todas-las-edades-y-gustos\/\",\"url\":\"https:\/\/www.aridane.org\/city\/2022\/12\/07\/los-llanos-contara-este-puente-con-una-gran-programacion-cultural-para-todas-las-edades-y-gustos\/\",\"name\":\"Los Llanos contar\u00e1 este puente con una gran programaci\u00f3n cultural para todas las edades y gustos - Ayuntamiento de Los Llanos de Aridane\",\"isPartOf\":{\"@id\":\"https:\/\/www.aridane.org\/city\/#website\"},\"datePublished\":\"2022-12-07T09:37:44+00:00\",\"dateModified\":\"2022-12-07T09:37:44+00:00\",\"author\":{\"@id\":\"https:\/\/www.aridane.org\/city\/#\/schema\/person\/7d352ec7f29881716f298394432e7209\"},\"description\":\"El Ayuntamiento de Los Llanos de Aridane presenta el cartel y el programa de La Patrona 2021 con el lema \u201cRemedios, m\u00e1s que un nombre.\u201d\",\"breadcrumb\":{\"@id\":\"https:\/\/www.aridane.org\/city\/2022\/12\/07\/los-llanos-contara-este-puente-con-una-gran-programacion-cultural-para-todas-las-edades-y-gustos\/#breadcrumb\"},\"inLanguage\":\"es\",\"potentialAction\":[{\"@type\":\"ReadAction\",\"target\":[\"https:\/\/www.aridane.org\/city\/2022\/12\/07\/los-llanos-contara-este-puente-con-una-gran-programacion-cultural-para-todas-las-edades-y-gustos\/\"]}]},{\"@type\":\"BreadcrumbList\",\"@id\":\"https:\/\/www.aridane.org\/city\/2022\/12\/07\/los-llanos-contara-este-puente-con-una-gran-programacion-cultural-para-todas-las-edades-y-gustos\/#breadcrumb\",\"itemListElement\":[{\"@type\":\"ListItem\",\"position\":1,\"name\":\"Portada\",\"item\":\"https:\/\/www.aridane.org\/city\/\"},{\"@type\":\"ListItem\",\"position\":2,\"name\":\"Los Llanos contar\u00e1 este puente con una gran programaci\u00f3n cultural para todas las edades y gustos\"}]},{\"@type\":\"WebSite\",\"@id\":\"https:\/\/www.aridane.org\/city\/#website\",\"url\":\"https:\/\/www.aridane.org\/city\/\",\"name\":\"Ayuntamiento de Los Llanos de Aridane\",\"description\":\"\",\"potentialAction\":[{\"@type\":\"SearchAction\",\"target\":{\"@type\":\"EntryPoint\",\"urlTemplate\":\"https:\/\/www.aridane.org\/city\/?s={search_term_string}\"},\"query-input\":\"required name=search_term_string\"}],\"inLanguage\":\"es\"},{\"@type\":\"Person\",\"@id\":\"https:\/\/www.aridane.org\/city\/#\/schema\/person\/7d352ec7f29881716f298394432e7209\",\"name\":\"Richard Diaz\",\"image\":{\"@type\":\"ImageObject\",\"inLanguage\":\"es\",\"@id\":\"https:\/\/www.aridane.org\/city\/#\/schema\/person\/image\/\",\"url\":\"https:\/\/secure.gravatar.com\/avatar\/bacd6aefc26a4a204943090a4c596cd10f0857081ef3cfd12084a70ecb3161d5?s=96&d=mm&r=g\",\"contentUrl\":\"https:\/\/secure.gravatar.com\/avatar\/bacd6aefc26a4a204943090a4c596cd10f0857081ef3cfd12084a70ecb3161d5?s=96&d=mm&r=g\",\"caption\":\"Richard Diaz\"},\"sameAs\":[\"https:\/\/www.aridane.org\/city\"],\"url\":\"https:\/\/www.aridane.org\/city\/author\/richard-diaz\/\"}]}<\/script>\n<!-- \/ Yoast SEO plugin. -->","yoast_head_json":{"title":"Los Llanos contar\u00e1 este puente con una gran programaci\u00f3n cultural para todas las edades y gustos - Ayuntamiento de Los Llanos de Aridane","description":"El Ayuntamiento de Los Llanos de Aridane presenta el cartel y el programa de La Patrona 2021 con el lema \u201cRemedios, m\u00e1s que un nombre.\u201d","robots":{"index":"index","follow":"follow","max-snippet":"max-snippet:-1","max-image-preview":"max-image-preview:large","max-video-preview":"max-video-preview:-1"},"canonical":"https:\/\/www.aridane.org\/city\/2022\/12\/07\/los-llanos-contara-este-puente-con-una-gran-programacion-cultural-para-todas-las-edades-y-gustos\/","og_locale":"es_ES","og_type":"article","og_title":"Los Llanos contar\u00e1 este puente con una gran programaci\u00f3n cultural para todas las edades y gustos - Ayuntamiento de Los Llanos de Aridane","og_description":"El Ayuntamiento de Los Llanos de Aridane presenta el cartel y el programa de La Patrona 2021 con el lema \u201cRemedios, m\u00e1s que un nombre.\u201d","og_url":"https:\/\/www.aridane.org\/city\/2022\/12\/07\/los-llanos-contara-este-puente-con-una-gran-programacion-cultural-para-todas-las-edades-y-gustos\/","og_site_name":"Ayuntamiento de Los Llanos de Aridane","article_published_time":"2022-12-07T09:37:44+00:00","author":"Richard Diaz","twitter_card":"summary_large_image","twitter_misc":{"Escrito por":"Richard Diaz","Tiempo de lectura":"5 minutos"},"schema":{"@context":"https:\/\/schema.org","@graph":[{"@type":"WebPage","@id":"https:\/\/www.aridane.org\/city\/2022\/12\/07\/los-llanos-contara-este-puente-con-una-gran-programacion-cultural-para-todas-las-edades-y-gustos\/","url":"https:\/\/www.aridane.org\/city\/2022\/12\/07\/los-llanos-contara-este-puente-con-una-gran-programacion-cultural-para-todas-las-edades-y-gustos\/","name":"Los Llanos contar\u00e1 este puente con una gran programaci\u00f3n cultural para todas las edades y gustos - Ayuntamiento de Los Llanos de Aridane","isPartOf":{"@id":"https:\/\/www.aridane.org\/city\/#website"},"datePublished":"2022-12-07T09:37:44+00:00","dateModified":"2022-12-07T09:37:44+00:00","author":{"@id":"https:\/\/www.aridane.org\/city\/#\/schema\/person\/7d352ec7f29881716f298394432e7209"},"description":"El Ayuntamiento de Los Llanos de Aridane presenta el cartel y el programa de La Patrona 2021 con el lema \u201cRemedios, m\u00e1s que un nombre.\u201d","breadcrumb":{"@id":"https:\/\/www.aridane.org\/city\/2022\/12\/07\/los-llanos-contara-este-puente-con-una-gran-programacion-cultural-para-todas-las-edades-y-gustos\/#breadcrumb"},"inLanguage":"es","potentialAction":[{"@type":"ReadAction","target":["https:\/\/www.aridane.org\/city\/2022\/12\/07\/los-llanos-contara-este-puente-con-una-gran-programacion-cultural-para-todas-las-edades-y-gustos\/"]}]},{"@type":"BreadcrumbList","@id":"https:\/\/www.aridane.org\/city\/2022\/12\/07\/los-llanos-contara-este-puente-con-una-gran-programacion-cultural-para-todas-las-edades-y-gustos\/#breadcrumb","itemListElement":[{"@type":"ListItem","position":1,"name":"Portada","item":"https:\/\/www.aridane.org\/city\/"},{"@type":"ListItem","position":2,"name":"Los Llanos contar\u00e1 este puente con una gran programaci\u00f3n cultural para todas las edades y gustos"}]},{"@type":"WebSite","@id":"https:\/\/www.aridane.org\/city\/#website","url":"https:\/\/www.aridane.org\/city\/","name":"Ayuntamiento de Los Llanos de Aridane","description":"","potentialAction":[{"@type":"SearchAction","target":{"@type":"EntryPoint","urlTemplate":"https:\/\/www.aridane.org\/city\/?s={search_term_string}"},"query-input":"required name=search_term_string"}],"inLanguage":"es"},{"@type":"Person","@id":"https:\/\/www.aridane.org\/city\/#\/schema\/person\/7d352ec7f29881716f298394432e7209","name":"Richard Diaz","image":{"@type":"ImageObject","inLanguage":"es","@id":"https:\/\/www.aridane.org\/city\/#\/schema\/person\/image\/","url":"https:\/\/secure.gravatar.com\/avatar\/bacd6aefc26a4a204943090a4c596cd10f0857081ef3cfd12084a70ecb3161d5?s=96&d=mm&r=g","contentUrl":"https:\/\/secure.gravatar.com\/avatar\/bacd6aefc26a4a204943090a4c596cd10f0857081ef3cfd12084a70ecb3161d5?s=96&d=mm&r=g","caption":"Richard Diaz"},"sameAs":["https:\/\/www.aridane.org\/city"],"url":"https:\/\/www.aridane.org\/city\/author\/richard-diaz\/"}]}},"_links":{"self":[{"href":"https:\/\/www.aridane.org\/city\/wp-json\/wp\/v2\/posts\/1191","targetHints":{"allow":["GET"]}}],"collection":[{"href":"https:\/\/www.aridane.org\/city\/wp-json\/wp\/v2\/posts"}],"about":[{"href":"https:\/\/www.aridane.org\/city\/wp-json\/wp\/v2\/types\/post"}],"author":[{"embeddable":true,"href":"https:\/\/www.aridane.org\/city\/wp-json\/wp\/v2\/users\/1"}],"replies":[{"embeddable":true,"href":"https:\/\/www.aridane.org\/city\/wp-json\/wp\/v2\/comments?post=1191"}],"version-history":[{"count":0,"href":"https:\/\/www.aridane.org\/city\/wp-json\/wp\/v2\/posts\/1191\/revisions"}],"wp:attachment":[{"href":"https:\/\/www.aridane.org\/city\/wp-json\/wp\/v2\/media?parent=1191"}],"wp:term":[{"taxonomy":"category","embeddable":true,"href":"https:\/\/www.aridane.org\/city\/wp-json\/wp\/v2\/categories?post=1191"},{"taxonomy":"post_tag","embeddable":true,"href":"https:\/\/www.aridane.org\/city\/wp-json\/wp\/v2\/tags?post=1191"}],"curies":[{"name":"wp","href":"https:\/\/api.w.org\/{rel}","templated":true}]}}