{"id":1196,"date":"2022-12-09T12:46:33","date_gmt":"2022-12-09T12:46:33","guid":{"rendered":"https:\/\/aridane.org\/ciudad\/?p=1196"},"modified":"2022-12-09T12:46:33","modified_gmt":"2022-12-09T12:46:33","slug":"el-ayuntamiento-de-los-llanos-de-aridane-pone-en-valor-el-importante-trabajo-realizado-por-los-profesionales-contratados-a-traves-del-plan-extraordinario-de-empleo-y-formacion","status":"publish","type":"post","link":"https:\/\/www.aridane.org\/city\/2022\/12\/09\/el-ayuntamiento-de-los-llanos-de-aridane-pone-en-valor-el-importante-trabajo-realizado-por-los-profesionales-contratados-a-traves-del-plan-extraordinario-de-empleo-y-formacion\/","title":{"rendered":"El Ayuntamiento de Los Llanos de Aridane pone en valor el importante trabajo realizado por los profesionales contratados a trav\u00e9s del Plan Extraordinario de Empleo y Formaci\u00f3n"},"content":{"rendered":"<section class=\"wpb-content-wrapper\"><p>[vc_row css_animation=\u00bb\u00bb row_type=\u00bbrow\u00bb use_row_as_full_screen_section=\u00bbno\u00bb type=\u00bbfull_width\u00bb angled_section=\u00bbno\u00bb text_align=\u00bbleft\u00bb background_image_as_pattern=\u00bbwithout_pattern\u00bb][vc_column][vc_row_inner row_type=\u00bbrow\u00bb type=\u00bbgrid\u00bb text_align=\u00bbleft\u00bb css_animation=\u00bb\u00bb][vc_column_inner][vc_empty_space height=\u00bb20px\u00bb][vc_column_text]<\/p>\n<ul>\n<li style=\"text-align: justify;\"><em>La concejal de Empleo, Elena Concepci\u00f3n, se\u00f1ala que estos 218 profesionales han jugado un papel clave en la reconstrucci\u00f3n del municipio, a lo largo de este a\u00f1o, desempe\u00f1ando sus funciones en las obras de recuperaci\u00f3n; prestando apoyo psicol\u00f3gico a los afectados; permitiendo la puesta en marcha de la Oficina de Atenci\u00f3n a los damnificados del Volc\u00e1n, en la que los afectados han recibido una atenci\u00f3n y servicio integral; y contribuyendo a ser una administraci\u00f3n m\u00e1s \u00e1gil y eficaz.<\/em><\/li>\n<li style=\"text-align: justify;\"><em>Por su parte, Garc\u00eda Leal recuerda que los Planes de Empleo son de especial importancia en un momento como el que vive el municipio, por lo que pide que se renueve cuanto antes.<\/em><\/li>\n<\/ul>\n<p>&nbsp;<\/p>\n<p style=\"text-align: justify;\"><strong>Los Llanos de Aridane, 9 de diciembre de 2022.-<\/strong> El Ayuntamiento de Los Llanos de Aridane a trav\u00e9s del concejal de Empleo, Elena Concepci\u00f3n, ha puesto en valor la encomiable labor que han realizado los 218 profesionales, contratados durante este a\u00f1o, a trav\u00e9s del Plan de Empleo y Formaci\u00f3n, financiado por el Gobierno de Espa\u00f1a y el Gobierno de Canarias, \u201ccuyo trabajo ha sido clave para la reconstrucci\u00f3n en la que ya se encuentra inmersa el municipio\u201d, se\u00f1ala.<\/p>\n<p style=\"text-align: justify;\">Por su parte, la alcaldesa, Noelia Garc\u00eda Leal, ha subrayado el importante papel que juegan los planes de Empleo en un momento como el que vive el municipio, \u201cya que adem\u00e1s de permitir que desempleados se incorporen al mundo laboral, tambi\u00e9n nos ayuda a atender las necesidades m\u00e1s pr\u00f3ximas de nuestros vecinos, dar respuesta a sus demandas, y contribuye a que el Ayuntamiento sea una administraci\u00f3n m\u00e1s r\u00e1pida y eficaz. Por lo que esperamos que pronto podamos volver a contar con el nuevo Plan de Empleo, porque su puesta en marcha es fundamental para seguir trabajando en la recuperaci\u00f3n\u201d, asegura.<\/p>\n<p style=\"text-align: justify;\">Concepci\u00f3n explica que dentro del \u00e1rea de Acci\u00f3n Social \u201clos profesionales contratados han atendido y ofrecido apoyo todas las personas que han acudido hasta los Servicios Sociales del Consistorio, y les han acompa\u00f1ado en su d\u00eda a d\u00eda, adem\u00e1s de orientarlos laboralmente y en su econom\u00eda con el fin de ayudarles en la realizaci\u00f3n y gesti\u00f3n de sus tr\u00e1mites diarios. Adem\u00e1s, se ha puesto en marcha un equipo itinerante para apoyar a las personas que iban regresando a sus casas, que estaban en zona de exclusi\u00f3n, y se ha dado apoyo a los desalojados que est\u00e1n en los hoteles, junto tambi\u00e9n a los profesionales del Cabildo de La Palma\u201d, se\u00f1ala.<\/p>\n<p style=\"text-align: justify;\">Adem\u00e1s, afirma la concejal, se ha contado con un importante n\u00famero de profesionales que han realizado labores de limpieza, pintores, alba\u00f1iles, electricistas y fontaneros, entre otros, \u201ccuyo principal papel ha sido el de limpiar ceniza, realizar tareas de acondicionamiento de aquellas infraestructuras que fueron da\u00f1adas como consecuencia de la erupci\u00f3n del volc\u00e1n, y trabajar en la recuperaci\u00f3n de servicios b\u00e1sicos para que aquellos vecinos que iban regresando a sus casas, despu\u00e9s de estar desalojados\u201d, asegura.<\/p>\n<p style=\"text-align: justify;\">Este Plan de Empleo tambi\u00e9n ha permitido la puesta en marcha de la Oficina de Atenci\u00f3n a los Afectados por el volc\u00e1n, \u201cen la que en un \u00fanico espacio se ha ofrecido un servicio personalizado e integral a los damnificados, y cuyo trabajo y esfuerzo de todos los profesionales que han trabajado en este espacio ha sido clave para que el Ayuntamiento de Los Llanos de Aridane haya otorgado 62 licencias en apenas 6 meses\u201d.<\/p>\n<p style=\"text-align: justify;\">La concejal tambi\u00e9n valora positivamente el trabajo de los profesionales que han contribuido en el d\u00eda a d\u00eda de las tareas que se desarrollan dentro del propio Consistorio como axilares administrativos, inform\u00e1ticos y\/o t\u00e9cnicos de Recursos Humanos, entre otros, \u201ccontribuyendo, en un momento muy complicado, a ser una administraci\u00f3n m\u00e1s \u00e1gil y eficaz, y llegando a todos los vecinos\u201d.<\/p>\n<p style=\"text-align: justify;\">Por \u00faltimo, desde el Ayuntamiento de Los Llanos de Aridane se pide nuevamente la puesta en marcha del nuevo Plan de Empleo, cuanto antes, \u201cporque ahora m\u00e1s que nunca necesitamos personal que nos ayude a seguir dando respuesta a los vecinos\u201d.<\/p>\n<p>[\/vc_column_text][vc_empty_space height=\u00bb20px\u00bb][\/vc_column_inner][\/vc_row_inner][\/vc_column][\/vc_row]<\/p>\n<\/section>","protected":false},"excerpt":{"rendered":"<p>[vc_row css_animation=\u00bb\u00bb row_type=\u00bbrow\u00bb use_row_as_full_screen_section=\u00bbno\u00bb type=\u00bbfull_width\u00bb angled_section=\u00bbno\u00bb text_align=\u00bbleft\u00bb background_image_as_pattern=\u00bbwithout_pattern\u00bb][vc_column][vc_row_inner row_type=\u00bbrow\u00bb type=\u00bbgrid\u00bb text_align=\u00bbleft\u00bb css_animation=\u00bb\u00bb][vc_column_inner][vc_empty_space height=\u00bb20px\u00bb][vc_column_text] La concejal de Empleo, Elena Concepci\u00f3n, se\u00f1ala que estos 218 profesionales han jugado un papel clave en la reconstrucci\u00f3n del municipio, a lo largo de este a\u00f1o, desempe\u00f1ando sus funciones en las&#8230;<\/p>\n","protected":false},"author":1,"featured_media":0,"comment_status":"closed","ping_status":"open","sticky":false,"template":"","format":"standard","meta":{"footnotes":""},"categories":[6],"tags":[],"class_list":["post-1196","post","type-post","status-publish","format-standard","hentry","category-prensa"],"yoast_head":"<!-- This site is optimized with the Yoast SEO plugin v22.7 - https:\/\/yoast.com\/wordpress\/plugins\/seo\/ -->\n<title>El Ayuntamiento de Los Llanos de Aridane pone en valor el importante trabajo realizado por los profesionales contratados a trav\u00e9s del Plan Extraordinario de Empleo y Formaci\u00f3n - Ayuntamiento de Los Llanos de Aridane<\/title>\n<meta name=\"description\" content=\"El Ayuntamiento de Los Llanos de Aridane presenta el cartel y el programa de La Patrona 2021 con el lema \u201cRemedios, m\u00e1s que un nombre.\u201d\" \/>\n<meta name=\"robots\" content=\"index, follow, max-snippet:-1, max-image-preview:large, max-video-preview:-1\" \/>\n<link rel=\"canonical\" href=\"https:\/\/www.aridane.org\/city\/2022\/12\/09\/el-ayuntamiento-de-los-llanos-de-aridane-pone-en-valor-el-importante-trabajo-realizado-por-los-profesionales-contratados-a-traves-del-plan-extraordinario-de-empleo-y-formacion\/\" \/>\n<meta property=\"og:locale\" content=\"es_ES\" \/>\n<meta property=\"og:type\" content=\"article\" \/>\n<meta property=\"og:title\" content=\"El Ayuntamiento de Los Llanos de Aridane pone en valor el importante trabajo realizado por los profesionales contratados a trav\u00e9s del Plan Extraordinario de Empleo y Formaci\u00f3n - Ayuntamiento de Los Llanos de Aridane\" \/>\n<meta property=\"og:description\" content=\"El Ayuntamiento de Los Llanos de Aridane presenta el cartel y el programa de La Patrona 2021 con el lema \u201cRemedios, m\u00e1s que un nombre.\u201d\" \/>\n<meta property=\"og:url\" content=\"https:\/\/www.aridane.org\/city\/2022\/12\/09\/el-ayuntamiento-de-los-llanos-de-aridane-pone-en-valor-el-importante-trabajo-realizado-por-los-profesionales-contratados-a-traves-del-plan-extraordinario-de-empleo-y-formacion\/\" \/>\n<meta property=\"og:site_name\" content=\"Ayuntamiento de Los Llanos de Aridane\" \/>\n<meta property=\"article:published_time\" content=\"2022-12-09T12:46:33+00:00\" \/>\n<meta name=\"author\" content=\"Richard Diaz\" \/>\n<meta name=\"twitter:card\" content=\"summary_large_image\" \/>\n<meta name=\"twitter:label1\" content=\"Escrito por\" \/>\n\t<meta name=\"twitter:data1\" content=\"Richard Diaz\" \/>\n\t<meta name=\"twitter:label2\" content=\"Tiempo de lectura\" \/>\n\t<meta name=\"twitter:data2\" content=\"4 minutos\" \/>\n<script type=\"application\/ld+json\" class=\"yoast-schema-graph\">{\"@context\":\"https:\/\/schema.org\",\"@graph\":[{\"@type\":\"WebPage\",\"@id\":\"https:\/\/www.aridane.org\/city\/2022\/12\/09\/el-ayuntamiento-de-los-llanos-de-aridane-pone-en-valor-el-importante-trabajo-realizado-por-los-profesionales-contratados-a-traves-del-plan-extraordinario-de-empleo-y-formacion\/\",\"url\":\"https:\/\/www.aridane.org\/city\/2022\/12\/09\/el-ayuntamiento-de-los-llanos-de-aridane-pone-en-valor-el-importante-trabajo-realizado-por-los-profesionales-contratados-a-traves-del-plan-extraordinario-de-empleo-y-formacion\/\",\"name\":\"El Ayuntamiento de Los Llanos de Aridane pone en valor el importante trabajo realizado por los profesionales contratados a trav\u00e9s del Plan Extraordinario de Empleo y Formaci\u00f3n - Ayuntamiento de Los Llanos de Aridane\",\"isPartOf\":{\"@id\":\"https:\/\/www.aridane.org\/city\/#website\"},\"datePublished\":\"2022-12-09T12:46:33+00:00\",\"dateModified\":\"2022-12-09T12:46:33+00:00\",\"author\":{\"@id\":\"https:\/\/www.aridane.org\/city\/#\/schema\/person\/7d352ec7f29881716f298394432e7209\"},\"description\":\"El Ayuntamiento de Los Llanos de Aridane presenta el cartel y el programa de La Patrona 2021 con el lema \u201cRemedios, m\u00e1s que un nombre.\u201d\",\"breadcrumb\":{\"@id\":\"https:\/\/www.aridane.org\/city\/2022\/12\/09\/el-ayuntamiento-de-los-llanos-de-aridane-pone-en-valor-el-importante-trabajo-realizado-por-los-profesionales-contratados-a-traves-del-plan-extraordinario-de-empleo-y-formacion\/#breadcrumb\"},\"inLanguage\":\"es\",\"potentialAction\":[{\"@type\":\"ReadAction\",\"target\":[\"https:\/\/www.aridane.org\/city\/2022\/12\/09\/el-ayuntamiento-de-los-llanos-de-aridane-pone-en-valor-el-importante-trabajo-realizado-por-los-profesionales-contratados-a-traves-del-plan-extraordinario-de-empleo-y-formacion\/\"]}]},{\"@type\":\"BreadcrumbList\",\"@id\":\"https:\/\/www.aridane.org\/city\/2022\/12\/09\/el-ayuntamiento-de-los-llanos-de-aridane-pone-en-valor-el-importante-trabajo-realizado-por-los-profesionales-contratados-a-traves-del-plan-extraordinario-de-empleo-y-formacion\/#breadcrumb\",\"itemListElement\":[{\"@type\":\"ListItem\",\"position\":1,\"name\":\"Portada\",\"item\":\"https:\/\/www.aridane.org\/city\/\"},{\"@type\":\"ListItem\",\"position\":2,\"name\":\"El Ayuntamiento de Los Llanos de Aridane pone en valor el importante trabajo realizado por los profesionales contratados a trav\u00e9s del Plan Extraordinario de Empleo y Formaci\u00f3n\"}]},{\"@type\":\"WebSite\",\"@id\":\"https:\/\/www.aridane.org\/city\/#website\",\"url\":\"https:\/\/www.aridane.org\/city\/\",\"name\":\"Ayuntamiento de Los Llanos de Aridane\",\"description\":\"\",\"potentialAction\":[{\"@type\":\"SearchAction\",\"target\":{\"@type\":\"EntryPoint\",\"urlTemplate\":\"https:\/\/www.aridane.org\/city\/?s={search_term_string}\"},\"query-input\":\"required name=search_term_string\"}],\"inLanguage\":\"es\"},{\"@type\":\"Person\",\"@id\":\"https:\/\/www.aridane.org\/city\/#\/schema\/person\/7d352ec7f29881716f298394432e7209\",\"name\":\"Richard Diaz\",\"image\":{\"@type\":\"ImageObject\",\"inLanguage\":\"es\",\"@id\":\"https:\/\/www.aridane.org\/city\/#\/schema\/person\/image\/\",\"url\":\"https:\/\/secure.gravatar.com\/avatar\/bacd6aefc26a4a204943090a4c596cd10f0857081ef3cfd12084a70ecb3161d5?s=96&d=mm&r=g\",\"contentUrl\":\"https:\/\/secure.gravatar.com\/avatar\/bacd6aefc26a4a204943090a4c596cd10f0857081ef3cfd12084a70ecb3161d5?s=96&d=mm&r=g\",\"caption\":\"Richard Diaz\"},\"sameAs\":[\"https:\/\/www.aridane.org\/city\"],\"url\":\"https:\/\/www.aridane.org\/city\/author\/richard-diaz\/\"}]}<\/script>\n<!-- \/ Yoast SEO plugin. -->","yoast_head_json":{"title":"El Ayuntamiento de Los Llanos de Aridane pone en valor el importante trabajo realizado por los profesionales contratados a trav\u00e9s del Plan Extraordinario de Empleo y Formaci\u00f3n - Ayuntamiento de Los Llanos de Aridane","description":"El Ayuntamiento de Los Llanos de Aridane presenta el cartel y el programa de La Patrona 2021 con el lema \u201cRemedios, m\u00e1s que un nombre.\u201d","robots":{"index":"index","follow":"follow","max-snippet":"max-snippet:-1","max-image-preview":"max-image-preview:large","max-video-preview":"max-video-preview:-1"},"canonical":"https:\/\/www.aridane.org\/city\/2022\/12\/09\/el-ayuntamiento-de-los-llanos-de-aridane-pone-en-valor-el-importante-trabajo-realizado-por-los-profesionales-contratados-a-traves-del-plan-extraordinario-de-empleo-y-formacion\/","og_locale":"es_ES","og_type":"article","og_title":"El Ayuntamiento de Los Llanos de Aridane pone en valor el importante trabajo realizado por los profesionales contratados a trav\u00e9s del Plan Extraordinario de Empleo y Formaci\u00f3n - Ayuntamiento de Los Llanos de Aridane","og_description":"El Ayuntamiento de Los Llanos de Aridane presenta el cartel y el programa de La Patrona 2021 con el lema \u201cRemedios, m\u00e1s que un nombre.\u201d","og_url":"https:\/\/www.aridane.org\/city\/2022\/12\/09\/el-ayuntamiento-de-los-llanos-de-aridane-pone-en-valor-el-importante-trabajo-realizado-por-los-profesionales-contratados-a-traves-del-plan-extraordinario-de-empleo-y-formacion\/","og_site_name":"Ayuntamiento de Los Llanos de Aridane","article_published_time":"2022-12-09T12:46:33+00:00","author":"Richard Diaz","twitter_card":"summary_large_image","twitter_misc":{"Escrito por":"Richard Diaz","Tiempo de lectura":"4 minutos"},"schema":{"@context":"https:\/\/schema.org","@graph":[{"@type":"WebPage","@id":"https:\/\/www.aridane.org\/city\/2022\/12\/09\/el-ayuntamiento-de-los-llanos-de-aridane-pone-en-valor-el-importante-trabajo-realizado-por-los-profesionales-contratados-a-traves-del-plan-extraordinario-de-empleo-y-formacion\/","url":"https:\/\/www.aridane.org\/city\/2022\/12\/09\/el-ayuntamiento-de-los-llanos-de-aridane-pone-en-valor-el-importante-trabajo-realizado-por-los-profesionales-contratados-a-traves-del-plan-extraordinario-de-empleo-y-formacion\/","name":"El Ayuntamiento de Los Llanos de Aridane pone en valor el importante trabajo realizado por los profesionales contratados a trav\u00e9s del Plan Extraordinario de Empleo y Formaci\u00f3n - Ayuntamiento de Los Llanos de Aridane","isPartOf":{"@id":"https:\/\/www.aridane.org\/city\/#website"},"datePublished":"2022-12-09T12:46:33+00:00","dateModified":"2022-12-09T12:46:33+00:00","author":{"@id":"https:\/\/www.aridane.org\/city\/#\/schema\/person\/7d352ec7f29881716f298394432e7209"},"description":"El Ayuntamiento de Los Llanos de Aridane presenta el cartel y el programa de La Patrona 2021 con el lema \u201cRemedios, m\u00e1s que un nombre.\u201d","breadcrumb":{"@id":"https:\/\/www.aridane.org\/city\/2022\/12\/09\/el-ayuntamiento-de-los-llanos-de-aridane-pone-en-valor-el-importante-trabajo-realizado-por-los-profesionales-contratados-a-traves-del-plan-extraordinario-de-empleo-y-formacion\/#breadcrumb"},"inLanguage":"es","potentialAction":[{"@type":"ReadAction","target":["https:\/\/www.aridane.org\/city\/2022\/12\/09\/el-ayuntamiento-de-los-llanos-de-aridane-pone-en-valor-el-importante-trabajo-realizado-por-los-profesionales-contratados-a-traves-del-plan-extraordinario-de-empleo-y-formacion\/"]}]},{"@type":"BreadcrumbList","@id":"https:\/\/www.aridane.org\/city\/2022\/12\/09\/el-ayuntamiento-de-los-llanos-de-aridane-pone-en-valor-el-importante-trabajo-realizado-por-los-profesionales-contratados-a-traves-del-plan-extraordinario-de-empleo-y-formacion\/#breadcrumb","itemListElement":[{"@type":"ListItem","position":1,"name":"Portada","item":"https:\/\/www.aridane.org\/city\/"},{"@type":"ListItem","position":2,"name":"El Ayuntamiento de Los Llanos de Aridane pone en valor el importante trabajo realizado por los profesionales contratados a trav\u00e9s del Plan Extraordinario de Empleo y Formaci\u00f3n"}]},{"@type":"WebSite","@id":"https:\/\/www.aridane.org\/city\/#website","url":"https:\/\/www.aridane.org\/city\/","name":"Ayuntamiento de Los Llanos de Aridane","description":"","potentialAction":[{"@type":"SearchAction","target":{"@type":"EntryPoint","urlTemplate":"https:\/\/www.aridane.org\/city\/?s={search_term_string}"},"query-input":"required name=search_term_string"}],"inLanguage":"es"},{"@type":"Person","@id":"https:\/\/www.aridane.org\/city\/#\/schema\/person\/7d352ec7f29881716f298394432e7209","name":"Richard Diaz","image":{"@type":"ImageObject","inLanguage":"es","@id":"https:\/\/www.aridane.org\/city\/#\/schema\/person\/image\/","url":"https:\/\/secure.gravatar.com\/avatar\/bacd6aefc26a4a204943090a4c596cd10f0857081ef3cfd12084a70ecb3161d5?s=96&d=mm&r=g","contentUrl":"https:\/\/secure.gravatar.com\/avatar\/bacd6aefc26a4a204943090a4c596cd10f0857081ef3cfd12084a70ecb3161d5?s=96&d=mm&r=g","caption":"Richard Diaz"},"sameAs":["https:\/\/www.aridane.org\/city"],"url":"https:\/\/www.aridane.org\/city\/author\/richard-diaz\/"}]}},"_links":{"self":[{"href":"https:\/\/www.aridane.org\/city\/wp-json\/wp\/v2\/posts\/1196","targetHints":{"allow":["GET"]}}],"collection":[{"href":"https:\/\/www.aridane.org\/city\/wp-json\/wp\/v2\/posts"}],"about":[{"href":"https:\/\/www.aridane.org\/city\/wp-json\/wp\/v2\/types\/post"}],"author":[{"embeddable":true,"href":"https:\/\/www.aridane.org\/city\/wp-json\/wp\/v2\/users\/1"}],"replies":[{"embeddable":true,"href":"https:\/\/www.aridane.org\/city\/wp-json\/wp\/v2\/comments?post=1196"}],"version-history":[{"count":0,"href":"https:\/\/www.aridane.org\/city\/wp-json\/wp\/v2\/posts\/1196\/revisions"}],"wp:attachment":[{"href":"https:\/\/www.aridane.org\/city\/wp-json\/wp\/v2\/media?parent=1196"}],"wp:term":[{"taxonomy":"category","embeddable":true,"href":"https:\/\/www.aridane.org\/city\/wp-json\/wp\/v2\/categories?post=1196"},{"taxonomy":"post_tag","embeddable":true,"href":"https:\/\/www.aridane.org\/city\/wp-json\/wp\/v2\/tags?post=1196"}],"curies":[{"name":"wp","href":"https:\/\/api.w.org\/{rel}","templated":true}]}}