{"id":1203,"date":"2022-12-13T13:36:50","date_gmt":"2022-12-13T13:36:50","guid":{"rendered":"https:\/\/aridane.org\/ciudad\/?p=1203"},"modified":"2022-12-13T13:36:50","modified_gmt":"2022-12-13T13:36:50","slug":"mas-de-una-veintena-de-artesanos-se-daran-cita-en-la-muestra-de-artesania-de-navidad-de-los-llanos-de-aridane","status":"publish","type":"post","link":"https:\/\/www.aridane.org\/city\/2022\/12\/13\/mas-de-una-veintena-de-artesanos-se-daran-cita-en-la-muestra-de-artesania-de-navidad-de-los-llanos-de-aridane\/","title":{"rendered":"M\u00e1s de una veintena de artesanos se dar\u00e1n cita en la Muestra de Artesan\u00eda de Navidad de Los Llanos de Aridane"},"content":{"rendered":"<section class=\"wpb-content-wrapper\"><p>[vc_row css_animation=\u00bb\u00bb row_type=\u00bbrow\u00bb use_row_as_full_screen_section=\u00bbno\u00bb type=\u00bbfull_width\u00bb angled_section=\u00bbno\u00bb text_align=\u00bbleft\u00bb background_image_as_pattern=\u00bbwithout_pattern\u00bb][vc_column][vc_row_inner row_type=\u00bbrow\u00bb type=\u00bbgrid\u00bb text_align=\u00bbleft\u00bb css_animation=\u00bb\u00bb][vc_column_inner][vc_empty_space height=\u00bb20px\u00bb][vc_column_text]<\/p>\n<ul>\n<li style=\"text-align: justify;\"><em>La concejal de Artesan\u00eda, Elena Pa\u00eds, explica que se desarrollar\u00e1 desde el pr\u00f3ximo lunes 19 hasta el jueves 22 de diciembre en la Plaza de Espa\u00f1a, de 10:30 a 21:30 horas. Adem\u00e1s, explica que durante estos d\u00edas los asistentes tambi\u00e9n podr\u00e1n disfrutar de distintas actuaciones representativas del folclore de nuestra tierra.<\/em><\/li>\n<\/ul>\n<p>&nbsp;<\/p>\n<p style=\"text-align: justify;\"><strong>Los Llanos de Aridane, 13 de diciembre de 2022.-<\/strong> El Ayuntamiento de Los Llanos de Aridane a trav\u00e9s de la concejal de Artesan\u00eda, Elena Pais, ha confirmado que \u201cdesde el pr\u00f3ximo lunes 19 hasta el jueves 22 de diciembre el municipio acoger\u00e1 una nueva edici\u00f3n de la Muestra de Artesan\u00eda de Navidad, que se desarrollar\u00e1 en la Plaza de Espa\u00f1a, de 10:30 a 21:30 horas y cuya decoraci\u00f3n correr\u00e1 a cargo del decorador Carlos Afonso\u201d.<\/p>\n<p style=\"text-align: justify;\">Pais explica que este a\u00f1o participan 25 artesanos que elaboran productos bordados, cer\u00e1mica, macram\u00e9, frivolit\u00e9, ganchillo, joyer\u00eda, trajes t\u00edpicos, cester\u00eda, pintura en tela y realizados con materiales reciclados, entre otros. \u201cAdem\u00e1s, todas personas que se acerquen hasta este punto tendr\u00e1n la oportunidad de adquirir piezas \u00fanicas y conocer m\u00e1s de cerca algunos de los oficios y las artes ancestrales que ponen en pr\u00e1ctica estos artesanos durante el proceso de elaboraci\u00f3n de sus piezas\u201d, se\u00f1ala.<\/p>\n<p style=\"text-align: justify;\">La concejal tambi\u00e9n informa que tanto el mi\u00e9rcoles 21 como el jueves 22 se desarrollar\u00e1, a partir de las 18 horas, un curso para adultos y ni\u00f1as y ni\u00f1os de reciclaje y tarjeter\u00eda, \u201cy para inscribirse deben hacerlo enviado un whatsApp al 667 55 04 11, y que ser\u00e1 impartido por la artesana Lorena Pereira Salazar\u201d.<\/p>\n<p style=\"text-align: justify;\">Por otro lado, desde la concejal\u00eda de Artesan\u00eda \u00a0confirman que las personas que visiten esta Muestra podr\u00e1n disfrutar tambi\u00e9n del folclore de nuestra tierra, \u201cconcretamente el lunes 19 a partir de las 20 horas estar\u00e1n A.F. Los Arrieros; el mi\u00e9rcoles 21 a partir de las 18 horas la Parranda la Era; mientras que el jueves 22 a partir de las 18 horas de la Escuela de Folclore -Bailes Canarios con muestra de danza de Navidad, de la mano de Melca P\u00e9rez\u201d.<\/p>\n<p style=\"text-align: justify;\">Por \u00faltimo, desde el Ayuntamiento de Los Llanos de Aridane se invita a todas las personas que lo deseen a participar en esta muestra \u201cporque es fundamental que sigamos apostando por el trabajo local, \u00a0por nuestra historia y cultura\u201d.<\/p>\n<p>[\/vc_column_text][vc_empty_space height=\u00bb20px\u00bb][\/vc_column_inner][\/vc_row_inner][\/vc_column][\/vc_row]<\/p>\n<\/section>","protected":false},"excerpt":{"rendered":"<p>[vc_row css_animation=\u00bb\u00bb row_type=\u00bbrow\u00bb use_row_as_full_screen_section=\u00bbno\u00bb type=\u00bbfull_width\u00bb angled_section=\u00bbno\u00bb text_align=\u00bbleft\u00bb background_image_as_pattern=\u00bbwithout_pattern\u00bb][vc_column][vc_row_inner row_type=\u00bbrow\u00bb type=\u00bbgrid\u00bb text_align=\u00bbleft\u00bb css_animation=\u00bb\u00bb][vc_column_inner][vc_empty_space height=\u00bb20px\u00bb][vc_column_text] La concejal de Artesan\u00eda, Elena Pa\u00eds, explica que se desarrollar\u00e1 desde el pr\u00f3ximo lunes 19 hasta el jueves 22 de diciembre en la Plaza de Espa\u00f1a, de 10:30 a 21:30 horas. Adem\u00e1s,&#8230;<\/p>\n","protected":false},"author":1,"featured_media":0,"comment_status":"closed","ping_status":"open","sticky":false,"template":"","format":"standard","meta":{"footnotes":""},"categories":[6],"tags":[],"class_list":["post-1203","post","type-post","status-publish","format-standard","hentry","category-prensa"],"yoast_head":"<!-- This site is optimized with the Yoast SEO plugin v22.7 - https:\/\/yoast.com\/wordpress\/plugins\/seo\/ -->\n<title>M\u00e1s de una veintena de artesanos se dar\u00e1n cita en la Muestra de Artesan\u00eda de Navidad de Los Llanos de Aridane - Ayuntamiento de Los Llanos de Aridane<\/title>\n<meta name=\"description\" content=\"El Ayuntamiento de Los Llanos de Aridane presenta el cartel y el programa de La Patrona 2021 con el lema \u201cRemedios, m\u00e1s que un nombre.\u201d\" \/>\n<meta name=\"robots\" content=\"index, follow, max-snippet:-1, max-image-preview:large, max-video-preview:-1\" \/>\n<link rel=\"canonical\" href=\"https:\/\/www.aridane.org\/city\/2022\/12\/13\/mas-de-una-veintena-de-artesanos-se-daran-cita-en-la-muestra-de-artesania-de-navidad-de-los-llanos-de-aridane\/\" \/>\n<meta property=\"og:locale\" content=\"es_ES\" \/>\n<meta property=\"og:type\" content=\"article\" \/>\n<meta property=\"og:title\" content=\"M\u00e1s de una veintena de artesanos se dar\u00e1n cita en la Muestra de Artesan\u00eda de Navidad de Los Llanos de Aridane - Ayuntamiento de Los Llanos de Aridane\" \/>\n<meta property=\"og:description\" content=\"El Ayuntamiento de Los Llanos de Aridane presenta el cartel y el programa de La Patrona 2021 con el lema \u201cRemedios, m\u00e1s que un nombre.\u201d\" \/>\n<meta property=\"og:url\" content=\"https:\/\/www.aridane.org\/city\/2022\/12\/13\/mas-de-una-veintena-de-artesanos-se-daran-cita-en-la-muestra-de-artesania-de-navidad-de-los-llanos-de-aridane\/\" \/>\n<meta property=\"og:site_name\" content=\"Ayuntamiento de Los Llanos de Aridane\" \/>\n<meta property=\"article:published_time\" content=\"2022-12-13T13:36:50+00:00\" \/>\n<meta name=\"author\" content=\"Richard Diaz\" \/>\n<meta name=\"twitter:card\" content=\"summary_large_image\" \/>\n<meta name=\"twitter:label1\" content=\"Escrito por\" \/>\n\t<meta name=\"twitter:data1\" content=\"Richard Diaz\" \/>\n\t<meta name=\"twitter:label2\" content=\"Tiempo de lectura\" \/>\n\t<meta name=\"twitter:data2\" content=\"2 minutos\" \/>\n<script type=\"application\/ld+json\" class=\"yoast-schema-graph\">{\"@context\":\"https:\/\/schema.org\",\"@graph\":[{\"@type\":\"WebPage\",\"@id\":\"https:\/\/www.aridane.org\/city\/2022\/12\/13\/mas-de-una-veintena-de-artesanos-se-daran-cita-en-la-muestra-de-artesania-de-navidad-de-los-llanos-de-aridane\/\",\"url\":\"https:\/\/www.aridane.org\/city\/2022\/12\/13\/mas-de-una-veintena-de-artesanos-se-daran-cita-en-la-muestra-de-artesania-de-navidad-de-los-llanos-de-aridane\/\",\"name\":\"M\u00e1s de una veintena de artesanos se dar\u00e1n cita en la Muestra de Artesan\u00eda de Navidad de Los Llanos de Aridane - Ayuntamiento de Los Llanos de Aridane\",\"isPartOf\":{\"@id\":\"https:\/\/www.aridane.org\/city\/#website\"},\"datePublished\":\"2022-12-13T13:36:50+00:00\",\"dateModified\":\"2022-12-13T13:36:50+00:00\",\"author\":{\"@id\":\"https:\/\/www.aridane.org\/city\/#\/schema\/person\/7d352ec7f29881716f298394432e7209\"},\"description\":\"El Ayuntamiento de Los Llanos de Aridane presenta el cartel y el programa de La Patrona 2021 con el lema \u201cRemedios, m\u00e1s que un nombre.\u201d\",\"breadcrumb\":{\"@id\":\"https:\/\/www.aridane.org\/city\/2022\/12\/13\/mas-de-una-veintena-de-artesanos-se-daran-cita-en-la-muestra-de-artesania-de-navidad-de-los-llanos-de-aridane\/#breadcrumb\"},\"inLanguage\":\"es\",\"potentialAction\":[{\"@type\":\"ReadAction\",\"target\":[\"https:\/\/www.aridane.org\/city\/2022\/12\/13\/mas-de-una-veintena-de-artesanos-se-daran-cita-en-la-muestra-de-artesania-de-navidad-de-los-llanos-de-aridane\/\"]}]},{\"@type\":\"BreadcrumbList\",\"@id\":\"https:\/\/www.aridane.org\/city\/2022\/12\/13\/mas-de-una-veintena-de-artesanos-se-daran-cita-en-la-muestra-de-artesania-de-navidad-de-los-llanos-de-aridane\/#breadcrumb\",\"itemListElement\":[{\"@type\":\"ListItem\",\"position\":1,\"name\":\"Portada\",\"item\":\"https:\/\/www.aridane.org\/city\/\"},{\"@type\":\"ListItem\",\"position\":2,\"name\":\"M\u00e1s de una veintena de artesanos se dar\u00e1n cita en la Muestra de Artesan\u00eda de Navidad de Los Llanos de Aridane\"}]},{\"@type\":\"WebSite\",\"@id\":\"https:\/\/www.aridane.org\/city\/#website\",\"url\":\"https:\/\/www.aridane.org\/city\/\",\"name\":\"Ayuntamiento de Los Llanos de Aridane\",\"description\":\"\",\"potentialAction\":[{\"@type\":\"SearchAction\",\"target\":{\"@type\":\"EntryPoint\",\"urlTemplate\":\"https:\/\/www.aridane.org\/city\/?s={search_term_string}\"},\"query-input\":\"required name=search_term_string\"}],\"inLanguage\":\"es\"},{\"@type\":\"Person\",\"@id\":\"https:\/\/www.aridane.org\/city\/#\/schema\/person\/7d352ec7f29881716f298394432e7209\",\"name\":\"Richard Diaz\",\"image\":{\"@type\":\"ImageObject\",\"inLanguage\":\"es\",\"@id\":\"https:\/\/www.aridane.org\/city\/#\/schema\/person\/image\/\",\"url\":\"https:\/\/secure.gravatar.com\/avatar\/bacd6aefc26a4a204943090a4c596cd10f0857081ef3cfd12084a70ecb3161d5?s=96&d=mm&r=g\",\"contentUrl\":\"https:\/\/secure.gravatar.com\/avatar\/bacd6aefc26a4a204943090a4c596cd10f0857081ef3cfd12084a70ecb3161d5?s=96&d=mm&r=g\",\"caption\":\"Richard Diaz\"},\"sameAs\":[\"https:\/\/www.aridane.org\/city\"],\"url\":\"https:\/\/www.aridane.org\/city\/author\/richard-diaz\/\"}]}<\/script>\n<!-- \/ Yoast SEO plugin. -->","yoast_head_json":{"title":"M\u00e1s de una veintena de artesanos se dar\u00e1n cita en la Muestra de Artesan\u00eda de Navidad de Los Llanos de Aridane - Ayuntamiento de Los Llanos de Aridane","description":"El Ayuntamiento de Los Llanos de Aridane presenta el cartel y el programa de La Patrona 2021 con el lema \u201cRemedios, m\u00e1s que un nombre.\u201d","robots":{"index":"index","follow":"follow","max-snippet":"max-snippet:-1","max-image-preview":"max-image-preview:large","max-video-preview":"max-video-preview:-1"},"canonical":"https:\/\/www.aridane.org\/city\/2022\/12\/13\/mas-de-una-veintena-de-artesanos-se-daran-cita-en-la-muestra-de-artesania-de-navidad-de-los-llanos-de-aridane\/","og_locale":"es_ES","og_type":"article","og_title":"M\u00e1s de una veintena de artesanos se dar\u00e1n cita en la Muestra de Artesan\u00eda de Navidad de Los Llanos de Aridane - Ayuntamiento de Los Llanos de Aridane","og_description":"El Ayuntamiento de Los Llanos de Aridane presenta el cartel y el programa de La Patrona 2021 con el lema \u201cRemedios, m\u00e1s que un nombre.\u201d","og_url":"https:\/\/www.aridane.org\/city\/2022\/12\/13\/mas-de-una-veintena-de-artesanos-se-daran-cita-en-la-muestra-de-artesania-de-navidad-de-los-llanos-de-aridane\/","og_site_name":"Ayuntamiento de Los Llanos de Aridane","article_published_time":"2022-12-13T13:36:50+00:00","author":"Richard Diaz","twitter_card":"summary_large_image","twitter_misc":{"Escrito por":"Richard Diaz","Tiempo de lectura":"2 minutos"},"schema":{"@context":"https:\/\/schema.org","@graph":[{"@type":"WebPage","@id":"https:\/\/www.aridane.org\/city\/2022\/12\/13\/mas-de-una-veintena-de-artesanos-se-daran-cita-en-la-muestra-de-artesania-de-navidad-de-los-llanos-de-aridane\/","url":"https:\/\/www.aridane.org\/city\/2022\/12\/13\/mas-de-una-veintena-de-artesanos-se-daran-cita-en-la-muestra-de-artesania-de-navidad-de-los-llanos-de-aridane\/","name":"M\u00e1s de una veintena de artesanos se dar\u00e1n cita en la Muestra de Artesan\u00eda de Navidad de Los Llanos de Aridane - Ayuntamiento de Los Llanos de Aridane","isPartOf":{"@id":"https:\/\/www.aridane.org\/city\/#website"},"datePublished":"2022-12-13T13:36:50+00:00","dateModified":"2022-12-13T13:36:50+00:00","author":{"@id":"https:\/\/www.aridane.org\/city\/#\/schema\/person\/7d352ec7f29881716f298394432e7209"},"description":"El Ayuntamiento de Los Llanos de Aridane presenta el cartel y el programa de La Patrona 2021 con el lema \u201cRemedios, m\u00e1s que un nombre.\u201d","breadcrumb":{"@id":"https:\/\/www.aridane.org\/city\/2022\/12\/13\/mas-de-una-veintena-de-artesanos-se-daran-cita-en-la-muestra-de-artesania-de-navidad-de-los-llanos-de-aridane\/#breadcrumb"},"inLanguage":"es","potentialAction":[{"@type":"ReadAction","target":["https:\/\/www.aridane.org\/city\/2022\/12\/13\/mas-de-una-veintena-de-artesanos-se-daran-cita-en-la-muestra-de-artesania-de-navidad-de-los-llanos-de-aridane\/"]}]},{"@type":"BreadcrumbList","@id":"https:\/\/www.aridane.org\/city\/2022\/12\/13\/mas-de-una-veintena-de-artesanos-se-daran-cita-en-la-muestra-de-artesania-de-navidad-de-los-llanos-de-aridane\/#breadcrumb","itemListElement":[{"@type":"ListItem","position":1,"name":"Portada","item":"https:\/\/www.aridane.org\/city\/"},{"@type":"ListItem","position":2,"name":"M\u00e1s de una veintena de artesanos se dar\u00e1n cita en la Muestra de Artesan\u00eda de Navidad de Los Llanos de Aridane"}]},{"@type":"WebSite","@id":"https:\/\/www.aridane.org\/city\/#website","url":"https:\/\/www.aridane.org\/city\/","name":"Ayuntamiento de Los Llanos de Aridane","description":"","potentialAction":[{"@type":"SearchAction","target":{"@type":"EntryPoint","urlTemplate":"https:\/\/www.aridane.org\/city\/?s={search_term_string}"},"query-input":"required name=search_term_string"}],"inLanguage":"es"},{"@type":"Person","@id":"https:\/\/www.aridane.org\/city\/#\/schema\/person\/7d352ec7f29881716f298394432e7209","name":"Richard Diaz","image":{"@type":"ImageObject","inLanguage":"es","@id":"https:\/\/www.aridane.org\/city\/#\/schema\/person\/image\/","url":"https:\/\/secure.gravatar.com\/avatar\/bacd6aefc26a4a204943090a4c596cd10f0857081ef3cfd12084a70ecb3161d5?s=96&d=mm&r=g","contentUrl":"https:\/\/secure.gravatar.com\/avatar\/bacd6aefc26a4a204943090a4c596cd10f0857081ef3cfd12084a70ecb3161d5?s=96&d=mm&r=g","caption":"Richard Diaz"},"sameAs":["https:\/\/www.aridane.org\/city"],"url":"https:\/\/www.aridane.org\/city\/author\/richard-diaz\/"}]}},"_links":{"self":[{"href":"https:\/\/www.aridane.org\/city\/wp-json\/wp\/v2\/posts\/1203","targetHints":{"allow":["GET"]}}],"collection":[{"href":"https:\/\/www.aridane.org\/city\/wp-json\/wp\/v2\/posts"}],"about":[{"href":"https:\/\/www.aridane.org\/city\/wp-json\/wp\/v2\/types\/post"}],"author":[{"embeddable":true,"href":"https:\/\/www.aridane.org\/city\/wp-json\/wp\/v2\/users\/1"}],"replies":[{"embeddable":true,"href":"https:\/\/www.aridane.org\/city\/wp-json\/wp\/v2\/comments?post=1203"}],"version-history":[{"count":0,"href":"https:\/\/www.aridane.org\/city\/wp-json\/wp\/v2\/posts\/1203\/revisions"}],"wp:attachment":[{"href":"https:\/\/www.aridane.org\/city\/wp-json\/wp\/v2\/media?parent=1203"}],"wp:term":[{"taxonomy":"category","embeddable":true,"href":"https:\/\/www.aridane.org\/city\/wp-json\/wp\/v2\/categories?post=1203"},{"taxonomy":"post_tag","embeddable":true,"href":"https:\/\/www.aridane.org\/city\/wp-json\/wp\/v2\/tags?post=1203"}],"curies":[{"name":"wp","href":"https:\/\/api.w.org\/{rel}","templated":true}]}}