{"id":1206,"date":"2022-12-13T14:00:00","date_gmt":"2022-12-13T14:00:00","guid":{"rendered":"https:\/\/aridane.org\/ciudad\/?p=1206"},"modified":"2022-12-13T14:00:00","modified_gmt":"2022-12-13T14:00:00","slug":"garcia-leal-pide-al-gobierno-de-canarias-que-comience-los-trabajos-para-que-el-ceip-la-laguna-pueda-volver-a-la-mayor-brevedad-a-sus-instalaciones","status":"publish","type":"post","link":"https:\/\/www.aridane.org\/city\/2022\/12\/13\/garcia-leal-pide-al-gobierno-de-canarias-que-comience-los-trabajos-para-que-el-ceip-la-laguna-pueda-volver-a-la-mayor-brevedad-a-sus-instalaciones\/","title":{"rendered":"Garc\u00eda Leal pide al Gobierno de Canarias que comience los trabajos para que el CEIP La Laguna pueda volver a la mayor brevedad a sus instalaciones"},"content":{"rendered":"<section class=\"wpb-content-wrapper\"><p>[vc_row css_animation=\u00bb\u00bb row_type=\u00bbrow\u00bb use_row_as_full_screen_section=\u00bbno\u00bb type=\u00bbfull_width\u00bb angled_section=\u00bbno\u00bb text_align=\u00bbleft\u00bb background_image_as_pattern=\u00bbwithout_pattern\u00bb][vc_column][vc_row_inner row_type=\u00bbrow\u00bb type=\u00bbgrid\u00bb text_align=\u00bbleft\u00bb css_animation=\u00bb\u00bb][vc_column_inner][vc_empty_space height=\u00bb20px\u00bb][vc_column_text]<\/p>\n<ul>\n<li style=\"text-align: justify;\"><em>La alcaldesa explica que desde la consejer\u00eda de Educaci\u00f3n se comprometieron \u00a0a visitar la parcela en el mes de septiembre, pero 3 meses m\u00e1s tarde a\u00fan no se sabe nada.<\/em><\/li>\n<li style=\"text-align: justify;\"><em>Adem\u00e1s, recuerda que las aulas modulares, ubicadas en el Centro Social El Retamar, deben ser solo una soluci\u00f3n provisional, y agradece a la comunidad educativa, de este centro, su enorme esfuerzo durante este a\u00f1o tan complicado como consecuencia de la erupci\u00f3n del volc\u00e1n.<\/em><\/li>\n<\/ul>\n<p>&nbsp;<\/p>\n<p style=\"text-align: justify;\"><strong>Los Llanos de Aridane, 13 de diciembre de 2022.-<\/strong> El Ayuntamiento de Los Llanos de Aridane a trav\u00e9s de su alcaldesa, Noelia Garc\u00eda Leal, pide al Gobierno de Canarias \u201cque comience a trabajar, lo antes posible, para que a la mayor brevedad el CEIP La Laguna pueda volver a sus instalaciones\u201d.<\/p>\n<p style=\"text-align: justify;\">Garc\u00eda Leal agradece a la Consejer\u00eda de Educaci\u00f3n del Ejecutivo Regional que permitiese que los alumnos de este centro pudiesen cursar este a\u00f1o sus estudios juntos, a trav\u00e9s de las aulas modulares instaladas en el Centro Social El Retamar, \u201cpero ahora necesitamos que tal y como se competieron ya hace 3 meses vengan a revisar la parcela. Ahora m\u00e1s que nunca debemos seguir trabajando para que nuestros j\u00f3venes, por cierto el futuro del municipio, puedan continuar recuperando sus vidas, y eso pasa tambi\u00e9n por volver a sus aulas de siempre\u201d, se\u00f1ala.<\/p>\n<p style=\"text-align: justify;\">Por \u00faltimo, desde el Ayuntamiento de Los Llanos de Aridane se\u00f1alan que \u201ceste equipo de Gobierno va a seguir trabajando, sin descanso, para continuar dando respuesta a las necesidades de nuestros vecinos\u201d.<\/p>\n<p>[\/vc_column_text][vc_empty_space height=\u00bb20px\u00bb][\/vc_column_inner][\/vc_row_inner][\/vc_column][\/vc_row]<\/p>\n<\/section>","protected":false},"excerpt":{"rendered":"<p>[vc_row css_animation=\u00bb\u00bb row_type=\u00bbrow\u00bb use_row_as_full_screen_section=\u00bbno\u00bb type=\u00bbfull_width\u00bb angled_section=\u00bbno\u00bb text_align=\u00bbleft\u00bb background_image_as_pattern=\u00bbwithout_pattern\u00bb][vc_column][vc_row_inner row_type=\u00bbrow\u00bb type=\u00bbgrid\u00bb text_align=\u00bbleft\u00bb css_animation=\u00bb\u00bb][vc_column_inner][vc_empty_space height=\u00bb20px\u00bb][vc_column_text] La alcaldesa explica que desde la consejer\u00eda de Educaci\u00f3n se comprometieron \u00a0a visitar la parcela en el mes de septiembre, pero 3 meses m\u00e1s tarde a\u00fan no se sabe nada. Adem\u00e1s, recuerda&#8230;<\/p>\n","protected":false},"author":1,"featured_media":0,"comment_status":"closed","ping_status":"open","sticky":false,"template":"","format":"standard","meta":{"footnotes":""},"categories":[6],"tags":[],"class_list":["post-1206","post","type-post","status-publish","format-standard","hentry","category-prensa"],"yoast_head":"<!-- This site is optimized with the Yoast SEO plugin v22.7 - https:\/\/yoast.com\/wordpress\/plugins\/seo\/ -->\n<title>Garc\u00eda Leal pide al Gobierno de Canarias que comience los trabajos para que el CEIP La Laguna pueda volver a la mayor brevedad a sus instalaciones - Ayuntamiento de Los Llanos de Aridane<\/title>\n<meta name=\"description\" content=\"El Ayuntamiento de Los Llanos de Aridane presenta el cartel y el programa de La Patrona 2021 con el lema \u201cRemedios, m\u00e1s que un nombre.\u201d\" \/>\n<meta name=\"robots\" content=\"index, follow, max-snippet:-1, max-image-preview:large, max-video-preview:-1\" \/>\n<link rel=\"canonical\" href=\"https:\/\/www.aridane.org\/city\/2022\/12\/13\/garcia-leal-pide-al-gobierno-de-canarias-que-comience-los-trabajos-para-que-el-ceip-la-laguna-pueda-volver-a-la-mayor-brevedad-a-sus-instalaciones\/\" \/>\n<meta property=\"og:locale\" content=\"es_ES\" \/>\n<meta property=\"og:type\" content=\"article\" \/>\n<meta property=\"og:title\" content=\"Garc\u00eda Leal pide al Gobierno de Canarias que comience los trabajos para que el CEIP La Laguna pueda volver a la mayor brevedad a sus instalaciones - Ayuntamiento de Los Llanos de Aridane\" \/>\n<meta property=\"og:description\" content=\"El Ayuntamiento de Los Llanos de Aridane presenta el cartel y el programa de La Patrona 2021 con el lema \u201cRemedios, m\u00e1s que un nombre.\u201d\" \/>\n<meta property=\"og:url\" content=\"https:\/\/www.aridane.org\/city\/2022\/12\/13\/garcia-leal-pide-al-gobierno-de-canarias-que-comience-los-trabajos-para-que-el-ceip-la-laguna-pueda-volver-a-la-mayor-brevedad-a-sus-instalaciones\/\" \/>\n<meta property=\"og:site_name\" content=\"Ayuntamiento de Los Llanos de Aridane\" \/>\n<meta property=\"article:published_time\" content=\"2022-12-13T14:00:00+00:00\" \/>\n<meta name=\"author\" content=\"Richard Diaz\" \/>\n<meta name=\"twitter:card\" content=\"summary_large_image\" \/>\n<meta name=\"twitter:label1\" content=\"Escrito por\" \/>\n\t<meta name=\"twitter:data1\" content=\"Richard Diaz\" \/>\n\t<meta name=\"twitter:label2\" content=\"Tiempo de lectura\" \/>\n\t<meta name=\"twitter:data2\" content=\"2 minutos\" \/>\n<script type=\"application\/ld+json\" class=\"yoast-schema-graph\">{\"@context\":\"https:\/\/schema.org\",\"@graph\":[{\"@type\":\"WebPage\",\"@id\":\"https:\/\/www.aridane.org\/city\/2022\/12\/13\/garcia-leal-pide-al-gobierno-de-canarias-que-comience-los-trabajos-para-que-el-ceip-la-laguna-pueda-volver-a-la-mayor-brevedad-a-sus-instalaciones\/\",\"url\":\"https:\/\/www.aridane.org\/city\/2022\/12\/13\/garcia-leal-pide-al-gobierno-de-canarias-que-comience-los-trabajos-para-que-el-ceip-la-laguna-pueda-volver-a-la-mayor-brevedad-a-sus-instalaciones\/\",\"name\":\"Garc\u00eda Leal pide al Gobierno de Canarias que comience los trabajos para que el CEIP La Laguna pueda volver a la mayor brevedad a sus instalaciones - Ayuntamiento de Los Llanos de Aridane\",\"isPartOf\":{\"@id\":\"https:\/\/www.aridane.org\/city\/#website\"},\"datePublished\":\"2022-12-13T14:00:00+00:00\",\"dateModified\":\"2022-12-13T14:00:00+00:00\",\"author\":{\"@id\":\"https:\/\/www.aridane.org\/city\/#\/schema\/person\/7d352ec7f29881716f298394432e7209\"},\"description\":\"El Ayuntamiento de Los Llanos de Aridane presenta el cartel y el programa de La Patrona 2021 con el lema \u201cRemedios, m\u00e1s que un nombre.\u201d\",\"breadcrumb\":{\"@id\":\"https:\/\/www.aridane.org\/city\/2022\/12\/13\/garcia-leal-pide-al-gobierno-de-canarias-que-comience-los-trabajos-para-que-el-ceip-la-laguna-pueda-volver-a-la-mayor-brevedad-a-sus-instalaciones\/#breadcrumb\"},\"inLanguage\":\"es\",\"potentialAction\":[{\"@type\":\"ReadAction\",\"target\":[\"https:\/\/www.aridane.org\/city\/2022\/12\/13\/garcia-leal-pide-al-gobierno-de-canarias-que-comience-los-trabajos-para-que-el-ceip-la-laguna-pueda-volver-a-la-mayor-brevedad-a-sus-instalaciones\/\"]}]},{\"@type\":\"BreadcrumbList\",\"@id\":\"https:\/\/www.aridane.org\/city\/2022\/12\/13\/garcia-leal-pide-al-gobierno-de-canarias-que-comience-los-trabajos-para-que-el-ceip-la-laguna-pueda-volver-a-la-mayor-brevedad-a-sus-instalaciones\/#breadcrumb\",\"itemListElement\":[{\"@type\":\"ListItem\",\"position\":1,\"name\":\"Portada\",\"item\":\"https:\/\/www.aridane.org\/city\/\"},{\"@type\":\"ListItem\",\"position\":2,\"name\":\"Garc\u00eda Leal pide al Gobierno de Canarias que comience los trabajos para que el CEIP La Laguna pueda volver a la mayor brevedad a sus instalaciones\"}]},{\"@type\":\"WebSite\",\"@id\":\"https:\/\/www.aridane.org\/city\/#website\",\"url\":\"https:\/\/www.aridane.org\/city\/\",\"name\":\"Ayuntamiento de Los Llanos de Aridane\",\"description\":\"\",\"potentialAction\":[{\"@type\":\"SearchAction\",\"target\":{\"@type\":\"EntryPoint\",\"urlTemplate\":\"https:\/\/www.aridane.org\/city\/?s={search_term_string}\"},\"query-input\":\"required name=search_term_string\"}],\"inLanguage\":\"es\"},{\"@type\":\"Person\",\"@id\":\"https:\/\/www.aridane.org\/city\/#\/schema\/person\/7d352ec7f29881716f298394432e7209\",\"name\":\"Richard Diaz\",\"image\":{\"@type\":\"ImageObject\",\"inLanguage\":\"es\",\"@id\":\"https:\/\/www.aridane.org\/city\/#\/schema\/person\/image\/\",\"url\":\"https:\/\/secure.gravatar.com\/avatar\/bacd6aefc26a4a204943090a4c596cd10f0857081ef3cfd12084a70ecb3161d5?s=96&d=mm&r=g\",\"contentUrl\":\"https:\/\/secure.gravatar.com\/avatar\/bacd6aefc26a4a204943090a4c596cd10f0857081ef3cfd12084a70ecb3161d5?s=96&d=mm&r=g\",\"caption\":\"Richard Diaz\"},\"sameAs\":[\"https:\/\/www.aridane.org\/city\"],\"url\":\"https:\/\/www.aridane.org\/city\/author\/richard-diaz\/\"}]}<\/script>\n<!-- \/ Yoast SEO plugin. -->","yoast_head_json":{"title":"Garc\u00eda Leal pide al Gobierno de Canarias que comience los trabajos para que el CEIP La Laguna pueda volver a la mayor brevedad a sus instalaciones - Ayuntamiento de Los Llanos de Aridane","description":"El Ayuntamiento de Los Llanos de Aridane presenta el cartel y el programa de La Patrona 2021 con el lema \u201cRemedios, m\u00e1s que un nombre.\u201d","robots":{"index":"index","follow":"follow","max-snippet":"max-snippet:-1","max-image-preview":"max-image-preview:large","max-video-preview":"max-video-preview:-1"},"canonical":"https:\/\/www.aridane.org\/city\/2022\/12\/13\/garcia-leal-pide-al-gobierno-de-canarias-que-comience-los-trabajos-para-que-el-ceip-la-laguna-pueda-volver-a-la-mayor-brevedad-a-sus-instalaciones\/","og_locale":"es_ES","og_type":"article","og_title":"Garc\u00eda Leal pide al Gobierno de Canarias que comience los trabajos para que el CEIP La Laguna pueda volver a la mayor brevedad a sus instalaciones - Ayuntamiento de Los Llanos de Aridane","og_description":"El Ayuntamiento de Los Llanos de Aridane presenta el cartel y el programa de La Patrona 2021 con el lema \u201cRemedios, m\u00e1s que un nombre.\u201d","og_url":"https:\/\/www.aridane.org\/city\/2022\/12\/13\/garcia-leal-pide-al-gobierno-de-canarias-que-comience-los-trabajos-para-que-el-ceip-la-laguna-pueda-volver-a-la-mayor-brevedad-a-sus-instalaciones\/","og_site_name":"Ayuntamiento de Los Llanos de Aridane","article_published_time":"2022-12-13T14:00:00+00:00","author":"Richard Diaz","twitter_card":"summary_large_image","twitter_misc":{"Escrito por":"Richard Diaz","Tiempo de lectura":"2 minutos"},"schema":{"@context":"https:\/\/schema.org","@graph":[{"@type":"WebPage","@id":"https:\/\/www.aridane.org\/city\/2022\/12\/13\/garcia-leal-pide-al-gobierno-de-canarias-que-comience-los-trabajos-para-que-el-ceip-la-laguna-pueda-volver-a-la-mayor-brevedad-a-sus-instalaciones\/","url":"https:\/\/www.aridane.org\/city\/2022\/12\/13\/garcia-leal-pide-al-gobierno-de-canarias-que-comience-los-trabajos-para-que-el-ceip-la-laguna-pueda-volver-a-la-mayor-brevedad-a-sus-instalaciones\/","name":"Garc\u00eda Leal pide al Gobierno de Canarias que comience los trabajos para que el CEIP La Laguna pueda volver a la mayor brevedad a sus instalaciones - Ayuntamiento de Los Llanos de Aridane","isPartOf":{"@id":"https:\/\/www.aridane.org\/city\/#website"},"datePublished":"2022-12-13T14:00:00+00:00","dateModified":"2022-12-13T14:00:00+00:00","author":{"@id":"https:\/\/www.aridane.org\/city\/#\/schema\/person\/7d352ec7f29881716f298394432e7209"},"description":"El Ayuntamiento de Los Llanos de Aridane presenta el cartel y el programa de La Patrona 2021 con el lema \u201cRemedios, m\u00e1s que un nombre.\u201d","breadcrumb":{"@id":"https:\/\/www.aridane.org\/city\/2022\/12\/13\/garcia-leal-pide-al-gobierno-de-canarias-que-comience-los-trabajos-para-que-el-ceip-la-laguna-pueda-volver-a-la-mayor-brevedad-a-sus-instalaciones\/#breadcrumb"},"inLanguage":"es","potentialAction":[{"@type":"ReadAction","target":["https:\/\/www.aridane.org\/city\/2022\/12\/13\/garcia-leal-pide-al-gobierno-de-canarias-que-comience-los-trabajos-para-que-el-ceip-la-laguna-pueda-volver-a-la-mayor-brevedad-a-sus-instalaciones\/"]}]},{"@type":"BreadcrumbList","@id":"https:\/\/www.aridane.org\/city\/2022\/12\/13\/garcia-leal-pide-al-gobierno-de-canarias-que-comience-los-trabajos-para-que-el-ceip-la-laguna-pueda-volver-a-la-mayor-brevedad-a-sus-instalaciones\/#breadcrumb","itemListElement":[{"@type":"ListItem","position":1,"name":"Portada","item":"https:\/\/www.aridane.org\/city\/"},{"@type":"ListItem","position":2,"name":"Garc\u00eda Leal pide al Gobierno de Canarias que comience los trabajos para que el CEIP La Laguna pueda volver a la mayor brevedad a sus instalaciones"}]},{"@type":"WebSite","@id":"https:\/\/www.aridane.org\/city\/#website","url":"https:\/\/www.aridane.org\/city\/","name":"Ayuntamiento de Los Llanos de Aridane","description":"","potentialAction":[{"@type":"SearchAction","target":{"@type":"EntryPoint","urlTemplate":"https:\/\/www.aridane.org\/city\/?s={search_term_string}"},"query-input":"required name=search_term_string"}],"inLanguage":"es"},{"@type":"Person","@id":"https:\/\/www.aridane.org\/city\/#\/schema\/person\/7d352ec7f29881716f298394432e7209","name":"Richard Diaz","image":{"@type":"ImageObject","inLanguage":"es","@id":"https:\/\/www.aridane.org\/city\/#\/schema\/person\/image\/","url":"https:\/\/secure.gravatar.com\/avatar\/bacd6aefc26a4a204943090a4c596cd10f0857081ef3cfd12084a70ecb3161d5?s=96&d=mm&r=g","contentUrl":"https:\/\/secure.gravatar.com\/avatar\/bacd6aefc26a4a204943090a4c596cd10f0857081ef3cfd12084a70ecb3161d5?s=96&d=mm&r=g","caption":"Richard Diaz"},"sameAs":["https:\/\/www.aridane.org\/city"],"url":"https:\/\/www.aridane.org\/city\/author\/richard-diaz\/"}]}},"_links":{"self":[{"href":"https:\/\/www.aridane.org\/city\/wp-json\/wp\/v2\/posts\/1206","targetHints":{"allow":["GET"]}}],"collection":[{"href":"https:\/\/www.aridane.org\/city\/wp-json\/wp\/v2\/posts"}],"about":[{"href":"https:\/\/www.aridane.org\/city\/wp-json\/wp\/v2\/types\/post"}],"author":[{"embeddable":true,"href":"https:\/\/www.aridane.org\/city\/wp-json\/wp\/v2\/users\/1"}],"replies":[{"embeddable":true,"href":"https:\/\/www.aridane.org\/city\/wp-json\/wp\/v2\/comments?post=1206"}],"version-history":[{"count":0,"href":"https:\/\/www.aridane.org\/city\/wp-json\/wp\/v2\/posts\/1206\/revisions"}],"wp:attachment":[{"href":"https:\/\/www.aridane.org\/city\/wp-json\/wp\/v2\/media?parent=1206"}],"wp:term":[{"taxonomy":"category","embeddable":true,"href":"https:\/\/www.aridane.org\/city\/wp-json\/wp\/v2\/categories?post=1206"},{"taxonomy":"post_tag","embeddable":true,"href":"https:\/\/www.aridane.org\/city\/wp-json\/wp\/v2\/tags?post=1206"}],"curies":[{"name":"wp","href":"https:\/\/api.w.org\/{rel}","templated":true}]}}