{"id":1209,"date":"2022-12-14T11:26:50","date_gmt":"2022-12-14T11:26:50","guid":{"rendered":"https:\/\/aridane.org\/ciudad\/?p=1209"},"modified":"2022-12-14T11:26:50","modified_gmt":"2022-12-14T11:26:50","slug":"la-xviii-feria-del-voluntariado-regresa-a-los-llanos-de-aridane","status":"publish","type":"post","link":"https:\/\/www.aridane.org\/city\/2022\/12\/14\/la-xviii-feria-del-voluntariado-regresa-a-los-llanos-de-aridane\/","title":{"rendered":"La XVIII Feria del Voluntariado regresa a Los Llanos de Aridane"},"content":{"rendered":"<section class=\"wpb-content-wrapper\"><p>[vc_row css_animation=\u00bb\u00bb row_type=\u00bbrow\u00bb use_row_as_full_screen_section=\u00bbno\u00bb type=\u00bbfull_width\u00bb angled_section=\u00bbno\u00bb text_align=\u00bbleft\u00bb background_image_as_pattern=\u00bbwithout_pattern\u00bb][vc_column][vc_row_inner row_type=\u00bbrow\u00bb type=\u00bbgrid\u00bb text_align=\u00bbleft\u00bb css_animation=\u00bb\u00bb][vc_column_inner][vc_empty_space height=\u00bb20px\u00bb][vc_column_text]<\/p>\n<ul>\n<li style=\"text-align: justify;\"><em>La concejal de Acci\u00f3n Social, Elena Concepci\u00f3n, explica que este encuentro, que hac\u00eda dos a\u00f1os que no se celebraba, se desarrollar\u00e1 el pr\u00f3ximo s\u00e1bado, 17 de diciembre, en el Plaza de Espa\u00f1a, entre las 10:00 y 13:30 horas, y en ella participar\u00e1n m\u00e1s de una veintena ONGS y Asociaciones palmeras<\/em><\/li>\n<\/ul>\n<p>&nbsp;<\/p>\n<p style=\"text-align: justify;\"><strong>Los Llanos de Aridane, 14 de diciembre de 2022.-<\/strong> El Ayuntamiento de Los Llanos de Aridane a trav\u00e9s de la concejal de Acci\u00f3n Social, Elena Concepci\u00f3n, ha confirmado que \u201cdespu\u00e9s de dos a\u00f1os sin celebrarse como consecuencia de la pandemia y posterior erupci\u00f3n del volc\u00e1n, este s\u00e1bado, 17 de diciembre, el municipio volver\u00e1 a acoger un a\u00f1o m\u00e1s la XVIII Feria del Voluntario en la que participar\u00e1n 25 ONGS y Asociaciones palmeras sin \u00e1nimo de lucro que trabajan en favor de distintos colectivos a los que representan\u201d, se\u00f1ala.<\/p>\n<p style=\"text-align: justify;\">Concepci\u00f3n explica que este encuentro se desarrollar\u00e1 en la Plaza de Espa\u00f1a, de 10:00 a 13:30 horas, y durante este tiempo los representantes de las distintas entidades acercar\u00e1n a los ciudadanos la labor que realizan en la defensa de cada una de las causas sociales a las que representan, \u201cas\u00ed como la importante necesidad de seguir trabajando por una mayor solidaridad y trabajo en equipo\u201d, asegura. Adem\u00e1s, confirma que a \u00a0las 12:30 horas est\u00e1 prevista la lectura del manifiesto institucional \u201ca trav\u00e9s del cual el colectivo de asociaciones y organizaciones no gubernamentales de la Isla invitar\u00e1n a los ciudadanos a sumarse a participar en el asociacionismo\u201d, se\u00f1ala.<\/p>\n<p style=\"text-align: justify;\">Asimismo, desde la concejal\u00eda de Acci\u00f3n Social recuerdan que en las cuentas del Consistorio se recogen partidas para la puesta en marcha de subvenciones a estas entidades \u00abcon el firme compromiso de colaborar con el tejido asociativo municipal, y seguir dando respuesta a nuestros vecinos\u00bb. Por \u00faltimo, desde el Ayuntamiento de Los Llanos de Aridane afirman que \u201ceste Consistorio tiene un compromiso, a\u00f1o tras a\u00f1o y a trav\u00e9s de la celebraci\u00f3n de esta feria, de seguir acercando la importante labor que realizan los voluntarios. Un papel que se ha visto a\u00fan m\u00e1s evidenciado durante los \u00faltimos dos a\u00f1os, primero con la pandemia y despu\u00e9s con la erupci\u00f3n del volc\u00e1n, cuyo apoyo ha sido muy importante durante toda la emergencia volc\u00e1nica\u201d, subraya.<\/p>\n<p style=\"text-align: justify;\"><strong>Entidades participantes<\/strong><\/p>\n<p style=\"text-align: justify;\">Como viene siendo habitual, la cita con el voluntariado contar\u00e1 en esta ocasi\u00f3n con la participaci\u00f3n de: Plena Inclusi\u00f3n, la Asociaci\u00f3n de familiares y enfermos de Parkinson La Palma; ICHH, Instituto Canario de Hemodonaci\u00f3n y Hemoterapia de Canarias; Fundaci\u00f3n ISONORTE; INDISPAL, Plataforma Palmera de Atenci\u00f3n Integral a la Discapacidad; Cruz Roja Espa\u00f1ola; Asociaci\u00f3n MANTAY; Asociaci\u00f3n Ni\u00f1os Especiales de La Palma, NEP; Asociaci\u00f3n de Familiares de Enfermos de Alzheimer La Palma, AFA; BENAWARA, Asociaci\u00f3n protectora de animales de la Palma; AHETE, Asociaci\u00f3n de Hemofilia en la provincia de Santa Cruz de Tenerife; FUNCASOR La Palma, Fundaci\u00f3n Canaria para el Sordo; la asociaci\u00f3n Mojo de ca\u00f1a; KALEN, asociaci\u00f3n de la Isla por el Trastorno de Espectro Autista, TEA; la Federaci\u00f3n de Asociaciones de Personas Sordas de las Islas Canarias, FASICAN; Asociaci\u00f3n Espa\u00f1ola contra el C\u00e1ncer, AECC; C\u00e1ritas Diocesana de Tenerife; AFEM, Asociaci\u00f3n de Familias y Enfermos Mentales de La Palma; Asociaci\u00f3n Feminista Jacaranda; AMATE, Asociaci\u00f3n de C\u00e1ncer de Mama Tenerife; ACAPS, Asociaci\u00f3n Canaria de Amigos del Pueblo Saharaui; ADFILPA, Asociaci\u00f3n de Discapacitados F\u00edsicos de La Palma; Iglesia Evangelista Bautista; A.E.A Rescate y la asociaci\u00f3n de Bomberos Voluntarios de La Palma.<\/p>\n<p>[\/vc_column_text][vc_empty_space height=\u00bb20px\u00bb][\/vc_column_inner][\/vc_row_inner][\/vc_column][\/vc_row]<\/p>\n<\/section>","protected":false},"excerpt":{"rendered":"<p>[vc_row css_animation=\u00bb\u00bb row_type=\u00bbrow\u00bb use_row_as_full_screen_section=\u00bbno\u00bb type=\u00bbfull_width\u00bb angled_section=\u00bbno\u00bb text_align=\u00bbleft\u00bb background_image_as_pattern=\u00bbwithout_pattern\u00bb][vc_column][vc_row_inner row_type=\u00bbrow\u00bb type=\u00bbgrid\u00bb text_align=\u00bbleft\u00bb css_animation=\u00bb\u00bb][vc_column_inner][vc_empty_space height=\u00bb20px\u00bb][vc_column_text] La concejal de Acci\u00f3n Social, Elena Concepci\u00f3n, explica que este encuentro, que hac\u00eda dos a\u00f1os que no se celebraba, se desarrollar\u00e1 el pr\u00f3ximo s\u00e1bado, 17 de diciembre, en el Plaza de Espa\u00f1a,&#8230;<\/p>\n","protected":false},"author":1,"featured_media":0,"comment_status":"closed","ping_status":"open","sticky":false,"template":"","format":"standard","meta":{"footnotes":""},"categories":[6],"tags":[],"class_list":["post-1209","post","type-post","status-publish","format-standard","hentry","category-prensa"],"yoast_head":"<!-- This site is optimized with the Yoast SEO plugin v22.7 - https:\/\/yoast.com\/wordpress\/plugins\/seo\/ -->\n<title>La XVIII Feria del Voluntariado regresa a Los Llanos de Aridane - Ayuntamiento de Los Llanos de Aridane<\/title>\n<meta name=\"description\" content=\"El Ayuntamiento de Los Llanos de Aridane presenta el cartel y el programa de La Patrona 2021 con el lema \u201cRemedios, m\u00e1s que un nombre.\u201d\" \/>\n<meta name=\"robots\" content=\"index, follow, max-snippet:-1, max-image-preview:large, max-video-preview:-1\" \/>\n<link rel=\"canonical\" href=\"https:\/\/www.aridane.org\/city\/2022\/12\/14\/la-xviii-feria-del-voluntariado-regresa-a-los-llanos-de-aridane\/\" \/>\n<meta property=\"og:locale\" content=\"es_ES\" \/>\n<meta property=\"og:type\" content=\"article\" \/>\n<meta property=\"og:title\" content=\"La XVIII Feria del Voluntariado regresa a Los Llanos de Aridane - Ayuntamiento de Los Llanos de Aridane\" \/>\n<meta property=\"og:description\" content=\"El Ayuntamiento de Los Llanos de Aridane presenta el cartel y el programa de La Patrona 2021 con el lema \u201cRemedios, m\u00e1s que un nombre.\u201d\" \/>\n<meta property=\"og:url\" content=\"https:\/\/www.aridane.org\/city\/2022\/12\/14\/la-xviii-feria-del-voluntariado-regresa-a-los-llanos-de-aridane\/\" \/>\n<meta property=\"og:site_name\" content=\"Ayuntamiento de Los Llanos de Aridane\" \/>\n<meta property=\"article:published_time\" content=\"2022-12-14T11:26:50+00:00\" \/>\n<meta name=\"author\" content=\"Richard Diaz\" \/>\n<meta name=\"twitter:card\" content=\"summary_large_image\" \/>\n<meta name=\"twitter:label1\" content=\"Escrito por\" \/>\n\t<meta name=\"twitter:data1\" content=\"Richard Diaz\" \/>\n\t<meta name=\"twitter:label2\" content=\"Tiempo de lectura\" \/>\n\t<meta name=\"twitter:data2\" content=\"3 minutos\" \/>\n<script type=\"application\/ld+json\" class=\"yoast-schema-graph\">{\"@context\":\"https:\/\/schema.org\",\"@graph\":[{\"@type\":\"WebPage\",\"@id\":\"https:\/\/www.aridane.org\/city\/2022\/12\/14\/la-xviii-feria-del-voluntariado-regresa-a-los-llanos-de-aridane\/\",\"url\":\"https:\/\/www.aridane.org\/city\/2022\/12\/14\/la-xviii-feria-del-voluntariado-regresa-a-los-llanos-de-aridane\/\",\"name\":\"La XVIII Feria del Voluntariado regresa a Los Llanos de Aridane - Ayuntamiento de Los Llanos de Aridane\",\"isPartOf\":{\"@id\":\"https:\/\/www.aridane.org\/city\/#website\"},\"datePublished\":\"2022-12-14T11:26:50+00:00\",\"dateModified\":\"2022-12-14T11:26:50+00:00\",\"author\":{\"@id\":\"https:\/\/www.aridane.org\/city\/#\/schema\/person\/7d352ec7f29881716f298394432e7209\"},\"description\":\"El Ayuntamiento de Los Llanos de Aridane presenta el cartel y el programa de La Patrona 2021 con el lema \u201cRemedios, m\u00e1s que un nombre.\u201d\",\"breadcrumb\":{\"@id\":\"https:\/\/www.aridane.org\/city\/2022\/12\/14\/la-xviii-feria-del-voluntariado-regresa-a-los-llanos-de-aridane\/#breadcrumb\"},\"inLanguage\":\"es\",\"potentialAction\":[{\"@type\":\"ReadAction\",\"target\":[\"https:\/\/www.aridane.org\/city\/2022\/12\/14\/la-xviii-feria-del-voluntariado-regresa-a-los-llanos-de-aridane\/\"]}]},{\"@type\":\"BreadcrumbList\",\"@id\":\"https:\/\/www.aridane.org\/city\/2022\/12\/14\/la-xviii-feria-del-voluntariado-regresa-a-los-llanos-de-aridane\/#breadcrumb\",\"itemListElement\":[{\"@type\":\"ListItem\",\"position\":1,\"name\":\"Portada\",\"item\":\"https:\/\/www.aridane.org\/city\/\"},{\"@type\":\"ListItem\",\"position\":2,\"name\":\"La XVIII Feria del Voluntariado regresa a Los Llanos de Aridane\"}]},{\"@type\":\"WebSite\",\"@id\":\"https:\/\/www.aridane.org\/city\/#website\",\"url\":\"https:\/\/www.aridane.org\/city\/\",\"name\":\"Ayuntamiento de Los Llanos de Aridane\",\"description\":\"\",\"potentialAction\":[{\"@type\":\"SearchAction\",\"target\":{\"@type\":\"EntryPoint\",\"urlTemplate\":\"https:\/\/www.aridane.org\/city\/?s={search_term_string}\"},\"query-input\":\"required name=search_term_string\"}],\"inLanguage\":\"es\"},{\"@type\":\"Person\",\"@id\":\"https:\/\/www.aridane.org\/city\/#\/schema\/person\/7d352ec7f29881716f298394432e7209\",\"name\":\"Richard Diaz\",\"image\":{\"@type\":\"ImageObject\",\"inLanguage\":\"es\",\"@id\":\"https:\/\/www.aridane.org\/city\/#\/schema\/person\/image\/\",\"url\":\"https:\/\/secure.gravatar.com\/avatar\/bacd6aefc26a4a204943090a4c596cd10f0857081ef3cfd12084a70ecb3161d5?s=96&d=mm&r=g\",\"contentUrl\":\"https:\/\/secure.gravatar.com\/avatar\/bacd6aefc26a4a204943090a4c596cd10f0857081ef3cfd12084a70ecb3161d5?s=96&d=mm&r=g\",\"caption\":\"Richard Diaz\"},\"sameAs\":[\"https:\/\/www.aridane.org\/city\"],\"url\":\"https:\/\/www.aridane.org\/city\/author\/richard-diaz\/\"}]}<\/script>\n<!-- \/ Yoast SEO plugin. -->","yoast_head_json":{"title":"La XVIII Feria del Voluntariado regresa a Los Llanos de Aridane - Ayuntamiento de Los Llanos de Aridane","description":"El Ayuntamiento de Los Llanos de Aridane presenta el cartel y el programa de La Patrona 2021 con el lema \u201cRemedios, m\u00e1s que un nombre.\u201d","robots":{"index":"index","follow":"follow","max-snippet":"max-snippet:-1","max-image-preview":"max-image-preview:large","max-video-preview":"max-video-preview:-1"},"canonical":"https:\/\/www.aridane.org\/city\/2022\/12\/14\/la-xviii-feria-del-voluntariado-regresa-a-los-llanos-de-aridane\/","og_locale":"es_ES","og_type":"article","og_title":"La XVIII Feria del Voluntariado regresa a Los Llanos de Aridane - Ayuntamiento de Los Llanos de Aridane","og_description":"El Ayuntamiento de Los Llanos de Aridane presenta el cartel y el programa de La Patrona 2021 con el lema \u201cRemedios, m\u00e1s que un nombre.\u201d","og_url":"https:\/\/www.aridane.org\/city\/2022\/12\/14\/la-xviii-feria-del-voluntariado-regresa-a-los-llanos-de-aridane\/","og_site_name":"Ayuntamiento de Los Llanos de Aridane","article_published_time":"2022-12-14T11:26:50+00:00","author":"Richard Diaz","twitter_card":"summary_large_image","twitter_misc":{"Escrito por":"Richard Diaz","Tiempo de lectura":"3 minutos"},"schema":{"@context":"https:\/\/schema.org","@graph":[{"@type":"WebPage","@id":"https:\/\/www.aridane.org\/city\/2022\/12\/14\/la-xviii-feria-del-voluntariado-regresa-a-los-llanos-de-aridane\/","url":"https:\/\/www.aridane.org\/city\/2022\/12\/14\/la-xviii-feria-del-voluntariado-regresa-a-los-llanos-de-aridane\/","name":"La XVIII Feria del Voluntariado regresa a Los Llanos de Aridane - Ayuntamiento de Los Llanos de Aridane","isPartOf":{"@id":"https:\/\/www.aridane.org\/city\/#website"},"datePublished":"2022-12-14T11:26:50+00:00","dateModified":"2022-12-14T11:26:50+00:00","author":{"@id":"https:\/\/www.aridane.org\/city\/#\/schema\/person\/7d352ec7f29881716f298394432e7209"},"description":"El Ayuntamiento de Los Llanos de Aridane presenta el cartel y el programa de La Patrona 2021 con el lema \u201cRemedios, m\u00e1s que un nombre.\u201d","breadcrumb":{"@id":"https:\/\/www.aridane.org\/city\/2022\/12\/14\/la-xviii-feria-del-voluntariado-regresa-a-los-llanos-de-aridane\/#breadcrumb"},"inLanguage":"es","potentialAction":[{"@type":"ReadAction","target":["https:\/\/www.aridane.org\/city\/2022\/12\/14\/la-xviii-feria-del-voluntariado-regresa-a-los-llanos-de-aridane\/"]}]},{"@type":"BreadcrumbList","@id":"https:\/\/www.aridane.org\/city\/2022\/12\/14\/la-xviii-feria-del-voluntariado-regresa-a-los-llanos-de-aridane\/#breadcrumb","itemListElement":[{"@type":"ListItem","position":1,"name":"Portada","item":"https:\/\/www.aridane.org\/city\/"},{"@type":"ListItem","position":2,"name":"La XVIII Feria del Voluntariado regresa a Los Llanos de Aridane"}]},{"@type":"WebSite","@id":"https:\/\/www.aridane.org\/city\/#website","url":"https:\/\/www.aridane.org\/city\/","name":"Ayuntamiento de Los Llanos de Aridane","description":"","potentialAction":[{"@type":"SearchAction","target":{"@type":"EntryPoint","urlTemplate":"https:\/\/www.aridane.org\/city\/?s={search_term_string}"},"query-input":"required name=search_term_string"}],"inLanguage":"es"},{"@type":"Person","@id":"https:\/\/www.aridane.org\/city\/#\/schema\/person\/7d352ec7f29881716f298394432e7209","name":"Richard Diaz","image":{"@type":"ImageObject","inLanguage":"es","@id":"https:\/\/www.aridane.org\/city\/#\/schema\/person\/image\/","url":"https:\/\/secure.gravatar.com\/avatar\/bacd6aefc26a4a204943090a4c596cd10f0857081ef3cfd12084a70ecb3161d5?s=96&d=mm&r=g","contentUrl":"https:\/\/secure.gravatar.com\/avatar\/bacd6aefc26a4a204943090a4c596cd10f0857081ef3cfd12084a70ecb3161d5?s=96&d=mm&r=g","caption":"Richard Diaz"},"sameAs":["https:\/\/www.aridane.org\/city"],"url":"https:\/\/www.aridane.org\/city\/author\/richard-diaz\/"}]}},"_links":{"self":[{"href":"https:\/\/www.aridane.org\/city\/wp-json\/wp\/v2\/posts\/1209","targetHints":{"allow":["GET"]}}],"collection":[{"href":"https:\/\/www.aridane.org\/city\/wp-json\/wp\/v2\/posts"}],"about":[{"href":"https:\/\/www.aridane.org\/city\/wp-json\/wp\/v2\/types\/post"}],"author":[{"embeddable":true,"href":"https:\/\/www.aridane.org\/city\/wp-json\/wp\/v2\/users\/1"}],"replies":[{"embeddable":true,"href":"https:\/\/www.aridane.org\/city\/wp-json\/wp\/v2\/comments?post=1209"}],"version-history":[{"count":0,"href":"https:\/\/www.aridane.org\/city\/wp-json\/wp\/v2\/posts\/1209\/revisions"}],"wp:attachment":[{"href":"https:\/\/www.aridane.org\/city\/wp-json\/wp\/v2\/media?parent=1209"}],"wp:term":[{"taxonomy":"category","embeddable":true,"href":"https:\/\/www.aridane.org\/city\/wp-json\/wp\/v2\/categories?post=1209"},{"taxonomy":"post_tag","embeddable":true,"href":"https:\/\/www.aridane.org\/city\/wp-json\/wp\/v2\/tags?post=1209"}],"curies":[{"name":"wp","href":"https:\/\/api.w.org\/{rel}","templated":true}]}}