{"id":1212,"date":"2022-12-15T09:37:57","date_gmt":"2022-12-15T09:37:57","guid":{"rendered":"https:\/\/aridane.org\/ciudad\/?p=1212"},"modified":"2022-12-15T09:37:57","modified_gmt":"2022-12-15T09:37:57","slug":"los-llanos-de-aridane-acoge-este-sabado-el-monologo-teatral-magallanes-0-de-jeroni-obrador","status":"publish","type":"post","link":"https:\/\/www.aridane.org\/city\/2022\/12\/15\/los-llanos-de-aridane-acoge-este-sabado-el-monologo-teatral-magallanes-0-de-jeroni-obrador\/","title":{"rendered":"Los Llanos de Aridane acoge este s\u00e1bado el mon\u00f3logo teatral Magallanes.0 de Jeroni Obrador"},"content":{"rendered":"<section class=\"wpb-content-wrapper\"><p>[vc_row css_animation=\u00bb\u00bb row_type=\u00bbrow\u00bb use_row_as_full_screen_section=\u00bbno\u00bb type=\u00bbfull_width\u00bb angled_section=\u00bbno\u00bb text_align=\u00bbleft\u00bb background_image_as_pattern=\u00bbwithout_pattern\u00bb][vc_column][vc_row_inner row_type=\u00bbrow\u00bb type=\u00bbgrid\u00bb text_align=\u00bbleft\u00bb css_animation=\u00bb\u00bb][vc_column_inner][vc_empty_space height=\u00bb20px\u00bb][vc_column_text]<\/p>\n<ul>\n<li style=\"text-align: justify;\">La concejal del \u00e1rea, Charo Gonz\u00e1lez, explica que se desarrollar\u00e1 a partir de las 20:00 horas en los almacenes de Europl\u00e1tano, y las entradas se pueden reservar en <a href=\"http:\/\/www.tuticketlapalma.com\">www.tuticketlapalma.com<\/a> , al precio de 5 \u20ac.<\/li>\n<\/ul>\n<p>&nbsp;<\/p>\n<p style=\"text-align: justify;\"><strong>Los Llanos de Aridane, 15 de diciembre de 2022.-<\/strong> El Ayuntamiento de los Llanos de Aridane a trav\u00e9s de la concejal de Cultura, Charo Gonz\u00e1lez, confirma que \u201ceste s\u00e1bado, 17 de diciembre, a partir de las 20 horas, en los los almacenes de Europl\u00e1tano tendr\u00e1 lugar Magallanes.0 de Jeroni Obrador. Las entradas pueden reservarse en <a href=\"http:\/\/www.tuticketlapalma.com\">www.tuticketlapalma.com<\/a> ,al precio de 5 euros\u201d, se\u00f1ala.<\/p>\n<p style=\"text-align: justify;\">Gonz\u00e1lez explica que nos encontramos delante de un mon\u00f3logo teatral multig\u00e9nero y de ciencia ficci\u00f3n, que recoge las vivencias, dificultades y reflexiones del personaje hist\u00f3rico Fernando de Magallanes, en la expedici\u00f3n a las Islas de las Especias que acab\u00f3 siendo la primera vuelta al mundo despu\u00e9s de la decisi\u00f3n de Juan Sebasti\u00e1n Elcano de desobedecer el Tratado de Tordesillas. Adem\u00e1s, se\u00f1ala que a lo largo de la obra aparecer\u00e1n diferentes espacios, tiempos y acciones que reflejan sus pensamientos, sus contradicciones y la relaci\u00f3n que tuvo con la religi\u00f3n cat\u00f3lica o con la corona espa\u00f1ola.<\/p>\n<p style=\"text-align: justify;\">La concejal afirma que Magallanes.0 no pretende ser una obra pol\u00edtica pero s\u00ed una obra contempor\u00e1nea, vivencial y humanista, que revisa los valores sociales desde el primer hecho globalizador que descubri\u00f3 una diversidad cultural, de la naturaleza y de la astronom\u00eda. Obra por la que el int\u00e9rprete menorqu\u00edn Rodo Gener se convirti\u00f3 en el primer balear en ser candidato oficial a los prestigiosos Premios Max de las Artes Esc\u00e9nicas en la categor\u00eda de actor protagonista.<\/p>\n<p style=\"text-align: justify;\">Desde la concejal\u00eda de Cultura informan que Magallanes.0 es un texto del dramaturgo, director y productor Jeroni Obrador, de Tshock Cultura Emocional, que consiste en un mon\u00f3logo de 70 minutos sobre Fernando de Magallanes, que lider\u00f3 la primera vuelta al mundo hace 500 a\u00f1os. Confinado, solo desde hace quinientos a\u00f1os en el planeta, sin agua, mar, ni vida, ni humanos. No come, no bebe. Entra y empieza un ritual con piedras.<\/p>\n<p style=\"text-align: justify;\">De 1519 a 1522 partieron Fernando de Magallanes y Juan Sebasti\u00e1n Elcano para dar la vuelta al mundo. Magallanes sucumbi\u00f3 a una flecha envenenada, pero su expedici\u00f3n tuvo \u00e9xito. Esta obra hist\u00f3rica de ciencia ficci\u00f3n explora el primer viaje alrededor del mundo y la relaci\u00f3n de Fernando de Magallanes con la iglesia, el estado, su sucesor Juan Sebasti\u00e1n Elcano y los pueblos ind\u00edgenas de los cinco continentes. Durante un encierro de 500 a\u00f1os, Magallanes entabla di\u00e1logos con Shakespeare, estrellas y piedras en su esfuerzo por mantenerse cuerdo. Viaja desde la evoluci\u00f3n humana hasta nuestros d\u00edas, oblig\u00e1ndonos a preguntarnos qu\u00e9 nos trajo exactamente la primera circunnavegaci\u00f3n de la tierra, quinientos a\u00f1os despu\u00e9s.<\/p>\n<p style=\"text-align: justify;\">El ideario de la expedici\u00f3n en la primera vuelta al mundo de Fernando de Magallanes y Juan Sebasti\u00e1n Elcano, es el primer hecho globalizador de la Historia de la Humanidad, de la Tierra como esfera f\u00edsica, limitada e interconectada. Recoge hitos contradictorios o complementarios como religi\u00f3n y ciencia, nuevo y viejo mundo, colonizaci\u00f3n y diversidad. Se trata del hombre a la conquista del mar, del universo y del pensamiento; el hombre en la aventura que supone la b\u00fasqueda de una ruta de las especias -sin intuir sus consecuencias reales para el futuro.<\/p>\n<p style=\"text-align: justify;\">Magallanes.0 es una obra de ciencia ficci\u00f3n que narra dicha epopeya bas\u00e1ndose en el diario de a bordo, escrito por A. Pigafetta, as\u00ed como de la biograf\u00eda de Stefan Zwweig sobre el protagonista. Es Teatro contempor\u00e1neo y vivencial, que divierte al espectador, invit\u00e1ndolo a atravesar todos los estados de \u00e1nimo que conlleva un confinamiento: la locura, la tristeza, la fiesta o la alegr\u00eda, el reto de mantenerse cuerdo, el porqu\u00e9 de la misma existencia. Una revisi\u00f3n de valores, una historia de soledad que se convierte en di\u00e1logo con el pasado, el presente y el futuro, al irrumpir<br \/>\nen la obra un personaje no humano.<\/p>\n<p style=\"text-align: justify;\">Magallanes.0 es una apuesta por la diversidad cultural, biol\u00f3gica, geogr\u00e1fica para plantearnos qu\u00e9 nos aporta la primera circunvalaci\u00f3n al globo quinientos a\u00f1os despu\u00e9s y en qu\u00e9 punto estamos para involucionar m\u00e1s hacia la jerarqu\u00eda o evolucionar hacia la horizontalidad.<\/p>\n<p>[\/vc_column_text][vc_empty_space height=\u00bb20px\u00bb][\/vc_column_inner][\/vc_row_inner][\/vc_column][\/vc_row]<\/p>\n<\/section>","protected":false},"excerpt":{"rendered":"<p>[vc_row css_animation=\u00bb\u00bb row_type=\u00bbrow\u00bb use_row_as_full_screen_section=\u00bbno\u00bb type=\u00bbfull_width\u00bb angled_section=\u00bbno\u00bb text_align=\u00bbleft\u00bb background_image_as_pattern=\u00bbwithout_pattern\u00bb][vc_column][vc_row_inner row_type=\u00bbrow\u00bb type=\u00bbgrid\u00bb text_align=\u00bbleft\u00bb css_animation=\u00bb\u00bb][vc_column_inner][vc_empty_space height=\u00bb20px\u00bb][vc_column_text] La concejal del \u00e1rea, Charo Gonz\u00e1lez, explica que se desarrollar\u00e1 a partir de las 20:00 horas en los almacenes de Europl\u00e1tano, y las entradas se pueden reservar en www.tuticketlapalma.com , al precio&#8230;<\/p>\n","protected":false},"author":1,"featured_media":0,"comment_status":"closed","ping_status":"open","sticky":false,"template":"","format":"standard","meta":{"footnotes":""},"categories":[6],"tags":[],"class_list":["post-1212","post","type-post","status-publish","format-standard","hentry","category-prensa"],"yoast_head":"<!-- This site is optimized with the Yoast SEO plugin v22.7 - https:\/\/yoast.com\/wordpress\/plugins\/seo\/ -->\n<title>Los Llanos de Aridane acoge este s\u00e1bado el mon\u00f3logo teatral Magallanes.0 de Jeroni Obrador - Ayuntamiento de Los Llanos de Aridane<\/title>\n<meta name=\"description\" content=\"El Ayuntamiento de Los Llanos de Aridane presenta el cartel y el programa de La Patrona 2021 con el lema \u201cRemedios, m\u00e1s que un nombre.\u201d\" \/>\n<meta name=\"robots\" content=\"index, follow, max-snippet:-1, max-image-preview:large, max-video-preview:-1\" \/>\n<link rel=\"canonical\" href=\"https:\/\/www.aridane.org\/city\/2022\/12\/15\/los-llanos-de-aridane-acoge-este-sabado-el-monologo-teatral-magallanes-0-de-jeroni-obrador\/\" \/>\n<meta property=\"og:locale\" content=\"es_ES\" \/>\n<meta property=\"og:type\" content=\"article\" \/>\n<meta property=\"og:title\" content=\"Los Llanos de Aridane acoge este s\u00e1bado el mon\u00f3logo teatral Magallanes.0 de Jeroni Obrador - Ayuntamiento de Los Llanos de Aridane\" \/>\n<meta property=\"og:description\" content=\"El Ayuntamiento de Los Llanos de Aridane presenta el cartel y el programa de La Patrona 2021 con el lema \u201cRemedios, m\u00e1s que un nombre.\u201d\" \/>\n<meta property=\"og:url\" content=\"https:\/\/www.aridane.org\/city\/2022\/12\/15\/los-llanos-de-aridane-acoge-este-sabado-el-monologo-teatral-magallanes-0-de-jeroni-obrador\/\" \/>\n<meta property=\"og:site_name\" content=\"Ayuntamiento de Los Llanos de Aridane\" \/>\n<meta property=\"article:published_time\" content=\"2022-12-15T09:37:57+00:00\" \/>\n<meta name=\"author\" content=\"Richard Diaz\" \/>\n<meta name=\"twitter:card\" content=\"summary_large_image\" \/>\n<meta name=\"twitter:label1\" content=\"Escrito por\" \/>\n\t<meta name=\"twitter:data1\" content=\"Richard Diaz\" \/>\n\t<meta name=\"twitter:label2\" content=\"Tiempo de lectura\" \/>\n\t<meta name=\"twitter:data2\" content=\"4 minutos\" \/>\n<script type=\"application\/ld+json\" class=\"yoast-schema-graph\">{\"@context\":\"https:\/\/schema.org\",\"@graph\":[{\"@type\":\"WebPage\",\"@id\":\"https:\/\/www.aridane.org\/city\/2022\/12\/15\/los-llanos-de-aridane-acoge-este-sabado-el-monologo-teatral-magallanes-0-de-jeroni-obrador\/\",\"url\":\"https:\/\/www.aridane.org\/city\/2022\/12\/15\/los-llanos-de-aridane-acoge-este-sabado-el-monologo-teatral-magallanes-0-de-jeroni-obrador\/\",\"name\":\"Los Llanos de Aridane acoge este s\u00e1bado el mon\u00f3logo teatral Magallanes.0 de Jeroni Obrador - Ayuntamiento de Los Llanos de Aridane\",\"isPartOf\":{\"@id\":\"https:\/\/www.aridane.org\/city\/#website\"},\"datePublished\":\"2022-12-15T09:37:57+00:00\",\"dateModified\":\"2022-12-15T09:37:57+00:00\",\"author\":{\"@id\":\"https:\/\/www.aridane.org\/city\/#\/schema\/person\/7d352ec7f29881716f298394432e7209\"},\"description\":\"El Ayuntamiento de Los Llanos de Aridane presenta el cartel y el programa de La Patrona 2021 con el lema \u201cRemedios, m\u00e1s que un nombre.\u201d\",\"breadcrumb\":{\"@id\":\"https:\/\/www.aridane.org\/city\/2022\/12\/15\/los-llanos-de-aridane-acoge-este-sabado-el-monologo-teatral-magallanes-0-de-jeroni-obrador\/#breadcrumb\"},\"inLanguage\":\"es\",\"potentialAction\":[{\"@type\":\"ReadAction\",\"target\":[\"https:\/\/www.aridane.org\/city\/2022\/12\/15\/los-llanos-de-aridane-acoge-este-sabado-el-monologo-teatral-magallanes-0-de-jeroni-obrador\/\"]}]},{\"@type\":\"BreadcrumbList\",\"@id\":\"https:\/\/www.aridane.org\/city\/2022\/12\/15\/los-llanos-de-aridane-acoge-este-sabado-el-monologo-teatral-magallanes-0-de-jeroni-obrador\/#breadcrumb\",\"itemListElement\":[{\"@type\":\"ListItem\",\"position\":1,\"name\":\"Portada\",\"item\":\"https:\/\/www.aridane.org\/city\/\"},{\"@type\":\"ListItem\",\"position\":2,\"name\":\"Los Llanos de Aridane acoge este s\u00e1bado el mon\u00f3logo teatral Magallanes.0 de Jeroni Obrador\"}]},{\"@type\":\"WebSite\",\"@id\":\"https:\/\/www.aridane.org\/city\/#website\",\"url\":\"https:\/\/www.aridane.org\/city\/\",\"name\":\"Ayuntamiento de Los Llanos de Aridane\",\"description\":\"\",\"potentialAction\":[{\"@type\":\"SearchAction\",\"target\":{\"@type\":\"EntryPoint\",\"urlTemplate\":\"https:\/\/www.aridane.org\/city\/?s={search_term_string}\"},\"query-input\":\"required name=search_term_string\"}],\"inLanguage\":\"es\"},{\"@type\":\"Person\",\"@id\":\"https:\/\/www.aridane.org\/city\/#\/schema\/person\/7d352ec7f29881716f298394432e7209\",\"name\":\"Richard Diaz\",\"image\":{\"@type\":\"ImageObject\",\"inLanguage\":\"es\",\"@id\":\"https:\/\/www.aridane.org\/city\/#\/schema\/person\/image\/\",\"url\":\"https:\/\/secure.gravatar.com\/avatar\/bacd6aefc26a4a204943090a4c596cd10f0857081ef3cfd12084a70ecb3161d5?s=96&d=mm&r=g\",\"contentUrl\":\"https:\/\/secure.gravatar.com\/avatar\/bacd6aefc26a4a204943090a4c596cd10f0857081ef3cfd12084a70ecb3161d5?s=96&d=mm&r=g\",\"caption\":\"Richard Diaz\"},\"sameAs\":[\"https:\/\/www.aridane.org\/city\"],\"url\":\"https:\/\/www.aridane.org\/city\/author\/richard-diaz\/\"}]}<\/script>\n<!-- \/ Yoast SEO plugin. -->","yoast_head_json":{"title":"Los Llanos de Aridane acoge este s\u00e1bado el mon\u00f3logo teatral Magallanes.0 de Jeroni Obrador - Ayuntamiento de Los Llanos de Aridane","description":"El Ayuntamiento de Los Llanos de Aridane presenta el cartel y el programa de La Patrona 2021 con el lema \u201cRemedios, m\u00e1s que un nombre.\u201d","robots":{"index":"index","follow":"follow","max-snippet":"max-snippet:-1","max-image-preview":"max-image-preview:large","max-video-preview":"max-video-preview:-1"},"canonical":"https:\/\/www.aridane.org\/city\/2022\/12\/15\/los-llanos-de-aridane-acoge-este-sabado-el-monologo-teatral-magallanes-0-de-jeroni-obrador\/","og_locale":"es_ES","og_type":"article","og_title":"Los Llanos de Aridane acoge este s\u00e1bado el mon\u00f3logo teatral Magallanes.0 de Jeroni Obrador - Ayuntamiento de Los Llanos de Aridane","og_description":"El Ayuntamiento de Los Llanos de Aridane presenta el cartel y el programa de La Patrona 2021 con el lema \u201cRemedios, m\u00e1s que un nombre.\u201d","og_url":"https:\/\/www.aridane.org\/city\/2022\/12\/15\/los-llanos-de-aridane-acoge-este-sabado-el-monologo-teatral-magallanes-0-de-jeroni-obrador\/","og_site_name":"Ayuntamiento de Los Llanos de Aridane","article_published_time":"2022-12-15T09:37:57+00:00","author":"Richard Diaz","twitter_card":"summary_large_image","twitter_misc":{"Escrito por":"Richard Diaz","Tiempo de lectura":"4 minutos"},"schema":{"@context":"https:\/\/schema.org","@graph":[{"@type":"WebPage","@id":"https:\/\/www.aridane.org\/city\/2022\/12\/15\/los-llanos-de-aridane-acoge-este-sabado-el-monologo-teatral-magallanes-0-de-jeroni-obrador\/","url":"https:\/\/www.aridane.org\/city\/2022\/12\/15\/los-llanos-de-aridane-acoge-este-sabado-el-monologo-teatral-magallanes-0-de-jeroni-obrador\/","name":"Los Llanos de Aridane acoge este s\u00e1bado el mon\u00f3logo teatral Magallanes.0 de Jeroni Obrador - Ayuntamiento de Los Llanos de Aridane","isPartOf":{"@id":"https:\/\/www.aridane.org\/city\/#website"},"datePublished":"2022-12-15T09:37:57+00:00","dateModified":"2022-12-15T09:37:57+00:00","author":{"@id":"https:\/\/www.aridane.org\/city\/#\/schema\/person\/7d352ec7f29881716f298394432e7209"},"description":"El Ayuntamiento de Los Llanos de Aridane presenta el cartel y el programa de La Patrona 2021 con el lema \u201cRemedios, m\u00e1s que un nombre.\u201d","breadcrumb":{"@id":"https:\/\/www.aridane.org\/city\/2022\/12\/15\/los-llanos-de-aridane-acoge-este-sabado-el-monologo-teatral-magallanes-0-de-jeroni-obrador\/#breadcrumb"},"inLanguage":"es","potentialAction":[{"@type":"ReadAction","target":["https:\/\/www.aridane.org\/city\/2022\/12\/15\/los-llanos-de-aridane-acoge-este-sabado-el-monologo-teatral-magallanes-0-de-jeroni-obrador\/"]}]},{"@type":"BreadcrumbList","@id":"https:\/\/www.aridane.org\/city\/2022\/12\/15\/los-llanos-de-aridane-acoge-este-sabado-el-monologo-teatral-magallanes-0-de-jeroni-obrador\/#breadcrumb","itemListElement":[{"@type":"ListItem","position":1,"name":"Portada","item":"https:\/\/www.aridane.org\/city\/"},{"@type":"ListItem","position":2,"name":"Los Llanos de Aridane acoge este s\u00e1bado el mon\u00f3logo teatral Magallanes.0 de Jeroni Obrador"}]},{"@type":"WebSite","@id":"https:\/\/www.aridane.org\/city\/#website","url":"https:\/\/www.aridane.org\/city\/","name":"Ayuntamiento de Los Llanos de Aridane","description":"","potentialAction":[{"@type":"SearchAction","target":{"@type":"EntryPoint","urlTemplate":"https:\/\/www.aridane.org\/city\/?s={search_term_string}"},"query-input":"required name=search_term_string"}],"inLanguage":"es"},{"@type":"Person","@id":"https:\/\/www.aridane.org\/city\/#\/schema\/person\/7d352ec7f29881716f298394432e7209","name":"Richard Diaz","image":{"@type":"ImageObject","inLanguage":"es","@id":"https:\/\/www.aridane.org\/city\/#\/schema\/person\/image\/","url":"https:\/\/secure.gravatar.com\/avatar\/bacd6aefc26a4a204943090a4c596cd10f0857081ef3cfd12084a70ecb3161d5?s=96&d=mm&r=g","contentUrl":"https:\/\/secure.gravatar.com\/avatar\/bacd6aefc26a4a204943090a4c596cd10f0857081ef3cfd12084a70ecb3161d5?s=96&d=mm&r=g","caption":"Richard Diaz"},"sameAs":["https:\/\/www.aridane.org\/city"],"url":"https:\/\/www.aridane.org\/city\/author\/richard-diaz\/"}]}},"_links":{"self":[{"href":"https:\/\/www.aridane.org\/city\/wp-json\/wp\/v2\/posts\/1212","targetHints":{"allow":["GET"]}}],"collection":[{"href":"https:\/\/www.aridane.org\/city\/wp-json\/wp\/v2\/posts"}],"about":[{"href":"https:\/\/www.aridane.org\/city\/wp-json\/wp\/v2\/types\/post"}],"author":[{"embeddable":true,"href":"https:\/\/www.aridane.org\/city\/wp-json\/wp\/v2\/users\/1"}],"replies":[{"embeddable":true,"href":"https:\/\/www.aridane.org\/city\/wp-json\/wp\/v2\/comments?post=1212"}],"version-history":[{"count":0,"href":"https:\/\/www.aridane.org\/city\/wp-json\/wp\/v2\/posts\/1212\/revisions"}],"wp:attachment":[{"href":"https:\/\/www.aridane.org\/city\/wp-json\/wp\/v2\/media?parent=1212"}],"wp:term":[{"taxonomy":"category","embeddable":true,"href":"https:\/\/www.aridane.org\/city\/wp-json\/wp\/v2\/categories?post=1212"},{"taxonomy":"post_tag","embeddable":true,"href":"https:\/\/www.aridane.org\/city\/wp-json\/wp\/v2\/tags?post=1212"}],"curies":[{"name":"wp","href":"https:\/\/api.w.org\/{rel}","templated":true}]}}