{"id":1219,"date":"2022-12-19T11:37:41","date_gmt":"2022-12-19T11:37:41","guid":{"rendered":"https:\/\/aridane.org\/ciudad\/?p=1219"},"modified":"2022-12-19T11:37:41","modified_gmt":"2022-12-19T11:37:41","slug":"el-ayuntamiento-de-los-llanos-de-aridane-abre-parte-del-cementerio-de-las-manchas-que-se-vio-afectado-por-la-erupcion-del-volcan","status":"publish","type":"post","link":"https:\/\/www.aridane.org\/city\/2022\/12\/19\/el-ayuntamiento-de-los-llanos-de-aridane-abre-parte-del-cementerio-de-las-manchas-que-se-vio-afectado-por-la-erupcion-del-volcan\/","title":{"rendered":"El Ayuntamiento de Los Llanos de Aridane abre parte del cementerio de Las Manchas que se vio afectado por la erupci\u00f3n del volc\u00e1n"},"content":{"rendered":"<section class=\"wpb-content-wrapper\"><p>[vc_row css_animation=\u00bb\u00bb row_type=\u00bbrow\u00bb use_row_as_full_screen_section=\u00bbno\u00bb type=\u00bbfull_width\u00bb angled_section=\u00bbno\u00bb text_align=\u00bbleft\u00bb background_image_as_pattern=\u00bbwithout_pattern\u00bb][vc_column][vc_row_inner row_type=\u00bbrow\u00bb type=\u00bbgrid\u00bb text_align=\u00bbleft\u00bb css_animation=\u00bb\u00bb][vc_column_inner][vc_empty_space height=\u00bb20px\u00bb][vc_column_text]<\/p>\n<ul>\n<li style=\"text-align: justify;\"><em>La concejal del \u00e1rea, M\u00f3nica Gonz\u00e1lez, confirma que se trata de la zona de restos, y los m\u00f3dulos R,S,P,O,T,U,W,X,Z,AA,AU,AV,AW,AX,AY y AZ, y se\u00f1ala que todas las obras que se han llevado a cabo para su apertura se est\u00e1n ejecutando desde el m\u00e1s absoluto respeto con las familias afectadas.<\/em><\/li>\n<\/ul>\n<p>&nbsp;<\/p>\n<p style=\"text-align: justify;\"><strong>Los Llanos de Aridane, 19 de diciembre de 2022.-<\/strong> El Ayuntamiento de los Llanos de Aridane a trav\u00e9s de la concejal de Cementerios, M\u00f3nica Gonz\u00e1lez, confirma que \u201cma\u00f1ana, 20 de diciembre, se abrir\u00e1 parte del cementerio de Las Manchas, que se vio afectado por la erupci\u00f3n del volc\u00e1n, hace ya m\u00e1s de un a\u00f1o\u201d, se\u00f1ala.<\/p>\n<p style=\"text-align: justify;\">Gonz\u00e1lez explica que concretamente se permitir\u00e1 la entrada a la zona de restos, y los m\u00f3dulos: R,S,P,O,T,U,W,X,Z,AA,AU,AV,AW,AX,AY y AZ. Adem\u00e1s, recuerda que \u201cya el pasado 1 de noviembre permitimos que las familias que ten\u00edan a seres queridos en parte de estas zonas pudiesen enramar los nichos, ya que las obras y tareas de mejora que est\u00e1bamos realizando, desde el m\u00e1s absoluto respeto con las familias afectadas, estaban avanzando a buen ritmo, y ahora ya podemos confirmar que han concluido\u201d.<\/p>\n<p style=\"text-align: justify;\">Adem\u00e1s, la concejal se\u00f1ala que \u201ccontinuamos dando pasos para que la ampliaci\u00f3n del cementerio municipal sea una realidad cuanto antes\u201d, a lo que a\u00f1ade que \u201cno podemos olvidarnos que se trata de un proyecto que este equipo de Gobierno ya contemplaba, y que se ha hecho imprescindible despu\u00e9s de que gran parte del camposanto se viese afectado como consecuencia de la erupci\u00f3n\u201d.<\/p>\n<p style=\"text-align: justify;\">Por \u00faltimo, desde el Ayuntamiento de Los Llanos de Aridane recuerdan que \u201ces de vital importancia que todas las administraciones continuemos trabajando juntas para dar respuesta a nuestros vecinos, y m\u00e1s en un tema tan sensible como el del cementerio\u201d.<\/p>\n<p>[\/vc_column_text][vc_empty_space height=\u00bb20px\u00bb][\/vc_column_inner][\/vc_row_inner][\/vc_column][\/vc_row]<\/p>\n<\/section>","protected":false},"excerpt":{"rendered":"<p>[vc_row css_animation=\u00bb\u00bb row_type=\u00bbrow\u00bb use_row_as_full_screen_section=\u00bbno\u00bb type=\u00bbfull_width\u00bb angled_section=\u00bbno\u00bb text_align=\u00bbleft\u00bb background_image_as_pattern=\u00bbwithout_pattern\u00bb][vc_column][vc_row_inner row_type=\u00bbrow\u00bb type=\u00bbgrid\u00bb text_align=\u00bbleft\u00bb css_animation=\u00bb\u00bb][vc_column_inner][vc_empty_space height=\u00bb20px\u00bb][vc_column_text] La concejal del \u00e1rea, M\u00f3nica Gonz\u00e1lez, confirma que se trata de la zona de restos, y los m\u00f3dulos R,S,P,O,T,U,W,X,Z,AA,AU,AV,AW,AX,AY y AZ, y se\u00f1ala que todas las obras que se han llevado a&#8230;<\/p>\n","protected":false},"author":1,"featured_media":0,"comment_status":"closed","ping_status":"open","sticky":false,"template":"","format":"standard","meta":{"footnotes":""},"categories":[6],"tags":[],"class_list":["post-1219","post","type-post","status-publish","format-standard","hentry","category-prensa"],"yoast_head":"<!-- This site is optimized with the Yoast SEO plugin v22.7 - https:\/\/yoast.com\/wordpress\/plugins\/seo\/ -->\n<title>El Ayuntamiento de Los Llanos de Aridane abre parte del cementerio de Las Manchas que se vio afectado por la erupci\u00f3n del volc\u00e1n - Ayuntamiento de Los Llanos de Aridane<\/title>\n<meta name=\"description\" content=\"El Ayuntamiento de Los Llanos de Aridane presenta el cartel y el programa de La Patrona 2021 con el lema \u201cRemedios, m\u00e1s que un nombre.\u201d\" \/>\n<meta name=\"robots\" content=\"index, follow, max-snippet:-1, max-image-preview:large, max-video-preview:-1\" \/>\n<link rel=\"canonical\" href=\"https:\/\/www.aridane.org\/city\/2022\/12\/19\/el-ayuntamiento-de-los-llanos-de-aridane-abre-parte-del-cementerio-de-las-manchas-que-se-vio-afectado-por-la-erupcion-del-volcan\/\" \/>\n<meta property=\"og:locale\" content=\"es_ES\" \/>\n<meta property=\"og:type\" content=\"article\" \/>\n<meta property=\"og:title\" content=\"El Ayuntamiento de Los Llanos de Aridane abre parte del cementerio de Las Manchas que se vio afectado por la erupci\u00f3n del volc\u00e1n - Ayuntamiento de Los Llanos de Aridane\" \/>\n<meta property=\"og:description\" content=\"El Ayuntamiento de Los Llanos de Aridane presenta el cartel y el programa de La Patrona 2021 con el lema \u201cRemedios, m\u00e1s que un nombre.\u201d\" \/>\n<meta property=\"og:url\" content=\"https:\/\/www.aridane.org\/city\/2022\/12\/19\/el-ayuntamiento-de-los-llanos-de-aridane-abre-parte-del-cementerio-de-las-manchas-que-se-vio-afectado-por-la-erupcion-del-volcan\/\" \/>\n<meta property=\"og:site_name\" content=\"Ayuntamiento de Los Llanos de Aridane\" \/>\n<meta property=\"article:published_time\" content=\"2022-12-19T11:37:41+00:00\" \/>\n<meta name=\"author\" content=\"Richard Diaz\" \/>\n<meta name=\"twitter:card\" content=\"summary_large_image\" \/>\n<meta name=\"twitter:label1\" content=\"Escrito por\" \/>\n\t<meta name=\"twitter:data1\" content=\"Richard Diaz\" \/>\n\t<meta name=\"twitter:label2\" content=\"Tiempo de lectura\" \/>\n\t<meta name=\"twitter:data2\" content=\"2 minutos\" \/>\n<script type=\"application\/ld+json\" class=\"yoast-schema-graph\">{\"@context\":\"https:\/\/schema.org\",\"@graph\":[{\"@type\":\"WebPage\",\"@id\":\"https:\/\/www.aridane.org\/city\/2022\/12\/19\/el-ayuntamiento-de-los-llanos-de-aridane-abre-parte-del-cementerio-de-las-manchas-que-se-vio-afectado-por-la-erupcion-del-volcan\/\",\"url\":\"https:\/\/www.aridane.org\/city\/2022\/12\/19\/el-ayuntamiento-de-los-llanos-de-aridane-abre-parte-del-cementerio-de-las-manchas-que-se-vio-afectado-por-la-erupcion-del-volcan\/\",\"name\":\"El Ayuntamiento de Los Llanos de Aridane abre parte del cementerio de Las Manchas que se vio afectado por la erupci\u00f3n del volc\u00e1n - Ayuntamiento de Los Llanos de Aridane\",\"isPartOf\":{\"@id\":\"https:\/\/www.aridane.org\/city\/#website\"},\"datePublished\":\"2022-12-19T11:37:41+00:00\",\"dateModified\":\"2022-12-19T11:37:41+00:00\",\"author\":{\"@id\":\"https:\/\/www.aridane.org\/city\/#\/schema\/person\/7d352ec7f29881716f298394432e7209\"},\"description\":\"El Ayuntamiento de Los Llanos de Aridane presenta el cartel y el programa de La Patrona 2021 con el lema \u201cRemedios, m\u00e1s que un nombre.\u201d\",\"breadcrumb\":{\"@id\":\"https:\/\/www.aridane.org\/city\/2022\/12\/19\/el-ayuntamiento-de-los-llanos-de-aridane-abre-parte-del-cementerio-de-las-manchas-que-se-vio-afectado-por-la-erupcion-del-volcan\/#breadcrumb\"},\"inLanguage\":\"es\",\"potentialAction\":[{\"@type\":\"ReadAction\",\"target\":[\"https:\/\/www.aridane.org\/city\/2022\/12\/19\/el-ayuntamiento-de-los-llanos-de-aridane-abre-parte-del-cementerio-de-las-manchas-que-se-vio-afectado-por-la-erupcion-del-volcan\/\"]}]},{\"@type\":\"BreadcrumbList\",\"@id\":\"https:\/\/www.aridane.org\/city\/2022\/12\/19\/el-ayuntamiento-de-los-llanos-de-aridane-abre-parte-del-cementerio-de-las-manchas-que-se-vio-afectado-por-la-erupcion-del-volcan\/#breadcrumb\",\"itemListElement\":[{\"@type\":\"ListItem\",\"position\":1,\"name\":\"Portada\",\"item\":\"https:\/\/www.aridane.org\/city\/\"},{\"@type\":\"ListItem\",\"position\":2,\"name\":\"El Ayuntamiento de Los Llanos de Aridane abre parte del cementerio de Las Manchas que se vio afectado por la erupci\u00f3n del volc\u00e1n\"}]},{\"@type\":\"WebSite\",\"@id\":\"https:\/\/www.aridane.org\/city\/#website\",\"url\":\"https:\/\/www.aridane.org\/city\/\",\"name\":\"Ayuntamiento de Los Llanos de Aridane\",\"description\":\"\",\"potentialAction\":[{\"@type\":\"SearchAction\",\"target\":{\"@type\":\"EntryPoint\",\"urlTemplate\":\"https:\/\/www.aridane.org\/city\/?s={search_term_string}\"},\"query-input\":\"required name=search_term_string\"}],\"inLanguage\":\"es\"},{\"@type\":\"Person\",\"@id\":\"https:\/\/www.aridane.org\/city\/#\/schema\/person\/7d352ec7f29881716f298394432e7209\",\"name\":\"Richard Diaz\",\"image\":{\"@type\":\"ImageObject\",\"inLanguage\":\"es\",\"@id\":\"https:\/\/www.aridane.org\/city\/#\/schema\/person\/image\/\",\"url\":\"https:\/\/secure.gravatar.com\/avatar\/bacd6aefc26a4a204943090a4c596cd10f0857081ef3cfd12084a70ecb3161d5?s=96&d=mm&r=g\",\"contentUrl\":\"https:\/\/secure.gravatar.com\/avatar\/bacd6aefc26a4a204943090a4c596cd10f0857081ef3cfd12084a70ecb3161d5?s=96&d=mm&r=g\",\"caption\":\"Richard Diaz\"},\"sameAs\":[\"https:\/\/www.aridane.org\/city\"],\"url\":\"https:\/\/www.aridane.org\/city\/author\/richard-diaz\/\"}]}<\/script>\n<!-- \/ Yoast SEO plugin. -->","yoast_head_json":{"title":"El Ayuntamiento de Los Llanos de Aridane abre parte del cementerio de Las Manchas que se vio afectado por la erupci\u00f3n del volc\u00e1n - Ayuntamiento de Los Llanos de Aridane","description":"El Ayuntamiento de Los Llanos de Aridane presenta el cartel y el programa de La Patrona 2021 con el lema \u201cRemedios, m\u00e1s que un nombre.\u201d","robots":{"index":"index","follow":"follow","max-snippet":"max-snippet:-1","max-image-preview":"max-image-preview:large","max-video-preview":"max-video-preview:-1"},"canonical":"https:\/\/www.aridane.org\/city\/2022\/12\/19\/el-ayuntamiento-de-los-llanos-de-aridane-abre-parte-del-cementerio-de-las-manchas-que-se-vio-afectado-por-la-erupcion-del-volcan\/","og_locale":"es_ES","og_type":"article","og_title":"El Ayuntamiento de Los Llanos de Aridane abre parte del cementerio de Las Manchas que se vio afectado por la erupci\u00f3n del volc\u00e1n - Ayuntamiento de Los Llanos de Aridane","og_description":"El Ayuntamiento de Los Llanos de Aridane presenta el cartel y el programa de La Patrona 2021 con el lema \u201cRemedios, m\u00e1s que un nombre.\u201d","og_url":"https:\/\/www.aridane.org\/city\/2022\/12\/19\/el-ayuntamiento-de-los-llanos-de-aridane-abre-parte-del-cementerio-de-las-manchas-que-se-vio-afectado-por-la-erupcion-del-volcan\/","og_site_name":"Ayuntamiento de Los Llanos de Aridane","article_published_time":"2022-12-19T11:37:41+00:00","author":"Richard Diaz","twitter_card":"summary_large_image","twitter_misc":{"Escrito por":"Richard Diaz","Tiempo de lectura":"2 minutos"},"schema":{"@context":"https:\/\/schema.org","@graph":[{"@type":"WebPage","@id":"https:\/\/www.aridane.org\/city\/2022\/12\/19\/el-ayuntamiento-de-los-llanos-de-aridane-abre-parte-del-cementerio-de-las-manchas-que-se-vio-afectado-por-la-erupcion-del-volcan\/","url":"https:\/\/www.aridane.org\/city\/2022\/12\/19\/el-ayuntamiento-de-los-llanos-de-aridane-abre-parte-del-cementerio-de-las-manchas-que-se-vio-afectado-por-la-erupcion-del-volcan\/","name":"El Ayuntamiento de Los Llanos de Aridane abre parte del cementerio de Las Manchas que se vio afectado por la erupci\u00f3n del volc\u00e1n - Ayuntamiento de Los Llanos de Aridane","isPartOf":{"@id":"https:\/\/www.aridane.org\/city\/#website"},"datePublished":"2022-12-19T11:37:41+00:00","dateModified":"2022-12-19T11:37:41+00:00","author":{"@id":"https:\/\/www.aridane.org\/city\/#\/schema\/person\/7d352ec7f29881716f298394432e7209"},"description":"El Ayuntamiento de Los Llanos de Aridane presenta el cartel y el programa de La Patrona 2021 con el lema \u201cRemedios, m\u00e1s que un nombre.\u201d","breadcrumb":{"@id":"https:\/\/www.aridane.org\/city\/2022\/12\/19\/el-ayuntamiento-de-los-llanos-de-aridane-abre-parte-del-cementerio-de-las-manchas-que-se-vio-afectado-por-la-erupcion-del-volcan\/#breadcrumb"},"inLanguage":"es","potentialAction":[{"@type":"ReadAction","target":["https:\/\/www.aridane.org\/city\/2022\/12\/19\/el-ayuntamiento-de-los-llanos-de-aridane-abre-parte-del-cementerio-de-las-manchas-que-se-vio-afectado-por-la-erupcion-del-volcan\/"]}]},{"@type":"BreadcrumbList","@id":"https:\/\/www.aridane.org\/city\/2022\/12\/19\/el-ayuntamiento-de-los-llanos-de-aridane-abre-parte-del-cementerio-de-las-manchas-que-se-vio-afectado-por-la-erupcion-del-volcan\/#breadcrumb","itemListElement":[{"@type":"ListItem","position":1,"name":"Portada","item":"https:\/\/www.aridane.org\/city\/"},{"@type":"ListItem","position":2,"name":"El Ayuntamiento de Los Llanos de Aridane abre parte del cementerio de Las Manchas que se vio afectado por la erupci\u00f3n del volc\u00e1n"}]},{"@type":"WebSite","@id":"https:\/\/www.aridane.org\/city\/#website","url":"https:\/\/www.aridane.org\/city\/","name":"Ayuntamiento de Los Llanos de Aridane","description":"","potentialAction":[{"@type":"SearchAction","target":{"@type":"EntryPoint","urlTemplate":"https:\/\/www.aridane.org\/city\/?s={search_term_string}"},"query-input":"required name=search_term_string"}],"inLanguage":"es"},{"@type":"Person","@id":"https:\/\/www.aridane.org\/city\/#\/schema\/person\/7d352ec7f29881716f298394432e7209","name":"Richard Diaz","image":{"@type":"ImageObject","inLanguage":"es","@id":"https:\/\/www.aridane.org\/city\/#\/schema\/person\/image\/","url":"https:\/\/secure.gravatar.com\/avatar\/bacd6aefc26a4a204943090a4c596cd10f0857081ef3cfd12084a70ecb3161d5?s=96&d=mm&r=g","contentUrl":"https:\/\/secure.gravatar.com\/avatar\/bacd6aefc26a4a204943090a4c596cd10f0857081ef3cfd12084a70ecb3161d5?s=96&d=mm&r=g","caption":"Richard Diaz"},"sameAs":["https:\/\/www.aridane.org\/city"],"url":"https:\/\/www.aridane.org\/city\/author\/richard-diaz\/"}]}},"_links":{"self":[{"href":"https:\/\/www.aridane.org\/city\/wp-json\/wp\/v2\/posts\/1219","targetHints":{"allow":["GET"]}}],"collection":[{"href":"https:\/\/www.aridane.org\/city\/wp-json\/wp\/v2\/posts"}],"about":[{"href":"https:\/\/www.aridane.org\/city\/wp-json\/wp\/v2\/types\/post"}],"author":[{"embeddable":true,"href":"https:\/\/www.aridane.org\/city\/wp-json\/wp\/v2\/users\/1"}],"replies":[{"embeddable":true,"href":"https:\/\/www.aridane.org\/city\/wp-json\/wp\/v2\/comments?post=1219"}],"version-history":[{"count":0,"href":"https:\/\/www.aridane.org\/city\/wp-json\/wp\/v2\/posts\/1219\/revisions"}],"wp:attachment":[{"href":"https:\/\/www.aridane.org\/city\/wp-json\/wp\/v2\/media?parent=1219"}],"wp:term":[{"taxonomy":"category","embeddable":true,"href":"https:\/\/www.aridane.org\/city\/wp-json\/wp\/v2\/categories?post=1219"},{"taxonomy":"post_tag","embeddable":true,"href":"https:\/\/www.aridane.org\/city\/wp-json\/wp\/v2\/tags?post=1219"}],"curies":[{"name":"wp","href":"https:\/\/api.w.org\/{rel}","templated":true}]}}