{"id":1222,"date":"2022-12-20T11:32:26","date_gmt":"2022-12-20T11:32:26","guid":{"rendered":"https:\/\/aridane.org\/ciudad\/?p=1222"},"modified":"2023-06-22T12:15:33","modified_gmt":"2023-06-22T12:15:33","slug":"el-ayuntamiento-de-los-llanos-de-aridane-colabora-en-la-elaboracion-del-calendario-solidario-a-favor-de-la-asociacion-espanola-contra-el-cancer-ninfas-de-la-palma","status":"publish","type":"post","link":"https:\/\/www.aridane.org\/city\/2022\/12\/20\/el-ayuntamiento-de-los-llanos-de-aridane-colabora-en-la-elaboracion-del-calendario-solidario-a-favor-de-la-asociacion-espanola-contra-el-cancer-ninfas-de-la-palma\/","title":{"rendered":"El Ayuntamiento de Los Llanos de Aridane colabora en la elaboraci\u00f3n del calendario solidario a favor de la Asociaci\u00f3n Espa\u00f1ola Contra el C\u00e1ncer \u2018Ninfas de La Palma\u2019"},"content":{"rendered":"<section class=\"wpb-content-wrapper\"><p>[vc_row css_animation=\u00bb\u00bb row_type=\u00bbrow\u00bb use_row_as_full_screen_section=\u00bbno\u00bb type=\u00bbfull_width\u00bb angled_section=\u00bbno\u00bb text_align=\u00bbleft\u00bb background_image_as_pattern=\u00bbwithout_pattern\u00bb][vc_column][vc_row_inner row_type=\u00bbrow\u00bb type=\u00bbgrid\u00bb text_align=\u00bbleft\u00bb css_animation=\u00bb\u00bb][vc_column_inner][vc_empty_space height=\u00bb20px\u00bb][vc_column_text]<\/p>\n<ul>\n<li style=\"text-align: justify;\"><em>La presentaci\u00f3n ser\u00e1 ma\u00f1ana, mi\u00e9rcoles 21 de diciembre, a partir de las 12:30 horas, en el Casino de Los Llanos de Aridane.<\/em><\/li>\n<\/ul>\n<p>&nbsp;<\/p>\n<p style=\"text-align: justify;\"><strong>Los Llanos de Aridane, 20 de diciembre de 2022.-<\/strong> El Ayuntamiento de los Llanos de Aridane a trav\u00e9s de la concejal de Igualdad, Elena Pais, ha confirmado ma\u00f1ana, mi\u00e9rcoles 21 de diciembre, a partir de las 12:30 horas se presentar\u00e1 el calendario solidario, en el que colabora el Consistorio, \u2018Ninfas de La Palma\u2019 \u00a0cuyos beneficios \u00a0ir\u00e1n destinados a la Asociaci\u00f3n Espa\u00f1ola Contra el C\u00e1ncer, AECC.<\/p>\n<p style=\"text-align: justify;\">Pais explica que en este calendario se muestra la fuerza y la belleza de la mujer palmera \u201cunida a nuestros hermosos paisajes naturales, a trav\u00e9s de im\u00e1genes donde se conjugan y se funden la mujer palmera y la naturaleza. Representando en cada imagen un canto a la vida, \u00a0poes\u00eda, \u00a0magia, \u00a0fuerza y \u00a0libertad\u201d, asegura.<\/p>\n<p style=\"text-align: justify;\">Adem\u00e1s, desde la concejal\u00eda de Igualdad se\u00f1alan que este trabajo ha estado bajo la direcci\u00f3n general y art\u00edstica de Freddy Mendoza; las fotograf\u00edas han corrido a cargo de Susana P\u00e9rez C\u00e1ceres; y las modelos han sido Andrea Mart\u00edn Barreto, Judith P\u00e9rez Garc\u00eda, Patricia Botr\u00e1n de Le\u00f3n y Yurena Godoy L\u00f3pez. Asimismo, se confirma que durante la presentaci\u00f3n se contar\u00e1 con la presencia de las escritoras: \u00a0Gloria Esther Rodr\u00edguez Rodr\u00edguez, Luc\u00eda Rosa Gonz\u00e1lez y Sandra Lorenzo .<\/p>\n<p style=\"text-align: justify;\">Por \u00faltimo, desde el Ayuntamiento de Los Llanos de Aridane se invita a todas aquellas personas que lo deseen a colaborar en la compra de este calendario cuyos beneficios ir\u00e1n destinaos a AECC.<\/p>\n<p>[\/vc_column_text][vc_empty_space height=\u00bb20px\u00bb][\/vc_column_inner][\/vc_row_inner][\/vc_column][\/vc_row]<\/p>\n<\/section>","protected":false},"excerpt":{"rendered":"<p>[vc_row css_animation=\u00bb\u00bb row_type=\u00bbrow\u00bb use_row_as_full_screen_section=\u00bbno\u00bb type=\u00bbfull_width\u00bb angled_section=\u00bbno\u00bb text_align=\u00bbleft\u00bb background_image_as_pattern=\u00bbwithout_pattern\u00bb][vc_column][vc_row_inner row_type=\u00bbrow\u00bb type=\u00bbgrid\u00bb text_align=\u00bbleft\u00bb css_animation=\u00bb\u00bb][vc_column_inner][vc_empty_space height=\u00bb20px\u00bb][vc_column_text] La presentaci\u00f3n ser\u00e1 ma\u00f1ana, mi\u00e9rcoles 21 de diciembre, a partir de las 12:30 horas, en el Casino de Los Llanos de Aridane. &nbsp; Los Llanos de Aridane, 20 de diciembre de 2022.-&#8230;<\/p>\n","protected":false},"author":1,"featured_media":1995,"comment_status":"closed","ping_status":"open","sticky":false,"template":"","format":"standard","meta":{"footnotes":""},"categories":[6],"tags":[],"class_list":["post-1222","post","type-post","status-publish","format-standard","has-post-thumbnail","hentry","category-prensa"],"yoast_head":"<!-- This site is optimized with the Yoast SEO plugin v22.7 - https:\/\/yoast.com\/wordpress\/plugins\/seo\/ -->\n<title>El Ayuntamiento de Los Llanos de Aridane colabora en la elaboraci\u00f3n del calendario solidario a favor de la Asociaci\u00f3n Espa\u00f1ola Contra el C\u00e1ncer \u2018Ninfas de La Palma\u2019 - Ayuntamiento de Los Llanos de Aridane<\/title>\n<meta name=\"description\" content=\"El Ayuntamiento de Los Llanos de Aridane presenta el cartel y el programa de La Patrona 2021 con el lema \u201cRemedios, m\u00e1s que un nombre.\u201d\" \/>\n<meta name=\"robots\" content=\"index, follow, max-snippet:-1, max-image-preview:large, max-video-preview:-1\" \/>\n<link rel=\"canonical\" href=\"https:\/\/www.aridane.org\/city\/2022\/12\/20\/el-ayuntamiento-de-los-llanos-de-aridane-colabora-en-la-elaboracion-del-calendario-solidario-a-favor-de-la-asociacion-espanola-contra-el-cancer-ninfas-de-la-palma\/\" \/>\n<meta property=\"og:locale\" content=\"es_ES\" \/>\n<meta property=\"og:type\" content=\"article\" \/>\n<meta property=\"og:title\" content=\"El Ayuntamiento de Los Llanos de Aridane colabora en la elaboraci\u00f3n del calendario solidario a favor de la Asociaci\u00f3n Espa\u00f1ola Contra el C\u00e1ncer \u2018Ninfas de La Palma\u2019 - Ayuntamiento de Los Llanos de Aridane\" \/>\n<meta property=\"og:description\" content=\"El Ayuntamiento de Los Llanos de Aridane presenta el cartel y el programa de La Patrona 2021 con el lema \u201cRemedios, m\u00e1s que un nombre.\u201d\" \/>\n<meta property=\"og:url\" content=\"https:\/\/www.aridane.org\/city\/2022\/12\/20\/el-ayuntamiento-de-los-llanos-de-aridane-colabora-en-la-elaboracion-del-calendario-solidario-a-favor-de-la-asociacion-espanola-contra-el-cancer-ninfas-de-la-palma\/\" \/>\n<meta property=\"og:site_name\" content=\"Ayuntamiento de Los Llanos de Aridane\" \/>\n<meta property=\"article:published_time\" content=\"2022-12-20T11:32:26+00:00\" \/>\n<meta property=\"article:modified_time\" content=\"2023-06-22T12:15:33+00:00\" \/>\n<meta property=\"og:image\" content=\"https:\/\/www.aridane.org\/city\/wp-content\/uploads\/2023\/06\/PHOTO-2022-12-20-09-58-38.jpg\" \/>\n\t<meta property=\"og:image:width\" content=\"1170\" \/>\n\t<meta property=\"og:image:height\" content=\"1631\" \/>\n\t<meta property=\"og:image:type\" content=\"image\/jpeg\" \/>\n<meta name=\"author\" content=\"Richard Diaz\" \/>\n<meta name=\"twitter:card\" content=\"summary_large_image\" \/>\n<meta name=\"twitter:label1\" content=\"Escrito por\" \/>\n\t<meta name=\"twitter:data1\" content=\"Richard Diaz\" \/>\n\t<meta name=\"twitter:label2\" content=\"Tiempo de lectura\" \/>\n\t<meta name=\"twitter:data2\" content=\"2 minutos\" \/>\n<script type=\"application\/ld+json\" class=\"yoast-schema-graph\">{\"@context\":\"https:\/\/schema.org\",\"@graph\":[{\"@type\":\"WebPage\",\"@id\":\"https:\/\/www.aridane.org\/city\/2022\/12\/20\/el-ayuntamiento-de-los-llanos-de-aridane-colabora-en-la-elaboracion-del-calendario-solidario-a-favor-de-la-asociacion-espanola-contra-el-cancer-ninfas-de-la-palma\/\",\"url\":\"https:\/\/www.aridane.org\/city\/2022\/12\/20\/el-ayuntamiento-de-los-llanos-de-aridane-colabora-en-la-elaboracion-del-calendario-solidario-a-favor-de-la-asociacion-espanola-contra-el-cancer-ninfas-de-la-palma\/\",\"name\":\"El Ayuntamiento de Los Llanos de Aridane colabora en la elaboraci\u00f3n del calendario solidario a favor de la Asociaci\u00f3n Espa\u00f1ola Contra el C\u00e1ncer \u2018Ninfas de La Palma\u2019 - Ayuntamiento de Los Llanos de Aridane\",\"isPartOf\":{\"@id\":\"https:\/\/www.aridane.org\/city\/#website\"},\"primaryImageOfPage\":{\"@id\":\"https:\/\/www.aridane.org\/city\/2022\/12\/20\/el-ayuntamiento-de-los-llanos-de-aridane-colabora-en-la-elaboracion-del-calendario-solidario-a-favor-de-la-asociacion-espanola-contra-el-cancer-ninfas-de-la-palma\/#primaryimage\"},\"image\":{\"@id\":\"https:\/\/www.aridane.org\/city\/2022\/12\/20\/el-ayuntamiento-de-los-llanos-de-aridane-colabora-en-la-elaboracion-del-calendario-solidario-a-favor-de-la-asociacion-espanola-contra-el-cancer-ninfas-de-la-palma\/#primaryimage\"},\"thumbnailUrl\":\"https:\/\/www.aridane.org\/city\/wp-content\/uploads\/2023\/06\/PHOTO-2022-12-20-09-58-38.jpg\",\"datePublished\":\"2022-12-20T11:32:26+00:00\",\"dateModified\":\"2023-06-22T12:15:33+00:00\",\"author\":{\"@id\":\"https:\/\/www.aridane.org\/city\/#\/schema\/person\/7d352ec7f29881716f298394432e7209\"},\"description\":\"El Ayuntamiento de Los Llanos de Aridane presenta el cartel y el programa de La Patrona 2021 con el lema \u201cRemedios, m\u00e1s que un nombre.\u201d\",\"breadcrumb\":{\"@id\":\"https:\/\/www.aridane.org\/city\/2022\/12\/20\/el-ayuntamiento-de-los-llanos-de-aridane-colabora-en-la-elaboracion-del-calendario-solidario-a-favor-de-la-asociacion-espanola-contra-el-cancer-ninfas-de-la-palma\/#breadcrumb\"},\"inLanguage\":\"es\",\"potentialAction\":[{\"@type\":\"ReadAction\",\"target\":[\"https:\/\/www.aridane.org\/city\/2022\/12\/20\/el-ayuntamiento-de-los-llanos-de-aridane-colabora-en-la-elaboracion-del-calendario-solidario-a-favor-de-la-asociacion-espanola-contra-el-cancer-ninfas-de-la-palma\/\"]}]},{\"@type\":\"ImageObject\",\"inLanguage\":\"es\",\"@id\":\"https:\/\/www.aridane.org\/city\/2022\/12\/20\/el-ayuntamiento-de-los-llanos-de-aridane-colabora-en-la-elaboracion-del-calendario-solidario-a-favor-de-la-asociacion-espanola-contra-el-cancer-ninfas-de-la-palma\/#primaryimage\",\"url\":\"https:\/\/www.aridane.org\/city\/wp-content\/uploads\/2023\/06\/PHOTO-2022-12-20-09-58-38.jpg\",\"contentUrl\":\"https:\/\/www.aridane.org\/city\/wp-content\/uploads\/2023\/06\/PHOTO-2022-12-20-09-58-38.jpg\",\"width\":1170,\"height\":1631},{\"@type\":\"BreadcrumbList\",\"@id\":\"https:\/\/www.aridane.org\/city\/2022\/12\/20\/el-ayuntamiento-de-los-llanos-de-aridane-colabora-en-la-elaboracion-del-calendario-solidario-a-favor-de-la-asociacion-espanola-contra-el-cancer-ninfas-de-la-palma\/#breadcrumb\",\"itemListElement\":[{\"@type\":\"ListItem\",\"position\":1,\"name\":\"Portada\",\"item\":\"https:\/\/www.aridane.org\/city\/\"},{\"@type\":\"ListItem\",\"position\":2,\"name\":\"El Ayuntamiento de Los Llanos de Aridane colabora en la elaboraci\u00f3n del calendario solidario a favor de la Asociaci\u00f3n Espa\u00f1ola Contra el C\u00e1ncer \u2018Ninfas de La Palma\u2019\"}]},{\"@type\":\"WebSite\",\"@id\":\"https:\/\/www.aridane.org\/city\/#website\",\"url\":\"https:\/\/www.aridane.org\/city\/\",\"name\":\"Ayuntamiento de Los Llanos de Aridane\",\"description\":\"\",\"potentialAction\":[{\"@type\":\"SearchAction\",\"target\":{\"@type\":\"EntryPoint\",\"urlTemplate\":\"https:\/\/www.aridane.org\/city\/?s={search_term_string}\"},\"query-input\":\"required name=search_term_string\"}],\"inLanguage\":\"es\"},{\"@type\":\"Person\",\"@id\":\"https:\/\/www.aridane.org\/city\/#\/schema\/person\/7d352ec7f29881716f298394432e7209\",\"name\":\"Richard Diaz\",\"image\":{\"@type\":\"ImageObject\",\"inLanguage\":\"es\",\"@id\":\"https:\/\/www.aridane.org\/city\/#\/schema\/person\/image\/\",\"url\":\"https:\/\/secure.gravatar.com\/avatar\/bacd6aefc26a4a204943090a4c596cd10f0857081ef3cfd12084a70ecb3161d5?s=96&d=mm&r=g\",\"contentUrl\":\"https:\/\/secure.gravatar.com\/avatar\/bacd6aefc26a4a204943090a4c596cd10f0857081ef3cfd12084a70ecb3161d5?s=96&d=mm&r=g\",\"caption\":\"Richard Diaz\"},\"sameAs\":[\"https:\/\/www.aridane.org\/city\"],\"url\":\"https:\/\/www.aridane.org\/city\/author\/richard-diaz\/\"}]}<\/script>\n<!-- \/ Yoast SEO plugin. -->","yoast_head_json":{"title":"El Ayuntamiento de Los Llanos de Aridane colabora en la elaboraci\u00f3n del calendario solidario a favor de la Asociaci\u00f3n Espa\u00f1ola Contra el C\u00e1ncer \u2018Ninfas de La Palma\u2019 - Ayuntamiento de Los Llanos de Aridane","description":"El Ayuntamiento de Los Llanos de Aridane presenta el cartel y el programa de La Patrona 2021 con el lema \u201cRemedios, m\u00e1s que un nombre.\u201d","robots":{"index":"index","follow":"follow","max-snippet":"max-snippet:-1","max-image-preview":"max-image-preview:large","max-video-preview":"max-video-preview:-1"},"canonical":"https:\/\/www.aridane.org\/city\/2022\/12\/20\/el-ayuntamiento-de-los-llanos-de-aridane-colabora-en-la-elaboracion-del-calendario-solidario-a-favor-de-la-asociacion-espanola-contra-el-cancer-ninfas-de-la-palma\/","og_locale":"es_ES","og_type":"article","og_title":"El Ayuntamiento de Los Llanos de Aridane colabora en la elaboraci\u00f3n del calendario solidario a favor de la Asociaci\u00f3n Espa\u00f1ola Contra el C\u00e1ncer \u2018Ninfas de La Palma\u2019 - Ayuntamiento de Los Llanos de Aridane","og_description":"El Ayuntamiento de Los Llanos de Aridane presenta el cartel y el programa de La Patrona 2021 con el lema \u201cRemedios, m\u00e1s que un nombre.\u201d","og_url":"https:\/\/www.aridane.org\/city\/2022\/12\/20\/el-ayuntamiento-de-los-llanos-de-aridane-colabora-en-la-elaboracion-del-calendario-solidario-a-favor-de-la-asociacion-espanola-contra-el-cancer-ninfas-de-la-palma\/","og_site_name":"Ayuntamiento de Los Llanos de Aridane","article_published_time":"2022-12-20T11:32:26+00:00","article_modified_time":"2023-06-22T12:15:33+00:00","og_image":[{"width":1170,"height":1631,"url":"https:\/\/www.aridane.org\/city\/wp-content\/uploads\/2023\/06\/PHOTO-2022-12-20-09-58-38.jpg","type":"image\/jpeg"}],"author":"Richard Diaz","twitter_card":"summary_large_image","twitter_misc":{"Escrito por":"Richard Diaz","Tiempo de lectura":"2 minutos"},"schema":{"@context":"https:\/\/schema.org","@graph":[{"@type":"WebPage","@id":"https:\/\/www.aridane.org\/city\/2022\/12\/20\/el-ayuntamiento-de-los-llanos-de-aridane-colabora-en-la-elaboracion-del-calendario-solidario-a-favor-de-la-asociacion-espanola-contra-el-cancer-ninfas-de-la-palma\/","url":"https:\/\/www.aridane.org\/city\/2022\/12\/20\/el-ayuntamiento-de-los-llanos-de-aridane-colabora-en-la-elaboracion-del-calendario-solidario-a-favor-de-la-asociacion-espanola-contra-el-cancer-ninfas-de-la-palma\/","name":"El Ayuntamiento de Los Llanos de Aridane colabora en la elaboraci\u00f3n del calendario solidario a favor de la Asociaci\u00f3n Espa\u00f1ola Contra el C\u00e1ncer \u2018Ninfas de La Palma\u2019 - Ayuntamiento de Los Llanos de Aridane","isPartOf":{"@id":"https:\/\/www.aridane.org\/city\/#website"},"primaryImageOfPage":{"@id":"https:\/\/www.aridane.org\/city\/2022\/12\/20\/el-ayuntamiento-de-los-llanos-de-aridane-colabora-en-la-elaboracion-del-calendario-solidario-a-favor-de-la-asociacion-espanola-contra-el-cancer-ninfas-de-la-palma\/#primaryimage"},"image":{"@id":"https:\/\/www.aridane.org\/city\/2022\/12\/20\/el-ayuntamiento-de-los-llanos-de-aridane-colabora-en-la-elaboracion-del-calendario-solidario-a-favor-de-la-asociacion-espanola-contra-el-cancer-ninfas-de-la-palma\/#primaryimage"},"thumbnailUrl":"https:\/\/www.aridane.org\/city\/wp-content\/uploads\/2023\/06\/PHOTO-2022-12-20-09-58-38.jpg","datePublished":"2022-12-20T11:32:26+00:00","dateModified":"2023-06-22T12:15:33+00:00","author":{"@id":"https:\/\/www.aridane.org\/city\/#\/schema\/person\/7d352ec7f29881716f298394432e7209"},"description":"El Ayuntamiento de Los Llanos de Aridane presenta el cartel y el programa de La Patrona 2021 con el lema \u201cRemedios, m\u00e1s que un nombre.\u201d","breadcrumb":{"@id":"https:\/\/www.aridane.org\/city\/2022\/12\/20\/el-ayuntamiento-de-los-llanos-de-aridane-colabora-en-la-elaboracion-del-calendario-solidario-a-favor-de-la-asociacion-espanola-contra-el-cancer-ninfas-de-la-palma\/#breadcrumb"},"inLanguage":"es","potentialAction":[{"@type":"ReadAction","target":["https:\/\/www.aridane.org\/city\/2022\/12\/20\/el-ayuntamiento-de-los-llanos-de-aridane-colabora-en-la-elaboracion-del-calendario-solidario-a-favor-de-la-asociacion-espanola-contra-el-cancer-ninfas-de-la-palma\/"]}]},{"@type":"ImageObject","inLanguage":"es","@id":"https:\/\/www.aridane.org\/city\/2022\/12\/20\/el-ayuntamiento-de-los-llanos-de-aridane-colabora-en-la-elaboracion-del-calendario-solidario-a-favor-de-la-asociacion-espanola-contra-el-cancer-ninfas-de-la-palma\/#primaryimage","url":"https:\/\/www.aridane.org\/city\/wp-content\/uploads\/2023\/06\/PHOTO-2022-12-20-09-58-38.jpg","contentUrl":"https:\/\/www.aridane.org\/city\/wp-content\/uploads\/2023\/06\/PHOTO-2022-12-20-09-58-38.jpg","width":1170,"height":1631},{"@type":"BreadcrumbList","@id":"https:\/\/www.aridane.org\/city\/2022\/12\/20\/el-ayuntamiento-de-los-llanos-de-aridane-colabora-en-la-elaboracion-del-calendario-solidario-a-favor-de-la-asociacion-espanola-contra-el-cancer-ninfas-de-la-palma\/#breadcrumb","itemListElement":[{"@type":"ListItem","position":1,"name":"Portada","item":"https:\/\/www.aridane.org\/city\/"},{"@type":"ListItem","position":2,"name":"El Ayuntamiento de Los Llanos de Aridane colabora en la elaboraci\u00f3n del calendario solidario a favor de la Asociaci\u00f3n Espa\u00f1ola Contra el C\u00e1ncer \u2018Ninfas de La Palma\u2019"}]},{"@type":"WebSite","@id":"https:\/\/www.aridane.org\/city\/#website","url":"https:\/\/www.aridane.org\/city\/","name":"Ayuntamiento de Los Llanos de Aridane","description":"","potentialAction":[{"@type":"SearchAction","target":{"@type":"EntryPoint","urlTemplate":"https:\/\/www.aridane.org\/city\/?s={search_term_string}"},"query-input":"required name=search_term_string"}],"inLanguage":"es"},{"@type":"Person","@id":"https:\/\/www.aridane.org\/city\/#\/schema\/person\/7d352ec7f29881716f298394432e7209","name":"Richard Diaz","image":{"@type":"ImageObject","inLanguage":"es","@id":"https:\/\/www.aridane.org\/city\/#\/schema\/person\/image\/","url":"https:\/\/secure.gravatar.com\/avatar\/bacd6aefc26a4a204943090a4c596cd10f0857081ef3cfd12084a70ecb3161d5?s=96&d=mm&r=g","contentUrl":"https:\/\/secure.gravatar.com\/avatar\/bacd6aefc26a4a204943090a4c596cd10f0857081ef3cfd12084a70ecb3161d5?s=96&d=mm&r=g","caption":"Richard Diaz"},"sameAs":["https:\/\/www.aridane.org\/city"],"url":"https:\/\/www.aridane.org\/city\/author\/richard-diaz\/"}]}},"_links":{"self":[{"href":"https:\/\/www.aridane.org\/city\/wp-json\/wp\/v2\/posts\/1222","targetHints":{"allow":["GET"]}}],"collection":[{"href":"https:\/\/www.aridane.org\/city\/wp-json\/wp\/v2\/posts"}],"about":[{"href":"https:\/\/www.aridane.org\/city\/wp-json\/wp\/v2\/types\/post"}],"author":[{"embeddable":true,"href":"https:\/\/www.aridane.org\/city\/wp-json\/wp\/v2\/users\/1"}],"replies":[{"embeddable":true,"href":"https:\/\/www.aridane.org\/city\/wp-json\/wp\/v2\/comments?post=1222"}],"version-history":[{"count":1,"href":"https:\/\/www.aridane.org\/city\/wp-json\/wp\/v2\/posts\/1222\/revisions"}],"predecessor-version":[{"id":2134,"href":"https:\/\/www.aridane.org\/city\/wp-json\/wp\/v2\/posts\/1222\/revisions\/2134"}],"wp:featuredmedia":[{"embeddable":true,"href":"https:\/\/www.aridane.org\/city\/wp-json\/wp\/v2\/media\/1995"}],"wp:attachment":[{"href":"https:\/\/www.aridane.org\/city\/wp-json\/wp\/v2\/media?parent=1222"}],"wp:term":[{"taxonomy":"category","embeddable":true,"href":"https:\/\/www.aridane.org\/city\/wp-json\/wp\/v2\/categories?post=1222"},{"taxonomy":"post_tag","embeddable":true,"href":"https:\/\/www.aridane.org\/city\/wp-json\/wp\/v2\/tags?post=1222"}],"curies":[{"name":"wp","href":"https:\/\/api.w.org\/{rel}","templated":true}]}}