{"id":1246,"date":"2022-12-27T12:04:09","date_gmt":"2022-12-27T12:04:09","guid":{"rendered":"https:\/\/aridane.org\/ciudad\/?p=1246"},"modified":"2022-12-27T12:04:09","modified_gmt":"2022-12-27T12:04:09","slug":"mas-de-una-decena-de-artistas-exponen-sus-obras-en-el-real-market-2022-de-los-llanos-de-aridane","status":"publish","type":"post","link":"https:\/\/www.aridane.org\/city\/2022\/12\/27\/mas-de-una-decena-de-artistas-exponen-sus-obras-en-el-real-market-2022-de-los-llanos-de-aridane\/","title":{"rendered":"M\u00e1s de una decena de artistas exponen sus obras en el Real Market 2022 de Los Llanos de Aridane"},"content":{"rendered":"<section class=\"wpb-content-wrapper\"><p>[vc_row css_animation=\u00bb\u00bb row_type=\u00bbrow\u00bb use_row_as_full_screen_section=\u00bbno\u00bb type=\u00bbfull_width\u00bb angled_section=\u00bbno\u00bb text_align=\u00bbleft\u00bb background_image_as_pattern=\u00bbwithout_pattern\u00bb][vc_column][vc_row_inner row_type=\u00bbrow\u00bb type=\u00bbgrid\u00bb text_align=\u00bbleft\u00bb css_animation=\u00bb\u00bb][vc_column_inner][vc_empty_space height=\u00bb20px\u00bb][vc_column_text]<\/p>\n<ul>\n<li style=\"text-align: justify;\"><em>La concejal de Cultura, Charo Gonz\u00e1lez, se\u00f1ala que este evento es una oportunidad \u00fanica para poder disfrutar y adquirir arte.<\/em><\/li>\n<\/ul>\n<p>&nbsp;<\/p>\n<p style=\"text-align: justify;\"><strong>Los Llanos de Aridane, 27 diciembre de 2022.-<\/strong> El Ayuntamiento de Los Llanos de Aridane a trav\u00e9s de la concejal de Cultura, Charo Gonz\u00e1lez, ha confirmado que \u201cdoce artistas exponen sus obras en el Real Market que se est\u00e1 desarrollando en el Espacio Cultural Real 21\u201d.<\/p>\n<p style=\"text-align: justify;\">Gonz\u00e1lez explica que todas las personas que se acerquen hasta este punto podr\u00e1n encontrar distintas modalidades de arte como: pintura, escultura, obra gr\u00e1fica y\/o fotograf\u00eda, de diferentes artistas como: Esther Pe; El Pintor del Gremio, Reyes Jos\u00e9 Hern\u00e1ndez; Gara Acosta; Manu Mari\u00e1n; Proyecto Pintamos Mucho, Aulas Enclave del IES Jos\u00e9 Mar\u00eda P\u00e9rez Pulido; Petra Bo, Petra Bormann; Alexej Dvorak; Kathrin Grit Switala; F\u00e1tima P\u00e9rez; Nato D\u00edaz, Anatolio Rodr\u00edguez D\u00edaz; Encinas, Javier Encinas, Aniangela Chac\u00f3n. Adem\u00e1s, recuerda que este espacio permanecer\u00e1 abierto hasta el pr\u00f3ximo 5 de enero, en horario de lunes a viernes de 10:00 a 13:00 horas y de 17:00 a 20:00 horas, mientras que los s\u00e1bados ser\u00e1 de 10:00 a 14:00 horas.<\/p>\n<p style=\"text-align: justify;\">Asimismo, desde la concejal\u00eda de Cultura aseguran que este evento \u201ces una oportunidad \u00fanica para que todo el que lo desee pueda disfrutar y adquirir arte esta Navidad\u201d.<\/p>\n<p style=\"text-align: justify;\">Por \u00faltimo, desde el Ayuntamiento de Los Llanos de Aridane defienden que \u201ca\u00f1o tras a\u00f1o el Real Market se est\u00e1 consolidando como una cita ineludible para los amantes del arte, as\u00ed como para todas las personas que visitan Los Llanos de Aridane\u201d.<\/p>\n<p>[\/vc_column_text][vc_empty_space height=\u00bb20px\u00bb][\/vc_column_inner][\/vc_row_inner][\/vc_column][\/vc_row]<\/p>\n<\/section>","protected":false},"excerpt":{"rendered":"<p>[vc_row css_animation=\u00bb\u00bb row_type=\u00bbrow\u00bb use_row_as_full_screen_section=\u00bbno\u00bb type=\u00bbfull_width\u00bb angled_section=\u00bbno\u00bb text_align=\u00bbleft\u00bb background_image_as_pattern=\u00bbwithout_pattern\u00bb][vc_column][vc_row_inner row_type=\u00bbrow\u00bb type=\u00bbgrid\u00bb text_align=\u00bbleft\u00bb css_animation=\u00bb\u00bb][vc_column_inner][vc_empty_space height=\u00bb20px\u00bb][vc_column_text] La concejal de Cultura, Charo Gonz\u00e1lez, se\u00f1ala que este evento es una oportunidad \u00fanica para poder disfrutar y adquirir arte. &nbsp; Los Llanos de Aridane, 27 diciembre de 2022.- El Ayuntamiento de&#8230;<\/p>\n","protected":false},"author":1,"featured_media":0,"comment_status":"closed","ping_status":"open","sticky":false,"template":"","format":"standard","meta":{"footnotes":""},"categories":[6],"tags":[],"class_list":["post-1246","post","type-post","status-publish","format-standard","hentry","category-prensa"],"yoast_head":"<!-- This site is optimized with the Yoast SEO plugin v22.7 - https:\/\/yoast.com\/wordpress\/plugins\/seo\/ -->\n<title>M\u00e1s de una decena de artistas exponen sus obras en el Real Market 2022 de Los Llanos de Aridane - Ayuntamiento de Los Llanos de Aridane<\/title>\n<meta name=\"description\" content=\"El Ayuntamiento de Los Llanos de Aridane presenta el cartel y el programa de La Patrona 2021 con el lema \u201cRemedios, m\u00e1s que un nombre.\u201d\" \/>\n<meta name=\"robots\" content=\"index, follow, max-snippet:-1, max-image-preview:large, max-video-preview:-1\" \/>\n<link rel=\"canonical\" href=\"https:\/\/www.aridane.org\/city\/2022\/12\/27\/mas-de-una-decena-de-artistas-exponen-sus-obras-en-el-real-market-2022-de-los-llanos-de-aridane\/\" \/>\n<meta property=\"og:locale\" content=\"es_ES\" \/>\n<meta property=\"og:type\" content=\"article\" \/>\n<meta property=\"og:title\" content=\"M\u00e1s de una decena de artistas exponen sus obras en el Real Market 2022 de Los Llanos de Aridane - Ayuntamiento de Los Llanos de Aridane\" \/>\n<meta property=\"og:description\" content=\"El Ayuntamiento de Los Llanos de Aridane presenta el cartel y el programa de La Patrona 2021 con el lema \u201cRemedios, m\u00e1s que un nombre.\u201d\" \/>\n<meta property=\"og:url\" content=\"https:\/\/www.aridane.org\/city\/2022\/12\/27\/mas-de-una-decena-de-artistas-exponen-sus-obras-en-el-real-market-2022-de-los-llanos-de-aridane\/\" \/>\n<meta property=\"og:site_name\" content=\"Ayuntamiento de Los Llanos de Aridane\" \/>\n<meta property=\"article:published_time\" content=\"2022-12-27T12:04:09+00:00\" \/>\n<meta name=\"author\" content=\"Richard Diaz\" \/>\n<meta name=\"twitter:card\" content=\"summary_large_image\" \/>\n<meta name=\"twitter:label1\" content=\"Escrito por\" \/>\n\t<meta name=\"twitter:data1\" content=\"Richard Diaz\" \/>\n\t<meta name=\"twitter:label2\" content=\"Tiempo de lectura\" \/>\n\t<meta name=\"twitter:data2\" content=\"2 minutos\" \/>\n<script type=\"application\/ld+json\" class=\"yoast-schema-graph\">{\"@context\":\"https:\/\/schema.org\",\"@graph\":[{\"@type\":\"WebPage\",\"@id\":\"https:\/\/www.aridane.org\/city\/2022\/12\/27\/mas-de-una-decena-de-artistas-exponen-sus-obras-en-el-real-market-2022-de-los-llanos-de-aridane\/\",\"url\":\"https:\/\/www.aridane.org\/city\/2022\/12\/27\/mas-de-una-decena-de-artistas-exponen-sus-obras-en-el-real-market-2022-de-los-llanos-de-aridane\/\",\"name\":\"M\u00e1s de una decena de artistas exponen sus obras en el Real Market 2022 de Los Llanos de Aridane - Ayuntamiento de Los Llanos de Aridane\",\"isPartOf\":{\"@id\":\"https:\/\/www.aridane.org\/city\/#website\"},\"datePublished\":\"2022-12-27T12:04:09+00:00\",\"dateModified\":\"2022-12-27T12:04:09+00:00\",\"author\":{\"@id\":\"https:\/\/www.aridane.org\/city\/#\/schema\/person\/7d352ec7f29881716f298394432e7209\"},\"description\":\"El Ayuntamiento de Los Llanos de Aridane presenta el cartel y el programa de La Patrona 2021 con el lema \u201cRemedios, m\u00e1s que un nombre.\u201d\",\"breadcrumb\":{\"@id\":\"https:\/\/www.aridane.org\/city\/2022\/12\/27\/mas-de-una-decena-de-artistas-exponen-sus-obras-en-el-real-market-2022-de-los-llanos-de-aridane\/#breadcrumb\"},\"inLanguage\":\"es\",\"potentialAction\":[{\"@type\":\"ReadAction\",\"target\":[\"https:\/\/www.aridane.org\/city\/2022\/12\/27\/mas-de-una-decena-de-artistas-exponen-sus-obras-en-el-real-market-2022-de-los-llanos-de-aridane\/\"]}]},{\"@type\":\"BreadcrumbList\",\"@id\":\"https:\/\/www.aridane.org\/city\/2022\/12\/27\/mas-de-una-decena-de-artistas-exponen-sus-obras-en-el-real-market-2022-de-los-llanos-de-aridane\/#breadcrumb\",\"itemListElement\":[{\"@type\":\"ListItem\",\"position\":1,\"name\":\"Portada\",\"item\":\"https:\/\/www.aridane.org\/city\/\"},{\"@type\":\"ListItem\",\"position\":2,\"name\":\"M\u00e1s de una decena de artistas exponen sus obras en el Real Market 2022 de Los Llanos de Aridane\"}]},{\"@type\":\"WebSite\",\"@id\":\"https:\/\/www.aridane.org\/city\/#website\",\"url\":\"https:\/\/www.aridane.org\/city\/\",\"name\":\"Ayuntamiento de Los Llanos de Aridane\",\"description\":\"\",\"potentialAction\":[{\"@type\":\"SearchAction\",\"target\":{\"@type\":\"EntryPoint\",\"urlTemplate\":\"https:\/\/www.aridane.org\/city\/?s={search_term_string}\"},\"query-input\":\"required name=search_term_string\"}],\"inLanguage\":\"es\"},{\"@type\":\"Person\",\"@id\":\"https:\/\/www.aridane.org\/city\/#\/schema\/person\/7d352ec7f29881716f298394432e7209\",\"name\":\"Richard Diaz\",\"image\":{\"@type\":\"ImageObject\",\"inLanguage\":\"es\",\"@id\":\"https:\/\/www.aridane.org\/city\/#\/schema\/person\/image\/\",\"url\":\"https:\/\/secure.gravatar.com\/avatar\/bacd6aefc26a4a204943090a4c596cd10f0857081ef3cfd12084a70ecb3161d5?s=96&d=mm&r=g\",\"contentUrl\":\"https:\/\/secure.gravatar.com\/avatar\/bacd6aefc26a4a204943090a4c596cd10f0857081ef3cfd12084a70ecb3161d5?s=96&d=mm&r=g\",\"caption\":\"Richard Diaz\"},\"sameAs\":[\"https:\/\/www.aridane.org\/city\"],\"url\":\"https:\/\/www.aridane.org\/city\/author\/richard-diaz\/\"}]}<\/script>\n<!-- \/ Yoast SEO plugin. -->","yoast_head_json":{"title":"M\u00e1s de una decena de artistas exponen sus obras en el Real Market 2022 de Los Llanos de Aridane - Ayuntamiento de Los Llanos de Aridane","description":"El Ayuntamiento de Los Llanos de Aridane presenta el cartel y el programa de La Patrona 2021 con el lema \u201cRemedios, m\u00e1s que un nombre.\u201d","robots":{"index":"index","follow":"follow","max-snippet":"max-snippet:-1","max-image-preview":"max-image-preview:large","max-video-preview":"max-video-preview:-1"},"canonical":"https:\/\/www.aridane.org\/city\/2022\/12\/27\/mas-de-una-decena-de-artistas-exponen-sus-obras-en-el-real-market-2022-de-los-llanos-de-aridane\/","og_locale":"es_ES","og_type":"article","og_title":"M\u00e1s de una decena de artistas exponen sus obras en el Real Market 2022 de Los Llanos de Aridane - Ayuntamiento de Los Llanos de Aridane","og_description":"El Ayuntamiento de Los Llanos de Aridane presenta el cartel y el programa de La Patrona 2021 con el lema \u201cRemedios, m\u00e1s que un nombre.\u201d","og_url":"https:\/\/www.aridane.org\/city\/2022\/12\/27\/mas-de-una-decena-de-artistas-exponen-sus-obras-en-el-real-market-2022-de-los-llanos-de-aridane\/","og_site_name":"Ayuntamiento de Los Llanos de Aridane","article_published_time":"2022-12-27T12:04:09+00:00","author":"Richard Diaz","twitter_card":"summary_large_image","twitter_misc":{"Escrito por":"Richard Diaz","Tiempo de lectura":"2 minutos"},"schema":{"@context":"https:\/\/schema.org","@graph":[{"@type":"WebPage","@id":"https:\/\/www.aridane.org\/city\/2022\/12\/27\/mas-de-una-decena-de-artistas-exponen-sus-obras-en-el-real-market-2022-de-los-llanos-de-aridane\/","url":"https:\/\/www.aridane.org\/city\/2022\/12\/27\/mas-de-una-decena-de-artistas-exponen-sus-obras-en-el-real-market-2022-de-los-llanos-de-aridane\/","name":"M\u00e1s de una decena de artistas exponen sus obras en el Real Market 2022 de Los Llanos de Aridane - Ayuntamiento de Los Llanos de Aridane","isPartOf":{"@id":"https:\/\/www.aridane.org\/city\/#website"},"datePublished":"2022-12-27T12:04:09+00:00","dateModified":"2022-12-27T12:04:09+00:00","author":{"@id":"https:\/\/www.aridane.org\/city\/#\/schema\/person\/7d352ec7f29881716f298394432e7209"},"description":"El Ayuntamiento de Los Llanos de Aridane presenta el cartel y el programa de La Patrona 2021 con el lema \u201cRemedios, m\u00e1s que un nombre.\u201d","breadcrumb":{"@id":"https:\/\/www.aridane.org\/city\/2022\/12\/27\/mas-de-una-decena-de-artistas-exponen-sus-obras-en-el-real-market-2022-de-los-llanos-de-aridane\/#breadcrumb"},"inLanguage":"es","potentialAction":[{"@type":"ReadAction","target":["https:\/\/www.aridane.org\/city\/2022\/12\/27\/mas-de-una-decena-de-artistas-exponen-sus-obras-en-el-real-market-2022-de-los-llanos-de-aridane\/"]}]},{"@type":"BreadcrumbList","@id":"https:\/\/www.aridane.org\/city\/2022\/12\/27\/mas-de-una-decena-de-artistas-exponen-sus-obras-en-el-real-market-2022-de-los-llanos-de-aridane\/#breadcrumb","itemListElement":[{"@type":"ListItem","position":1,"name":"Portada","item":"https:\/\/www.aridane.org\/city\/"},{"@type":"ListItem","position":2,"name":"M\u00e1s de una decena de artistas exponen sus obras en el Real Market 2022 de Los Llanos de Aridane"}]},{"@type":"WebSite","@id":"https:\/\/www.aridane.org\/city\/#website","url":"https:\/\/www.aridane.org\/city\/","name":"Ayuntamiento de Los Llanos de Aridane","description":"","potentialAction":[{"@type":"SearchAction","target":{"@type":"EntryPoint","urlTemplate":"https:\/\/www.aridane.org\/city\/?s={search_term_string}"},"query-input":"required name=search_term_string"}],"inLanguage":"es"},{"@type":"Person","@id":"https:\/\/www.aridane.org\/city\/#\/schema\/person\/7d352ec7f29881716f298394432e7209","name":"Richard Diaz","image":{"@type":"ImageObject","inLanguage":"es","@id":"https:\/\/www.aridane.org\/city\/#\/schema\/person\/image\/","url":"https:\/\/secure.gravatar.com\/avatar\/bacd6aefc26a4a204943090a4c596cd10f0857081ef3cfd12084a70ecb3161d5?s=96&d=mm&r=g","contentUrl":"https:\/\/secure.gravatar.com\/avatar\/bacd6aefc26a4a204943090a4c596cd10f0857081ef3cfd12084a70ecb3161d5?s=96&d=mm&r=g","caption":"Richard Diaz"},"sameAs":["https:\/\/www.aridane.org\/city"],"url":"https:\/\/www.aridane.org\/city\/author\/richard-diaz\/"}]}},"_links":{"self":[{"href":"https:\/\/www.aridane.org\/city\/wp-json\/wp\/v2\/posts\/1246","targetHints":{"allow":["GET"]}}],"collection":[{"href":"https:\/\/www.aridane.org\/city\/wp-json\/wp\/v2\/posts"}],"about":[{"href":"https:\/\/www.aridane.org\/city\/wp-json\/wp\/v2\/types\/post"}],"author":[{"embeddable":true,"href":"https:\/\/www.aridane.org\/city\/wp-json\/wp\/v2\/users\/1"}],"replies":[{"embeddable":true,"href":"https:\/\/www.aridane.org\/city\/wp-json\/wp\/v2\/comments?post=1246"}],"version-history":[{"count":0,"href":"https:\/\/www.aridane.org\/city\/wp-json\/wp\/v2\/posts\/1246\/revisions"}],"wp:attachment":[{"href":"https:\/\/www.aridane.org\/city\/wp-json\/wp\/v2\/media?parent=1246"}],"wp:term":[{"taxonomy":"category","embeddable":true,"href":"https:\/\/www.aridane.org\/city\/wp-json\/wp\/v2\/categories?post=1246"},{"taxonomy":"post_tag","embeddable":true,"href":"https:\/\/www.aridane.org\/city\/wp-json\/wp\/v2\/tags?post=1246"}],"curies":[{"name":"wp","href":"https:\/\/api.w.org\/{rel}","templated":true}]}}