{"id":1249,"date":"2022-12-28T12:45:19","date_gmt":"2022-12-28T12:45:19","guid":{"rendered":"https:\/\/aridane.org\/ciudad\/?p=1249"},"modified":"2022-12-28T12:45:19","modified_gmt":"2022-12-28T12:45:19","slug":"regresa-fin-de-gallo-a-los-llanos-de-aridane-para-despedir-el-ano-2022-y-dar-la-bienvenida-al-2023","status":"publish","type":"post","link":"https:\/\/www.aridane.org\/city\/2022\/12\/28\/regresa-fin-de-gallo-a-los-llanos-de-aridane-para-despedir-el-ano-2022-y-dar-la-bienvenida-al-2023\/","title":{"rendered":"Regresa Fin De Gallo a Los Llanos de Aridane para despedir el a\u00f1o 2022 y dar la bienvenida al 2023"},"content":{"rendered":"<section class=\"wpb-content-wrapper\"><p>[vc_row css_animation=\u00bb\u00bb row_type=\u00bbrow\u00bb use_row_as_full_screen_section=\u00bbno\u00bb type=\u00bbfull_width\u00bb angled_section=\u00bbno\u00bb text_align=\u00bbleft\u00bb background_image_as_pattern=\u00bbwithout_pattern\u00bb][vc_column][vc_row_inner row_type=\u00bbrow\u00bb type=\u00bbgrid\u00bb text_align=\u00bbleft\u00bb css_animation=\u00bb\u00bb][vc_column_inner][vc_empty_space height=\u00bb20px\u00bb][vc_column_text]<\/p>\n<ul>\n<li style=\"text-align: justify;\"><em>Este evento, que se desarrollar\u00e1 en la Plaza de Espa\u00f1a y sus alrededores, contar\u00e1 con 16 horas, ininterrumpidas, de espect\u00e1culo, m\u00fasica, humor, deporte y entretenimiento para toda la familia.\u00a0<\/em><\/li>\n<li style=\"text-align: justify;\"><em>Adem\u00e1s, las personas que no puedan asistir podr\u00e1n disfrutar de esta cita v\u00eda streaming a trav\u00e9s de la p\u00e1gina de Facebook del Ayuntamiento.<\/em><\/li>\n<\/ul>\n<p>&nbsp;<\/p>\n<p style=\"text-align: justify;\"><strong>Los Llanos de Aridane, 28 diciembre de 2022.-<\/strong> El Ayuntamiento de Los Llanos de Aridane a trav\u00e9s de la concejal de Fiestas, M\u00f3nica Gonz\u00e1lez, ha confirmado que \u201cya est\u00e1 todo preparado para el regreso de Fin De Gallo este s\u00e1bado, 31 de diciembre\u201d.<\/p>\n<p style=\"text-align: justify;\">Gonz\u00e1lez afirma que una vez m\u00e1s este evento se desarrollar\u00e1 en la Plaza de Espa\u00f1a y sus alrededores, y contar\u00e1 con 16 horas, de 13:00 a 05:00 horas, ininterrumpidas, de espect\u00e1culo, m\u00fasica, humor, deporte y entretenimiento para toda la familia.<\/p>\n<p style=\"text-align: justify;\">La jornada comenzar\u00e1 con la carrera San Silvestre, en sus diferentes categor\u00edas, y su posterior entrega de premios. A continuaci\u00f3n, se contar\u00e1 con las actuaciones musicales de: Dj Fran Aguiloche, Grupo Los Vinilos, Pepe Benavente, Graba Sound, A Cuatro, Dj Capote, Tropicana, Dj Visac, Los tres de ca\u00f1a, Dj Jacob, Libertad, y Corinto Band. Adem\u00e1s, este a\u00f1o, y por primera vez en el Fin de Gallo, se podr\u00e1 disfrutar del humor, de Mat\u00edas Alonso, y buscaremos \u2018Aquellos peques del 72\u2019, \u201ces decir, a todas aquellas personas que durante el a\u00f1o 2022 hayan cumplido 50 a\u00f1os, y habr\u00e1 sorpresas para ellos\u201d.<\/p>\n<p style=\"text-align: justify;\">Tambi\u00e9n se contar\u00e1 con una Kisscam, con la que buscaremos los momentos m\u00e1s divertidos que se vivan en la Plaza de Espa\u00f1a y su entorno, y un photocall, \u201cen el que inmortalizaremos la vuelta de este esperado evento, cuyas fotos se subir\u00e1n autom\u00e1ticamente a la p\u00e1gina de Facebook del Ayuntamiento de Los Llanos de Aridane, para que todas aquellas personas que lo deseen puedan descarg\u00e1rselas, y tener un bonito recuerdo del Fin De Gallo 2022\u201d.<\/p>\n<p style=\"text-align: justify;\">Uno de los momentos m\u00e1s especiales del d\u00eda, afirma la concejal, llegar\u00e1 cuando a las doce, y con las campanadas de la Iglesia, demos la bienvenida al nuevo a\u00f1o en la Plaza de Espa\u00f1a, con uvas, cotill\u00f3n y bailando con nuestros grupos y orquestas, que nos acompa\u00f1ar\u00e1n hasta casi las 5:00 de la ma\u00f1ana.<\/p>\n<p style=\"text-align: justify;\">Adem\u00e1s, desde la concejal\u00eda de Fiestas confirman que \u201clas personas que no puedan asistir a la Plaza de Espa\u00f1a, podr\u00e1n disfrutar tambi\u00e9n de este evento v\u00eda streaming, ya que ser\u00e1 retransmitido a trav\u00e9s de la p\u00e1gina de Facebook del Consistorio\u201d.<\/p>\n<p>Por \u00faltimo, desde el Ayuntamiento de Los Llanos de Aridane se invita a todas las personas que lo deseen a participar en el Fin de Gallo, \u201cun evento que a\u00f1o tras a\u00f1o se est\u00e1 consolidando como una cita \u00fanica en la Isla para despedir el a\u00f1o\u201d.[\/vc_column_text][vc_empty_space height=\u00bb20px\u00bb][\/vc_column_inner][\/vc_row_inner][\/vc_column][\/vc_row]<\/p>\n<\/section>","protected":false},"excerpt":{"rendered":"<p>[vc_row css_animation=\u00bb\u00bb row_type=\u00bbrow\u00bb use_row_as_full_screen_section=\u00bbno\u00bb type=\u00bbfull_width\u00bb angled_section=\u00bbno\u00bb text_align=\u00bbleft\u00bb background_image_as_pattern=\u00bbwithout_pattern\u00bb][vc_column][vc_row_inner row_type=\u00bbrow\u00bb type=\u00bbgrid\u00bb text_align=\u00bbleft\u00bb css_animation=\u00bb\u00bb][vc_column_inner][vc_empty_space height=\u00bb20px\u00bb][vc_column_text] Este evento, que se desarrollar\u00e1 en la Plaza de Espa\u00f1a y sus alrededores, contar\u00e1 con 16 horas, ininterrumpidas, de espect\u00e1culo, m\u00fasica, humor, deporte y entretenimiento para toda la familia.\u00a0 Adem\u00e1s, las personas&#8230;<\/p>\n","protected":false},"author":1,"featured_media":0,"comment_status":"closed","ping_status":"open","sticky":false,"template":"","format":"standard","meta":{"footnotes":""},"categories":[6],"tags":[],"class_list":["post-1249","post","type-post","status-publish","format-standard","hentry","category-prensa"],"yoast_head":"<!-- This site is optimized with the Yoast SEO plugin v22.7 - https:\/\/yoast.com\/wordpress\/plugins\/seo\/ -->\n<title>Regresa Fin De Gallo a Los Llanos de Aridane para despedir el a\u00f1o 2022 y dar la bienvenida al 2023 - Ayuntamiento de Los Llanos de Aridane<\/title>\n<meta name=\"description\" content=\"El Ayuntamiento de Los Llanos de Aridane presenta el cartel y el programa de La Patrona 2021 con el lema \u201cRemedios, m\u00e1s que un nombre.\u201d\" \/>\n<meta name=\"robots\" content=\"index, follow, max-snippet:-1, max-image-preview:large, max-video-preview:-1\" \/>\n<link rel=\"canonical\" href=\"https:\/\/www.aridane.org\/city\/2022\/12\/28\/regresa-fin-de-gallo-a-los-llanos-de-aridane-para-despedir-el-ano-2022-y-dar-la-bienvenida-al-2023\/\" \/>\n<meta property=\"og:locale\" content=\"es_ES\" \/>\n<meta property=\"og:type\" content=\"article\" \/>\n<meta property=\"og:title\" content=\"Regresa Fin De Gallo a Los Llanos de Aridane para despedir el a\u00f1o 2022 y dar la bienvenida al 2023 - Ayuntamiento de Los Llanos de Aridane\" \/>\n<meta property=\"og:description\" content=\"El Ayuntamiento de Los Llanos de Aridane presenta el cartel y el programa de La Patrona 2021 con el lema \u201cRemedios, m\u00e1s que un nombre.\u201d\" \/>\n<meta property=\"og:url\" content=\"https:\/\/www.aridane.org\/city\/2022\/12\/28\/regresa-fin-de-gallo-a-los-llanos-de-aridane-para-despedir-el-ano-2022-y-dar-la-bienvenida-al-2023\/\" \/>\n<meta property=\"og:site_name\" content=\"Ayuntamiento de Los Llanos de Aridane\" \/>\n<meta property=\"article:published_time\" content=\"2022-12-28T12:45:19+00:00\" \/>\n<meta name=\"author\" content=\"Richard Diaz\" \/>\n<meta name=\"twitter:card\" content=\"summary_large_image\" \/>\n<meta name=\"twitter:label1\" content=\"Escrito por\" \/>\n\t<meta name=\"twitter:data1\" content=\"Richard Diaz\" \/>\n\t<meta name=\"twitter:label2\" content=\"Tiempo de lectura\" \/>\n\t<meta name=\"twitter:data2\" content=\"3 minutos\" \/>\n<script type=\"application\/ld+json\" class=\"yoast-schema-graph\">{\"@context\":\"https:\/\/schema.org\",\"@graph\":[{\"@type\":\"WebPage\",\"@id\":\"https:\/\/www.aridane.org\/city\/2022\/12\/28\/regresa-fin-de-gallo-a-los-llanos-de-aridane-para-despedir-el-ano-2022-y-dar-la-bienvenida-al-2023\/\",\"url\":\"https:\/\/www.aridane.org\/city\/2022\/12\/28\/regresa-fin-de-gallo-a-los-llanos-de-aridane-para-despedir-el-ano-2022-y-dar-la-bienvenida-al-2023\/\",\"name\":\"Regresa Fin De Gallo a Los Llanos de Aridane para despedir el a\u00f1o 2022 y dar la bienvenida al 2023 - Ayuntamiento de Los Llanos de Aridane\",\"isPartOf\":{\"@id\":\"https:\/\/www.aridane.org\/city\/#website\"},\"datePublished\":\"2022-12-28T12:45:19+00:00\",\"dateModified\":\"2022-12-28T12:45:19+00:00\",\"author\":{\"@id\":\"https:\/\/www.aridane.org\/city\/#\/schema\/person\/7d352ec7f29881716f298394432e7209\"},\"description\":\"El Ayuntamiento de Los Llanos de Aridane presenta el cartel y el programa de La Patrona 2021 con el lema \u201cRemedios, m\u00e1s que un nombre.\u201d\",\"breadcrumb\":{\"@id\":\"https:\/\/www.aridane.org\/city\/2022\/12\/28\/regresa-fin-de-gallo-a-los-llanos-de-aridane-para-despedir-el-ano-2022-y-dar-la-bienvenida-al-2023\/#breadcrumb\"},\"inLanguage\":\"es\",\"potentialAction\":[{\"@type\":\"ReadAction\",\"target\":[\"https:\/\/www.aridane.org\/city\/2022\/12\/28\/regresa-fin-de-gallo-a-los-llanos-de-aridane-para-despedir-el-ano-2022-y-dar-la-bienvenida-al-2023\/\"]}]},{\"@type\":\"BreadcrumbList\",\"@id\":\"https:\/\/www.aridane.org\/city\/2022\/12\/28\/regresa-fin-de-gallo-a-los-llanos-de-aridane-para-despedir-el-ano-2022-y-dar-la-bienvenida-al-2023\/#breadcrumb\",\"itemListElement\":[{\"@type\":\"ListItem\",\"position\":1,\"name\":\"Portada\",\"item\":\"https:\/\/www.aridane.org\/city\/\"},{\"@type\":\"ListItem\",\"position\":2,\"name\":\"Regresa Fin De Gallo a Los Llanos de Aridane para despedir el a\u00f1o 2022 y dar la bienvenida al 2023\"}]},{\"@type\":\"WebSite\",\"@id\":\"https:\/\/www.aridane.org\/city\/#website\",\"url\":\"https:\/\/www.aridane.org\/city\/\",\"name\":\"Ayuntamiento de Los Llanos de Aridane\",\"description\":\"\",\"potentialAction\":[{\"@type\":\"SearchAction\",\"target\":{\"@type\":\"EntryPoint\",\"urlTemplate\":\"https:\/\/www.aridane.org\/city\/?s={search_term_string}\"},\"query-input\":\"required name=search_term_string\"}],\"inLanguage\":\"es\"},{\"@type\":\"Person\",\"@id\":\"https:\/\/www.aridane.org\/city\/#\/schema\/person\/7d352ec7f29881716f298394432e7209\",\"name\":\"Richard Diaz\",\"image\":{\"@type\":\"ImageObject\",\"inLanguage\":\"es\",\"@id\":\"https:\/\/www.aridane.org\/city\/#\/schema\/person\/image\/\",\"url\":\"https:\/\/secure.gravatar.com\/avatar\/bacd6aefc26a4a204943090a4c596cd10f0857081ef3cfd12084a70ecb3161d5?s=96&d=mm&r=g\",\"contentUrl\":\"https:\/\/secure.gravatar.com\/avatar\/bacd6aefc26a4a204943090a4c596cd10f0857081ef3cfd12084a70ecb3161d5?s=96&d=mm&r=g\",\"caption\":\"Richard Diaz\"},\"sameAs\":[\"https:\/\/www.aridane.org\/city\"],\"url\":\"https:\/\/www.aridane.org\/city\/author\/richard-diaz\/\"}]}<\/script>\n<!-- \/ Yoast SEO plugin. -->","yoast_head_json":{"title":"Regresa Fin De Gallo a Los Llanos de Aridane para despedir el a\u00f1o 2022 y dar la bienvenida al 2023 - Ayuntamiento de Los Llanos de Aridane","description":"El Ayuntamiento de Los Llanos de Aridane presenta el cartel y el programa de La Patrona 2021 con el lema \u201cRemedios, m\u00e1s que un nombre.\u201d","robots":{"index":"index","follow":"follow","max-snippet":"max-snippet:-1","max-image-preview":"max-image-preview:large","max-video-preview":"max-video-preview:-1"},"canonical":"https:\/\/www.aridane.org\/city\/2022\/12\/28\/regresa-fin-de-gallo-a-los-llanos-de-aridane-para-despedir-el-ano-2022-y-dar-la-bienvenida-al-2023\/","og_locale":"es_ES","og_type":"article","og_title":"Regresa Fin De Gallo a Los Llanos de Aridane para despedir el a\u00f1o 2022 y dar la bienvenida al 2023 - Ayuntamiento de Los Llanos de Aridane","og_description":"El Ayuntamiento de Los Llanos de Aridane presenta el cartel y el programa de La Patrona 2021 con el lema \u201cRemedios, m\u00e1s que un nombre.\u201d","og_url":"https:\/\/www.aridane.org\/city\/2022\/12\/28\/regresa-fin-de-gallo-a-los-llanos-de-aridane-para-despedir-el-ano-2022-y-dar-la-bienvenida-al-2023\/","og_site_name":"Ayuntamiento de Los Llanos de Aridane","article_published_time":"2022-12-28T12:45:19+00:00","author":"Richard Diaz","twitter_card":"summary_large_image","twitter_misc":{"Escrito por":"Richard Diaz","Tiempo de lectura":"3 minutos"},"schema":{"@context":"https:\/\/schema.org","@graph":[{"@type":"WebPage","@id":"https:\/\/www.aridane.org\/city\/2022\/12\/28\/regresa-fin-de-gallo-a-los-llanos-de-aridane-para-despedir-el-ano-2022-y-dar-la-bienvenida-al-2023\/","url":"https:\/\/www.aridane.org\/city\/2022\/12\/28\/regresa-fin-de-gallo-a-los-llanos-de-aridane-para-despedir-el-ano-2022-y-dar-la-bienvenida-al-2023\/","name":"Regresa Fin De Gallo a Los Llanos de Aridane para despedir el a\u00f1o 2022 y dar la bienvenida al 2023 - Ayuntamiento de Los Llanos de Aridane","isPartOf":{"@id":"https:\/\/www.aridane.org\/city\/#website"},"datePublished":"2022-12-28T12:45:19+00:00","dateModified":"2022-12-28T12:45:19+00:00","author":{"@id":"https:\/\/www.aridane.org\/city\/#\/schema\/person\/7d352ec7f29881716f298394432e7209"},"description":"El Ayuntamiento de Los Llanos de Aridane presenta el cartel y el programa de La Patrona 2021 con el lema \u201cRemedios, m\u00e1s que un nombre.\u201d","breadcrumb":{"@id":"https:\/\/www.aridane.org\/city\/2022\/12\/28\/regresa-fin-de-gallo-a-los-llanos-de-aridane-para-despedir-el-ano-2022-y-dar-la-bienvenida-al-2023\/#breadcrumb"},"inLanguage":"es","potentialAction":[{"@type":"ReadAction","target":["https:\/\/www.aridane.org\/city\/2022\/12\/28\/regresa-fin-de-gallo-a-los-llanos-de-aridane-para-despedir-el-ano-2022-y-dar-la-bienvenida-al-2023\/"]}]},{"@type":"BreadcrumbList","@id":"https:\/\/www.aridane.org\/city\/2022\/12\/28\/regresa-fin-de-gallo-a-los-llanos-de-aridane-para-despedir-el-ano-2022-y-dar-la-bienvenida-al-2023\/#breadcrumb","itemListElement":[{"@type":"ListItem","position":1,"name":"Portada","item":"https:\/\/www.aridane.org\/city\/"},{"@type":"ListItem","position":2,"name":"Regresa Fin De Gallo a Los Llanos de Aridane para despedir el a\u00f1o 2022 y dar la bienvenida al 2023"}]},{"@type":"WebSite","@id":"https:\/\/www.aridane.org\/city\/#website","url":"https:\/\/www.aridane.org\/city\/","name":"Ayuntamiento de Los Llanos de Aridane","description":"","potentialAction":[{"@type":"SearchAction","target":{"@type":"EntryPoint","urlTemplate":"https:\/\/www.aridane.org\/city\/?s={search_term_string}"},"query-input":"required name=search_term_string"}],"inLanguage":"es"},{"@type":"Person","@id":"https:\/\/www.aridane.org\/city\/#\/schema\/person\/7d352ec7f29881716f298394432e7209","name":"Richard Diaz","image":{"@type":"ImageObject","inLanguage":"es","@id":"https:\/\/www.aridane.org\/city\/#\/schema\/person\/image\/","url":"https:\/\/secure.gravatar.com\/avatar\/bacd6aefc26a4a204943090a4c596cd10f0857081ef3cfd12084a70ecb3161d5?s=96&d=mm&r=g","contentUrl":"https:\/\/secure.gravatar.com\/avatar\/bacd6aefc26a4a204943090a4c596cd10f0857081ef3cfd12084a70ecb3161d5?s=96&d=mm&r=g","caption":"Richard Diaz"},"sameAs":["https:\/\/www.aridane.org\/city"],"url":"https:\/\/www.aridane.org\/city\/author\/richard-diaz\/"}]}},"_links":{"self":[{"href":"https:\/\/www.aridane.org\/city\/wp-json\/wp\/v2\/posts\/1249","targetHints":{"allow":["GET"]}}],"collection":[{"href":"https:\/\/www.aridane.org\/city\/wp-json\/wp\/v2\/posts"}],"about":[{"href":"https:\/\/www.aridane.org\/city\/wp-json\/wp\/v2\/types\/post"}],"author":[{"embeddable":true,"href":"https:\/\/www.aridane.org\/city\/wp-json\/wp\/v2\/users\/1"}],"replies":[{"embeddable":true,"href":"https:\/\/www.aridane.org\/city\/wp-json\/wp\/v2\/comments?post=1249"}],"version-history":[{"count":0,"href":"https:\/\/www.aridane.org\/city\/wp-json\/wp\/v2\/posts\/1249\/revisions"}],"wp:attachment":[{"href":"https:\/\/www.aridane.org\/city\/wp-json\/wp\/v2\/media?parent=1249"}],"wp:term":[{"taxonomy":"category","embeddable":true,"href":"https:\/\/www.aridane.org\/city\/wp-json\/wp\/v2\/categories?post=1249"},{"taxonomy":"post_tag","embeddable":true,"href":"https:\/\/www.aridane.org\/city\/wp-json\/wp\/v2\/tags?post=1249"}],"curies":[{"name":"wp","href":"https:\/\/api.w.org\/{rel}","templated":true}]}}