{"id":1253,"date":"2022-12-28T12:37:55","date_gmt":"2022-12-28T12:37:55","guid":{"rendered":"https:\/\/aridane.org\/ciudad\/?p=1253"},"modified":"2022-12-28T12:37:55","modified_gmt":"2022-12-28T12:37:55","slug":"el-ayuntamiento-de-los-llanos-trabaja-para-limitar-el-uso-de-pirotecnia-en-el-municipio","status":"publish","type":"post","link":"https:\/\/www.aridane.org\/city\/2022\/12\/28\/el-ayuntamiento-de-los-llanos-trabaja-para-limitar-el-uso-de-pirotecnia-en-el-municipio\/","title":{"rendered":"El Ayuntamiento de Los Llanos trabaja para limitar el uso de pirotecnia\u00a0en el municipio"},"content":{"rendered":"<section class=\"wpb-content-wrapper\"><p>[vc_row css_animation=\u00bb\u00bb row_type=\u00bbrow\u00bb use_row_as_full_screen_section=\u00bbno\u00bb type=\u00bbfull_width\u00bb angled_section=\u00bbno\u00bb text_align=\u00bbleft\u00bb background_image_as_pattern=\u00bbwithout_pattern\u00bb][vc_column][vc_row_inner row_type=\u00bbrow\u00bb type=\u00bbgrid\u00bb text_align=\u00bbleft\u00bb css_animation=\u00bb\u00bb][vc_column_inner][vc_empty_space height=\u00bb20px\u00bb][vc_column_text]<\/p>\n<ul>\n<li style=\"text-align: justify;\"><em>Mientras se trabaja en la modificaci\u00f3n de la ordenanza de ruidos para endurecerla, se ha emitido un bando municipal donde se proh\u00edbe su utilizaci\u00f3n en determinadas condiciones.<\/em><\/li>\n<li style=\"text-align: justify;\"><em>Adem\u00e1s, las multas, para las personas que no respeten la ordenanza, podr\u00e1n ir desde los 180 \u20ac hasta los 600 \u20ac.<\/em><\/li>\n<\/ul>\n<p>&nbsp;<\/p>\n<p style=\"text-align: justify;\"><strong>Los Llanos de Aridane, 28 de diciembre de 2022.-<\/strong> El Ayuntamiento de Los Llanos de Aridane a trav\u00e9s de su alcaldesa, Noelia Garc\u00eda Leal, ha informado que ante la proliferaci\u00f3n de artefactos pirot\u00e9cnicos y el malestar que causa a la convivencia ciudadana se ha emitido un bando municipal \u201ccon el objetivo de velar por la seguridad de las personas, animales y bienes. Debemos pensar en el malestar que le causa este tipo de artefactos a las personas con sensibilidad auditiva, y a las mascotas\u201d, se\u00f1ala.<\/p>\n<p style=\"text-align: justify;\">La alcaldesa explica que, adem\u00e1s, est\u00e1 prohibido la utilizaci\u00f3n de pirotecnia en: zonas peatonales, plazas, \u00e1reas de juego infantil, parques, entornos residenciales, gasolineras, centros Sanitarios, centros de la Tercera Edad, Centros Educativos, \u201cas\u00ed como la utilizaci\u00f3n de artefactos pirot\u00e9cnicos desde las 22:00 hasta las 8:00 horas en todo el municipio\u201d, se\u00f1ala. Asimismo, confirma que \u00a0las multas, podr\u00e1n ir desde los 180 \u20ac hasta los 600\u20ac en virtud de lo dispuesto en la vigente Ordenanza municipal reguladora de la protecci\u00f3n frente a la contaminaci\u00f3n ac\u00fastica del Medio Ambiente Urbano.<\/p>\n<p style=\"text-align: justify;\">Por \u00faltimo, desde el Ayuntamiento de Los Llanos de Aridane se pide la colaboraci\u00f3n de todos los vecinos, para respetar la Ordenanza, \u201cm\u00e1s all\u00e1 de la imposici\u00f3n de sanciones lo importante es que tomemos conciencia del da\u00f1o que causan a personas y animales. Todo ello con el \u00e1nimo de que todos podamos disfrutar de estas fiestas\u201d.<\/p>\n<p>[\/vc_column_text][vc_empty_space height=\u00bb20px\u00bb][\/vc_column_inner][\/vc_row_inner][\/vc_column][\/vc_row]<\/p>\n<\/section>","protected":false},"excerpt":{"rendered":"<p>[vc_row css_animation=\u00bb\u00bb row_type=\u00bbrow\u00bb use_row_as_full_screen_section=\u00bbno\u00bb type=\u00bbfull_width\u00bb angled_section=\u00bbno\u00bb text_align=\u00bbleft\u00bb background_image_as_pattern=\u00bbwithout_pattern\u00bb][vc_column][vc_row_inner row_type=\u00bbrow\u00bb type=\u00bbgrid\u00bb text_align=\u00bbleft\u00bb css_animation=\u00bb\u00bb][vc_column_inner][vc_empty_space height=\u00bb20px\u00bb][vc_column_text] Mientras se trabaja en la modificaci\u00f3n de la ordenanza de ruidos para endurecerla, se ha emitido un bando municipal donde se proh\u00edbe su utilizaci\u00f3n en determinadas condiciones. Adem\u00e1s, las multas, para las&#8230;<\/p>\n","protected":false},"author":1,"featured_media":0,"comment_status":"closed","ping_status":"open","sticky":false,"template":"","format":"standard","meta":{"footnotes":""},"categories":[6],"tags":[],"class_list":["post-1253","post","type-post","status-publish","format-standard","hentry","category-prensa"],"yoast_head":"<!-- This site is optimized with the Yoast SEO plugin v22.7 - https:\/\/yoast.com\/wordpress\/plugins\/seo\/ -->\n<title>El Ayuntamiento de Los Llanos trabaja para limitar el uso de pirotecnia\u00a0en el municipio - Ayuntamiento de Los Llanos de Aridane<\/title>\n<meta name=\"description\" content=\"El Ayuntamiento de Los Llanos de Aridane presenta el cartel y el programa de La Patrona 2021 con el lema \u201cRemedios, m\u00e1s que un nombre.\u201d\" \/>\n<meta name=\"robots\" content=\"index, follow, max-snippet:-1, max-image-preview:large, max-video-preview:-1\" \/>\n<link rel=\"canonical\" href=\"https:\/\/www.aridane.org\/city\/2022\/12\/28\/el-ayuntamiento-de-los-llanos-trabaja-para-limitar-el-uso-de-pirotecnia-en-el-municipio\/\" \/>\n<meta property=\"og:locale\" content=\"es_ES\" \/>\n<meta property=\"og:type\" content=\"article\" \/>\n<meta property=\"og:title\" content=\"El Ayuntamiento de Los Llanos trabaja para limitar el uso de pirotecnia\u00a0en el municipio - Ayuntamiento de Los Llanos de Aridane\" \/>\n<meta property=\"og:description\" content=\"El Ayuntamiento de Los Llanos de Aridane presenta el cartel y el programa de La Patrona 2021 con el lema \u201cRemedios, m\u00e1s que un nombre.\u201d\" \/>\n<meta property=\"og:url\" content=\"https:\/\/www.aridane.org\/city\/2022\/12\/28\/el-ayuntamiento-de-los-llanos-trabaja-para-limitar-el-uso-de-pirotecnia-en-el-municipio\/\" \/>\n<meta property=\"og:site_name\" content=\"Ayuntamiento de Los Llanos de Aridane\" \/>\n<meta property=\"article:published_time\" content=\"2022-12-28T12:37:55+00:00\" \/>\n<meta name=\"author\" content=\"Richard Diaz\" \/>\n<meta name=\"twitter:card\" content=\"summary_large_image\" \/>\n<meta name=\"twitter:label1\" content=\"Escrito por\" \/>\n\t<meta name=\"twitter:data1\" content=\"Richard Diaz\" \/>\n\t<meta name=\"twitter:label2\" content=\"Tiempo de lectura\" \/>\n\t<meta name=\"twitter:data2\" content=\"2 minutos\" \/>\n<script type=\"application\/ld+json\" class=\"yoast-schema-graph\">{\"@context\":\"https:\/\/schema.org\",\"@graph\":[{\"@type\":\"WebPage\",\"@id\":\"https:\/\/www.aridane.org\/city\/2022\/12\/28\/el-ayuntamiento-de-los-llanos-trabaja-para-limitar-el-uso-de-pirotecnia-en-el-municipio\/\",\"url\":\"https:\/\/www.aridane.org\/city\/2022\/12\/28\/el-ayuntamiento-de-los-llanos-trabaja-para-limitar-el-uso-de-pirotecnia-en-el-municipio\/\",\"name\":\"El Ayuntamiento de Los Llanos trabaja para limitar el uso de pirotecnia\u00a0en el municipio - Ayuntamiento de Los Llanos de Aridane\",\"isPartOf\":{\"@id\":\"https:\/\/www.aridane.org\/city\/#website\"},\"datePublished\":\"2022-12-28T12:37:55+00:00\",\"dateModified\":\"2022-12-28T12:37:55+00:00\",\"author\":{\"@id\":\"https:\/\/www.aridane.org\/city\/#\/schema\/person\/7d352ec7f29881716f298394432e7209\"},\"description\":\"El Ayuntamiento de Los Llanos de Aridane presenta el cartel y el programa de La Patrona 2021 con el lema \u201cRemedios, m\u00e1s que un nombre.\u201d\",\"breadcrumb\":{\"@id\":\"https:\/\/www.aridane.org\/city\/2022\/12\/28\/el-ayuntamiento-de-los-llanos-trabaja-para-limitar-el-uso-de-pirotecnia-en-el-municipio\/#breadcrumb\"},\"inLanguage\":\"es\",\"potentialAction\":[{\"@type\":\"ReadAction\",\"target\":[\"https:\/\/www.aridane.org\/city\/2022\/12\/28\/el-ayuntamiento-de-los-llanos-trabaja-para-limitar-el-uso-de-pirotecnia-en-el-municipio\/\"]}]},{\"@type\":\"BreadcrumbList\",\"@id\":\"https:\/\/www.aridane.org\/city\/2022\/12\/28\/el-ayuntamiento-de-los-llanos-trabaja-para-limitar-el-uso-de-pirotecnia-en-el-municipio\/#breadcrumb\",\"itemListElement\":[{\"@type\":\"ListItem\",\"position\":1,\"name\":\"Portada\",\"item\":\"https:\/\/www.aridane.org\/city\/\"},{\"@type\":\"ListItem\",\"position\":2,\"name\":\"El Ayuntamiento de Los Llanos trabaja para limitar el uso de pirotecnia\u00a0en el municipio\"}]},{\"@type\":\"WebSite\",\"@id\":\"https:\/\/www.aridane.org\/city\/#website\",\"url\":\"https:\/\/www.aridane.org\/city\/\",\"name\":\"Ayuntamiento de Los Llanos de Aridane\",\"description\":\"\",\"potentialAction\":[{\"@type\":\"SearchAction\",\"target\":{\"@type\":\"EntryPoint\",\"urlTemplate\":\"https:\/\/www.aridane.org\/city\/?s={search_term_string}\"},\"query-input\":\"required name=search_term_string\"}],\"inLanguage\":\"es\"},{\"@type\":\"Person\",\"@id\":\"https:\/\/www.aridane.org\/city\/#\/schema\/person\/7d352ec7f29881716f298394432e7209\",\"name\":\"Richard Diaz\",\"image\":{\"@type\":\"ImageObject\",\"inLanguage\":\"es\",\"@id\":\"https:\/\/www.aridane.org\/city\/#\/schema\/person\/image\/\",\"url\":\"https:\/\/secure.gravatar.com\/avatar\/bacd6aefc26a4a204943090a4c596cd10f0857081ef3cfd12084a70ecb3161d5?s=96&d=mm&r=g\",\"contentUrl\":\"https:\/\/secure.gravatar.com\/avatar\/bacd6aefc26a4a204943090a4c596cd10f0857081ef3cfd12084a70ecb3161d5?s=96&d=mm&r=g\",\"caption\":\"Richard Diaz\"},\"sameAs\":[\"https:\/\/www.aridane.org\/city\"],\"url\":\"https:\/\/www.aridane.org\/city\/author\/richard-diaz\/\"}]}<\/script>\n<!-- \/ Yoast SEO plugin. -->","yoast_head_json":{"title":"El Ayuntamiento de Los Llanos trabaja para limitar el uso de pirotecnia\u00a0en el municipio - Ayuntamiento de Los Llanos de Aridane","description":"El Ayuntamiento de Los Llanos de Aridane presenta el cartel y el programa de La Patrona 2021 con el lema \u201cRemedios, m\u00e1s que un nombre.\u201d","robots":{"index":"index","follow":"follow","max-snippet":"max-snippet:-1","max-image-preview":"max-image-preview:large","max-video-preview":"max-video-preview:-1"},"canonical":"https:\/\/www.aridane.org\/city\/2022\/12\/28\/el-ayuntamiento-de-los-llanos-trabaja-para-limitar-el-uso-de-pirotecnia-en-el-municipio\/","og_locale":"es_ES","og_type":"article","og_title":"El Ayuntamiento de Los Llanos trabaja para limitar el uso de pirotecnia\u00a0en el municipio - Ayuntamiento de Los Llanos de Aridane","og_description":"El Ayuntamiento de Los Llanos de Aridane presenta el cartel y el programa de La Patrona 2021 con el lema \u201cRemedios, m\u00e1s que un nombre.\u201d","og_url":"https:\/\/www.aridane.org\/city\/2022\/12\/28\/el-ayuntamiento-de-los-llanos-trabaja-para-limitar-el-uso-de-pirotecnia-en-el-municipio\/","og_site_name":"Ayuntamiento de Los Llanos de Aridane","article_published_time":"2022-12-28T12:37:55+00:00","author":"Richard Diaz","twitter_card":"summary_large_image","twitter_misc":{"Escrito por":"Richard Diaz","Tiempo de lectura":"2 minutos"},"schema":{"@context":"https:\/\/schema.org","@graph":[{"@type":"WebPage","@id":"https:\/\/www.aridane.org\/city\/2022\/12\/28\/el-ayuntamiento-de-los-llanos-trabaja-para-limitar-el-uso-de-pirotecnia-en-el-municipio\/","url":"https:\/\/www.aridane.org\/city\/2022\/12\/28\/el-ayuntamiento-de-los-llanos-trabaja-para-limitar-el-uso-de-pirotecnia-en-el-municipio\/","name":"El Ayuntamiento de Los Llanos trabaja para limitar el uso de pirotecnia\u00a0en el municipio - Ayuntamiento de Los Llanos de Aridane","isPartOf":{"@id":"https:\/\/www.aridane.org\/city\/#website"},"datePublished":"2022-12-28T12:37:55+00:00","dateModified":"2022-12-28T12:37:55+00:00","author":{"@id":"https:\/\/www.aridane.org\/city\/#\/schema\/person\/7d352ec7f29881716f298394432e7209"},"description":"El Ayuntamiento de Los Llanos de Aridane presenta el cartel y el programa de La Patrona 2021 con el lema \u201cRemedios, m\u00e1s que un nombre.\u201d","breadcrumb":{"@id":"https:\/\/www.aridane.org\/city\/2022\/12\/28\/el-ayuntamiento-de-los-llanos-trabaja-para-limitar-el-uso-de-pirotecnia-en-el-municipio\/#breadcrumb"},"inLanguage":"es","potentialAction":[{"@type":"ReadAction","target":["https:\/\/www.aridane.org\/city\/2022\/12\/28\/el-ayuntamiento-de-los-llanos-trabaja-para-limitar-el-uso-de-pirotecnia-en-el-municipio\/"]}]},{"@type":"BreadcrumbList","@id":"https:\/\/www.aridane.org\/city\/2022\/12\/28\/el-ayuntamiento-de-los-llanos-trabaja-para-limitar-el-uso-de-pirotecnia-en-el-municipio\/#breadcrumb","itemListElement":[{"@type":"ListItem","position":1,"name":"Portada","item":"https:\/\/www.aridane.org\/city\/"},{"@type":"ListItem","position":2,"name":"El Ayuntamiento de Los Llanos trabaja para limitar el uso de pirotecnia\u00a0en el municipio"}]},{"@type":"WebSite","@id":"https:\/\/www.aridane.org\/city\/#website","url":"https:\/\/www.aridane.org\/city\/","name":"Ayuntamiento de Los Llanos de Aridane","description":"","potentialAction":[{"@type":"SearchAction","target":{"@type":"EntryPoint","urlTemplate":"https:\/\/www.aridane.org\/city\/?s={search_term_string}"},"query-input":"required name=search_term_string"}],"inLanguage":"es"},{"@type":"Person","@id":"https:\/\/www.aridane.org\/city\/#\/schema\/person\/7d352ec7f29881716f298394432e7209","name":"Richard Diaz","image":{"@type":"ImageObject","inLanguage":"es","@id":"https:\/\/www.aridane.org\/city\/#\/schema\/person\/image\/","url":"https:\/\/secure.gravatar.com\/avatar\/bacd6aefc26a4a204943090a4c596cd10f0857081ef3cfd12084a70ecb3161d5?s=96&d=mm&r=g","contentUrl":"https:\/\/secure.gravatar.com\/avatar\/bacd6aefc26a4a204943090a4c596cd10f0857081ef3cfd12084a70ecb3161d5?s=96&d=mm&r=g","caption":"Richard Diaz"},"sameAs":["https:\/\/www.aridane.org\/city"],"url":"https:\/\/www.aridane.org\/city\/author\/richard-diaz\/"}]}},"_links":{"self":[{"href":"https:\/\/www.aridane.org\/city\/wp-json\/wp\/v2\/posts\/1253","targetHints":{"allow":["GET"]}}],"collection":[{"href":"https:\/\/www.aridane.org\/city\/wp-json\/wp\/v2\/posts"}],"about":[{"href":"https:\/\/www.aridane.org\/city\/wp-json\/wp\/v2\/types\/post"}],"author":[{"embeddable":true,"href":"https:\/\/www.aridane.org\/city\/wp-json\/wp\/v2\/users\/1"}],"replies":[{"embeddable":true,"href":"https:\/\/www.aridane.org\/city\/wp-json\/wp\/v2\/comments?post=1253"}],"version-history":[{"count":0,"href":"https:\/\/www.aridane.org\/city\/wp-json\/wp\/v2\/posts\/1253\/revisions"}],"wp:attachment":[{"href":"https:\/\/www.aridane.org\/city\/wp-json\/wp\/v2\/media?parent=1253"}],"wp:term":[{"taxonomy":"category","embeddable":true,"href":"https:\/\/www.aridane.org\/city\/wp-json\/wp\/v2\/categories?post=1253"},{"taxonomy":"post_tag","embeddable":true,"href":"https:\/\/www.aridane.org\/city\/wp-json\/wp\/v2\/tags?post=1253"}],"curies":[{"name":"wp","href":"https:\/\/api.w.org\/{rel}","templated":true}]}}