{"id":1255,"date":"2022-12-29T13:06:27","date_gmt":"2022-12-29T13:06:27","guid":{"rendered":"https:\/\/aridane.org\/ciudad\/?p=1255"},"modified":"2022-12-29T13:06:27","modified_gmt":"2022-12-29T13:06:27","slug":"los-llanos-apuesta-esta-navidad-por-actividades-para-todas-las-edades-para-continuar-fomentando-la-dinamizando-el-municipio","status":"publish","type":"post","link":"https:\/\/www.aridane.org\/city\/2022\/12\/29\/los-llanos-apuesta-esta-navidad-por-actividades-para-todas-las-edades-para-continuar-fomentando-la-dinamizando-el-municipio\/","title":{"rendered":"Los Llanos apuesta esta Navidad por actividades para todas las edades para continuar fomentando la dinamizando el municipio"},"content":{"rendered":"<section class=\"wpb-content-wrapper\"><p>[vc_row css_animation=\u00bb\u00bb row_type=\u00bbrow\u00bb use_row_as_full_screen_section=\u00bbno\u00bb type=\u00bbfull_width\u00bb angled_section=\u00bbno\u00bb text_align=\u00bbleft\u00bb background_image_as_pattern=\u00bbwithout_pattern\u00bb][vc_column][vc_row_inner row_type=\u00bbrow\u00bb type=\u00bbgrid\u00bb text_align=\u00bbleft\u00bb css_animation=\u00bb\u00bb][vc_column_inner][vc_empty_space height=\u00bb20px\u00bb][vc_column_text]<\/p>\n<ul>\n<li style=\"text-align: justify;\"><em>El d\u00eda 2 de enero a partir de las 19:30 horas estar\u00e1 tocando la Parranda La Palma en la Plaza de Espa\u00f1a, mientras que el d\u00eda 3 desde las 19:00 horas los m\u00e1s peque\u00f1os de la casa podr\u00e1n disfrutar de lo t\u00edteres infantiles con la obra \u2018Cascabel y el \u00e1rbol de Navidad\u2019.<\/em><\/li>\n<\/ul>\n<p>&nbsp;<\/p>\n<p style=\"text-align: justify;\"><strong>Los Llanos de Aridane, 29 de diciembre de 2022.-<\/strong> El Ayuntamiento de Los Llanos de Aridane a trav\u00e9s de la concejal de Promoci\u00f3n Econ\u00f3mica, Inmaculada Fern\u00e1ndez, ha confirmado que \u201cseguimos apostando esta Navidad por actividades para todas las edades, con el objetivo de seguir dinamizando el municipio\u201d, se\u00f1ala.<\/p>\n<p style=\"text-align: justify;\">Fern\u00e1ndez explica que el pr\u00f3ximo lunes, 2 de enero, a partir de las 19:30 horas en la Plaza de Espa\u00f1a se podr\u00e1 disfrutar de la parranda La Palma. Mientras que el martes, d\u00eda 3, a partir de las 19:00 horas los m\u00e1s peque\u00f1os de la casa tienen una cita, en este mismo punto, con los t\u00edteres, que en esta ocasi\u00f3n representar\u00e1n la obra \u2018Cascabel y el \u00e1rbol de Navidad\u2019.<\/p>\n<p style=\"text-align: justify;\">La concejal subraya que \u201cde esta manera seguimos apostando por distintas acciones que fomenten e impulsen el consumo local, con el objetivo de seguir trabajando en la recuperaci\u00f3n en la que ya se encuentra inmersa el municipio\u201d.<\/p>\n<p style=\"text-align: justify;\">Por \u00faltimo, desde el Ayuntamiento de Los Llanos de Aridane se invita a todos los aridanenses, y a vecinos de otros puntos de la Isla a participar en las distintas actividades que se han programado, y a vivir y sentir la Navidad de Los Llanos de Aridane.<\/p>\n<p>[\/vc_column_text][vc_empty_space height=\u00bb20px\u00bb][\/vc_column_inner][\/vc_row_inner][\/vc_column][\/vc_row]<\/p>\n<\/section>","protected":false},"excerpt":{"rendered":"<p>[vc_row css_animation=\u00bb\u00bb row_type=\u00bbrow\u00bb use_row_as_full_screen_section=\u00bbno\u00bb type=\u00bbfull_width\u00bb angled_section=\u00bbno\u00bb text_align=\u00bbleft\u00bb background_image_as_pattern=\u00bbwithout_pattern\u00bb][vc_column][vc_row_inner row_type=\u00bbrow\u00bb type=\u00bbgrid\u00bb text_align=\u00bbleft\u00bb css_animation=\u00bb\u00bb][vc_column_inner][vc_empty_space height=\u00bb20px\u00bb][vc_column_text] El d\u00eda 2 de enero a partir de las 19:30 horas estar\u00e1 tocando la Parranda La Palma en la Plaza de Espa\u00f1a, mientras que el d\u00eda 3 desde las 19:00 horas los&#8230;<\/p>\n","protected":false},"author":1,"featured_media":0,"comment_status":"closed","ping_status":"open","sticky":false,"template":"","format":"standard","meta":{"footnotes":""},"categories":[6],"tags":[],"class_list":["post-1255","post","type-post","status-publish","format-standard","hentry","category-prensa"],"yoast_head":"<!-- This site is optimized with the Yoast SEO plugin v22.7 - https:\/\/yoast.com\/wordpress\/plugins\/seo\/ -->\n<title>Los Llanos apuesta esta Navidad por actividades para todas las edades para continuar fomentando la dinamizando el municipio - Ayuntamiento de Los Llanos de Aridane<\/title>\n<meta name=\"description\" content=\"El Ayuntamiento de Los Llanos de Aridane presenta el cartel y el programa de La Patrona 2021 con el lema \u201cRemedios, m\u00e1s que un nombre.\u201d\" \/>\n<meta name=\"robots\" content=\"index, follow, max-snippet:-1, max-image-preview:large, max-video-preview:-1\" \/>\n<link rel=\"canonical\" href=\"https:\/\/www.aridane.org\/city\/2022\/12\/29\/los-llanos-apuesta-esta-navidad-por-actividades-para-todas-las-edades-para-continuar-fomentando-la-dinamizando-el-municipio\/\" \/>\n<meta property=\"og:locale\" content=\"es_ES\" \/>\n<meta property=\"og:type\" content=\"article\" \/>\n<meta property=\"og:title\" content=\"Los Llanos apuesta esta Navidad por actividades para todas las edades para continuar fomentando la dinamizando el municipio - Ayuntamiento de Los Llanos de Aridane\" \/>\n<meta property=\"og:description\" content=\"El Ayuntamiento de Los Llanos de Aridane presenta el cartel y el programa de La Patrona 2021 con el lema \u201cRemedios, m\u00e1s que un nombre.\u201d\" \/>\n<meta property=\"og:url\" content=\"https:\/\/www.aridane.org\/city\/2022\/12\/29\/los-llanos-apuesta-esta-navidad-por-actividades-para-todas-las-edades-para-continuar-fomentando-la-dinamizando-el-municipio\/\" \/>\n<meta property=\"og:site_name\" content=\"Ayuntamiento de Los Llanos de Aridane\" \/>\n<meta property=\"article:published_time\" content=\"2022-12-29T13:06:27+00:00\" \/>\n<meta name=\"author\" content=\"Richard Diaz\" \/>\n<meta name=\"twitter:card\" content=\"summary_large_image\" \/>\n<meta name=\"twitter:label1\" content=\"Escrito por\" \/>\n\t<meta name=\"twitter:data1\" content=\"Richard Diaz\" \/>\n\t<meta name=\"twitter:label2\" content=\"Tiempo de lectura\" \/>\n\t<meta name=\"twitter:data2\" content=\"2 minutos\" \/>\n<script type=\"application\/ld+json\" class=\"yoast-schema-graph\">{\"@context\":\"https:\/\/schema.org\",\"@graph\":[{\"@type\":\"WebPage\",\"@id\":\"https:\/\/www.aridane.org\/city\/2022\/12\/29\/los-llanos-apuesta-esta-navidad-por-actividades-para-todas-las-edades-para-continuar-fomentando-la-dinamizando-el-municipio\/\",\"url\":\"https:\/\/www.aridane.org\/city\/2022\/12\/29\/los-llanos-apuesta-esta-navidad-por-actividades-para-todas-las-edades-para-continuar-fomentando-la-dinamizando-el-municipio\/\",\"name\":\"Los Llanos apuesta esta Navidad por actividades para todas las edades para continuar fomentando la dinamizando el municipio - Ayuntamiento de Los Llanos de Aridane\",\"isPartOf\":{\"@id\":\"https:\/\/www.aridane.org\/city\/#website\"},\"datePublished\":\"2022-12-29T13:06:27+00:00\",\"dateModified\":\"2022-12-29T13:06:27+00:00\",\"author\":{\"@id\":\"https:\/\/www.aridane.org\/city\/#\/schema\/person\/7d352ec7f29881716f298394432e7209\"},\"description\":\"El Ayuntamiento de Los Llanos de Aridane presenta el cartel y el programa de La Patrona 2021 con el lema \u201cRemedios, m\u00e1s que un nombre.\u201d\",\"breadcrumb\":{\"@id\":\"https:\/\/www.aridane.org\/city\/2022\/12\/29\/los-llanos-apuesta-esta-navidad-por-actividades-para-todas-las-edades-para-continuar-fomentando-la-dinamizando-el-municipio\/#breadcrumb\"},\"inLanguage\":\"es\",\"potentialAction\":[{\"@type\":\"ReadAction\",\"target\":[\"https:\/\/www.aridane.org\/city\/2022\/12\/29\/los-llanos-apuesta-esta-navidad-por-actividades-para-todas-las-edades-para-continuar-fomentando-la-dinamizando-el-municipio\/\"]}]},{\"@type\":\"BreadcrumbList\",\"@id\":\"https:\/\/www.aridane.org\/city\/2022\/12\/29\/los-llanos-apuesta-esta-navidad-por-actividades-para-todas-las-edades-para-continuar-fomentando-la-dinamizando-el-municipio\/#breadcrumb\",\"itemListElement\":[{\"@type\":\"ListItem\",\"position\":1,\"name\":\"Portada\",\"item\":\"https:\/\/www.aridane.org\/city\/\"},{\"@type\":\"ListItem\",\"position\":2,\"name\":\"Los Llanos apuesta esta Navidad por actividades para todas las edades para continuar fomentando la dinamizando el municipio\"}]},{\"@type\":\"WebSite\",\"@id\":\"https:\/\/www.aridane.org\/city\/#website\",\"url\":\"https:\/\/www.aridane.org\/city\/\",\"name\":\"Ayuntamiento de Los Llanos de Aridane\",\"description\":\"\",\"potentialAction\":[{\"@type\":\"SearchAction\",\"target\":{\"@type\":\"EntryPoint\",\"urlTemplate\":\"https:\/\/www.aridane.org\/city\/?s={search_term_string}\"},\"query-input\":\"required name=search_term_string\"}],\"inLanguage\":\"es\"},{\"@type\":\"Person\",\"@id\":\"https:\/\/www.aridane.org\/city\/#\/schema\/person\/7d352ec7f29881716f298394432e7209\",\"name\":\"Richard Diaz\",\"image\":{\"@type\":\"ImageObject\",\"inLanguage\":\"es\",\"@id\":\"https:\/\/www.aridane.org\/city\/#\/schema\/person\/image\/\",\"url\":\"https:\/\/secure.gravatar.com\/avatar\/bacd6aefc26a4a204943090a4c596cd10f0857081ef3cfd12084a70ecb3161d5?s=96&d=mm&r=g\",\"contentUrl\":\"https:\/\/secure.gravatar.com\/avatar\/bacd6aefc26a4a204943090a4c596cd10f0857081ef3cfd12084a70ecb3161d5?s=96&d=mm&r=g\",\"caption\":\"Richard Diaz\"},\"sameAs\":[\"https:\/\/www.aridane.org\/city\"],\"url\":\"https:\/\/www.aridane.org\/city\/author\/richard-diaz\/\"}]}<\/script>\n<!-- \/ Yoast SEO plugin. -->","yoast_head_json":{"title":"Los Llanos apuesta esta Navidad por actividades para todas las edades para continuar fomentando la dinamizando el municipio - Ayuntamiento de Los Llanos de Aridane","description":"El Ayuntamiento de Los Llanos de Aridane presenta el cartel y el programa de La Patrona 2021 con el lema \u201cRemedios, m\u00e1s que un nombre.\u201d","robots":{"index":"index","follow":"follow","max-snippet":"max-snippet:-1","max-image-preview":"max-image-preview:large","max-video-preview":"max-video-preview:-1"},"canonical":"https:\/\/www.aridane.org\/city\/2022\/12\/29\/los-llanos-apuesta-esta-navidad-por-actividades-para-todas-las-edades-para-continuar-fomentando-la-dinamizando-el-municipio\/","og_locale":"es_ES","og_type":"article","og_title":"Los Llanos apuesta esta Navidad por actividades para todas las edades para continuar fomentando la dinamizando el municipio - Ayuntamiento de Los Llanos de Aridane","og_description":"El Ayuntamiento de Los Llanos de Aridane presenta el cartel y el programa de La Patrona 2021 con el lema \u201cRemedios, m\u00e1s que un nombre.\u201d","og_url":"https:\/\/www.aridane.org\/city\/2022\/12\/29\/los-llanos-apuesta-esta-navidad-por-actividades-para-todas-las-edades-para-continuar-fomentando-la-dinamizando-el-municipio\/","og_site_name":"Ayuntamiento de Los Llanos de Aridane","article_published_time":"2022-12-29T13:06:27+00:00","author":"Richard Diaz","twitter_card":"summary_large_image","twitter_misc":{"Escrito por":"Richard Diaz","Tiempo de lectura":"2 minutos"},"schema":{"@context":"https:\/\/schema.org","@graph":[{"@type":"WebPage","@id":"https:\/\/www.aridane.org\/city\/2022\/12\/29\/los-llanos-apuesta-esta-navidad-por-actividades-para-todas-las-edades-para-continuar-fomentando-la-dinamizando-el-municipio\/","url":"https:\/\/www.aridane.org\/city\/2022\/12\/29\/los-llanos-apuesta-esta-navidad-por-actividades-para-todas-las-edades-para-continuar-fomentando-la-dinamizando-el-municipio\/","name":"Los Llanos apuesta esta Navidad por actividades para todas las edades para continuar fomentando la dinamizando el municipio - Ayuntamiento de Los Llanos de Aridane","isPartOf":{"@id":"https:\/\/www.aridane.org\/city\/#website"},"datePublished":"2022-12-29T13:06:27+00:00","dateModified":"2022-12-29T13:06:27+00:00","author":{"@id":"https:\/\/www.aridane.org\/city\/#\/schema\/person\/7d352ec7f29881716f298394432e7209"},"description":"El Ayuntamiento de Los Llanos de Aridane presenta el cartel y el programa de La Patrona 2021 con el lema \u201cRemedios, m\u00e1s que un nombre.\u201d","breadcrumb":{"@id":"https:\/\/www.aridane.org\/city\/2022\/12\/29\/los-llanos-apuesta-esta-navidad-por-actividades-para-todas-las-edades-para-continuar-fomentando-la-dinamizando-el-municipio\/#breadcrumb"},"inLanguage":"es","potentialAction":[{"@type":"ReadAction","target":["https:\/\/www.aridane.org\/city\/2022\/12\/29\/los-llanos-apuesta-esta-navidad-por-actividades-para-todas-las-edades-para-continuar-fomentando-la-dinamizando-el-municipio\/"]}]},{"@type":"BreadcrumbList","@id":"https:\/\/www.aridane.org\/city\/2022\/12\/29\/los-llanos-apuesta-esta-navidad-por-actividades-para-todas-las-edades-para-continuar-fomentando-la-dinamizando-el-municipio\/#breadcrumb","itemListElement":[{"@type":"ListItem","position":1,"name":"Portada","item":"https:\/\/www.aridane.org\/city\/"},{"@type":"ListItem","position":2,"name":"Los Llanos apuesta esta Navidad por actividades para todas las edades para continuar fomentando la dinamizando el municipio"}]},{"@type":"WebSite","@id":"https:\/\/www.aridane.org\/city\/#website","url":"https:\/\/www.aridane.org\/city\/","name":"Ayuntamiento de Los Llanos de Aridane","description":"","potentialAction":[{"@type":"SearchAction","target":{"@type":"EntryPoint","urlTemplate":"https:\/\/www.aridane.org\/city\/?s={search_term_string}"},"query-input":"required name=search_term_string"}],"inLanguage":"es"},{"@type":"Person","@id":"https:\/\/www.aridane.org\/city\/#\/schema\/person\/7d352ec7f29881716f298394432e7209","name":"Richard Diaz","image":{"@type":"ImageObject","inLanguage":"es","@id":"https:\/\/www.aridane.org\/city\/#\/schema\/person\/image\/","url":"https:\/\/secure.gravatar.com\/avatar\/bacd6aefc26a4a204943090a4c596cd10f0857081ef3cfd12084a70ecb3161d5?s=96&d=mm&r=g","contentUrl":"https:\/\/secure.gravatar.com\/avatar\/bacd6aefc26a4a204943090a4c596cd10f0857081ef3cfd12084a70ecb3161d5?s=96&d=mm&r=g","caption":"Richard Diaz"},"sameAs":["https:\/\/www.aridane.org\/city"],"url":"https:\/\/www.aridane.org\/city\/author\/richard-diaz\/"}]}},"_links":{"self":[{"href":"https:\/\/www.aridane.org\/city\/wp-json\/wp\/v2\/posts\/1255","targetHints":{"allow":["GET"]}}],"collection":[{"href":"https:\/\/www.aridane.org\/city\/wp-json\/wp\/v2\/posts"}],"about":[{"href":"https:\/\/www.aridane.org\/city\/wp-json\/wp\/v2\/types\/post"}],"author":[{"embeddable":true,"href":"https:\/\/www.aridane.org\/city\/wp-json\/wp\/v2\/users\/1"}],"replies":[{"embeddable":true,"href":"https:\/\/www.aridane.org\/city\/wp-json\/wp\/v2\/comments?post=1255"}],"version-history":[{"count":0,"href":"https:\/\/www.aridane.org\/city\/wp-json\/wp\/v2\/posts\/1255\/revisions"}],"wp:attachment":[{"href":"https:\/\/www.aridane.org\/city\/wp-json\/wp\/v2\/media?parent=1255"}],"wp:term":[{"taxonomy":"category","embeddable":true,"href":"https:\/\/www.aridane.org\/city\/wp-json\/wp\/v2\/categories?post=1255"},{"taxonomy":"post_tag","embeddable":true,"href":"https:\/\/www.aridane.org\/city\/wp-json\/wp\/v2\/tags?post=1255"}],"curies":[{"name":"wp","href":"https:\/\/api.w.org\/{rel}","templated":true}]}}