{"id":1265,"date":"2022-12-30T10:20:56","date_gmt":"2022-12-30T10:20:56","guid":{"rendered":"https:\/\/aridane.org\/ciudad\/?p=1265"},"modified":"2022-12-30T10:20:56","modified_gmt":"2022-12-30T10:20:56","slug":"exito-de-participacion-en-la-san-silvestre-de-los-llanos-de-aridane-con-mas-de-700-inscripciones","status":"publish","type":"post","link":"https:\/\/www.aridane.org\/city\/2022\/12\/30\/exito-de-participacion-en-la-san-silvestre-de-los-llanos-de-aridane-con-mas-de-700-inscripciones\/","title":{"rendered":"\u00c9xito de participaci\u00f3n en la San Silvestre de Los Llanos de Aridane con m\u00e1s de 700 inscripciones"},"content":{"rendered":"<section class=\"wpb-content-wrapper\"><p>[vc_row css_animation=\u00bb\u00bb row_type=\u00bbrow\u00bb use_row_as_full_screen_section=\u00bbno\u00bb type=\u00bbfull_width\u00bb angled_section=\u00bbno\u00bb text_align=\u00bbleft\u00bb background_image_as_pattern=\u00bbwithout_pattern\u00bb][vc_column][vc_row_inner row_type=\u00bbrow\u00bb type=\u00bbgrid\u00bb text_align=\u00bbleft\u00bb css_animation=\u00bb\u00bb][vc_column_inner][vc_empty_space height=\u00bb20px\u00bb][vc_column_text]<\/p>\n<ul>\n<li style=\"text-align: justify;\"><em>Adem\u00e1s, ma\u00f1ana viernes, 30 de diciembre, de e 16:00 a 20:00 horas en la Plaza de Espa\u00f1a las personas que lo deseen podr\u00e1n adquirir alguno de los pocos m\u00e1s de 50 dorsales que a\u00fan quedan.<\/em><\/li>\n<\/ul>\n<p>&nbsp;<\/p>\n<p style=\"text-align: justify;\"><strong>Los Llanos de Aridane, 30 de diciembre de 2022.-<\/strong> El Ayuntamiento de Los Llanos de Aridane a trav\u00e9s del concejal de Deportes, Victor Gonz\u00e1lez, ha confirmado que \u201cm\u00e1s de 700 personas participar\u00e1n en la XV edici\u00f3n de la San Silvestre de Los Llanos de Aridane que se celebrar\u00e1 \u00a0este s\u00e1bado, 31 de diciembre\u201d, se\u00f1ala.<\/p>\n<p style=\"text-align: justify;\">Gonz\u00e1lez explica que tambi\u00e9n ma\u00f1ana viernes, 30 de diciembre, de 16:00 a 20:00 horas en la Plaza de Espa\u00f1a las personas que lo deseen podr\u00e1n adquirir alguno de los pocos m\u00e1s de 50 dorsales que a\u00fan quedan, \u201cy aquellas personas hayan adquirido su dorsal de manera online podr\u00e1n recogerlo en este mismo punto y a la misma hora.<br \/>\nMientras que el mismo s\u00e1bado, 31 de diciembre, lo podr\u00e1n hacer de 8:30 a 10:30 horas\u201d.<\/p>\n<p style=\"text-align: justify;\">Adem\u00e1s, explica que que el horario de las carreras y categor\u00edas es: a las 10:30 horas la Carrera Sub8, femenino y masculino, de 0,5km; \u00a0a las 10:45 horas Carrera Sub10, femenino y masculino, 0,5km; a las 11:00 horas Vuelta familiar de todos los participantes por el recorrido de la prueba 0,5km, momento en el que se har\u00e1 la tradicional foto familiar; \u00a0a las 11:15 horas Carrera Sub12, femenino y masculino, 1km; a las 11:30 horas Carrera Sub14, femenino y masculino, de 1,3km; y a las 12:00 horas la Carrera San Silvestre Aridanense Absoluta, Categor\u00edas sub16, Sub18, Absoluto y Master femeninos y masculinos, \u00a03 vueltas al circuito grande que en total son 4km.<\/p>\n<p style=\"text-align: justify;\">Mientras que a las 12:30 horas se proceder\u00e1 a la entrega de premios.\u00a0 Desde la concejal\u00eda de Deportes confirman que \u201cun a\u00f1o m\u00e1s se partir\u00e1 desde el Ayuntamiento se subir\u00e1 hasta la Calle \u00c1ngel, se bajar\u00e1 por la Calle Fern\u00e1ndez Ta\u00f1o y se continuar\u00e1 por la Av. Enrique Mederos hasta el Mercado Municipal. Lugar en el que se retorna hac\u00eda la Doctor Fleming para completar la vuelta delante del Ayuntamiento, recorrido a tres vueltas\u201d.<\/p>\n<p style=\"text-align: justify;\">Por \u00faltimo, desde el Ayuntamiento de Los Llanos de Aridane se agradece las personas que se han inscrito su participaci\u00f3n, \u201clogrando que a\u00f1o tras a\u00f1o la San Silvestre de Los Llanos de Aridane sea una cita ineludible para todos los amantes del deporte en general\u201d.<\/p>\n<p>[\/vc_column_text][vc_empty_space height=\u00bb20px\u00bb][\/vc_column_inner][\/vc_row_inner][\/vc_column][\/vc_row]<\/p>\n<\/section>","protected":false},"excerpt":{"rendered":"<p>[vc_row css_animation=\u00bb\u00bb row_type=\u00bbrow\u00bb use_row_as_full_screen_section=\u00bbno\u00bb type=\u00bbfull_width\u00bb angled_section=\u00bbno\u00bb text_align=\u00bbleft\u00bb background_image_as_pattern=\u00bbwithout_pattern\u00bb][vc_column][vc_row_inner row_type=\u00bbrow\u00bb type=\u00bbgrid\u00bb text_align=\u00bbleft\u00bb css_animation=\u00bb\u00bb][vc_column_inner][vc_empty_space height=\u00bb20px\u00bb][vc_column_text] Adem\u00e1s, ma\u00f1ana viernes, 30 de diciembre, de e 16:00 a 20:00 horas en la Plaza de Espa\u00f1a las personas que lo deseen podr\u00e1n adquirir alguno de los pocos m\u00e1s de 50 dorsales&#8230;<\/p>\n","protected":false},"author":1,"featured_media":0,"comment_status":"closed","ping_status":"open","sticky":false,"template":"","format":"standard","meta":{"footnotes":""},"categories":[6],"tags":[],"class_list":["post-1265","post","type-post","status-publish","format-standard","hentry","category-prensa"],"yoast_head":"<!-- This site is optimized with the Yoast SEO plugin v22.7 - https:\/\/yoast.com\/wordpress\/plugins\/seo\/ -->\n<title>\u00c9xito de participaci\u00f3n en la San Silvestre de Los Llanos de Aridane con m\u00e1s de 700 inscripciones - Ayuntamiento de Los Llanos de Aridane<\/title>\n<meta name=\"description\" content=\"El Ayuntamiento de Los Llanos de Aridane presenta el cartel y el programa de La Patrona 2021 con el lema \u201cRemedios, m\u00e1s que un nombre.\u201d\" \/>\n<meta name=\"robots\" content=\"index, follow, max-snippet:-1, max-image-preview:large, max-video-preview:-1\" \/>\n<link rel=\"canonical\" href=\"https:\/\/www.aridane.org\/city\/2022\/12\/30\/exito-de-participacion-en-la-san-silvestre-de-los-llanos-de-aridane-con-mas-de-700-inscripciones\/\" \/>\n<meta property=\"og:locale\" content=\"es_ES\" \/>\n<meta property=\"og:type\" content=\"article\" \/>\n<meta property=\"og:title\" content=\"\u00c9xito de participaci\u00f3n en la San Silvestre de Los Llanos de Aridane con m\u00e1s de 700 inscripciones - Ayuntamiento de Los Llanos de Aridane\" \/>\n<meta property=\"og:description\" content=\"El Ayuntamiento de Los Llanos de Aridane presenta el cartel y el programa de La Patrona 2021 con el lema \u201cRemedios, m\u00e1s que un nombre.\u201d\" \/>\n<meta property=\"og:url\" content=\"https:\/\/www.aridane.org\/city\/2022\/12\/30\/exito-de-participacion-en-la-san-silvestre-de-los-llanos-de-aridane-con-mas-de-700-inscripciones\/\" \/>\n<meta property=\"og:site_name\" content=\"Ayuntamiento de Los Llanos de Aridane\" \/>\n<meta property=\"article:published_time\" content=\"2022-12-30T10:20:56+00:00\" \/>\n<meta name=\"author\" content=\"Richard Diaz\" \/>\n<meta name=\"twitter:card\" content=\"summary_large_image\" \/>\n<meta name=\"twitter:label1\" content=\"Escrito por\" \/>\n\t<meta name=\"twitter:data1\" content=\"Richard Diaz\" \/>\n\t<meta name=\"twitter:label2\" content=\"Tiempo de lectura\" \/>\n\t<meta name=\"twitter:data2\" content=\"2 minutos\" \/>\n<script type=\"application\/ld+json\" class=\"yoast-schema-graph\">{\"@context\":\"https:\/\/schema.org\",\"@graph\":[{\"@type\":\"WebPage\",\"@id\":\"https:\/\/www.aridane.org\/city\/2022\/12\/30\/exito-de-participacion-en-la-san-silvestre-de-los-llanos-de-aridane-con-mas-de-700-inscripciones\/\",\"url\":\"https:\/\/www.aridane.org\/city\/2022\/12\/30\/exito-de-participacion-en-la-san-silvestre-de-los-llanos-de-aridane-con-mas-de-700-inscripciones\/\",\"name\":\"\u00c9xito de participaci\u00f3n en la San Silvestre de Los Llanos de Aridane con m\u00e1s de 700 inscripciones - Ayuntamiento de Los Llanos de Aridane\",\"isPartOf\":{\"@id\":\"https:\/\/www.aridane.org\/city\/#website\"},\"datePublished\":\"2022-12-30T10:20:56+00:00\",\"dateModified\":\"2022-12-30T10:20:56+00:00\",\"author\":{\"@id\":\"https:\/\/www.aridane.org\/city\/#\/schema\/person\/7d352ec7f29881716f298394432e7209\"},\"description\":\"El Ayuntamiento de Los Llanos de Aridane presenta el cartel y el programa de La Patrona 2021 con el lema \u201cRemedios, m\u00e1s que un nombre.\u201d\",\"breadcrumb\":{\"@id\":\"https:\/\/www.aridane.org\/city\/2022\/12\/30\/exito-de-participacion-en-la-san-silvestre-de-los-llanos-de-aridane-con-mas-de-700-inscripciones\/#breadcrumb\"},\"inLanguage\":\"es\",\"potentialAction\":[{\"@type\":\"ReadAction\",\"target\":[\"https:\/\/www.aridane.org\/city\/2022\/12\/30\/exito-de-participacion-en-la-san-silvestre-de-los-llanos-de-aridane-con-mas-de-700-inscripciones\/\"]}]},{\"@type\":\"BreadcrumbList\",\"@id\":\"https:\/\/www.aridane.org\/city\/2022\/12\/30\/exito-de-participacion-en-la-san-silvestre-de-los-llanos-de-aridane-con-mas-de-700-inscripciones\/#breadcrumb\",\"itemListElement\":[{\"@type\":\"ListItem\",\"position\":1,\"name\":\"Portada\",\"item\":\"https:\/\/www.aridane.org\/city\/\"},{\"@type\":\"ListItem\",\"position\":2,\"name\":\"\u00c9xito de participaci\u00f3n en la San Silvestre de Los Llanos de Aridane con m\u00e1s de 700 inscripciones\"}]},{\"@type\":\"WebSite\",\"@id\":\"https:\/\/www.aridane.org\/city\/#website\",\"url\":\"https:\/\/www.aridane.org\/city\/\",\"name\":\"Ayuntamiento de Los Llanos de Aridane\",\"description\":\"\",\"potentialAction\":[{\"@type\":\"SearchAction\",\"target\":{\"@type\":\"EntryPoint\",\"urlTemplate\":\"https:\/\/www.aridane.org\/city\/?s={search_term_string}\"},\"query-input\":\"required name=search_term_string\"}],\"inLanguage\":\"es\"},{\"@type\":\"Person\",\"@id\":\"https:\/\/www.aridane.org\/city\/#\/schema\/person\/7d352ec7f29881716f298394432e7209\",\"name\":\"Richard Diaz\",\"image\":{\"@type\":\"ImageObject\",\"inLanguage\":\"es\",\"@id\":\"https:\/\/www.aridane.org\/city\/#\/schema\/person\/image\/\",\"url\":\"https:\/\/secure.gravatar.com\/avatar\/bacd6aefc26a4a204943090a4c596cd10f0857081ef3cfd12084a70ecb3161d5?s=96&d=mm&r=g\",\"contentUrl\":\"https:\/\/secure.gravatar.com\/avatar\/bacd6aefc26a4a204943090a4c596cd10f0857081ef3cfd12084a70ecb3161d5?s=96&d=mm&r=g\",\"caption\":\"Richard Diaz\"},\"sameAs\":[\"https:\/\/www.aridane.org\/city\"],\"url\":\"https:\/\/www.aridane.org\/city\/author\/richard-diaz\/\"}]}<\/script>\n<!-- \/ Yoast SEO plugin. -->","yoast_head_json":{"title":"\u00c9xito de participaci\u00f3n en la San Silvestre de Los Llanos de Aridane con m\u00e1s de 700 inscripciones - Ayuntamiento de Los Llanos de Aridane","description":"El Ayuntamiento de Los Llanos de Aridane presenta el cartel y el programa de La Patrona 2021 con el lema \u201cRemedios, m\u00e1s que un nombre.\u201d","robots":{"index":"index","follow":"follow","max-snippet":"max-snippet:-1","max-image-preview":"max-image-preview:large","max-video-preview":"max-video-preview:-1"},"canonical":"https:\/\/www.aridane.org\/city\/2022\/12\/30\/exito-de-participacion-en-la-san-silvestre-de-los-llanos-de-aridane-con-mas-de-700-inscripciones\/","og_locale":"es_ES","og_type":"article","og_title":"\u00c9xito de participaci\u00f3n en la San Silvestre de Los Llanos de Aridane con m\u00e1s de 700 inscripciones - Ayuntamiento de Los Llanos de Aridane","og_description":"El Ayuntamiento de Los Llanos de Aridane presenta el cartel y el programa de La Patrona 2021 con el lema \u201cRemedios, m\u00e1s que un nombre.\u201d","og_url":"https:\/\/www.aridane.org\/city\/2022\/12\/30\/exito-de-participacion-en-la-san-silvestre-de-los-llanos-de-aridane-con-mas-de-700-inscripciones\/","og_site_name":"Ayuntamiento de Los Llanos de Aridane","article_published_time":"2022-12-30T10:20:56+00:00","author":"Richard Diaz","twitter_card":"summary_large_image","twitter_misc":{"Escrito por":"Richard Diaz","Tiempo de lectura":"2 minutos"},"schema":{"@context":"https:\/\/schema.org","@graph":[{"@type":"WebPage","@id":"https:\/\/www.aridane.org\/city\/2022\/12\/30\/exito-de-participacion-en-la-san-silvestre-de-los-llanos-de-aridane-con-mas-de-700-inscripciones\/","url":"https:\/\/www.aridane.org\/city\/2022\/12\/30\/exito-de-participacion-en-la-san-silvestre-de-los-llanos-de-aridane-con-mas-de-700-inscripciones\/","name":"\u00c9xito de participaci\u00f3n en la San Silvestre de Los Llanos de Aridane con m\u00e1s de 700 inscripciones - Ayuntamiento de Los Llanos de Aridane","isPartOf":{"@id":"https:\/\/www.aridane.org\/city\/#website"},"datePublished":"2022-12-30T10:20:56+00:00","dateModified":"2022-12-30T10:20:56+00:00","author":{"@id":"https:\/\/www.aridane.org\/city\/#\/schema\/person\/7d352ec7f29881716f298394432e7209"},"description":"El Ayuntamiento de Los Llanos de Aridane presenta el cartel y el programa de La Patrona 2021 con el lema \u201cRemedios, m\u00e1s que un nombre.\u201d","breadcrumb":{"@id":"https:\/\/www.aridane.org\/city\/2022\/12\/30\/exito-de-participacion-en-la-san-silvestre-de-los-llanos-de-aridane-con-mas-de-700-inscripciones\/#breadcrumb"},"inLanguage":"es","potentialAction":[{"@type":"ReadAction","target":["https:\/\/www.aridane.org\/city\/2022\/12\/30\/exito-de-participacion-en-la-san-silvestre-de-los-llanos-de-aridane-con-mas-de-700-inscripciones\/"]}]},{"@type":"BreadcrumbList","@id":"https:\/\/www.aridane.org\/city\/2022\/12\/30\/exito-de-participacion-en-la-san-silvestre-de-los-llanos-de-aridane-con-mas-de-700-inscripciones\/#breadcrumb","itemListElement":[{"@type":"ListItem","position":1,"name":"Portada","item":"https:\/\/www.aridane.org\/city\/"},{"@type":"ListItem","position":2,"name":"\u00c9xito de participaci\u00f3n en la San Silvestre de Los Llanos de Aridane con m\u00e1s de 700 inscripciones"}]},{"@type":"WebSite","@id":"https:\/\/www.aridane.org\/city\/#website","url":"https:\/\/www.aridane.org\/city\/","name":"Ayuntamiento de Los Llanos de Aridane","description":"","potentialAction":[{"@type":"SearchAction","target":{"@type":"EntryPoint","urlTemplate":"https:\/\/www.aridane.org\/city\/?s={search_term_string}"},"query-input":"required name=search_term_string"}],"inLanguage":"es"},{"@type":"Person","@id":"https:\/\/www.aridane.org\/city\/#\/schema\/person\/7d352ec7f29881716f298394432e7209","name":"Richard Diaz","image":{"@type":"ImageObject","inLanguage":"es","@id":"https:\/\/www.aridane.org\/city\/#\/schema\/person\/image\/","url":"https:\/\/secure.gravatar.com\/avatar\/bacd6aefc26a4a204943090a4c596cd10f0857081ef3cfd12084a70ecb3161d5?s=96&d=mm&r=g","contentUrl":"https:\/\/secure.gravatar.com\/avatar\/bacd6aefc26a4a204943090a4c596cd10f0857081ef3cfd12084a70ecb3161d5?s=96&d=mm&r=g","caption":"Richard Diaz"},"sameAs":["https:\/\/www.aridane.org\/city"],"url":"https:\/\/www.aridane.org\/city\/author\/richard-diaz\/"}]}},"_links":{"self":[{"href":"https:\/\/www.aridane.org\/city\/wp-json\/wp\/v2\/posts\/1265","targetHints":{"allow":["GET"]}}],"collection":[{"href":"https:\/\/www.aridane.org\/city\/wp-json\/wp\/v2\/posts"}],"about":[{"href":"https:\/\/www.aridane.org\/city\/wp-json\/wp\/v2\/types\/post"}],"author":[{"embeddable":true,"href":"https:\/\/www.aridane.org\/city\/wp-json\/wp\/v2\/users\/1"}],"replies":[{"embeddable":true,"href":"https:\/\/www.aridane.org\/city\/wp-json\/wp\/v2\/comments?post=1265"}],"version-history":[{"count":0,"href":"https:\/\/www.aridane.org\/city\/wp-json\/wp\/v2\/posts\/1265\/revisions"}],"wp:attachment":[{"href":"https:\/\/www.aridane.org\/city\/wp-json\/wp\/v2\/media?parent=1265"}],"wp:term":[{"taxonomy":"category","embeddable":true,"href":"https:\/\/www.aridane.org\/city\/wp-json\/wp\/v2\/categories?post=1265"},{"taxonomy":"post_tag","embeddable":true,"href":"https:\/\/www.aridane.org\/city\/wp-json\/wp\/v2\/tags?post=1265"}],"curies":[{"name":"wp","href":"https:\/\/api.w.org\/{rel}","templated":true}]}}