{"id":1268,"date":"2023-01-02T10:25:25","date_gmt":"2023-01-02T10:25:25","guid":{"rendered":"https:\/\/aridane.org\/ciudad\/?p=1268"},"modified":"2023-01-02T10:25:25","modified_gmt":"2023-01-02T10:25:25","slug":"el-ayuntamiento-de-los-llanos-de-aridane-contrata-a-25-trabajadores-a-traves-del-plan-de-empleo-del-fdcan","status":"publish","type":"post","link":"https:\/\/www.aridane.org\/city\/2023\/01\/02\/el-ayuntamiento-de-los-llanos-de-aridane-contrata-a-25-trabajadores-a-traves-del-plan-de-empleo-del-fdcan\/","title":{"rendered":"El Ayuntamiento de Los Llanos de Aridane contrata a 25 trabajadores a trav\u00e9s del Plan de Empleo del FDCAN"},"content":{"rendered":"<section class=\"wpb-content-wrapper\"><p>[vc_row css_animation=\u00bb\u00bb row_type=\u00bbrow\u00bb use_row_as_full_screen_section=\u00bbno\u00bb type=\u00bbfull_width\u00bb angled_section=\u00bbno\u00bb text_align=\u00bbleft\u00bb background_image_as_pattern=\u00bbwithout_pattern\u00bb][vc_column][vc_row_inner row_type=\u00bbrow\u00bb type=\u00bbgrid\u00bb text_align=\u00bbleft\u00bb css_animation=\u00bb\u00bb][vc_column_inner][vc_empty_space height=\u00bb20px\u00bb][vc_column_text]<\/p>\n<ul>\n<li style=\"text-align: justify;\"><em>La concejal del \u00e1rea de empleo, Elena Concepci\u00f3n, destaca la importante labor que van a desarrollar estas personas para seguir contribuyendo a la recuperaci\u00f3n en la que ya se encuentra inmersa el municipio.<\/em><\/li>\n<\/ul>\n<p>&nbsp;<\/p>\n<p style=\"text-align: justify;\"><strong>Los Llanos de Aridane, 2 de enero de 2023.-<\/strong> El Ayuntamiento de Los Llanos de Aridane a trav\u00e9s de la concejal de Empleo, Elena Concepci\u00f3n, ha confirmado la contrataci\u00f3n de 25 trabajadores, del municipio, que estar\u00e1n contratados durante seis meses a trav\u00e9s del Plan de Empleo del Fondo de Desarrollo de Canarias 2022, financiado por el Cabildo Insular de La Palma y el Gobierno de Canarias.<\/p>\n<p style=\"text-align: justify;\">La concejal explica que concretamente se trata de 17 peones de limpieza, 2 alba\u00f1iles, 2 peones del sector de la construcci\u00f3n, 1 abogado, 1 arquitecto, y 2 educadores sociales, \u201ccuya labor ser\u00e1 esencial para seguir trabajando en la reconstrucci\u00f3n en la que ya se encuentra inmersa Los Llanos, y tambi\u00e9n contribuir\u00e1 a mejorar la calidad de los servicios que se prestan desde el Consistorio\u201d.<\/p>\n<p style=\"text-align: justify;\">Por \u00faltimo, desde el Ayuntamiento de Los Llanos de Aridane se pone en valor estos planes de empleo, \u201cque adem\u00e1s de permitirnos la incorporaci\u00f3n de personas desempleados al mundo laboral, su trabajo tambi\u00e9n contribuye a que el Consistorio sea una administraci\u00f3n m\u00e1s \u00e1gil\u201d.<\/p>\n<p>[\/vc_column_text][vc_empty_space height=\u00bb20px\u00bb][\/vc_column_inner][\/vc_row_inner][\/vc_column][\/vc_row]<\/p>\n<\/section>","protected":false},"excerpt":{"rendered":"<p>[vc_row css_animation=\u00bb\u00bb row_type=\u00bbrow\u00bb use_row_as_full_screen_section=\u00bbno\u00bb type=\u00bbfull_width\u00bb angled_section=\u00bbno\u00bb text_align=\u00bbleft\u00bb background_image_as_pattern=\u00bbwithout_pattern\u00bb][vc_column][vc_row_inner row_type=\u00bbrow\u00bb type=\u00bbgrid\u00bb text_align=\u00bbleft\u00bb css_animation=\u00bb\u00bb][vc_column_inner][vc_empty_space height=\u00bb20px\u00bb][vc_column_text] La concejal del \u00e1rea de empleo, Elena Concepci\u00f3n, destaca la importante labor que van a desarrollar estas personas para seguir contribuyendo a la recuperaci\u00f3n en la que ya se encuentra inmersa el&#8230;<\/p>\n","protected":false},"author":1,"featured_media":0,"comment_status":"closed","ping_status":"open","sticky":false,"template":"","format":"standard","meta":{"footnotes":""},"categories":[6],"tags":[],"class_list":["post-1268","post","type-post","status-publish","format-standard","hentry","category-prensa"],"yoast_head":"<!-- This site is optimized with the Yoast SEO plugin v22.7 - https:\/\/yoast.com\/wordpress\/plugins\/seo\/ -->\n<title>El Ayuntamiento de Los Llanos de Aridane contrata a 25 trabajadores a trav\u00e9s del Plan de Empleo del FDCAN - Ayuntamiento de Los Llanos de Aridane<\/title>\n<meta name=\"description\" content=\"El Ayuntamiento de Los Llanos de Aridane presenta el cartel y el programa de La Patrona 2021 con el lema \u201cRemedios, m\u00e1s que un nombre.\u201d\" \/>\n<meta name=\"robots\" content=\"index, follow, max-snippet:-1, max-image-preview:large, max-video-preview:-1\" \/>\n<link rel=\"canonical\" href=\"https:\/\/www.aridane.org\/city\/2023\/01\/02\/el-ayuntamiento-de-los-llanos-de-aridane-contrata-a-25-trabajadores-a-traves-del-plan-de-empleo-del-fdcan\/\" \/>\n<meta property=\"og:locale\" content=\"es_ES\" \/>\n<meta property=\"og:type\" content=\"article\" \/>\n<meta property=\"og:title\" content=\"El Ayuntamiento de Los Llanos de Aridane contrata a 25 trabajadores a trav\u00e9s del Plan de Empleo del FDCAN - Ayuntamiento de Los Llanos de Aridane\" \/>\n<meta property=\"og:description\" content=\"El Ayuntamiento de Los Llanos de Aridane presenta el cartel y el programa de La Patrona 2021 con el lema \u201cRemedios, m\u00e1s que un nombre.\u201d\" \/>\n<meta property=\"og:url\" content=\"https:\/\/www.aridane.org\/city\/2023\/01\/02\/el-ayuntamiento-de-los-llanos-de-aridane-contrata-a-25-trabajadores-a-traves-del-plan-de-empleo-del-fdcan\/\" \/>\n<meta property=\"og:site_name\" content=\"Ayuntamiento de Los Llanos de Aridane\" \/>\n<meta property=\"article:published_time\" content=\"2023-01-02T10:25:25+00:00\" \/>\n<meta name=\"author\" content=\"Richard Diaz\" \/>\n<meta name=\"twitter:card\" content=\"summary_large_image\" \/>\n<meta name=\"twitter:label1\" content=\"Escrito por\" \/>\n\t<meta name=\"twitter:data1\" content=\"Richard Diaz\" \/>\n\t<meta name=\"twitter:label2\" content=\"Tiempo de lectura\" \/>\n\t<meta name=\"twitter:data2\" content=\"2 minutos\" \/>\n<script type=\"application\/ld+json\" class=\"yoast-schema-graph\">{\"@context\":\"https:\/\/schema.org\",\"@graph\":[{\"@type\":\"WebPage\",\"@id\":\"https:\/\/www.aridane.org\/city\/2023\/01\/02\/el-ayuntamiento-de-los-llanos-de-aridane-contrata-a-25-trabajadores-a-traves-del-plan-de-empleo-del-fdcan\/\",\"url\":\"https:\/\/www.aridane.org\/city\/2023\/01\/02\/el-ayuntamiento-de-los-llanos-de-aridane-contrata-a-25-trabajadores-a-traves-del-plan-de-empleo-del-fdcan\/\",\"name\":\"El Ayuntamiento de Los Llanos de Aridane contrata a 25 trabajadores a trav\u00e9s del Plan de Empleo del FDCAN - Ayuntamiento de Los Llanos de Aridane\",\"isPartOf\":{\"@id\":\"https:\/\/www.aridane.org\/city\/#website\"},\"datePublished\":\"2023-01-02T10:25:25+00:00\",\"dateModified\":\"2023-01-02T10:25:25+00:00\",\"author\":{\"@id\":\"https:\/\/www.aridane.org\/city\/#\/schema\/person\/7d352ec7f29881716f298394432e7209\"},\"description\":\"El Ayuntamiento de Los Llanos de Aridane presenta el cartel y el programa de La Patrona 2021 con el lema \u201cRemedios, m\u00e1s que un nombre.\u201d\",\"breadcrumb\":{\"@id\":\"https:\/\/www.aridane.org\/city\/2023\/01\/02\/el-ayuntamiento-de-los-llanos-de-aridane-contrata-a-25-trabajadores-a-traves-del-plan-de-empleo-del-fdcan\/#breadcrumb\"},\"inLanguage\":\"es\",\"potentialAction\":[{\"@type\":\"ReadAction\",\"target\":[\"https:\/\/www.aridane.org\/city\/2023\/01\/02\/el-ayuntamiento-de-los-llanos-de-aridane-contrata-a-25-trabajadores-a-traves-del-plan-de-empleo-del-fdcan\/\"]}]},{\"@type\":\"BreadcrumbList\",\"@id\":\"https:\/\/www.aridane.org\/city\/2023\/01\/02\/el-ayuntamiento-de-los-llanos-de-aridane-contrata-a-25-trabajadores-a-traves-del-plan-de-empleo-del-fdcan\/#breadcrumb\",\"itemListElement\":[{\"@type\":\"ListItem\",\"position\":1,\"name\":\"Portada\",\"item\":\"https:\/\/www.aridane.org\/city\/\"},{\"@type\":\"ListItem\",\"position\":2,\"name\":\"El Ayuntamiento de Los Llanos de Aridane contrata a 25 trabajadores a trav\u00e9s del Plan de Empleo del FDCAN\"}]},{\"@type\":\"WebSite\",\"@id\":\"https:\/\/www.aridane.org\/city\/#website\",\"url\":\"https:\/\/www.aridane.org\/city\/\",\"name\":\"Ayuntamiento de Los Llanos de Aridane\",\"description\":\"\",\"potentialAction\":[{\"@type\":\"SearchAction\",\"target\":{\"@type\":\"EntryPoint\",\"urlTemplate\":\"https:\/\/www.aridane.org\/city\/?s={search_term_string}\"},\"query-input\":\"required name=search_term_string\"}],\"inLanguage\":\"es\"},{\"@type\":\"Person\",\"@id\":\"https:\/\/www.aridane.org\/city\/#\/schema\/person\/7d352ec7f29881716f298394432e7209\",\"name\":\"Richard Diaz\",\"image\":{\"@type\":\"ImageObject\",\"inLanguage\":\"es\",\"@id\":\"https:\/\/www.aridane.org\/city\/#\/schema\/person\/image\/\",\"url\":\"https:\/\/secure.gravatar.com\/avatar\/bacd6aefc26a4a204943090a4c596cd10f0857081ef3cfd12084a70ecb3161d5?s=96&d=mm&r=g\",\"contentUrl\":\"https:\/\/secure.gravatar.com\/avatar\/bacd6aefc26a4a204943090a4c596cd10f0857081ef3cfd12084a70ecb3161d5?s=96&d=mm&r=g\",\"caption\":\"Richard Diaz\"},\"sameAs\":[\"https:\/\/www.aridane.org\/city\"],\"url\":\"https:\/\/www.aridane.org\/city\/author\/richard-diaz\/\"}]}<\/script>\n<!-- \/ Yoast SEO plugin. -->","yoast_head_json":{"title":"El Ayuntamiento de Los Llanos de Aridane contrata a 25 trabajadores a trav\u00e9s del Plan de Empleo del FDCAN - Ayuntamiento de Los Llanos de Aridane","description":"El Ayuntamiento de Los Llanos de Aridane presenta el cartel y el programa de La Patrona 2021 con el lema \u201cRemedios, m\u00e1s que un nombre.\u201d","robots":{"index":"index","follow":"follow","max-snippet":"max-snippet:-1","max-image-preview":"max-image-preview:large","max-video-preview":"max-video-preview:-1"},"canonical":"https:\/\/www.aridane.org\/city\/2023\/01\/02\/el-ayuntamiento-de-los-llanos-de-aridane-contrata-a-25-trabajadores-a-traves-del-plan-de-empleo-del-fdcan\/","og_locale":"es_ES","og_type":"article","og_title":"El Ayuntamiento de Los Llanos de Aridane contrata a 25 trabajadores a trav\u00e9s del Plan de Empleo del FDCAN - Ayuntamiento de Los Llanos de Aridane","og_description":"El Ayuntamiento de Los Llanos de Aridane presenta el cartel y el programa de La Patrona 2021 con el lema \u201cRemedios, m\u00e1s que un nombre.\u201d","og_url":"https:\/\/www.aridane.org\/city\/2023\/01\/02\/el-ayuntamiento-de-los-llanos-de-aridane-contrata-a-25-trabajadores-a-traves-del-plan-de-empleo-del-fdcan\/","og_site_name":"Ayuntamiento de Los Llanos de Aridane","article_published_time":"2023-01-02T10:25:25+00:00","author":"Richard Diaz","twitter_card":"summary_large_image","twitter_misc":{"Escrito por":"Richard Diaz","Tiempo de lectura":"2 minutos"},"schema":{"@context":"https:\/\/schema.org","@graph":[{"@type":"WebPage","@id":"https:\/\/www.aridane.org\/city\/2023\/01\/02\/el-ayuntamiento-de-los-llanos-de-aridane-contrata-a-25-trabajadores-a-traves-del-plan-de-empleo-del-fdcan\/","url":"https:\/\/www.aridane.org\/city\/2023\/01\/02\/el-ayuntamiento-de-los-llanos-de-aridane-contrata-a-25-trabajadores-a-traves-del-plan-de-empleo-del-fdcan\/","name":"El Ayuntamiento de Los Llanos de Aridane contrata a 25 trabajadores a trav\u00e9s del Plan de Empleo del FDCAN - Ayuntamiento de Los Llanos de Aridane","isPartOf":{"@id":"https:\/\/www.aridane.org\/city\/#website"},"datePublished":"2023-01-02T10:25:25+00:00","dateModified":"2023-01-02T10:25:25+00:00","author":{"@id":"https:\/\/www.aridane.org\/city\/#\/schema\/person\/7d352ec7f29881716f298394432e7209"},"description":"El Ayuntamiento de Los Llanos de Aridane presenta el cartel y el programa de La Patrona 2021 con el lema \u201cRemedios, m\u00e1s que un nombre.\u201d","breadcrumb":{"@id":"https:\/\/www.aridane.org\/city\/2023\/01\/02\/el-ayuntamiento-de-los-llanos-de-aridane-contrata-a-25-trabajadores-a-traves-del-plan-de-empleo-del-fdcan\/#breadcrumb"},"inLanguage":"es","potentialAction":[{"@type":"ReadAction","target":["https:\/\/www.aridane.org\/city\/2023\/01\/02\/el-ayuntamiento-de-los-llanos-de-aridane-contrata-a-25-trabajadores-a-traves-del-plan-de-empleo-del-fdcan\/"]}]},{"@type":"BreadcrumbList","@id":"https:\/\/www.aridane.org\/city\/2023\/01\/02\/el-ayuntamiento-de-los-llanos-de-aridane-contrata-a-25-trabajadores-a-traves-del-plan-de-empleo-del-fdcan\/#breadcrumb","itemListElement":[{"@type":"ListItem","position":1,"name":"Portada","item":"https:\/\/www.aridane.org\/city\/"},{"@type":"ListItem","position":2,"name":"El Ayuntamiento de Los Llanos de Aridane contrata a 25 trabajadores a trav\u00e9s del Plan de Empleo del FDCAN"}]},{"@type":"WebSite","@id":"https:\/\/www.aridane.org\/city\/#website","url":"https:\/\/www.aridane.org\/city\/","name":"Ayuntamiento de Los Llanos de Aridane","description":"","potentialAction":[{"@type":"SearchAction","target":{"@type":"EntryPoint","urlTemplate":"https:\/\/www.aridane.org\/city\/?s={search_term_string}"},"query-input":"required name=search_term_string"}],"inLanguage":"es"},{"@type":"Person","@id":"https:\/\/www.aridane.org\/city\/#\/schema\/person\/7d352ec7f29881716f298394432e7209","name":"Richard Diaz","image":{"@type":"ImageObject","inLanguage":"es","@id":"https:\/\/www.aridane.org\/city\/#\/schema\/person\/image\/","url":"https:\/\/secure.gravatar.com\/avatar\/bacd6aefc26a4a204943090a4c596cd10f0857081ef3cfd12084a70ecb3161d5?s=96&d=mm&r=g","contentUrl":"https:\/\/secure.gravatar.com\/avatar\/bacd6aefc26a4a204943090a4c596cd10f0857081ef3cfd12084a70ecb3161d5?s=96&d=mm&r=g","caption":"Richard Diaz"},"sameAs":["https:\/\/www.aridane.org\/city"],"url":"https:\/\/www.aridane.org\/city\/author\/richard-diaz\/"}]}},"_links":{"self":[{"href":"https:\/\/www.aridane.org\/city\/wp-json\/wp\/v2\/posts\/1268","targetHints":{"allow":["GET"]}}],"collection":[{"href":"https:\/\/www.aridane.org\/city\/wp-json\/wp\/v2\/posts"}],"about":[{"href":"https:\/\/www.aridane.org\/city\/wp-json\/wp\/v2\/types\/post"}],"author":[{"embeddable":true,"href":"https:\/\/www.aridane.org\/city\/wp-json\/wp\/v2\/users\/1"}],"replies":[{"embeddable":true,"href":"https:\/\/www.aridane.org\/city\/wp-json\/wp\/v2\/comments?post=1268"}],"version-history":[{"count":0,"href":"https:\/\/www.aridane.org\/city\/wp-json\/wp\/v2\/posts\/1268\/revisions"}],"wp:attachment":[{"href":"https:\/\/www.aridane.org\/city\/wp-json\/wp\/v2\/media?parent=1268"}],"wp:term":[{"taxonomy":"category","embeddable":true,"href":"https:\/\/www.aridane.org\/city\/wp-json\/wp\/v2\/categories?post=1268"},{"taxonomy":"post_tag","embeddable":true,"href":"https:\/\/www.aridane.org\/city\/wp-json\/wp\/v2\/tags?post=1268"}],"curies":[{"name":"wp","href":"https:\/\/api.w.org\/{rel}","templated":true}]}}