{"id":1274,"date":"2023-01-03T12:42:04","date_gmt":"2023-01-03T12:42:04","guid":{"rendered":"https:\/\/aridane.org\/ciudad\/?p=1274"},"modified":"2023-01-03T12:42:04","modified_gmt":"2023-01-03T12:42:04","slug":"gran-participacion-en-la-san-silvestre-de-los-llanos-de-aridane-con-mas-de-900-corredores","status":"publish","type":"post","link":"https:\/\/www.aridane.org\/city\/2023\/01\/03\/gran-participacion-en-la-san-silvestre-de-los-llanos-de-aridane-con-mas-de-900-corredores\/","title":{"rendered":"Gran participaci\u00f3n en la San Silvestre de Los Llanos de Aridane con m\u00e1s de 900 corredores"},"content":{"rendered":"<section class=\"wpb-content-wrapper\"><p>[vc_row css_animation=\u00bb\u00bb row_type=\u00bbrow\u00bb use_row_as_full_screen_section=\u00bbno\u00bb type=\u00bbfull_width\u00bb angled_section=\u00bbno\u00bb text_align=\u00bbleft\u00bb background_image_as_pattern=\u00bbwithout_pattern\u00bb][vc_column][vc_row_inner row_type=\u00bbrow\u00bb type=\u00bbgrid\u00bb text_align=\u00bbleft\u00bb css_animation=\u00bb\u00bb][vc_column_inner][vc_empty_space height=\u00bb20px\u00bb][vc_column_text]<\/p>\n<ul>\n<li style=\"text-align: justify;\"><em>El concejal del \u00e1rea, V\u00edctor Gonz\u00e1lez, muestra su satisfacci\u00f3n por la buena acogida que un a\u00f1o m\u00e1s ha tenido esta carrera, y no duda en asegurar que \u201cse trata una prueba que a\u00f1o tras a\u00f1o se est\u00e1 consolidando como una de las citas m\u00e1s importantes de la Isla\u201d.<\/em><\/li>\n<\/ul>\n<p>&nbsp;<\/p>\n<p style=\"text-align: justify;\"><strong>Los Llanos de Aridane, 3 de enero de 2023.-<\/strong> El Ayuntamiento de Los Llanos de Aridane a trav\u00e9s del concejal de Deportes, V\u00edctor Gonz\u00e1lez, ha mostrado su satisfacci\u00f3n \u201cdespu\u00e9s de que el pasado s\u00e1bado, 31 de diciembre, la San Silvestre de Los Llanos contase con la participaci\u00f3n de m\u00e1s de 900 corredores\u201d, se\u00f1ala.<\/p>\n<p style=\"text-align: justify;\">Gonz\u00e1lez explica que en la categor\u00eda femenina el primer puesto de la general fue para Moana Lilly Kehres con un tiempo de 13:59; seguida muy de cerca por Irene Lorenzo, con un tiempo de 14:07; mientras que la tercera \u00a0posici\u00f3n fue para Yamila P\u00e9rez con un tiempo de 15:55. En la categor\u00eda masculina, \u00a0la victoria fue para Aythami Brito, con un crono final de 12:50; el segundo puesto fue para Guillermo Andr\u00e9s Aguilera, con un tiempo de 13:03; mientras que el tercer caj\u00f3n del podio fue para Cristian Pulido ,con un tiempo de 13:07. En categor\u00eda m\u00e1ster el podio en modalidad femenina y masculina fue para Samuel Fern\u00e1ndez y Sandra D\u00edaz P\u00e9rez, los segundos clasificados fueron Miguel Monterrey y Violeta Garcia D\u00edaz, y los terceros fueron Jorge Jes\u00fas Pulido y Maite L\u00f3pez Santana . En la categor\u00eda sub18 los primeros clasificados fueron Yamila P\u00e9rez y Saidou Jallow; los segundos Lucia Cantos y Seudou Diaw; y los terceros Laura P\u00e9rez Mart\u00ednez y Pablo Calero Koury. Mientras que en la categor\u00eda Sub16 los ganadores fueron \u00c1ngela Lorenzo y Ancor Gonz\u00e1lez, los segundos Valentina Capote y Manuel Barreto; \u00a0y el tercero Lar\u00e9 Acosta P\u00e9rez.<\/p>\n<p style=\"text-align: justify;\">En la modalidad kids las clasificaciones fueron, en la categor\u00eda Sub8: los primeros clasificados fueron Ram\u00f3n \u00c1lvarez y Chlo\u00e9 \u00c1lvarez; los segundos Mat\u00edas Pa\u00eds y Alejandra Hern\u00e1ndez; y terceros Jos\u00e9 Daniel Castillo y Leire Hern\u00e1ndez. En la categor\u00eda Sub10 los primeros fueron Mat\u00edas Neira y Daniella Ramos; los segundos Diego P\u00e9rez y Mar\u00eda S\u00e1nchez y los terceros Eli\u00e1n Rodr\u00edguez e Irene P\u00e9rez. En la categor\u00eda Sub12 los primeros clasificados fueron Guillermo Mat\u00edas y Sara Rodr\u00edguez; los segundos Rom\u00e1n Sanz y Nora P\u00e9rez; y los terceros Manuel Guerra y Victoria D\u00edaz. En categor\u00eda Sub14 los primeros clasificados fueron Pedro Cantos e Iris Barreto; los segundos Juan Concepci\u00f3n y Sof\u00eda Rodr\u00edguez ; y los terceros Mateo Mart\u00edn y Estela P\u00e9rez.<\/p>\n<p style=\"text-align: justify;\">Por \u00faltimo, desde la concejal\u00eda de Deportes agradecen \u201cla gran participaci\u00f3n de todos los deportistas que volvieron a llenar, una vez m\u00e1s, las calles de Los Llanos de Aridane, en una de las pruebas ya fijas en el calendario insular y una de las citas ineludibles en el calendario de atletismo, y para los amantes del deporte en general\u201d.<\/p>\n<p style=\"text-align: justify;\"><strong>Foto de Daniel Rodr\u00edguez<\/strong><\/p>\n<p>[\/vc_column_text][vc_empty_space height=\u00bb20px\u00bb][\/vc_column_inner][\/vc_row_inner][\/vc_column][\/vc_row]<\/p>\n<\/section>","protected":false},"excerpt":{"rendered":"<p>[vc_row css_animation=\u00bb\u00bb row_type=\u00bbrow\u00bb use_row_as_full_screen_section=\u00bbno\u00bb type=\u00bbfull_width\u00bb angled_section=\u00bbno\u00bb text_align=\u00bbleft\u00bb background_image_as_pattern=\u00bbwithout_pattern\u00bb][vc_column][vc_row_inner row_type=\u00bbrow\u00bb type=\u00bbgrid\u00bb text_align=\u00bbleft\u00bb css_animation=\u00bb\u00bb][vc_column_inner][vc_empty_space height=\u00bb20px\u00bb][vc_column_text] El concejal del \u00e1rea, V\u00edctor Gonz\u00e1lez, muestra su satisfacci\u00f3n por la buena acogida que un a\u00f1o m\u00e1s ha tenido esta carrera, y no duda en asegurar que \u201cse trata una prueba que&#8230;<\/p>\n","protected":false},"author":1,"featured_media":0,"comment_status":"closed","ping_status":"open","sticky":false,"template":"","format":"standard","meta":{"footnotes":""},"categories":[6],"tags":[],"class_list":["post-1274","post","type-post","status-publish","format-standard","hentry","category-prensa"],"yoast_head":"<!-- This site is optimized with the Yoast SEO plugin v22.7 - https:\/\/yoast.com\/wordpress\/plugins\/seo\/ -->\n<title>Gran participaci\u00f3n en la San Silvestre de Los Llanos de Aridane con m\u00e1s de 900 corredores - Ayuntamiento de Los Llanos de Aridane<\/title>\n<meta name=\"description\" content=\"El Ayuntamiento de Los Llanos de Aridane presenta el cartel y el programa de La Patrona 2021 con el lema \u201cRemedios, m\u00e1s que un nombre.\u201d\" \/>\n<meta name=\"robots\" content=\"index, follow, max-snippet:-1, max-image-preview:large, max-video-preview:-1\" \/>\n<link rel=\"canonical\" href=\"https:\/\/www.aridane.org\/city\/2023\/01\/03\/gran-participacion-en-la-san-silvestre-de-los-llanos-de-aridane-con-mas-de-900-corredores\/\" \/>\n<meta property=\"og:locale\" content=\"es_ES\" \/>\n<meta property=\"og:type\" content=\"article\" \/>\n<meta property=\"og:title\" content=\"Gran participaci\u00f3n en la San Silvestre de Los Llanos de Aridane con m\u00e1s de 900 corredores - Ayuntamiento de Los Llanos de Aridane\" \/>\n<meta property=\"og:description\" content=\"El Ayuntamiento de Los Llanos de Aridane presenta el cartel y el programa de La Patrona 2021 con el lema \u201cRemedios, m\u00e1s que un nombre.\u201d\" \/>\n<meta property=\"og:url\" content=\"https:\/\/www.aridane.org\/city\/2023\/01\/03\/gran-participacion-en-la-san-silvestre-de-los-llanos-de-aridane-con-mas-de-900-corredores\/\" \/>\n<meta property=\"og:site_name\" content=\"Ayuntamiento de Los Llanos de Aridane\" \/>\n<meta property=\"article:published_time\" content=\"2023-01-03T12:42:04+00:00\" \/>\n<meta name=\"author\" content=\"Richard Diaz\" \/>\n<meta name=\"twitter:card\" content=\"summary_large_image\" \/>\n<meta name=\"twitter:label1\" content=\"Escrito por\" \/>\n\t<meta name=\"twitter:data1\" content=\"Richard Diaz\" \/>\n\t<meta name=\"twitter:label2\" content=\"Tiempo de lectura\" \/>\n\t<meta name=\"twitter:data2\" content=\"3 minutos\" \/>\n<script type=\"application\/ld+json\" class=\"yoast-schema-graph\">{\"@context\":\"https:\/\/schema.org\",\"@graph\":[{\"@type\":\"WebPage\",\"@id\":\"https:\/\/www.aridane.org\/city\/2023\/01\/03\/gran-participacion-en-la-san-silvestre-de-los-llanos-de-aridane-con-mas-de-900-corredores\/\",\"url\":\"https:\/\/www.aridane.org\/city\/2023\/01\/03\/gran-participacion-en-la-san-silvestre-de-los-llanos-de-aridane-con-mas-de-900-corredores\/\",\"name\":\"Gran participaci\u00f3n en la San Silvestre de Los Llanos de Aridane con m\u00e1s de 900 corredores - Ayuntamiento de Los Llanos de Aridane\",\"isPartOf\":{\"@id\":\"https:\/\/www.aridane.org\/city\/#website\"},\"datePublished\":\"2023-01-03T12:42:04+00:00\",\"dateModified\":\"2023-01-03T12:42:04+00:00\",\"author\":{\"@id\":\"https:\/\/www.aridane.org\/city\/#\/schema\/person\/7d352ec7f29881716f298394432e7209\"},\"description\":\"El Ayuntamiento de Los Llanos de Aridane presenta el cartel y el programa de La Patrona 2021 con el lema \u201cRemedios, m\u00e1s que un nombre.\u201d\",\"breadcrumb\":{\"@id\":\"https:\/\/www.aridane.org\/city\/2023\/01\/03\/gran-participacion-en-la-san-silvestre-de-los-llanos-de-aridane-con-mas-de-900-corredores\/#breadcrumb\"},\"inLanguage\":\"es\",\"potentialAction\":[{\"@type\":\"ReadAction\",\"target\":[\"https:\/\/www.aridane.org\/city\/2023\/01\/03\/gran-participacion-en-la-san-silvestre-de-los-llanos-de-aridane-con-mas-de-900-corredores\/\"]}]},{\"@type\":\"BreadcrumbList\",\"@id\":\"https:\/\/www.aridane.org\/city\/2023\/01\/03\/gran-participacion-en-la-san-silvestre-de-los-llanos-de-aridane-con-mas-de-900-corredores\/#breadcrumb\",\"itemListElement\":[{\"@type\":\"ListItem\",\"position\":1,\"name\":\"Portada\",\"item\":\"https:\/\/www.aridane.org\/city\/\"},{\"@type\":\"ListItem\",\"position\":2,\"name\":\"Gran participaci\u00f3n en la San Silvestre de Los Llanos de Aridane con m\u00e1s de 900 corredores\"}]},{\"@type\":\"WebSite\",\"@id\":\"https:\/\/www.aridane.org\/city\/#website\",\"url\":\"https:\/\/www.aridane.org\/city\/\",\"name\":\"Ayuntamiento de Los Llanos de Aridane\",\"description\":\"\",\"potentialAction\":[{\"@type\":\"SearchAction\",\"target\":{\"@type\":\"EntryPoint\",\"urlTemplate\":\"https:\/\/www.aridane.org\/city\/?s={search_term_string}\"},\"query-input\":\"required name=search_term_string\"}],\"inLanguage\":\"es\"},{\"@type\":\"Person\",\"@id\":\"https:\/\/www.aridane.org\/city\/#\/schema\/person\/7d352ec7f29881716f298394432e7209\",\"name\":\"Richard Diaz\",\"image\":{\"@type\":\"ImageObject\",\"inLanguage\":\"es\",\"@id\":\"https:\/\/www.aridane.org\/city\/#\/schema\/person\/image\/\",\"url\":\"https:\/\/secure.gravatar.com\/avatar\/bacd6aefc26a4a204943090a4c596cd10f0857081ef3cfd12084a70ecb3161d5?s=96&d=mm&r=g\",\"contentUrl\":\"https:\/\/secure.gravatar.com\/avatar\/bacd6aefc26a4a204943090a4c596cd10f0857081ef3cfd12084a70ecb3161d5?s=96&d=mm&r=g\",\"caption\":\"Richard Diaz\"},\"sameAs\":[\"https:\/\/www.aridane.org\/city\"],\"url\":\"https:\/\/www.aridane.org\/city\/author\/richard-diaz\/\"}]}<\/script>\n<!-- \/ Yoast SEO plugin. -->","yoast_head_json":{"title":"Gran participaci\u00f3n en la San Silvestre de Los Llanos de Aridane con m\u00e1s de 900 corredores - Ayuntamiento de Los Llanos de Aridane","description":"El Ayuntamiento de Los Llanos de Aridane presenta el cartel y el programa de La Patrona 2021 con el lema \u201cRemedios, m\u00e1s que un nombre.\u201d","robots":{"index":"index","follow":"follow","max-snippet":"max-snippet:-1","max-image-preview":"max-image-preview:large","max-video-preview":"max-video-preview:-1"},"canonical":"https:\/\/www.aridane.org\/city\/2023\/01\/03\/gran-participacion-en-la-san-silvestre-de-los-llanos-de-aridane-con-mas-de-900-corredores\/","og_locale":"es_ES","og_type":"article","og_title":"Gran participaci\u00f3n en la San Silvestre de Los Llanos de Aridane con m\u00e1s de 900 corredores - Ayuntamiento de Los Llanos de Aridane","og_description":"El Ayuntamiento de Los Llanos de Aridane presenta el cartel y el programa de La Patrona 2021 con el lema \u201cRemedios, m\u00e1s que un nombre.\u201d","og_url":"https:\/\/www.aridane.org\/city\/2023\/01\/03\/gran-participacion-en-la-san-silvestre-de-los-llanos-de-aridane-con-mas-de-900-corredores\/","og_site_name":"Ayuntamiento de Los Llanos de Aridane","article_published_time":"2023-01-03T12:42:04+00:00","author":"Richard Diaz","twitter_card":"summary_large_image","twitter_misc":{"Escrito por":"Richard Diaz","Tiempo de lectura":"3 minutos"},"schema":{"@context":"https:\/\/schema.org","@graph":[{"@type":"WebPage","@id":"https:\/\/www.aridane.org\/city\/2023\/01\/03\/gran-participacion-en-la-san-silvestre-de-los-llanos-de-aridane-con-mas-de-900-corredores\/","url":"https:\/\/www.aridane.org\/city\/2023\/01\/03\/gran-participacion-en-la-san-silvestre-de-los-llanos-de-aridane-con-mas-de-900-corredores\/","name":"Gran participaci\u00f3n en la San Silvestre de Los Llanos de Aridane con m\u00e1s de 900 corredores - Ayuntamiento de Los Llanos de Aridane","isPartOf":{"@id":"https:\/\/www.aridane.org\/city\/#website"},"datePublished":"2023-01-03T12:42:04+00:00","dateModified":"2023-01-03T12:42:04+00:00","author":{"@id":"https:\/\/www.aridane.org\/city\/#\/schema\/person\/7d352ec7f29881716f298394432e7209"},"description":"El Ayuntamiento de Los Llanos de Aridane presenta el cartel y el programa de La Patrona 2021 con el lema \u201cRemedios, m\u00e1s que un nombre.\u201d","breadcrumb":{"@id":"https:\/\/www.aridane.org\/city\/2023\/01\/03\/gran-participacion-en-la-san-silvestre-de-los-llanos-de-aridane-con-mas-de-900-corredores\/#breadcrumb"},"inLanguage":"es","potentialAction":[{"@type":"ReadAction","target":["https:\/\/www.aridane.org\/city\/2023\/01\/03\/gran-participacion-en-la-san-silvestre-de-los-llanos-de-aridane-con-mas-de-900-corredores\/"]}]},{"@type":"BreadcrumbList","@id":"https:\/\/www.aridane.org\/city\/2023\/01\/03\/gran-participacion-en-la-san-silvestre-de-los-llanos-de-aridane-con-mas-de-900-corredores\/#breadcrumb","itemListElement":[{"@type":"ListItem","position":1,"name":"Portada","item":"https:\/\/www.aridane.org\/city\/"},{"@type":"ListItem","position":2,"name":"Gran participaci\u00f3n en la San Silvestre de Los Llanos de Aridane con m\u00e1s de 900 corredores"}]},{"@type":"WebSite","@id":"https:\/\/www.aridane.org\/city\/#website","url":"https:\/\/www.aridane.org\/city\/","name":"Ayuntamiento de Los Llanos de Aridane","description":"","potentialAction":[{"@type":"SearchAction","target":{"@type":"EntryPoint","urlTemplate":"https:\/\/www.aridane.org\/city\/?s={search_term_string}"},"query-input":"required name=search_term_string"}],"inLanguage":"es"},{"@type":"Person","@id":"https:\/\/www.aridane.org\/city\/#\/schema\/person\/7d352ec7f29881716f298394432e7209","name":"Richard Diaz","image":{"@type":"ImageObject","inLanguage":"es","@id":"https:\/\/www.aridane.org\/city\/#\/schema\/person\/image\/","url":"https:\/\/secure.gravatar.com\/avatar\/bacd6aefc26a4a204943090a4c596cd10f0857081ef3cfd12084a70ecb3161d5?s=96&d=mm&r=g","contentUrl":"https:\/\/secure.gravatar.com\/avatar\/bacd6aefc26a4a204943090a4c596cd10f0857081ef3cfd12084a70ecb3161d5?s=96&d=mm&r=g","caption":"Richard Diaz"},"sameAs":["https:\/\/www.aridane.org\/city"],"url":"https:\/\/www.aridane.org\/city\/author\/richard-diaz\/"}]}},"_links":{"self":[{"href":"https:\/\/www.aridane.org\/city\/wp-json\/wp\/v2\/posts\/1274","targetHints":{"allow":["GET"]}}],"collection":[{"href":"https:\/\/www.aridane.org\/city\/wp-json\/wp\/v2\/posts"}],"about":[{"href":"https:\/\/www.aridane.org\/city\/wp-json\/wp\/v2\/types\/post"}],"author":[{"embeddable":true,"href":"https:\/\/www.aridane.org\/city\/wp-json\/wp\/v2\/users\/1"}],"replies":[{"embeddable":true,"href":"https:\/\/www.aridane.org\/city\/wp-json\/wp\/v2\/comments?post=1274"}],"version-history":[{"count":0,"href":"https:\/\/www.aridane.org\/city\/wp-json\/wp\/v2\/posts\/1274\/revisions"}],"wp:attachment":[{"href":"https:\/\/www.aridane.org\/city\/wp-json\/wp\/v2\/media?parent=1274"}],"wp:term":[{"taxonomy":"category","embeddable":true,"href":"https:\/\/www.aridane.org\/city\/wp-json\/wp\/v2\/categories?post=1274"},{"taxonomy":"post_tag","embeddable":true,"href":"https:\/\/www.aridane.org\/city\/wp-json\/wp\/v2\/tags?post=1274"}],"curies":[{"name":"wp","href":"https:\/\/api.w.org\/{rel}","templated":true}]}}