{"id":1278,"date":"2023-01-03T15:41:33","date_gmt":"2023-01-03T15:41:33","guid":{"rendered":"https:\/\/aridane.org\/ciudad\/?p=1278"},"modified":"2023-01-03T15:41:33","modified_gmt":"2023-01-03T15:41:33","slug":"la-cabalgata-de-reyes-de-los-llanos-de-aridane-contara-por-primera-vez-con-una-zona-adaptada-para-personas-con-necesidades-especiales","status":"publish","type":"post","link":"https:\/\/www.aridane.org\/city\/2023\/01\/03\/la-cabalgata-de-reyes-de-los-llanos-de-aridane-contara-por-primera-vez-con-una-zona-adaptada-para-personas-con-necesidades-especiales\/","title":{"rendered":"La Cabalgata de Reyes de Los Llanos de Aridane contar\u00e1 por primera vez con una zona adaptada para personas con necesidades especiales"},"content":{"rendered":"<section class=\"wpb-content-wrapper\"><p>[vc_row css_animation=\u00bb\u00bb row_type=\u00bbrow\u00bb use_row_as_full_screen_section=\u00bbno\u00bb type=\u00bbfull_width\u00bb angled_section=\u00bbno\u00bb text_align=\u00bbleft\u00bb background_image_as_pattern=\u00bbwithout_pattern\u00bb][vc_column][vc_row_inner row_type=\u00bbrow\u00bb type=\u00bbgrid\u00bb text_align=\u00bbleft\u00bb css_animation=\u00bb\u00bb][vc_column_inner][vc_empty_space height=\u00bb20px\u00bb][vc_column_text]<\/p>\n<ul>\n<li style=\"text-align: justify;\"><em>La concejal explica que la Cabalgata comenzar\u00e1 a las 18:00 horas desde la Avenida Enrique Mederos en direcci\u00f3n al casco urbano de Los Llanos.<\/em><\/li>\n<li style=\"text-align: justify;\"><em>Adem\u00e1s, confirma que delante del Mercado Municipal se contar\u00e1 con un espacio habilitado para personas con movilidad reducida y discapacidad intelectual, y en este mismo punto se parara la m\u00fasica, y ser\u00e1 una zona libre de ruidos, para que las personas con TEA, y sensibilidad ac\u00fastica \u00a0tambi\u00e9n puedan disfrutar de la visita de Sus Majestades los Reyes Magos de Oriente.<\/em><\/li>\n<\/ul>\n<p>&nbsp;<\/p>\n<p style=\"text-align: justify;\"><strong>Los Llanos de Aridane, 3 de enero de 2023.-<\/strong> El Ayuntamiento de Los Llanos de Aridane a trav\u00e9s de la concejal de Fiestas, M\u00f3nica Gonz\u00e1lez, ha confirmado el este jueves, 5 de enero, y como en otros a\u00f1os, la Corte Real partir\u00e1 a las 18:00 horas desde la Avenida Enrique Mederos en direcci\u00f3n al casco urbano de Los Llanos. Una vez lleguen, junto a sus camellos, a la puerta del Consistorio Los Reyes Magos ser\u00e1n recibidos por la alcaldesa del municipio, Noelia Garc\u00eda Leal, \u201cque les har\u00e1 entrega de la llave m\u00e1gica que abre todas las puertas de los hogares de Los Llanos de Aridane\u201d, asegura.<\/p>\n<p style=\"text-align: justify;\">Posteriormente, afirma la concejal, sus Majestades de Oriente saldr\u00e1n al balc\u00f3n de la Casa Consistorial para saludar a todas los ni\u00f1os que los esperan, y la ganadora del concurso navide\u00f1o, Amelia Acosta, leer\u00e1 su carta, y estar\u00e1 acompa\u00f1ada por el tambi\u00e9n ganador de la postal, Alexis Garc\u00eda. \u201cPoco despu\u00e9s, sus Majestades se dirigir\u00e1n a sus tronos que estar\u00e1n ubicados en la Plaza de Espa\u00f1a, y que por primera vez no estar\u00e1n encima de un escenario contribuyendo as\u00ed a contar con espacio accesible para todos, y junto a sus pajes atender\u00e1n a las peticiones de los m\u00e1s peque\u00f1os, que tambi\u00e9n podr\u00e1n aprovechar para inmortalizar este momento tan especial\u201d.<\/p>\n<p style=\"text-align: justify;\">Adem\u00e1s, por primera vez en el municipio y en colaboraci\u00f3n con la concejal\u00eda de Acci\u00f3n Social, que dirige Elena Concepci\u00f3n,\u00a0 la Cabalgata de Los Llanos contar\u00e1 con un espacio, la zona de la fachada del Mercado Municipal, para las personas con movilidad reducida, y discapacidad intelectual. Adem\u00e1s, en este mismo punto se parar\u00e1 la m\u00fasica, y estar\u00e1 libre de ruido, &amp;quot;con el objetivo de que las personas con TEA y sensibilidad ac\u00fastica tambi\u00e9n puedan disfrutar de este momento tan especial\u201d, se\u00f1ala.<\/p>\n<p style=\"text-align: justify;\">Desde la concejal\u00eda de Fiestas confirman que este a\u00f1o en la Cabalgata participar\u00e1n m\u00e1s de 200 personas, y se contar\u00e1 con algunos de los personajes m\u00e1s caracter\u00edsticos del mundo Disney y dibujos animados.\u00a0 Asimismo, y con el\u00a0 fin de garantizar la seguridad de la comitiva, desde el Consistorio se contar\u00e1 con un dispositivo especial que estar\u00e1 integrado por miembros de la Polic\u00eda Local, cuerpo de Bomberos, Protecci\u00f3n Civil, y representantes y operarios de la corporaci\u00f3n municipal. \u201cAdem\u00e1s, se pide la colaboraci\u00f3n de todas las personas para que en un d\u00eda tan especial, en el que hay tantas gente en la calle, ni\u00f1os, y personas con sensibilidad auditiva, se cumpla la normativa que limita el uso de la pirotecnia\u201d.<\/p>\n<p style=\"text-align: justify;\">Por \u00faltimo, desde el Ayuntamiento de Los Llanos de Aridane se agradece la labor de todas las personas que llevan meses trabajando para que este Cabalgata sea todo un \u00e9xito, \u201cy se invita a todas las personas del municipio, as\u00ed como del resto de la Isla, a participar en esta noche tan especial tanto para adultos como para ni\u00f1os\u201d.<\/p>\n<p>[\/vc_column_text][vc_empty_space height=\u00bb20px\u00bb][\/vc_column_inner][\/vc_row_inner][\/vc_column][\/vc_row]<\/p>\n<\/section>","protected":false},"excerpt":{"rendered":"<p>[vc_row css_animation=\u00bb\u00bb row_type=\u00bbrow\u00bb use_row_as_full_screen_section=\u00bbno\u00bb type=\u00bbfull_width\u00bb angled_section=\u00bbno\u00bb text_align=\u00bbleft\u00bb background_image_as_pattern=\u00bbwithout_pattern\u00bb][vc_column][vc_row_inner row_type=\u00bbrow\u00bb type=\u00bbgrid\u00bb text_align=\u00bbleft\u00bb css_animation=\u00bb\u00bb][vc_column_inner][vc_empty_space height=\u00bb20px\u00bb][vc_column_text] La concejal explica que la Cabalgata comenzar\u00e1 a las 18:00 horas desde la Avenida Enrique Mederos en direcci\u00f3n al casco urbano de Los Llanos. Adem\u00e1s, confirma que delante del Mercado Municipal se&#8230;<\/p>\n","protected":false},"author":1,"featured_media":0,"comment_status":"closed","ping_status":"open","sticky":false,"template":"","format":"standard","meta":{"footnotes":""},"categories":[6],"tags":[],"class_list":["post-1278","post","type-post","status-publish","format-standard","hentry","category-prensa"],"yoast_head":"<!-- This site is optimized with the Yoast SEO plugin v22.7 - https:\/\/yoast.com\/wordpress\/plugins\/seo\/ -->\n<title>La Cabalgata de Reyes de Los Llanos de Aridane contar\u00e1 por primera vez con una zona adaptada para personas con necesidades especiales - Ayuntamiento de Los Llanos de Aridane<\/title>\n<meta name=\"description\" content=\"El Ayuntamiento de Los Llanos de Aridane presenta el cartel y el programa de La Patrona 2021 con el lema \u201cRemedios, m\u00e1s que un nombre.\u201d\" \/>\n<meta name=\"robots\" content=\"index, follow, max-snippet:-1, max-image-preview:large, max-video-preview:-1\" \/>\n<link rel=\"canonical\" href=\"https:\/\/www.aridane.org\/city\/2023\/01\/03\/la-cabalgata-de-reyes-de-los-llanos-de-aridane-contara-por-primera-vez-con-una-zona-adaptada-para-personas-con-necesidades-especiales\/\" \/>\n<meta property=\"og:locale\" content=\"es_ES\" \/>\n<meta property=\"og:type\" content=\"article\" \/>\n<meta property=\"og:title\" content=\"La Cabalgata de Reyes de Los Llanos de Aridane contar\u00e1 por primera vez con una zona adaptada para personas con necesidades especiales - Ayuntamiento de Los Llanos de Aridane\" \/>\n<meta property=\"og:description\" content=\"El Ayuntamiento de Los Llanos de Aridane presenta el cartel y el programa de La Patrona 2021 con el lema \u201cRemedios, m\u00e1s que un nombre.\u201d\" \/>\n<meta property=\"og:url\" content=\"https:\/\/www.aridane.org\/city\/2023\/01\/03\/la-cabalgata-de-reyes-de-los-llanos-de-aridane-contara-por-primera-vez-con-una-zona-adaptada-para-personas-con-necesidades-especiales\/\" \/>\n<meta property=\"og:site_name\" content=\"Ayuntamiento de Los Llanos de Aridane\" \/>\n<meta property=\"article:published_time\" content=\"2023-01-03T15:41:33+00:00\" \/>\n<meta name=\"author\" content=\"Richard Diaz\" \/>\n<meta name=\"twitter:card\" content=\"summary_large_image\" \/>\n<meta name=\"twitter:label1\" content=\"Escrito por\" \/>\n\t<meta name=\"twitter:data1\" content=\"Richard Diaz\" \/>\n\t<meta name=\"twitter:label2\" content=\"Tiempo de lectura\" \/>\n\t<meta name=\"twitter:data2\" content=\"3 minutos\" \/>\n<script type=\"application\/ld+json\" class=\"yoast-schema-graph\">{\"@context\":\"https:\/\/schema.org\",\"@graph\":[{\"@type\":\"WebPage\",\"@id\":\"https:\/\/www.aridane.org\/city\/2023\/01\/03\/la-cabalgata-de-reyes-de-los-llanos-de-aridane-contara-por-primera-vez-con-una-zona-adaptada-para-personas-con-necesidades-especiales\/\",\"url\":\"https:\/\/www.aridane.org\/city\/2023\/01\/03\/la-cabalgata-de-reyes-de-los-llanos-de-aridane-contara-por-primera-vez-con-una-zona-adaptada-para-personas-con-necesidades-especiales\/\",\"name\":\"La Cabalgata de Reyes de Los Llanos de Aridane contar\u00e1 por primera vez con una zona adaptada para personas con necesidades especiales - Ayuntamiento de Los Llanos de Aridane\",\"isPartOf\":{\"@id\":\"https:\/\/www.aridane.org\/city\/#website\"},\"datePublished\":\"2023-01-03T15:41:33+00:00\",\"dateModified\":\"2023-01-03T15:41:33+00:00\",\"author\":{\"@id\":\"https:\/\/www.aridane.org\/city\/#\/schema\/person\/7d352ec7f29881716f298394432e7209\"},\"description\":\"El Ayuntamiento de Los Llanos de Aridane presenta el cartel y el programa de La Patrona 2021 con el lema \u201cRemedios, m\u00e1s que un nombre.\u201d\",\"breadcrumb\":{\"@id\":\"https:\/\/www.aridane.org\/city\/2023\/01\/03\/la-cabalgata-de-reyes-de-los-llanos-de-aridane-contara-por-primera-vez-con-una-zona-adaptada-para-personas-con-necesidades-especiales\/#breadcrumb\"},\"inLanguage\":\"es\",\"potentialAction\":[{\"@type\":\"ReadAction\",\"target\":[\"https:\/\/www.aridane.org\/city\/2023\/01\/03\/la-cabalgata-de-reyes-de-los-llanos-de-aridane-contara-por-primera-vez-con-una-zona-adaptada-para-personas-con-necesidades-especiales\/\"]}]},{\"@type\":\"BreadcrumbList\",\"@id\":\"https:\/\/www.aridane.org\/city\/2023\/01\/03\/la-cabalgata-de-reyes-de-los-llanos-de-aridane-contara-por-primera-vez-con-una-zona-adaptada-para-personas-con-necesidades-especiales\/#breadcrumb\",\"itemListElement\":[{\"@type\":\"ListItem\",\"position\":1,\"name\":\"Portada\",\"item\":\"https:\/\/www.aridane.org\/city\/\"},{\"@type\":\"ListItem\",\"position\":2,\"name\":\"La Cabalgata de Reyes de Los Llanos de Aridane contar\u00e1 por primera vez con una zona adaptada para personas con necesidades especiales\"}]},{\"@type\":\"WebSite\",\"@id\":\"https:\/\/www.aridane.org\/city\/#website\",\"url\":\"https:\/\/www.aridane.org\/city\/\",\"name\":\"Ayuntamiento de Los Llanos de Aridane\",\"description\":\"\",\"potentialAction\":[{\"@type\":\"SearchAction\",\"target\":{\"@type\":\"EntryPoint\",\"urlTemplate\":\"https:\/\/www.aridane.org\/city\/?s={search_term_string}\"},\"query-input\":\"required name=search_term_string\"}],\"inLanguage\":\"es\"},{\"@type\":\"Person\",\"@id\":\"https:\/\/www.aridane.org\/city\/#\/schema\/person\/7d352ec7f29881716f298394432e7209\",\"name\":\"Richard Diaz\",\"image\":{\"@type\":\"ImageObject\",\"inLanguage\":\"es\",\"@id\":\"https:\/\/www.aridane.org\/city\/#\/schema\/person\/image\/\",\"url\":\"https:\/\/secure.gravatar.com\/avatar\/bacd6aefc26a4a204943090a4c596cd10f0857081ef3cfd12084a70ecb3161d5?s=96&d=mm&r=g\",\"contentUrl\":\"https:\/\/secure.gravatar.com\/avatar\/bacd6aefc26a4a204943090a4c596cd10f0857081ef3cfd12084a70ecb3161d5?s=96&d=mm&r=g\",\"caption\":\"Richard Diaz\"},\"sameAs\":[\"https:\/\/www.aridane.org\/city\"],\"url\":\"https:\/\/www.aridane.org\/city\/author\/richard-diaz\/\"}]}<\/script>\n<!-- \/ Yoast SEO plugin. -->","yoast_head_json":{"title":"La Cabalgata de Reyes de Los Llanos de Aridane contar\u00e1 por primera vez con una zona adaptada para personas con necesidades especiales - Ayuntamiento de Los Llanos de Aridane","description":"El Ayuntamiento de Los Llanos de Aridane presenta el cartel y el programa de La Patrona 2021 con el lema \u201cRemedios, m\u00e1s que un nombre.\u201d","robots":{"index":"index","follow":"follow","max-snippet":"max-snippet:-1","max-image-preview":"max-image-preview:large","max-video-preview":"max-video-preview:-1"},"canonical":"https:\/\/www.aridane.org\/city\/2023\/01\/03\/la-cabalgata-de-reyes-de-los-llanos-de-aridane-contara-por-primera-vez-con-una-zona-adaptada-para-personas-con-necesidades-especiales\/","og_locale":"es_ES","og_type":"article","og_title":"La Cabalgata de Reyes de Los Llanos de Aridane contar\u00e1 por primera vez con una zona adaptada para personas con necesidades especiales - Ayuntamiento de Los Llanos de Aridane","og_description":"El Ayuntamiento de Los Llanos de Aridane presenta el cartel y el programa de La Patrona 2021 con el lema \u201cRemedios, m\u00e1s que un nombre.\u201d","og_url":"https:\/\/www.aridane.org\/city\/2023\/01\/03\/la-cabalgata-de-reyes-de-los-llanos-de-aridane-contara-por-primera-vez-con-una-zona-adaptada-para-personas-con-necesidades-especiales\/","og_site_name":"Ayuntamiento de Los Llanos de Aridane","article_published_time":"2023-01-03T15:41:33+00:00","author":"Richard Diaz","twitter_card":"summary_large_image","twitter_misc":{"Escrito por":"Richard Diaz","Tiempo de lectura":"3 minutos"},"schema":{"@context":"https:\/\/schema.org","@graph":[{"@type":"WebPage","@id":"https:\/\/www.aridane.org\/city\/2023\/01\/03\/la-cabalgata-de-reyes-de-los-llanos-de-aridane-contara-por-primera-vez-con-una-zona-adaptada-para-personas-con-necesidades-especiales\/","url":"https:\/\/www.aridane.org\/city\/2023\/01\/03\/la-cabalgata-de-reyes-de-los-llanos-de-aridane-contara-por-primera-vez-con-una-zona-adaptada-para-personas-con-necesidades-especiales\/","name":"La Cabalgata de Reyes de Los Llanos de Aridane contar\u00e1 por primera vez con una zona adaptada para personas con necesidades especiales - Ayuntamiento de Los Llanos de Aridane","isPartOf":{"@id":"https:\/\/www.aridane.org\/city\/#website"},"datePublished":"2023-01-03T15:41:33+00:00","dateModified":"2023-01-03T15:41:33+00:00","author":{"@id":"https:\/\/www.aridane.org\/city\/#\/schema\/person\/7d352ec7f29881716f298394432e7209"},"description":"El Ayuntamiento de Los Llanos de Aridane presenta el cartel y el programa de La Patrona 2021 con el lema \u201cRemedios, m\u00e1s que un nombre.\u201d","breadcrumb":{"@id":"https:\/\/www.aridane.org\/city\/2023\/01\/03\/la-cabalgata-de-reyes-de-los-llanos-de-aridane-contara-por-primera-vez-con-una-zona-adaptada-para-personas-con-necesidades-especiales\/#breadcrumb"},"inLanguage":"es","potentialAction":[{"@type":"ReadAction","target":["https:\/\/www.aridane.org\/city\/2023\/01\/03\/la-cabalgata-de-reyes-de-los-llanos-de-aridane-contara-por-primera-vez-con-una-zona-adaptada-para-personas-con-necesidades-especiales\/"]}]},{"@type":"BreadcrumbList","@id":"https:\/\/www.aridane.org\/city\/2023\/01\/03\/la-cabalgata-de-reyes-de-los-llanos-de-aridane-contara-por-primera-vez-con-una-zona-adaptada-para-personas-con-necesidades-especiales\/#breadcrumb","itemListElement":[{"@type":"ListItem","position":1,"name":"Portada","item":"https:\/\/www.aridane.org\/city\/"},{"@type":"ListItem","position":2,"name":"La Cabalgata de Reyes de Los Llanos de Aridane contar\u00e1 por primera vez con una zona adaptada para personas con necesidades especiales"}]},{"@type":"WebSite","@id":"https:\/\/www.aridane.org\/city\/#website","url":"https:\/\/www.aridane.org\/city\/","name":"Ayuntamiento de Los Llanos de Aridane","description":"","potentialAction":[{"@type":"SearchAction","target":{"@type":"EntryPoint","urlTemplate":"https:\/\/www.aridane.org\/city\/?s={search_term_string}"},"query-input":"required name=search_term_string"}],"inLanguage":"es"},{"@type":"Person","@id":"https:\/\/www.aridane.org\/city\/#\/schema\/person\/7d352ec7f29881716f298394432e7209","name":"Richard Diaz","image":{"@type":"ImageObject","inLanguage":"es","@id":"https:\/\/www.aridane.org\/city\/#\/schema\/person\/image\/","url":"https:\/\/secure.gravatar.com\/avatar\/bacd6aefc26a4a204943090a4c596cd10f0857081ef3cfd12084a70ecb3161d5?s=96&d=mm&r=g","contentUrl":"https:\/\/secure.gravatar.com\/avatar\/bacd6aefc26a4a204943090a4c596cd10f0857081ef3cfd12084a70ecb3161d5?s=96&d=mm&r=g","caption":"Richard Diaz"},"sameAs":["https:\/\/www.aridane.org\/city"],"url":"https:\/\/www.aridane.org\/city\/author\/richard-diaz\/"}]}},"_links":{"self":[{"href":"https:\/\/www.aridane.org\/city\/wp-json\/wp\/v2\/posts\/1278","targetHints":{"allow":["GET"]}}],"collection":[{"href":"https:\/\/www.aridane.org\/city\/wp-json\/wp\/v2\/posts"}],"about":[{"href":"https:\/\/www.aridane.org\/city\/wp-json\/wp\/v2\/types\/post"}],"author":[{"embeddable":true,"href":"https:\/\/www.aridane.org\/city\/wp-json\/wp\/v2\/users\/1"}],"replies":[{"embeddable":true,"href":"https:\/\/www.aridane.org\/city\/wp-json\/wp\/v2\/comments?post=1278"}],"version-history":[{"count":0,"href":"https:\/\/www.aridane.org\/city\/wp-json\/wp\/v2\/posts\/1278\/revisions"}],"wp:attachment":[{"href":"https:\/\/www.aridane.org\/city\/wp-json\/wp\/v2\/media?parent=1278"}],"wp:term":[{"taxonomy":"category","embeddable":true,"href":"https:\/\/www.aridane.org\/city\/wp-json\/wp\/v2\/categories?post=1278"},{"taxonomy":"post_tag","embeddable":true,"href":"https:\/\/www.aridane.org\/city\/wp-json\/wp\/v2\/tags?post=1278"}],"curies":[{"name":"wp","href":"https:\/\/api.w.org\/{rel}","templated":true}]}}